{"id":8279,"date":"2025-08-10T08:00:01","date_gmt":"2025-08-10T06:00:01","guid":{"rendered":"https:\/\/imker-aigen.at\/?p=8279"},"modified":"2025-08-10T12:11:28","modified_gmt":"2025-08-10T10:11:28","slug":"die-salzburger-imker-spenden-kerzenwachs-fuer-einen-guten-zweck","status":"publish","type":"post","link":"https:\/\/imker-aigen.at\/index.php\/2025\/08\/10\/die-salzburger-imker-spenden-kerzenwachs-fuer-einen-guten-zweck\/","title":{"rendered":"Salzburger Imkerinnen und Imker spenden ihr Kerzenwachs f\u00fcr einen guten Zweck"},"content":{"rendered":"<div  class='flex_column av-mnxo7-fedee026802caaf9fa8b9b9577027e22 av_one_full  avia-builder-el-0  avia-builder-el-no-sibling  first flex_column_div  '     ><p>\n<style type=\"text\/css\" data-created_by=\"avia_inline_auto\" id=\"style-css-av-mdvg9j3j-8c80d8dd41acdd30d8d4cde4fd6f592e\">\n#top .av-special-heading.av-mdvg9j3j-8c80d8dd41acdd30d8d4cde4fd6f592e{\npadding-bottom:10px;\n}\nbody .av-special-heading.av-mdvg9j3j-8c80d8dd41acdd30d8d4cde4fd6f592e .av-special-heading-tag .heading-char{\nfont-size:25px;\n}\n.av-special-heading.av-mdvg9j3j-8c80d8dd41acdd30d8d4cde4fd6f592e .av-subheading{\nfont-size:15px;\n}\n<\/style>\n<div  class='av-special-heading av-mdvg9j3j-8c80d8dd41acdd30d8d4cde4fd6f592e av-special-heading-h1 blockquote modern-quote modern-centered  avia-builder-el-1  el_before_av_image  avia-builder-el-first '><h1 class='av-special-heading-tag '  itemprop=\"headline\"  >Salzburger Imkerinnen und Imker spenden ihr Kerzenwachs f\u00fcr einen guten Zweck<\/h1><div class='av-subheading av-subheading_below'><p>Unterst\u00fctzung f\u00fcr die Kinderkrippe der Franziskanerinnen in Damaskus<\/p>\n<\/div><div class=\"special-heading-border\"><div class=\"special-heading-inner-border\"><\/div><\/div><\/div><br \/>\n\n<style type=\"text\/css\" data-created_by=\"avia_inline_auto\" id=\"style-css-av-me5i1hka-0246ab22cd8bc99aa5a06ce43e03001a\">\n.avia-image-container.av-me5i1hka-0246ab22cd8bc99aa5a06ce43e03001a img.avia_image{\nbox-shadow:none;\n}\n.avia-image-container.av-me5i1hka-0246ab22cd8bc99aa5a06ce43e03001a .av-image-caption-overlay-center{\ncolor:#ffffff;\n}\n<\/style>\n<div  class='avia-image-container av-me5i1hka-0246ab22cd8bc99aa5a06ce43e03001a av-styling- avia-align-center  avia-builder-el-2  el_after_av_heading  el_before_av_hr '   itemprop=\"image\" itemscope=\"itemscope\" itemtype=\"https:\/\/schema.org\/ImageObject\" ><div class=\"avia-image-container-inner\"><div class=\"avia-image-overlay-wrap\"><img decoding=\"async\" fetchpriority=\"high\" class='wp-image-8351 avia-img-lazy-loading-not-8351 avia_image ' src=\"https:\/\/imker-aigen.at\/wp-content\/uploads\/2025\/08\/syrien_map.jpg\" alt='' title='Landkarte Syrien'  height=\"354\" width=\"329\"  itemprop=\"thumbnailUrl\" srcset=\"https:\/\/imker-aigen.at\/wp-content\/uploads\/2025\/08\/syrien_map.jpg 329w, https:\/\/imker-aigen.at\/wp-content\/uploads\/2025\/08\/syrien_map-279x300.jpg 279w\" sizes=\"(max-width: 329px) 100vw, 329px\" \/><\/div><\/div><\/div><br \/>\n\n<style type=\"text\/css\" data-created_by=\"avia_inline_auto\" id=\"style-css-av-mdvg8sw5-0212fccb645273eec77a016575146805\">\n#top .hr.av-mdvg8sw5-0212fccb645273eec77a016575146805{\nmargin-top:30px;\nmargin-bottom:30px;\n}\n.hr.av-mdvg8sw5-0212fccb645273eec77a016575146805 .hr-inner{\nwidth:50px;\nmax-width:45%;\n}\n<\/style>\n<div  class='hr av-mdvg8sw5-0212fccb645273eec77a016575146805 hr-custom  avia-builder-el-3  el_after_av_image  el_before_av_textblock  hr-center hr-icon-yes'><span class='hr-inner inner-border-av-border-thin'><span class=\"hr-inner-style\"><\/span><\/span><span class='av-seperator-icon avia-svg-icon avia-font-svg_entypo-fontello' data-av_svg_icon='dot-3' data-av_iconset='svg_entypo-fontello'><svg version=\"1.1\" xmlns=\"http:\/\/www.w3.org\/2000\/svg\" width=\"29\" height=\"32\" viewBox=\"0 0 29 32\" preserveAspectRatio=\"xMidYMid meet\" aria-labelledby='av-svg-title-1' aria-describedby='av-svg-desc-1' role=\"graphics-symbol\">\n<title id='av-svg-title-1'>Dot-3<\/title>\n<desc id='av-svg-desc-1'>Dot-3<\/desc>\n<path d=\"M3.52 12.48q1.472 0 2.496 1.024t1.024 2.496q0 1.408-1.024 2.464t-2.496 1.056-2.496-1.056-1.024-2.464q0-1.472 1.024-2.496t2.496-1.024zM14.72 12.48q1.472 0 2.496 1.024t1.024 2.496q0 1.408-1.056 2.464t-2.464 1.056-2.464-1.056-1.056-2.464q0-1.472 1.024-2.496t2.496-1.024zM25.92 12.48q1.472 0 2.496 1.024t1.024 2.496q0 1.408-1.024 2.464t-2.496 1.056-2.496-1.056-1.024-2.464q0-1.472 1.024-2.496t2.496-1.024z\"><\/path>\n<\/svg><\/span><span class='hr-inner inner-border-av-border-thin'><span class=\"hr-inner-style\"><\/span><\/span><\/div><br \/>\n<section  class='av_textblock_section av-mdvggnd5-44b85da444799b8481889e69e6653557 '   itemscope=\"itemscope\" itemtype=\"https:\/\/schema.org\/BlogPosting\" itemprop=\"blogPost\" ><div class='avia_textblock'  itemprop=\"text\" ><h3>Was bisher geschah<\/h3>\n<p>Das Imkereiprojekt <strong><a href=\"https:\/\/www.biotech.at\/refubees\/\">RefuBees<\/a><\/strong>, eine Kooperation mit der <a href=\"https:\/\/www.caritas-salzburg.at\/\"><strong>Caritas Salzburg<\/strong><\/a>, wurde 2023 von <strong>Leonhard S\u00e9gur-Cabanac<\/strong>, Gesch\u00e4ftsf\u00fchrer von <a href=\"https:\/\/www.biotech.at\/\">BIO-TECH<\/a>, selbst Imker und seit letztem Jahr Mitglied im Imkerverein Salzburg Aigen, ins Leben gerufen. Die Idee entstand, als er in seiner Firma <strong>Fadi Koussa<\/strong>, einen gefl\u00fcchteten Syrer, kennenlernte, der sich dort um eine Stelle bewarb. Im Gespr\u00e4ch erfuhr er, dass Fadi imkern kann, da sein Vater einen Imkereibetrieb in Syrien f\u00fchrt \u2013 daraus entwickelte sich die Initiative, ihm Bienenv\u00f6lker anzuvertrauen.<\/p>\n<p>Fadi ist inzwischen aktives Mitglied des Imkervereins Salzburg Aigen und betreut seit 2023 Bienenv\u00f6lker in der <strong>Caritas-Altenpension<\/strong>.<\/p>\n<p><strong>Ziele des Projekts:<\/strong><\/p>\n<ul>\n<li>Sinnvolle Besch\u00e4ftigung f\u00fcr gefl\u00fcchtete Menschen<\/li>\n<li>Verkauf von Imkereiprodukten zur Unterst\u00fctzung von Fl\u00fcchtlingsprojekten und direkter Hilfe f\u00fcr Syrien (z.\u202fB. Bildungsinitiativen)<\/li>\n<li>F\u00f6rderung der Integration durch gemeinsames Imkern<\/li>\n<li>Imkerlicher Austausch zwischen Syrien und \u00d6sterreich<\/li>\n<li>Freude an der Arbeit mit Bienen und Weitergabe der Faszination f\u00fcr die Imkerei<\/li>\n<\/ul>\n<p>2024 konnte erstmals Honig geerntet werden \u2013 der Erl\u00f6s kam der <strong>Caritas-Syrienhilfe<\/strong> zugute. Trotz der durchwachsenen Bienensaison 2025 konnte wieder Honig geerntet werden. Somit sind erneut Einnahmen f\u00fcr das Syrienprojekt zu erwarten!<\/p>\n<\/div><\/section><br \/>\n\n<style type=\"text\/css\" data-created_by=\"avia_inline_auto\" id=\"style-css-av-me5iampv-cc88792958f2916e4ebc5bd6fd814264\">\n#top .hr.hr-invisible.av-me5iampv-cc88792958f2916e4ebc5bd6fd814264{\nheight:30px;\n}\n<\/style>\n<div  class='hr av-me5iampv-cc88792958f2916e4ebc5bd6fd814264 hr-invisible  avia-builder-el-5  el_after_av_textblock  el_before_av_image '><span class='hr-inner '><span class=\"hr-inner-style\"><\/span><\/span><\/div><br \/>\n\n<style type=\"text\/css\" data-created_by=\"avia_inline_auto\" id=\"style-css-av-me5i4ecj-3bad9822d19650175120fa1d0529cd7a\">\n.avia-image-container.av-me5i4ecj-3bad9822d19650175120fa1d0529cd7a img.avia_image{\nbox-shadow:none;\n}\n.avia-image-container.av-me5i4ecj-3bad9822d19650175120fa1d0529cd7a .av-image-caption-overlay-center{\ncolor:#ffffff;\n}\n<\/style>\n<div  class='avia-image-container av-me5i4ecj-3bad9822d19650175120fa1d0529cd7a av-styling- avia-align-center  avia-builder-el-6  el_after_av_hr  el_before_av_textblock '   itemprop=\"image\" itemscope=\"itemscope\" itemtype=\"https:\/\/schema.org\/ImageObject\" ><div class=\"avia-image-container-inner\"><div class=\"avia-image-overlay-wrap\"><img decoding=\"async\" fetchpriority=\"high\" class='wp-image-1826 avia-img-lazy-loading-not-1826 avia_image ' src=\"https:\/\/imker-aigen.at\/wp-content\/uploads\/2022\/10\/beeswax-1030x772.jpg\" alt='' title='Bienenwachs'  height=\"772\" width=\"1030\"  itemprop=\"thumbnailUrl\" srcset=\"https:\/\/imker-aigen.at\/wp-content\/uploads\/2022\/10\/beeswax-1030x772.jpg 1030w, https:\/\/imker-aigen.at\/wp-content\/uploads\/2022\/10\/beeswax-300x225.jpg 300w, https:\/\/imker-aigen.at\/wp-content\/uploads\/2022\/10\/beeswax-768x576.jpg 768w, https:\/\/imker-aigen.at\/wp-content\/uploads\/2022\/10\/beeswax-705x529.jpg 705w, https:\/\/imker-aigen.at\/wp-content\/uploads\/2022\/10\/beeswax.jpg 1155w\" sizes=\"(max-width: 1030px) 100vw, 1030px\" \/><\/div><\/div><\/div><br \/>\n<section  class='av_textblock_section av-me5i3b5d-bf55c266c9d4ae90c57a0bbfb07573aa '   itemscope=\"itemscope\" itemtype=\"https:\/\/schema.org\/BlogPosting\" itemprop=\"blogPost\" ><div class='avia_textblock'  itemprop=\"text\" ><h3><strong>Neu in diesem Jahr &#8211; Hilfe f\u00fcr die Kindergrippe in Damaskus<\/strong><\/h3>\n<p>Zus\u00e4tzlich zum Honigverkauf sollen auch durch den Verkauf von <strong>Bienenwachskerzen<\/strong> Mittel f\u00fcr die <strong>Kinderkrippe der Franziskanerinnen in Damaskus<\/strong>\u00a0bereitgestellt werden.<\/p>\n<p>In Zusammenarbeit mit dem <strong>Salzburger Landesverband f\u00fcr Imkerei und Bienenzucht<\/strong> und dem <a href=\"https:\/\/imkerhof-salzburg.at\/\"><strong>Imkerhof Salzburg<\/strong><\/a> wurde daher nun eine Sammelaktion gestartet: Im <a href=\"https:\/\/imkerhof-salzburg.at\/\">Imkerhof Salzburg<\/a> steht nun eine Box mit der Aufschrift <strong>\u201eRefuBees-Projekt\u201c<\/strong>, in die <strong>Altwachs<\/strong> zur Herstellung von Kerzen abgegeben werden kann.<\/p>\n<p>Um zu verdeutlichen, welcher Effekt damit erzielt werden kann:<\/p>\n<blockquote>\n<p>1,5 kg Bienenwachs entspricht ungef\u00e4hr dem Gegenwert von einem Monatsgehalt in Syrien!<\/p>\n<\/blockquote>\n<p><strong>Es z\u00e4hlt also jedes Gramm!<\/strong><\/p>\n<p>Das abgegebene Altwachs wird in Folge zu Kerzenwachs umgearbeitet, indem es gereinigt und mit Paraffin versetzt wird. Das Kerzenwachs wird dann von einer Caritas Einrichtung zu Kerzen verarbeitet, welche dann in den Caritas Verkaufsstellen (<a href=\"https:\/\/www.carla.at\/\">Carla Second Hand Shops<\/a> etc.) und im <a href=\"https:\/\/www.salzburger-dom.at\/\">Salzburger Dom<\/a> verkauft werden.<\/p>\n<p>Im <a href=\"https:\/\/www.salzburger-dom.at\/\">Salzburger Dom<\/a> werden die Kerzen bei einem Seitenaltar als Opferkerzen verkauft. Das Projekt erh\u00e4lt die Einnahmen aus dem Opferstock. Dort werden ca. 1.200 Opferlichter pro Monat verkauft. Ein Bienenwachs-Teelicht wird ca. 90 Cent kosten. Eine Tafel wird auf das Projekt und die Unterst\u00fctzung durch die Salzburger Imkerinnen und Imker hinweisen.<\/p>\n<h3><strong>Appell an alle Salzburger Imkerinnen und Imker<\/strong><\/h3>\n<p>Wir bitten euch, eure Wachsvorr\u00e4te durchzusehen und nach M\u00f6glichkeit einen Teil davon f\u00fcr dieses Projekt beim <a href=\"https:\/\/imkerhof-salzburg.at\/\">Imkerhof Salzburg<\/a> abzugeben. Es ist wichtig f\u00fcr die Gesundheit eurer Bienen, ihnen immer wieder gereinigtes desinfiziertes frisches Wachs zur Verf\u00fcgung zu stellen und altes Wachs aus den V\u00f6lkern zu entfernen. Altes belastetes Wachs sollte nur mehr f\u00fcr die Kerzenherstellung verwendet werden. Nur das Entdeckelungswachs und das Wachs aus dem Naturwabenbau sollte langfristig f\u00fcr die Herstellung von neuen Mittelw\u00e4nden verwendet werden. Mindestens 2-3 Brutr\u00e4hmchen sollten jedes Jahr pro Volk getauscht werden.<\/p>\n<blockquote>\n<p>Mit einer kleinen Wachsspende k\u00f6nnt ihr etwas Gutes f\u00fcr die Allerkleinsten tun!<\/p>\n<\/blockquote>\n<p>Ihr unterst\u00fctzt damit die Kinder in der Kindergrippe in Damaskus, aber auch eure Bienen. Gebt euch also einen Ruck und gebt eure Wachsspende bei n\u00e4chster Gelegenheit beim <a href=\"https:\/\/imkerhof-salzburg.at\/\">Imkerhof Salzburg<\/a> ab!<\/p>\n<p><strong>Herzlichen Dank f\u00fcr eure Unterst\u00fctzung!<\/strong><\/p>\n<h3>Weiterf\u00fchrende Links:<\/h3>\n<ul>\n<li><a href=\"https:\/\/www.caritas-salzburg.at\/spenden-helfen\/auslandshilfe\/auslandshilfe-projekte\/detailseite-syrien-projekte\/news\/69119-syrien-kinderkrippe-damaskus\">Caritas Kindergrippe in Damaskus<\/a><\/li>\n<li><a href=\"https:\/\/www.caritas-salzburg.at\/news-details\/news\/95707-caritas-refubees-der-erste-honig-ist-da\/\/\">Caritas RefuBees \u2013 Bericht \u00fcber den ersten Honig 2024<\/a><\/li>\n<li><a href=\"https:\/\/www.biotech.at\/refubees\/\">Bericht von BIO-TECH Analytics \u00fcber das RefuBees-Projekt<\/a><\/li>\n<\/ul>\n<\/div><\/section><br \/>\n<div  class='av-social-sharing-box av-e62vb-68ddc92cbefe97f42c5ab40f8cfdaa95 av-social-sharing-box-default  avia-builder-el-8  el_after_av_textblock  el_before_av_comments_list  av-social-sharing-box-fullwidth'><div class=\"av-share-box\"><h5 class='av-share-link-description av-no-toc '>Eintrag teilen<\/h5><ul class=\"av-share-box-list noLightbox\"><li class='av-share-link av-social-link-facebook avia_social_iconfont' ><a target=\"_blank\" aria-label=\"Teilen auf Facebook\" href='https:\/\/www.facebook.com\/sharer.php?u=https:\/\/imker-aigen.at\/index.php\/2025\/08\/10\/die-salzburger-imker-spenden-kerzenwachs-fuer-einen-guten-zweck\/&#038;t=Salzburger%20Imkerinnen%20und%20Imker%20spenden%20ihr%20Kerzenwachs%20f%C3%BCr%20einen%20guten%20Zweck' data-av_icon='\ue8f3' data-av_iconfont='entypo-fontello'  title='' data-avia-related-tooltip='Teilen auf Facebook'><span class='avia_hidden_link_text'>Teilen auf Facebook<\/span><\/a><\/li><li class='av-share-link av-social-link-twitter avia_social_iconfont' ><a target=\"_blank\" aria-label=\"Teilen auf X\" href='https:\/\/twitter.com\/share?text=Salzburger%20Imkerinnen%20und%20Imker%20spenden%20ihr%20Kerzenwachs%20f%C3%BCr%20einen%20guten%20Zweck&#038;url=https:\/\/imker-aigen.at\/?p=8279' data-av_icon='\ue932' data-av_iconfont='entypo-fontello'  title='' data-avia-related-tooltip='Teilen auf X'><span class='avia_hidden_link_text'>Teilen auf X<\/span><\/a><\/li><li class='av-share-link av-social-link-whatsapp avia_social_iconfont' ><a target=\"_blank\" aria-label=\"Teilen auf WhatsApp\" href='https:\/\/api.whatsapp.com\/send?text=https:\/\/imker-aigen.at\/index.php\/2025\/08\/10\/die-salzburger-imker-spenden-kerzenwachs-fuer-einen-guten-zweck\/' data-av_icon='\uf232' data-av_iconfont='entypo-fontello'  title='' data-avia-related-tooltip='Teilen auf WhatsApp'><span class='avia_hidden_link_text'>Teilen auf WhatsApp<\/span><\/a><\/li><li class='av-share-link av-social-link-pinterest avia_social_iconfont' ><a target=\"_blank\" aria-label=\"Teilen auf Pinterest\" href='https:\/\/pinterest.com\/pin\/create\/button\/?url=https%3A%2F%2Fimker-aigen.at%2Findex.php%2F2025%2F08%2F10%2Fdie-salzburger-imker-spenden-kerzenwachs-fuer-einen-guten-zweck%2F&#038;description=Salzburger%20Imkerinnen%20und%20Imker%20spenden%20ihr%20Kerzenwachs%20f%C3%BCr%20einen%20guten%20Zweck&#038;media=https%3A%2F%2Fimker-aigen.at%2Fwp-content%2Fuploads%2F2022%2F10%2Fbeeswax-705x529.jpg' data-av_icon='\ue8f8' data-av_iconfont='entypo-fontello'  title='' data-avia-related-tooltip='Teilen auf Pinterest'><span class='avia_hidden_link_text'>Teilen auf Pinterest<\/span><\/a><\/li><li class='av-share-link av-social-link-linkedin avia_social_iconfont' ><a target=\"_blank\" aria-label=\"Teilen auf LinkedIn\" href='https:\/\/linkedin.com\/shareArticle?mini=true&#038;title=Salzburger%20Imkerinnen%20und%20Imker%20spenden%20ihr%20Kerzenwachs%20f%C3%BCr%20einen%20guten%20Zweck&#038;url=https:\/\/imker-aigen.at\/index.php\/2025\/08\/10\/die-salzburger-imker-spenden-kerzenwachs-fuer-einen-guten-zweck\/' data-av_icon='\ue8fc' data-av_iconfont='entypo-fontello'  title='' data-avia-related-tooltip='Teilen auf LinkedIn'><span class='avia_hidden_link_text'>Teilen auf LinkedIn<\/span><\/a><\/li><li class='av-share-link av-social-link-reddit avia_social_iconfont' ><a target=\"_blank\" aria-label=\"Teilen auf Reddit\" href='https:\/\/reddit.com\/submit?url=https:\/\/imker-aigen.at\/index.php\/2025\/08\/10\/die-salzburger-imker-spenden-kerzenwachs-fuer-einen-guten-zweck\/&#038;title=Salzburger%20Imkerinnen%20und%20Imker%20spenden%20ihr%20Kerzenwachs%20f%C3%BCr%20einen%20guten%20Zweck' data-av_icon='\ue927' data-av_iconfont='entypo-fontello'  title='' data-avia-related-tooltip='Teilen auf Reddit'><span class='avia_hidden_link_text'>Teilen auf Reddit<\/span><\/a><\/li><li class='av-share-link av-social-link-mail avia_social_iconfont' ><a  aria-label=\"Per E-Mail teilen\" href='mailto:?subject=Salzburger%20Imkerinnen%20und%20Imker%20spenden%20ihr%20Kerzenwachs%20f%C3%BCr%20einen%20guten%20Zweck&#038;body=https:\/\/imker-aigen.at\/index.php\/2025\/08\/10\/die-salzburger-imker-spenden-kerzenwachs-fuer-einen-guten-zweck\/' data-av_icon='\ue805' data-av_iconfont='entypo-fontello'  title='' data-avia-related-tooltip='Per E-Mail teilen'><span class='avia_hidden_link_text'>Per E-Mail teilen<\/span><\/a><\/li><\/ul><\/div><\/div><br \/>\n<div  class='av-buildercomment av-29zztj-a13ff03c7579d18496712818e4e4224b'><\/div><\/p><\/div>\n","protected":false},"excerpt":{"rendered":"","protected":false},"author":1,"featured_media":1826,"comment_status":"open","ping_status":"closed","sticky":false,"template":"","format":"standard","meta":{"footnotes":""},"categories":[2],"tags":[291,411,408,409,150,412,166,393,410],"class_list":["post-8279","post","type-post","status-publish","format-standard","has-post-thumbnail","hentry","category-news","tag-bienenwachs","tag-caritas","tag-damaskus","tag-hilfsaktion","tag-imkerhof-salzburg","tag-kerzenwachs","tag-landesverband","tag-refubees","tag-syrien"],"yoast_head":"<!-- This site is optimized with the Yoast SEO plugin v27.4 - https:\/\/yoast.com\/product\/yoast-seo-wordpress\/ -->\n<title>Salzburger Imkerinnen und Imker spenden ihr Kerzenwachs f\u00fcr einen guten Zweck - Imker Ortsgruppe Salzburg Aigen<\/title>\n<meta name=\"description\" content=\"Salzburger Imkerinnen und Imker wollen mit ihrem Kerzenwachs die Kindergrippe in Damaskus unterst\u00fctzen\" \/>\n<meta name=\"robots\" content=\"index, follow, max-snippet:-1, max-image-preview:large, max-video-preview:-1\" \/>\n<link rel=\"canonical\" href=\"https:\/\/imker-aigen.at\/index.php\/2025\/08\/10\/die-salzburger-imker-spenden-kerzenwachs-fuer-einen-guten-zweck\/\" \/>\n<meta property=\"og:locale\" content=\"de_DE\" \/>\n<meta property=\"og:type\" content=\"article\" \/>\n<meta property=\"og:title\" content=\"Salzburger Imkerinnen und Imker spenden ihr Kerzenwachs f\u00fcr einen guten Zweck - Imker Ortsgruppe Salzburg Aigen\" \/>\n<meta property=\"og:description\" content=\"Salzburger Imkerinnen und Imker wollen mit ihrem Kerzenwachs die Kindergrippe in Damaskus unterst\u00fctzen\" \/>\n<meta property=\"og:url\" content=\"https:\/\/imker-aigen.at\/index.php\/2025\/08\/10\/die-salzburger-imker-spenden-kerzenwachs-fuer-einen-guten-zweck\/\" \/>\n<meta property=\"og:site_name\" content=\"Imker Ortsgruppe Salzburg Aigen\" \/>\n<meta property=\"article:published_time\" content=\"2025-08-10T06:00:01+00:00\" \/>\n<meta property=\"article:modified_time\" content=\"2025-08-10T10:11:28+00:00\" \/>\n<meta property=\"og:image\" content=\"https:\/\/imker-aigen.at\/wp-content\/uploads\/2022\/10\/beeswax.jpg\" \/>\n\t<meta property=\"og:image:width\" content=\"1155\" \/>\n\t<meta property=\"og:image:height\" content=\"866\" \/>\n\t<meta property=\"og:image:type\" content=\"image\/jpeg\" \/>\n<meta name=\"author\" content=\"admin\" \/>\n<meta name=\"twitter:card\" content=\"summary_large_image\" \/>\n<meta name=\"twitter:label1\" content=\"Verfasst von\" \/>\n\t<meta name=\"twitter:data1\" content=\"admin\" \/>\n\t<meta name=\"twitter:label2\" content=\"Gesch\u00e4tzte Lesezeit\" \/>\n\t<meta name=\"twitter:data2\" content=\"4\u00a0Minuten\" \/>\n<script type=\"application\/ld+json\" class=\"yoast-schema-graph\">{\"@context\":\"https:\\\/\\\/schema.org\",\"@graph\":[{\"@type\":\"Article\",\"@id\":\"https:\\\/\\\/imker-aigen.at\\\/index.php\\\/2025\\\/08\\\/10\\\/die-salzburger-imker-spenden-kerzenwachs-fuer-einen-guten-zweck\\\/#article\",\"isPartOf\":{\"@id\":\"https:\\\/\\\/imker-aigen.at\\\/index.php\\\/2025\\\/08\\\/10\\\/die-salzburger-imker-spenden-kerzenwachs-fuer-einen-guten-zweck\\\/\"},\"author\":{\"name\":\"admin\",\"@id\":\"https:\\\/\\\/imker-aigen.at\\\/#\\\/schema\\\/person\\\/d7d0c3a8ef6f051d450781218ac83077\"},\"headline\":\"Salzburger Imkerinnen und Imker spenden ihr Kerzenwachs f\u00fcr einen guten Zweck\",\"datePublished\":\"2025-08-10T06:00:01+00:00\",\"dateModified\":\"2025-08-10T10:11:28+00:00\",\"mainEntityOfPage\":{\"@id\":\"https:\\\/\\\/imker-aigen.at\\\/index.php\\\/2025\\\/08\\\/10\\\/die-salzburger-imker-spenden-kerzenwachs-fuer-einen-guten-zweck\\\/\"},\"wordCount\":2147,\"commentCount\":0,\"publisher\":{\"@id\":\"https:\\\/\\\/imker-aigen.at\\\/#organization\"},\"image\":{\"@id\":\"https:\\\/\\\/imker-aigen.at\\\/index.php\\\/2025\\\/08\\\/10\\\/die-salzburger-imker-spenden-kerzenwachs-fuer-einen-guten-zweck\\\/#primaryimage\"},\"thumbnailUrl\":\"https:\\\/\\\/imker-aigen.at\\\/wp-content\\\/uploads\\\/2022\\\/10\\\/beeswax.jpg\",\"keywords\":[\"Bienenwachs\",\"Caritas\",\"Damaskus\",\"Hilfsaktion\",\"Imkerhof Salzburg\",\"Kerzenwachs\",\"Landesverband\",\"RefuBees\",\"Syrien\"],\"articleSection\":[\"News\"],\"inLanguage\":\"de\",\"potentialAction\":[{\"@type\":\"CommentAction\",\"name\":\"Comment\",\"target\":[\"https:\\\/\\\/imker-aigen.at\\\/index.php\\\/2025\\\/08\\\/10\\\/die-salzburger-imker-spenden-kerzenwachs-fuer-einen-guten-zweck\\\/#respond\"]}]},{\"@type\":\"WebPage\",\"@id\":\"https:\\\/\\\/imker-aigen.at\\\/index.php\\\/2025\\\/08\\\/10\\\/die-salzburger-imker-spenden-kerzenwachs-fuer-einen-guten-zweck\\\/\",\"url\":\"https:\\\/\\\/imker-aigen.at\\\/index.php\\\/2025\\\/08\\\/10\\\/die-salzburger-imker-spenden-kerzenwachs-fuer-einen-guten-zweck\\\/\",\"name\":\"Salzburger Imkerinnen und Imker spenden ihr Kerzenwachs f\u00fcr einen guten Zweck - Imker Ortsgruppe Salzburg Aigen\",\"isPartOf\":{\"@id\":\"https:\\\/\\\/imker-aigen.at\\\/#website\"},\"primaryImageOfPage\":{\"@id\":\"https:\\\/\\\/imker-aigen.at\\\/index.php\\\/2025\\\/08\\\/10\\\/die-salzburger-imker-spenden-kerzenwachs-fuer-einen-guten-zweck\\\/#primaryimage\"},\"image\":{\"@id\":\"https:\\\/\\\/imker-aigen.at\\\/index.php\\\/2025\\\/08\\\/10\\\/die-salzburger-imker-spenden-kerzenwachs-fuer-einen-guten-zweck\\\/#primaryimage\"},\"thumbnailUrl\":\"https:\\\/\\\/imker-aigen.at\\\/wp-content\\\/uploads\\\/2022\\\/10\\\/beeswax.jpg\",\"datePublished\":\"2025-08-10T06:00:01+00:00\",\"dateModified\":\"2025-08-10T10:11:28+00:00\",\"description\":\"Salzburger Imkerinnen und Imker wollen mit ihrem Kerzenwachs die Kindergrippe in Damaskus unterst\u00fctzen\",\"breadcrumb\":{\"@id\":\"https:\\\/\\\/imker-aigen.at\\\/index.php\\\/2025\\\/08\\\/10\\\/die-salzburger-imker-spenden-kerzenwachs-fuer-einen-guten-zweck\\\/#breadcrumb\"},\"inLanguage\":\"de\",\"potentialAction\":[{\"@type\":\"ReadAction\",\"target\":[\"https:\\\/\\\/imker-aigen.at\\\/index.php\\\/2025\\\/08\\\/10\\\/die-salzburger-imker-spenden-kerzenwachs-fuer-einen-guten-zweck\\\/\"]}]},{\"@type\":\"ImageObject\",\"inLanguage\":\"de\",\"@id\":\"https:\\\/\\\/imker-aigen.at\\\/index.php\\\/2025\\\/08\\\/10\\\/die-salzburger-imker-spenden-kerzenwachs-fuer-einen-guten-zweck\\\/#primaryimage\",\"url\":\"https:\\\/\\\/imker-aigen.at\\\/wp-content\\\/uploads\\\/2022\\\/10\\\/beeswax.jpg\",\"contentUrl\":\"https:\\\/\\\/imker-aigen.at\\\/wp-content\\\/uploads\\\/2022\\\/10\\\/beeswax.jpg\",\"width\":1155,\"height\":866,\"caption\":\"Ein wahres Multitalent\"},{\"@type\":\"BreadcrumbList\",\"@id\":\"https:\\\/\\\/imker-aigen.at\\\/index.php\\\/2025\\\/08\\\/10\\\/die-salzburger-imker-spenden-kerzenwachs-fuer-einen-guten-zweck\\\/#breadcrumb\",\"itemListElement\":[{\"@type\":\"ListItem\",\"position\":1,\"name\":\"Startseite\",\"item\":\"https:\\\/\\\/imker-aigen.at\\\/index.php\\\/home\\\/\"},{\"@type\":\"ListItem\",\"position\":2,\"name\":\"Salzburger Imkerinnen und Imker spenden ihr Kerzenwachs f\u00fcr einen guten Zweck\"}]},{\"@type\":\"WebSite\",\"@id\":\"https:\\\/\\\/imker-aigen.at\\\/#website\",\"url\":\"https:\\\/\\\/imker-aigen.at\\\/\",\"name\":\"Imker Ortsgruppe Salzburg Aigen\",\"description\":\"Homepage der Imker-Ortsgruppe Salzburg Aigen\",\"publisher\":{\"@id\":\"https:\\\/\\\/imker-aigen.at\\\/#organization\"},\"potentialAction\":[{\"@type\":\"SearchAction\",\"target\":{\"@type\":\"EntryPoint\",\"urlTemplate\":\"https:\\\/\\\/imker-aigen.at\\\/?s={search_term_string}\"},\"query-input\":{\"@type\":\"PropertyValueSpecification\",\"valueRequired\":true,\"valueName\":\"search_term_string\"}}],\"inLanguage\":\"de\"},{\"@type\":\"Organization\",\"@id\":\"https:\\\/\\\/imker-aigen.at\\\/#organization\",\"name\":\"Imker Ortsgruppe Salzburg Aigen\",\"url\":\"https:\\\/\\\/imker-aigen.at\\\/\",\"logo\":{\"@type\":\"ImageObject\",\"inLanguage\":\"de\",\"@id\":\"https:\\\/\\\/imker-aigen.at\\\/#\\\/schema\\\/logo\\\/image\\\/\",\"url\":\"https:\\\/\\\/imker-aigen.at\\\/wp-content\\\/uploads\\\/2022\\\/08\\\/logo-1.png\",\"contentUrl\":\"https:\\\/\\\/imker-aigen.at\\\/wp-content\\\/uploads\\\/2022\\\/08\\\/logo-1.png\",\"width\":392,\"height\":156,\"caption\":\"Imker Ortsgruppe Salzburg Aigen\"},\"image\":{\"@id\":\"https:\\\/\\\/imker-aigen.at\\\/#\\\/schema\\\/logo\\\/image\\\/\"}},{\"@type\":\"Person\",\"@id\":\"https:\\\/\\\/imker-aigen.at\\\/#\\\/schema\\\/person\\\/d7d0c3a8ef6f051d450781218ac83077\",\"name\":\"admin\",\"image\":{\"@type\":\"ImageObject\",\"inLanguage\":\"de\",\"@id\":\"https:\\\/\\\/secure.gravatar.com\\\/avatar\\\/925a7e918efd3cfdae29be9c0018a3ae3275cd0444a6e166241172bb6e5243c7?s=96&d=mm&r=g\",\"url\":\"https:\\\/\\\/secure.gravatar.com\\\/avatar\\\/925a7e918efd3cfdae29be9c0018a3ae3275cd0444a6e166241172bb6e5243c7?s=96&d=mm&r=g\",\"contentUrl\":\"https:\\\/\\\/secure.gravatar.com\\\/avatar\\\/925a7e918efd3cfdae29be9c0018a3ae3275cd0444a6e166241172bb6e5243c7?s=96&d=mm&r=g\",\"caption\":\"admin\"},\"sameAs\":[\"https:\\\/\\\/imker-aigen.at\",\"linkedin.com\\\/in\\\/bernd-meierhofer-5919b62\"],\"url\":\"https:\\\/\\\/imker-aigen.at\\\/index.php\\\/author\\\/bmeierhofer\\\/\"}]}<\/script>\n<!-- \/ Yoast SEO plugin. -->","yoast_head_json":{"title":"Salzburger Imkerinnen und Imker spenden ihr Kerzenwachs f\u00fcr einen guten Zweck - Imker Ortsgruppe Salzburg Aigen","description":"Salzburger Imkerinnen und Imker wollen mit ihrem Kerzenwachs die Kindergrippe in Damaskus unterst\u00fctzen","robots":{"index":"index","follow":"follow","max-snippet":"max-snippet:-1","max-image-preview":"max-image-preview:large","max-video-preview":"max-video-preview:-1"},"canonical":"https:\/\/imker-aigen.at\/index.php\/2025\/08\/10\/die-salzburger-imker-spenden-kerzenwachs-fuer-einen-guten-zweck\/","og_locale":"de_DE","og_type":"article","og_title":"Salzburger Imkerinnen und Imker spenden ihr Kerzenwachs f\u00fcr einen guten Zweck - Imker Ortsgruppe Salzburg Aigen","og_description":"Salzburger Imkerinnen und Imker wollen mit ihrem Kerzenwachs die Kindergrippe in Damaskus unterst\u00fctzen","og_url":"https:\/\/imker-aigen.at\/index.php\/2025\/08\/10\/die-salzburger-imker-spenden-kerzenwachs-fuer-einen-guten-zweck\/","og_site_name":"Imker Ortsgruppe Salzburg Aigen","article_published_time":"2025-08-10T06:00:01+00:00","article_modified_time":"2025-08-10T10:11:28+00:00","og_image":[{"width":1155,"height":866,"url":"https:\/\/imker-aigen.at\/wp-content\/uploads\/2022\/10\/beeswax.jpg","type":"image\/jpeg"}],"author":"admin","twitter_card":"summary_large_image","twitter_misc":{"Verfasst von":"admin","Gesch\u00e4tzte Lesezeit":"4\u00a0Minuten"},"schema":{"@context":"https:\/\/schema.org","@graph":[{"@type":"Article","@id":"https:\/\/imker-aigen.at\/index.php\/2025\/08\/10\/die-salzburger-imker-spenden-kerzenwachs-fuer-einen-guten-zweck\/#article","isPartOf":{"@id":"https:\/\/imker-aigen.at\/index.php\/2025\/08\/10\/die-salzburger-imker-spenden-kerzenwachs-fuer-einen-guten-zweck\/"},"author":{"name":"admin","@id":"https:\/\/imker-aigen.at\/#\/schema\/person\/d7d0c3a8ef6f051d450781218ac83077"},"headline":"Salzburger Imkerinnen und Imker spenden ihr Kerzenwachs f\u00fcr einen guten Zweck","datePublished":"2025-08-10T06:00:01+00:00","dateModified":"2025-08-10T10:11:28+00:00","mainEntityOfPage":{"@id":"https:\/\/imker-aigen.at\/index.php\/2025\/08\/10\/die-salzburger-imker-spenden-kerzenwachs-fuer-einen-guten-zweck\/"},"wordCount":2147,"commentCount":0,"publisher":{"@id":"https:\/\/imker-aigen.at\/#organization"},"image":{"@id":"https:\/\/imker-aigen.at\/index.php\/2025\/08\/10\/die-salzburger-imker-spenden-kerzenwachs-fuer-einen-guten-zweck\/#primaryimage"},"thumbnailUrl":"https:\/\/imker-aigen.at\/wp-content\/uploads\/2022\/10\/beeswax.jpg","keywords":["Bienenwachs","Caritas","Damaskus","Hilfsaktion","Imkerhof Salzburg","Kerzenwachs","Landesverband","RefuBees","Syrien"],"articleSection":["News"],"inLanguage":"de","potentialAction":[{"@type":"CommentAction","name":"Comment","target":["https:\/\/imker-aigen.at\/index.php\/2025\/08\/10\/die-salzburger-imker-spenden-kerzenwachs-fuer-einen-guten-zweck\/#respond"]}]},{"@type":"WebPage","@id":"https:\/\/imker-aigen.at\/index.php\/2025\/08\/10\/die-salzburger-imker-spenden-kerzenwachs-fuer-einen-guten-zweck\/","url":"https:\/\/imker-aigen.at\/index.php\/2025\/08\/10\/die-salzburger-imker-spenden-kerzenwachs-fuer-einen-guten-zweck\/","name":"Salzburger Imkerinnen und Imker spenden ihr Kerzenwachs f\u00fcr einen guten Zweck - Imker Ortsgruppe Salzburg Aigen","isPartOf":{"@id":"https:\/\/imker-aigen.at\/#website"},"primaryImageOfPage":{"@id":"https:\/\/imker-aigen.at\/index.php\/2025\/08\/10\/die-salzburger-imker-spenden-kerzenwachs-fuer-einen-guten-zweck\/#primaryimage"},"image":{"@id":"https:\/\/imker-aigen.at\/index.php\/2025\/08\/10\/die-salzburger-imker-spenden-kerzenwachs-fuer-einen-guten-zweck\/#primaryimage"},"thumbnailUrl":"https:\/\/imker-aigen.at\/wp-content\/uploads\/2022\/10\/beeswax.jpg","datePublished":"2025-08-10T06:00:01+00:00","dateModified":"2025-08-10T10:11:28+00:00","description":"Salzburger Imkerinnen und Imker wollen mit ihrem Kerzenwachs die Kindergrippe in Damaskus unterst\u00fctzen","breadcrumb":{"@id":"https:\/\/imker-aigen.at\/index.php\/2025\/08\/10\/die-salzburger-imker-spenden-kerzenwachs-fuer-einen-guten-zweck\/#breadcrumb"},"inLanguage":"de","potentialAction":[{"@type":"ReadAction","target":["https:\/\/imker-aigen.at\/index.php\/2025\/08\/10\/die-salzburger-imker-spenden-kerzenwachs-fuer-einen-guten-zweck\/"]}]},{"@type":"ImageObject","inLanguage":"de","@id":"https:\/\/imker-aigen.at\/index.php\/2025\/08\/10\/die-salzburger-imker-spenden-kerzenwachs-fuer-einen-guten-zweck\/#primaryimage","url":"https:\/\/imker-aigen.at\/wp-content\/uploads\/2022\/10\/beeswax.jpg","contentUrl":"https:\/\/imker-aigen.at\/wp-content\/uploads\/2022\/10\/beeswax.jpg","width":1155,"height":866,"caption":"Ein wahres Multitalent"},{"@type":"BreadcrumbList","@id":"https:\/\/imker-aigen.at\/index.php\/2025\/08\/10\/die-salzburger-imker-spenden-kerzenwachs-fuer-einen-guten-zweck\/#breadcrumb","itemListElement":[{"@type":"ListItem","position":1,"name":"Startseite","item":"https:\/\/imker-aigen.at\/index.php\/home\/"},{"@type":"ListItem","position":2,"name":"Salzburger Imkerinnen und Imker spenden ihr Kerzenwachs f\u00fcr einen guten Zweck"}]},{"@type":"WebSite","@id":"https:\/\/imker-aigen.at\/#website","url":"https:\/\/imker-aigen.at\/","name":"Imker Ortsgruppe Salzburg Aigen","description":"Homepage der Imker-Ortsgruppe Salzburg Aigen","publisher":{"@id":"https:\/\/imker-aigen.at\/#organization"},"potentialAction":[{"@type":"SearchAction","target":{"@type":"EntryPoint","urlTemplate":"https:\/\/imker-aigen.at\/?s={search_term_string}"},"query-input":{"@type":"PropertyValueSpecification","valueRequired":true,"valueName":"search_term_string"}}],"inLanguage":"de"},{"@type":"Organization","@id":"https:\/\/imker-aigen.at\/#organization","name":"Imker Ortsgruppe Salzburg Aigen","url":"https:\/\/imker-aigen.at\/","logo":{"@type":"ImageObject","inLanguage":"de","@id":"https:\/\/imker-aigen.at\/#\/schema\/logo\/image\/","url":"https:\/\/imker-aigen.at\/wp-content\/uploads\/2022\/08\/logo-1.png","contentUrl":"https:\/\/imker-aigen.at\/wp-content\/uploads\/2022\/08\/logo-1.png","width":392,"height":156,"caption":"Imker Ortsgruppe Salzburg Aigen"},"image":{"@id":"https:\/\/imker-aigen.at\/#\/schema\/logo\/image\/"}},{"@type":"Person","@id":"https:\/\/imker-aigen.at\/#\/schema\/person\/d7d0c3a8ef6f051d450781218ac83077","name":"admin","image":{"@type":"ImageObject","inLanguage":"de","@id":"https:\/\/secure.gravatar.com\/avatar\/925a7e918efd3cfdae29be9c0018a3ae3275cd0444a6e166241172bb6e5243c7?s=96&d=mm&r=g","url":"https:\/\/secure.gravatar.com\/avatar\/925a7e918efd3cfdae29be9c0018a3ae3275cd0444a6e166241172bb6e5243c7?s=96&d=mm&r=g","contentUrl":"https:\/\/secure.gravatar.com\/avatar\/925a7e918efd3cfdae29be9c0018a3ae3275cd0444a6e166241172bb6e5243c7?s=96&d=mm&r=g","caption":"admin"},"sameAs":["https:\/\/imker-aigen.at","linkedin.com\/in\/bernd-meierhofer-5919b62"],"url":"https:\/\/imker-aigen.at\/index.php\/author\/bmeierhofer\/"}]}},"_links":{"self":[{"href":"https:\/\/imker-aigen.at\/index.php\/wp-json\/wp\/v2\/posts\/8279","targetHints":{"allow":["GET"]}}],"collection":[{"href":"https:\/\/imker-aigen.at\/index.php\/wp-json\/wp\/v2\/posts"}],"about":[{"href":"https:\/\/imker-aigen.at\/index.php\/wp-json\/wp\/v2\/types\/post"}],"author":[{"embeddable":true,"href":"https:\/\/imker-aigen.at\/index.php\/wp-json\/wp\/v2\/users\/1"}],"replies":[{"embeddable":true,"href":"https:\/\/imker-aigen.at\/index.php\/wp-json\/wp\/v2\/comments?post=8279"}],"version-history":[{"count":20,"href":"https:\/\/imker-aigen.at\/index.php\/wp-json\/wp\/v2\/posts\/8279\/revisions"}],"predecessor-version":[{"id":8361,"href":"https:\/\/imker-aigen.at\/index.php\/wp-json\/wp\/v2\/posts\/8279\/revisions\/8361"}],"wp:featuredmedia":[{"embeddable":true,"href":"https:\/\/imker-aigen.at\/index.php\/wp-json\/wp\/v2\/media\/1826"}],"wp:attachment":[{"href":"https:\/\/imker-aigen.at\/index.php\/wp-json\/wp\/v2\/media?parent=8279"}],"wp:term":[{"taxonomy":"category","embeddable":true,"href":"https:\/\/imker-aigen.at\/index.php\/wp-json\/wp\/v2\/categories?post=8279"},{"taxonomy":"post_tag","embeddable":true,"href":"https:\/\/imker-aigen.at\/index.php\/wp-json\/wp\/v2\/tags?post=8279"}],"curies":[{"name":"wp","href":"https:\/\/api.w.org\/{rel}","templated":true}]}}