{"id":8296,"date":"2025-08-06T10:58:02","date_gmt":"2025-08-06T08:58:02","guid":{"rendered":"https:\/\/imker-aigen.at\/?p=8296"},"modified":"2025-09-03T10:06:22","modified_gmt":"2025-09-03T08:06:22","slug":"protokoll-vom-stammtisch-am-5-8-2025","status":"publish","type":"post","link":"https:\/\/imker-aigen.at\/index.php\/2025\/08\/06\/protokoll-vom-stammtisch-am-5-8-2025\/","title":{"rendered":"Protokoll vom Stammtisch am 5.8.2025"},"content":{"rendered":"<div  class='flex_column av-b6mk8o-2318f6d8dcc6c24e15dfe5363f0c4bbf av_one_full  avia-builder-el-0  avia-builder-el-no-sibling  first flex_column_div  '     ><p>\n<style type=\"text\/css\" data-created_by=\"avia_inline_auto\" id=\"style-css-av-9jeczc-3680d092900a0b13704cab55bdc5c662\">\n#top .av-special-heading.av-9jeczc-3680d092900a0b13704cab55bdc5c662{\npadding-bottom:10px;\n}\nbody .av-special-heading.av-9jeczc-3680d092900a0b13704cab55bdc5c662 .av-special-heading-tag .heading-char{\nfont-size:25px;\n}\n.av-special-heading.av-9jeczc-3680d092900a0b13704cab55bdc5c662 .av-subheading{\nfont-size:15px;\n}\n<\/style>\n<div  class='av-special-heading av-9jeczc-3680d092900a0b13704cab55bdc5c662 av-special-heading-h3 blockquote modern-quote modern-centered  avia-builder-el-1  el_before_av_hr  avia-builder-el-first '><h3 class='av-special-heading-tag '  itemprop=\"headline\"  >Protokoll vom Stammtisch am 5.8.2025 <\/h3><div class=\"special-heading-border\"><div class=\"special-heading-inner-border\"><\/div><\/div><\/div><br \/>\n\n<style type=\"text\/css\" data-created_by=\"avia_inline_auto\" id=\"style-css-av-6y1lbs-9633dd7e8cf580a72b295cc7260399d7\">\n#top .hr.av-6y1lbs-9633dd7e8cf580a72b295cc7260399d7{\nmargin-top:30px;\nmargin-bottom:30px;\n}\n.hr.av-6y1lbs-9633dd7e8cf580a72b295cc7260399d7 .hr-inner{\nwidth:50px;\nmax-width:45%;\n}\n<\/style>\n<div  class='hr av-6y1lbs-9633dd7e8cf580a72b295cc7260399d7 hr-custom  avia-builder-el-2  el_after_av_heading  el_before_av_textblock  hr-center hr-icon-yes'><span class='hr-inner inner-border-av-border-thin'><span class=\"hr-inner-style\"><\/span><\/span><span class='av-seperator-icon avia-svg-icon avia-font-svg_entypo-fontello' data-av_svg_icon='dot-3' data-av_iconset='svg_entypo-fontello'><svg version=\"1.1\" xmlns=\"http:\/\/www.w3.org\/2000\/svg\" width=\"29\" height=\"32\" viewBox=\"0 0 29 32\" preserveAspectRatio=\"xMidYMid meet\" aria-labelledby='av-svg-title-1' aria-describedby='av-svg-desc-1' role=\"graphics-symbol\">\n<title id='av-svg-title-1'>Dot-3<\/title>\n<desc id='av-svg-desc-1'>Dot-3<\/desc>\n<path d=\"M3.52 12.48q1.472 0 2.496 1.024t1.024 2.496q0 1.408-1.024 2.464t-2.496 1.056-2.496-1.056-1.024-2.464q0-1.472 1.024-2.496t2.496-1.024zM14.72 12.48q1.472 0 2.496 1.024t1.024 2.496q0 1.408-1.056 2.464t-2.464 1.056-2.464-1.056-1.056-2.464q0-1.472 1.024-2.496t2.496-1.024zM25.92 12.48q1.472 0 2.496 1.024t1.024 2.496q0 1.408-1.024 2.464t-2.496 1.056-2.496-1.056-1.024-2.464q0-1.472 1.024-2.496t2.496-1.024z\"><\/path>\n<\/svg><\/span><span class='hr-inner inner-border-av-border-thin'><span class=\"hr-inner-style\"><\/span><\/span><\/div><br \/>\n<section  class='av_textblock_section av-5taweg-b0cb07db0e2ab522cb4d7b00cffc2b36 '   itemscope=\"itemscope\" itemtype=\"https:\/\/schema.org\/BlogPosting\" itemprop=\"blogPost\" ><div class='avia_textblock'  itemprop=\"text\" ><p><span style=\"color: #999999;\">Ort: <a style=\"color: #999999;\" href=\"http:\/\/www.pliemgut.at\/\">Gasthaus Pliemgut<\/a><\/span><br \/>\n<span style=\"color: #999999;\">Beginn: 19:15 Uhr<\/span><br \/>\n<span style=\"color: #999999;\">Protokollf\u00fchrerin: Adelheid Speyer<\/span><\/p>\n<h3>Begr\u00fc\u00dfung<\/h3>\n<p>Der Stammtisch ist wieder gut besucht und findet im Gastgarten vom <a href=\"http:\/\/www.pliemgut.at\/\">Gasthaus Pliemgut<\/a> statt. Wir d\u00fcrfen heute insbesondere als Gast den imkerlichen Unterst\u00fctzer unseres neuen Vereinsmitglieds begr\u00fc\u00dfen.<\/p>\n<h3>\u00c4nderung bei den Vereinsmitgliedern<\/h3>\n<p>Wir haben im Juli wieder ein neues Vereinsmitglied bekommen. Der Verein hat somit nun 82 Mitglieder<\/p>\n<h3>Neuigkeiten<\/h3>\n<ul>\n<li><strong>Alte Termine<br \/>\n<\/strong>&#8211; 2.7 Sommerfest der Maxglaner Imker<br \/>\n<a href=\"https:\/\/imker-aigen.at\/index.php\/2025\/07\/04\/standbesuch-bei-josef-hutzinger-in-muntigl-am-4-7-2025\/\">&#8211; 4.7. Besuch des Bienenstands von Josef Hutzinger in Muntigl &#8211; Bericht auf unserer Homepage<\/a><br \/>\n&#8211; 12.7 K\u00f6niginnenmarkt am Imkerhof Salzburg<\/li>\n<li><strong>Futter- und Behandlungsmittelaktion des Imkerhofes<br \/>\n<\/strong>Der Verein hat bereits alles bezahlt. Die Abholung der Futtermittel \u2013 sofern noch nicht geschehen \u2013 bitte mit dem Imkerhof Salzburg vereinbaren. F\u00fcr den Verein ist diese Aktion somit abgeschlossen.<\/li>\n<li><strong>Vereinsh\u00fctte am Egelsee 2025<br \/>\n<\/strong>&#8211; wir k\u00f6nnen mit dem diesj\u00e4hrigen Ergebnis sehr zufrieden sein. Die drei Vereinsst\u00f6cke haben ca. 17 kg Honig, zwei Ablegerv\u00f6lker und viele ausgebaute R\u00e4hmchen produziert. Somit k\u00f6nnen wir nun mit 5 Vereinsv\u00f6lkern und einer bereits gut ausgestatteten Vereinsh\u00fctte in die kommende Saison starten. In allen 5 St\u00f6cken sind Carnica Reinzuchtk\u00f6niginnen (2 x blau und 3 x gr\u00fcn). Die Stockkarten sind via Homepage einsehbar<br \/>\n&#8211; die als Pacht vereinbarte Honigmenge wurde bei der Forstverwaltung abgeliefert<br \/>\n&#8211; die kommende Saison wurde bereits mit der Forstverwaltung besprochen. Da dieses Jahr gut funktioniert hat, gibt es seitens der Forstverwaltung keine Gr\u00fcnde, das Pachtverh\u00e4ltnis zu beenden<br \/>\n&#8211; kommendes Jahr m\u00fcssen diverse Reparaturen an der Vereinsh\u00fctte durchgef\u00fchrt werden (Sanierung des Bodens, diverse kleine Reparaturen)<br \/>\n&#8211; ein Messingschild mit der VIS-Nummer + QR-Code vom Verein muss erst gekauft werden. Dies sollte erst gemacht werden, sobald klar ist, dass die Vereinsh\u00fctte auch n\u00e4chstes Jahr gen\u00fctzt wird und klar ist, wie das neue Vereinslogo aussehen wird<br \/>\n&#8211; Verkostung des ersten Vereinshonigs in der 121-j\u00e4hrigen Vereinsgeschichte<br \/>\n&#8211; die Stockwaage und die Wetterstation haben sich bew\u00e4hrt. Die Daten k\u00f6nnen im kommenden Jahr auch f\u00fcr die Jugendtage verwendet werden bzw. f\u00fcr die Restentmilbung am Ende dieses Jahres<br \/>\n&#8211; sollen wir unseren Honig untersuchen lassen? Voraussetzung f\u00fcr Kleinger\u00e4tef\u00f6rderung (500g notwendig)<br \/>\n&#8211; sollen wir an der Salzburger Honigpr\u00e4mierung oder Wieselburg teilnehmen? Franzi gibt zu bedenken, dass die Salzburger Honigpr\u00e4mierung nicht jedes Jahr stattfindet. D.h. es muss erst gekl\u00e4rt werden, ob es dieses Jahr \u00fcberhaupt eine Salzburger Pr\u00e4mierung stattfindet.<br \/>\n&#8211; sollen wir im kommenden Jahr eine Faulbrutuntersuchung f\u00fcr die Vereinsv\u00f6lker machen lassen (15 \u20ac f\u00fcr LV Mitglieder)?<br \/>\n&#8211; Varroakontrolle mit dem vCalculator von J\u00f6rg Heuschkel (Excel-Tabelle)<br \/>\n&#8211; die Versicherung der Vereinsh\u00fctte erfolgt zuk\u00fcnftig vermutlich \u00fcber den Landesverband und nicht mehr direkt \u00fcber den \u00d6IB<\/li>\n<li><strong>Wachsspendenaktion (RefuBees-Projekt)<br \/>\n<\/strong>Imker sollten f\u00fcr einen ausreichenden Wabenumtrieb in ihren Bienenv\u00f6lkern sorgen. Das entnommene Schadwachs sollte dann zu Kerzenwachs verarbeitet werden. Die Imker werden gebeten, einen Teil davon zu spenden. Aus dem gespendeten Wachs wird dann Kerzenwachs (Zugabe von Paraffin) und Kerzen produziert. Der Erl\u00f6s aus dem Verkauf der Kerzen (Verkauf via <a href=\"https:\/\/www.caritas-salzburg.at\/\">Caritas Salzburg<\/a> im Salzburger Dom) kommt der Syrienhilfe zugute (1,5 kg Wachs entspricht einem syrischen Monatsgehalt).<br \/>\nDie Aktion wird auch vom Landesverband und vom Imkerhof unterst\u00fctzt. Beim Imkerhof sollte eigentlich bereits eine Box f\u00fcr die Abgabe des Wachses bereitstehen. Elisabeth berichtet aber, dass noch keine Box beim Imkerhof vorhanden ist und die Imkerhof-Mitarbeiter von der Aktion auch noch nichts wussten. Dies wird sich aber sicherlich in K\u00fcrze einspielen. Details zur Aktion in K\u00fcrze auf der Homepage<strong><br \/>\n<\/strong><\/li>\n<li><strong>Fachtagung des <a href=\"https:\/\/naturschutzbund.at\/salzburg.html\">Salzburger Naturschutzbundes<\/a><\/strong><br \/>\nWir sind vom <a href=\"https:\/\/naturschutzbund.at\/salzburg.html\">Salzburger Naturschutzbund<\/a> eingeladen worden, uns am 9. Oktober an einer Fachtagung mit hochkar\u00e4tigen Vortragenden zu beteiligen.<\/li>\n<li><strong>Adventmarkt 2025 in Elsbethen<\/strong><br \/>\nWir sind vom <a href=\"https:\/\/www.elsbethen.info\/\">Tourismusverband Elsbethen<\/a> wieder eingeladen worden, mit einem eigenen Stand am Adventmarkt teilzunehmen. Wir werden dieses Angebot wieder annehmen, da der Adventmarkt f\u00fcr den Verein eine wichtige finanzielle St\u00fctze ist. Der Mitgliedsbeitrag alleine (8 x 80 \u20ac = 640 \u20ac) wird f\u00fcr Homepage, Porto, Versicherung der Vereinsh\u00fctte und der Vereinsv\u00f6lker, Jugendtage etc. verbraucht.<br \/>\nBernd wird Maria Steindl vom <a href=\"https:\/\/www.elsbethen.info\/\">Tourismusverband Elsbethen i<\/a>nformieren, dass wir wieder teilnehmen und auch wieder den <a href=\"https:\/\/www.bluehendes-salzburg.at\/elsbethen\/willkommen\/\">OGV Elsbethen<\/a> zu uns am Stand einladen werden. Alle Vereinsmitglieder sind herzlich eingeladen, sich an den Vorbereitungen f\u00fcr den Adventmarkt zu beteiligen und ihre Imkereiprodukte auf dem Adventmarkt zu verkaufen.<\/li>\n<li><strong>Bienensaison 2025 \u2013 Res\u00fcmee<\/strong><br \/>\nPresseaussendung des Landesverbandes vom 4.8.2025 bzw. \u201eSalzburg heute\u201c TV-Bericht vom 4.8.2025<br \/>\nDie Brutunterbrechung der Bienen im Fr\u00fchjahr hat sich jedoch vermutlich positiv auf die Varroa-Entwicklung ausgewirkt. Aktuell ist der nat\u00fcrliche Milbenabfall sehr gering.<\/li>\n<li><strong>Homepage \u2013 Bericht unserer Carnica-Z\u00fcchtergruppe<br \/>\n<\/strong>In K\u00fcrze wird es einen Bericht \u00fcber die Zucht 2025 auf unserer Homepage geben<\/li>\n<li><strong>Wachs schmelzen und R\u00e4hmchen reinigen<br \/>\n<\/strong>Hier besteht Interesse der Vereinsmitglieder einen gemeinsamen Putztag zu organisieren und sich die Ger\u00e4te vom Imkerhof auszuleihen. Bernd wird die Sache mit Thomas Renner besprechen und via WhatsApp-Gruppe versuchen einen Putztag zu organisieren.<\/li>\n<\/ul>\n<h3>Langl\u00e4ufer (wurden nicht besprochen)<\/h3>\n<ul>\n<li><strong>Bestellung einer Info-Tafel anl\u00e4sslich der 100-Jahr-Feier der <a href=\"https:\/\/www.imker-maxglan.at\/\">Ortsgruppe Maxglan<\/a><\/strong><br \/>\nLaut Information von Sepp Huztinger verz\u00f6gern sich die Tafeln<\/li>\n<li><strong>Imker-Ortsgruppe Salzburg Stadt\/Umgebung alias Imker-Ortsgruppe Maxglan<\/strong><br \/>\nIst in Kl\u00e4rung. Eigentlich soll sich der Landesverband um das Thema k\u00fcmmern. Nicht unsere Baustelle. Laut Landesverband (Andy Brieger) gibt es diesbez\u00fcglich eine Besprechung am 22.8.2025.<\/li>\n<li><strong>Zucht\u00a0<\/strong><br \/>\nPexa-K\u00f6rprogramm wurde bestellt. Bisher aber noch keine R\u00fcckmeldung.<\/li>\n<li><strong>Zucht varroaresistenter Bienen<\/strong> (<a href=\"https:\/\/salzburg.orf.at\/stories\/3303397\/\">ORF-Schlagzeile vom 30.4.2025<\/a> und <a href=\"https:\/\/on.orf.at\/video\/14274460\/salzburg-heute-vom-04052025\">Bundesland heute Beitrag vom 4.5.2025<\/a>) \u2013 Unser Vereinsmitglied Christina H\u00f6tzinger, welche auch in der <a href=\"https:\/\/bienenzuchtgruppe.at\/\">O\u00d6-S-Zuchtgruppe<\/a> mitarbeitet, k\u00f6nnte n\u00e4here Hintergrundinformationen liefern, sofern Interesse besteht. Geplant ist ein Impulsvortrag bei einem Stammtisch im Herbst\/Winter und dann ein Folgetermin f\u00fcr Details und Diskussionen f\u00fcr alle, die sich intensiver mit der Materie besch\u00e4ftigen wollen oder bereits besch\u00e4ftigen<\/li>\n<li><strong>Logo und Corporate Design<\/strong><\/li>\n<li><strong>Anfrage eines Salzburger Wohnbautr\u00e4gers<\/strong><br \/>\nEin Wohnbautr\u00e4ger will m\u00f6glicherweise Fl\u00e4chen in den Wohnanlagen f\u00fcr Bienenst\u00f6cke und\/oder Bienenweiden zur Verf\u00fcgung stellen. Wir werden da beratend unterst\u00fctzen und vielleicht auch den einen oder anderen Bienenstand vermitteln.<\/li>\n<li><strong>Zwei Bienenstandorte in der Stadt Salzburg von einem ehemaligen Stadt-Imker<\/strong><br \/>\ndiese werden von Paul Freh-Deutschmann und der Fam. Taxacher \u00fcbernommen<\/li>\n<\/ul>\n<h3>Kommende Termine bis zum n\u00e4chsten Stammtisch (siehe auch <a href=\"https:\/\/imker-aigen.at\/index.php\/events\/list\/\">Veranstaltungskalender<\/a>)<\/h3>\n<ul>\n<li><a href=\"https:\/\/imker-aigen.at\/index.php\/event\/22-oesterreichisches-honigfest-in-hermagor\/\">15-17.8 22. \u00d6sterreichisches Honigfest in Hermagor<\/a><\/li>\n<li><a href=\"https:\/\/imker-aigen.at\/index.php\/event\/stammtisch-2-september-2025\/\">2.9 Stammtisch<\/a><\/li>\n<\/ul>\n<h3>Diverses, Diskussion, Allf\u00e4lliges<\/h3>\n<ul>\n<li><strong>Ausfl\u00fcge bzw. Standbesuche (Ideensammlung)<\/strong><br \/>\n&#8211; St. Veiter Stadtmuseum \u2013 130 Jahre Bienenzucht (2.4-31.10). 45 Millionen Jahre alte Biene in einem Bernsteintropfen<br \/>\n&#8211; Honigfest in Hermagor (15-17.8)<br \/>\n&#8211; Imkerei Sonderausstellung im Heimatmuseum in Altenmarkt (bis April 2026)<br \/>\n&#8211; Kr\u00e4utergarten in Hollersbach<\/li>\n<li><a href=\"https:\/\/imkerhof-salzburg.at\/2025\/07\/29\/pilger-und-studienreise-hier-anmelden\/\"><strong>Pilger und Studienreise<\/strong> nach Padua, Assisi, Rom und Modena am 7-15.3.2026<\/a><\/li>\n<li><strong>Vortr\u00e4ge im Winter<\/strong>. Wir sollten bald wieder einen Vortrag organisieren. Gibt es spezielle Wunschthemen? Bernd wird sich mit Christina H\u00f6tzinger nochmals bzgl. ihres Impulsvortrages abstimmen.<\/li>\n<\/ul>\n<h3>Imkern im August (Monat der Hauptentmilbung) &#8211; siehe auch <a href=\"https:\/\/imker-aigen.at\/index.php\/about\/monthly_todos\/\">Monatsbetrachtungen<\/a><\/h3>\n<ul>\n<li>Imkern in Zeiten des Klimawandels<\/li>\n<li>Auf Wasserversorgung (Bienentr\u00e4nke) und Beschattung achten<\/li>\n<li>F\u00fctterung<br \/>\nR\u00e4uberei vermeiden! Kleine Mengen am sp\u00e4ten Abend f\u00fcttern.<\/li>\n<li>Varroabehandlung<br \/>\nHauptentmilbung nach dem Trachtende<br \/>\nGrenzwert: 1-3 Milben nat\u00fcrlicher Totenfall pro Tag Anfang August bis Ende September (\u00dcberpr\u00fcfung ob bisherige Behandlung\/Hauptentmilbung wirksam war)<br \/>\nLaufende Beobachtung notwendig!!!<br \/>\nCalistrip Biox Oxals\u00e4urestreifen? Die ersten von der EU zugelassenen Oxals\u00e4urestreifen. Langzeitbehandlung \u2013 6 Wochen mit und ohne Brut<br \/>\n<strong>Achtung! Die Streifen enthalten d\u00fcnnfl\u00fcssiges Paraffin!<\/strong><\/li>\n<li>Honiguntersuchung \u2013 wichtig auch f\u00fcr F\u00f6rderungen<br \/>\nLast euren Honig bitte untersuchen! Komplette Honiguntersuchung (20 \u20ac f\u00fcr LV-Mitglieder, ben\u00f6tigt 500g Honig) bzw. kleine Honiguntersuchung (11,5 \u20ac f\u00fcr LV-Mitglieder, ben\u00f6tigt 250g Honig)<\/li>\n<li>Monatsbetrachtung Juli\/August. Hier wird es in K\u00fcrze zwei getrennte Monatsbetrachtungen geben (Juli \u2013 Jungvolkbildung und August \u2013 Hauptentmilbung\/F\u00fcttern)<\/li>\n<\/ul>\n<\/div><\/section><br \/>\n<div  class='av-social-sharing-box av-4hqkvs-04e83e2f903d6bc233957964a43d1f09 av-social-sharing-box-default  avia-builder-el-4  el_after_av_textblock  el_before_av_comments_list  av-social-sharing-box-fullwidth'><div class=\"av-share-box\"><h5 class='av-share-link-description av-no-toc '>Eintrag teilen<\/h5><ul class=\"av-share-box-list noLightbox\"><li class='av-share-link av-social-link-facebook avia_social_iconfont' ><a target=\"_blank\" aria-label=\"Teilen auf Facebook\" href='https:\/\/www.facebook.com\/sharer.php?u=https:\/\/imker-aigen.at\/index.php\/2025\/08\/06\/protokoll-vom-stammtisch-am-5-8-2025\/&#038;t=Protokoll%20vom%20Stammtisch%20am%205.8.2025' data-av_icon='\ue8f3' data-av_iconfont='entypo-fontello'  title='' data-avia-related-tooltip='Teilen auf Facebook'><span class='avia_hidden_link_text'>Teilen auf Facebook<\/span><\/a><\/li><li class='av-share-link av-social-link-twitter avia_social_iconfont' ><a target=\"_blank\" aria-label=\"Teilen auf X\" href='https:\/\/twitter.com\/share?text=Protokoll%20vom%20Stammtisch%20am%205.8.2025&#038;url=https:\/\/imker-aigen.at\/?p=8296' data-av_icon='\ue932' data-av_iconfont='entypo-fontello'  title='' data-avia-related-tooltip='Teilen auf X'><span class='avia_hidden_link_text'>Teilen auf X<\/span><\/a><\/li><li class='av-share-link av-social-link-whatsapp avia_social_iconfont' ><a target=\"_blank\" aria-label=\"Teilen auf WhatsApp\" href='https:\/\/api.whatsapp.com\/send?text=https:\/\/imker-aigen.at\/index.php\/2025\/08\/06\/protokoll-vom-stammtisch-am-5-8-2025\/' data-av_icon='\uf232' data-av_iconfont='entypo-fontello'  title='' data-avia-related-tooltip='Teilen auf WhatsApp'><span class='avia_hidden_link_text'>Teilen auf WhatsApp<\/span><\/a><\/li><li class='av-share-link av-social-link-pinterest avia_social_iconfont' ><a target=\"_blank\" aria-label=\"Teilen auf Pinterest\" href='https:\/\/pinterest.com\/pin\/create\/button\/?url=https%3A%2F%2Fimker-aigen.at%2Findex.php%2F2025%2F08%2F06%2Fprotokoll-vom-stammtisch-am-5-8-2025%2F&#038;description=Protokoll%20vom%20Stammtisch%20am%205.8.2025&#038;media=https%3A%2F%2Fimker-aigen.at%2Fwp-content%2Fuploads%2F2022%2F08%2Fglasses-beer-1.jpg' data-av_icon='\ue8f8' data-av_iconfont='entypo-fontello'  title='' data-avia-related-tooltip='Teilen auf Pinterest'><span class='avia_hidden_link_text'>Teilen auf Pinterest<\/span><\/a><\/li><li class='av-share-link av-social-link-linkedin avia_social_iconfont' ><a target=\"_blank\" aria-label=\"Teilen auf LinkedIn\" href='https:\/\/linkedin.com\/shareArticle?mini=true&#038;title=Protokoll%20vom%20Stammtisch%20am%205.8.2025&#038;url=https:\/\/imker-aigen.at\/index.php\/2025\/08\/06\/protokoll-vom-stammtisch-am-5-8-2025\/' data-av_icon='\ue8fc' data-av_iconfont='entypo-fontello'  title='' data-avia-related-tooltip='Teilen auf LinkedIn'><span class='avia_hidden_link_text'>Teilen auf LinkedIn<\/span><\/a><\/li><li class='av-share-link av-social-link-reddit avia_social_iconfont' ><a target=\"_blank\" aria-label=\"Teilen auf Reddit\" href='https:\/\/reddit.com\/submit?url=https:\/\/imker-aigen.at\/index.php\/2025\/08\/06\/protokoll-vom-stammtisch-am-5-8-2025\/&#038;title=Protokoll%20vom%20Stammtisch%20am%205.8.2025' data-av_icon='\ue927' data-av_iconfont='entypo-fontello'  title='' data-avia-related-tooltip='Teilen auf Reddit'><span class='avia_hidden_link_text'>Teilen auf Reddit<\/span><\/a><\/li><li class='av-share-link av-social-link-mail avia_social_iconfont' ><a  aria-label=\"Per E-Mail teilen\" href='mailto:?subject=Protokoll%20vom%20Stammtisch%20am%205.8.2025&#038;body=https:\/\/imker-aigen.at\/index.php\/2025\/08\/06\/protokoll-vom-stammtisch-am-5-8-2025\/' data-av_icon='\ue805' data-av_iconfont='entypo-fontello'  title='' data-avia-related-tooltip='Per E-Mail teilen'><span class='avia_hidden_link_text'>Per E-Mail teilen<\/span><\/a><\/li><\/ul><\/div><\/div><br \/>\n<div  class='av-buildercomment av-36i9go-b33a301d62ed168de81641af065e2b41'><\/div><\/p><\/div>\n","protected":false},"excerpt":{"rendered":"","protected":false},"author":1,"featured_media":621,"comment_status":"open","ping_status":"closed","sticky":false,"template":"","format":"standard","meta":{"footnotes":""},"categories":[18,2],"tags":[439,35],"class_list":["post-8296","post","type-post","status-publish","format-standard","has-post-thumbnail","hentry","category-alte-veranstaltungen","category-news","tag-protokoll","tag-stammtisch"],"yoast_head":"<!-- This site is optimized with the Yoast SEO plugin v27.4 - https:\/\/yoast.com\/product\/yoast-seo-wordpress\/ -->\n<title>Protokoll vom Stammtisch am 5.8.2025 - Imker Ortsgruppe Salzburg Aigen<\/title>\n<meta name=\"description\" content=\"Am 5. August 2025 fand der monatliche Stammtisch des Imkervereins Sazburg Aigen statt.\" \/>\n<meta name=\"robots\" content=\"index, follow, max-snippet:-1, max-image-preview:large, max-video-preview:-1\" \/>\n<link rel=\"canonical\" href=\"https:\/\/imker-aigen.at\/index.php\/2025\/08\/06\/protokoll-vom-stammtisch-am-5-8-2025\/\" \/>\n<meta property=\"og:locale\" content=\"de_DE\" \/>\n<meta property=\"og:type\" content=\"article\" \/>\n<meta property=\"og:title\" content=\"Protokoll vom Stammtisch am 5.8.2025 - Imker Ortsgruppe Salzburg Aigen\" \/>\n<meta property=\"og:description\" content=\"Am 5. August 2025 fand der monatliche Stammtisch des Imkervereins Sazburg Aigen statt.\" \/>\n<meta property=\"og:url\" content=\"https:\/\/imker-aigen.at\/index.php\/2025\/08\/06\/protokoll-vom-stammtisch-am-5-8-2025\/\" \/>\n<meta property=\"og:site_name\" content=\"Imker Ortsgruppe Salzburg Aigen\" \/>\n<meta property=\"article:published_time\" content=\"2025-08-06T08:58:02+00:00\" \/>\n<meta property=\"article:modified_time\" content=\"2025-09-03T08:06:22+00:00\" \/>\n<meta property=\"og:image\" content=\"https:\/\/imker-aigen.at\/wp-content\/uploads\/2022\/08\/glasses-beer-1.jpg\" \/>\n\t<meta property=\"og:image:width\" content=\"180\" \/>\n\t<meta property=\"og:image:height\" content=\"241\" \/>\n\t<meta property=\"og:image:type\" content=\"image\/jpeg\" \/>\n<meta name=\"author\" content=\"admin\" \/>\n<meta name=\"twitter:card\" content=\"summary_large_image\" \/>\n<meta name=\"twitter:label1\" content=\"Verfasst von\" \/>\n\t<meta name=\"twitter:data1\" content=\"admin\" \/>\n\t<meta name=\"twitter:label2\" content=\"Gesch\u00e4tzte Lesezeit\" \/>\n\t<meta name=\"twitter:data2\" content=\"7\u00a0Minuten\" \/>\n<script type=\"application\/ld+json\" class=\"yoast-schema-graph\">{\"@context\":\"https:\\\/\\\/schema.org\",\"@graph\":[{\"@type\":\"Article\",\"@id\":\"https:\\\/\\\/imker-aigen.at\\\/index.php\\\/2025\\\/08\\\/06\\\/protokoll-vom-stammtisch-am-5-8-2025\\\/#article\",\"isPartOf\":{\"@id\":\"https:\\\/\\\/imker-aigen.at\\\/index.php\\\/2025\\\/08\\\/06\\\/protokoll-vom-stammtisch-am-5-8-2025\\\/\"},\"author\":{\"name\":\"admin\",\"@id\":\"https:\\\/\\\/imker-aigen.at\\\/#\\\/schema\\\/person\\\/d7d0c3a8ef6f051d450781218ac83077\"},\"headline\":\"Protokoll vom Stammtisch am 5.8.2025\",\"datePublished\":\"2025-08-06T08:58:02+00:00\",\"dateModified\":\"2025-09-03T08:06:22+00:00\",\"mainEntityOfPage\":{\"@id\":\"https:\\\/\\\/imker-aigen.at\\\/index.php\\\/2025\\\/08\\\/06\\\/protokoll-vom-stammtisch-am-5-8-2025\\\/\"},\"wordCount\":2138,\"commentCount\":0,\"publisher\":{\"@id\":\"https:\\\/\\\/imker-aigen.at\\\/#organization\"},\"image\":{\"@id\":\"https:\\\/\\\/imker-aigen.at\\\/index.php\\\/2025\\\/08\\\/06\\\/protokoll-vom-stammtisch-am-5-8-2025\\\/#primaryimage\"},\"thumbnailUrl\":\"https:\\\/\\\/imker-aigen.at\\\/wp-content\\\/uploads\\\/2022\\\/08\\\/glasses-beer-1.jpg\",\"keywords\":[\"Protokoll\",\"Stammtisch\"],\"articleSection\":[\"Alte Veranstaltungen\",\"News\"],\"inLanguage\":\"de\",\"potentialAction\":[{\"@type\":\"CommentAction\",\"name\":\"Comment\",\"target\":[\"https:\\\/\\\/imker-aigen.at\\\/index.php\\\/2025\\\/08\\\/06\\\/protokoll-vom-stammtisch-am-5-8-2025\\\/#respond\"]}]},{\"@type\":\"WebPage\",\"@id\":\"https:\\\/\\\/imker-aigen.at\\\/index.php\\\/2025\\\/08\\\/06\\\/protokoll-vom-stammtisch-am-5-8-2025\\\/\",\"url\":\"https:\\\/\\\/imker-aigen.at\\\/index.php\\\/2025\\\/08\\\/06\\\/protokoll-vom-stammtisch-am-5-8-2025\\\/\",\"name\":\"Protokoll vom Stammtisch am 5.8.2025 - Imker Ortsgruppe Salzburg Aigen\",\"isPartOf\":{\"@id\":\"https:\\\/\\\/imker-aigen.at\\\/#website\"},\"primaryImageOfPage\":{\"@id\":\"https:\\\/\\\/imker-aigen.at\\\/index.php\\\/2025\\\/08\\\/06\\\/protokoll-vom-stammtisch-am-5-8-2025\\\/#primaryimage\"},\"image\":{\"@id\":\"https:\\\/\\\/imker-aigen.at\\\/index.php\\\/2025\\\/08\\\/06\\\/protokoll-vom-stammtisch-am-5-8-2025\\\/#primaryimage\"},\"thumbnailUrl\":\"https:\\\/\\\/imker-aigen.at\\\/wp-content\\\/uploads\\\/2022\\\/08\\\/glasses-beer-1.jpg\",\"datePublished\":\"2025-08-06T08:58:02+00:00\",\"dateModified\":\"2025-09-03T08:06:22+00:00\",\"description\":\"Am 5. August 2025 fand der monatliche Stammtisch des Imkervereins Sazburg Aigen statt.\",\"breadcrumb\":{\"@id\":\"https:\\\/\\\/imker-aigen.at\\\/index.php\\\/2025\\\/08\\\/06\\\/protokoll-vom-stammtisch-am-5-8-2025\\\/#breadcrumb\"},\"inLanguage\":\"de\",\"potentialAction\":[{\"@type\":\"ReadAction\",\"target\":[\"https:\\\/\\\/imker-aigen.at\\\/index.php\\\/2025\\\/08\\\/06\\\/protokoll-vom-stammtisch-am-5-8-2025\\\/\"]}]},{\"@type\":\"ImageObject\",\"inLanguage\":\"de\",\"@id\":\"https:\\\/\\\/imker-aigen.at\\\/index.php\\\/2025\\\/08\\\/06\\\/protokoll-vom-stammtisch-am-5-8-2025\\\/#primaryimage\",\"url\":\"https:\\\/\\\/imker-aigen.at\\\/wp-content\\\/uploads\\\/2022\\\/08\\\/glasses-beer-1.jpg\",\"contentUrl\":\"https:\\\/\\\/imker-aigen.at\\\/wp-content\\\/uploads\\\/2022\\\/08\\\/glasses-beer-1.jpg\",\"width\":180,\"height\":241,\"caption\":\"Bier\"},{\"@type\":\"BreadcrumbList\",\"@id\":\"https:\\\/\\\/imker-aigen.at\\\/index.php\\\/2025\\\/08\\\/06\\\/protokoll-vom-stammtisch-am-5-8-2025\\\/#breadcrumb\",\"itemListElement\":[{\"@type\":\"ListItem\",\"position\":1,\"name\":\"Startseite\",\"item\":\"https:\\\/\\\/imker-aigen.at\\\/index.php\\\/home\\\/\"},{\"@type\":\"ListItem\",\"position\":2,\"name\":\"Protokoll vom Stammtisch am 5.8.2025\"}]},{\"@type\":\"WebSite\",\"@id\":\"https:\\\/\\\/imker-aigen.at\\\/#website\",\"url\":\"https:\\\/\\\/imker-aigen.at\\\/\",\"name\":\"Imker Ortsgruppe Salzburg Aigen\",\"description\":\"Homepage der Imker-Ortsgruppe Salzburg Aigen\",\"publisher\":{\"@id\":\"https:\\\/\\\/imker-aigen.at\\\/#organization\"},\"potentialAction\":[{\"@type\":\"SearchAction\",\"target\":{\"@type\":\"EntryPoint\",\"urlTemplate\":\"https:\\\/\\\/imker-aigen.at\\\/?s={search_term_string}\"},\"query-input\":{\"@type\":\"PropertyValueSpecification\",\"valueRequired\":true,\"valueName\":\"search_term_string\"}}],\"inLanguage\":\"de\"},{\"@type\":\"Organization\",\"@id\":\"https:\\\/\\\/imker-aigen.at\\\/#organization\",\"name\":\"Imker Ortsgruppe Salzburg Aigen\",\"url\":\"https:\\\/\\\/imker-aigen.at\\\/\",\"logo\":{\"@type\":\"ImageObject\",\"inLanguage\":\"de\",\"@id\":\"https:\\\/\\\/imker-aigen.at\\\/#\\\/schema\\\/logo\\\/image\\\/\",\"url\":\"https:\\\/\\\/imker-aigen.at\\\/wp-content\\\/uploads\\\/2022\\\/08\\\/logo-1.png\",\"contentUrl\":\"https:\\\/\\\/imker-aigen.at\\\/wp-content\\\/uploads\\\/2022\\\/08\\\/logo-1.png\",\"width\":392,\"height\":156,\"caption\":\"Imker Ortsgruppe Salzburg Aigen\"},\"image\":{\"@id\":\"https:\\\/\\\/imker-aigen.at\\\/#\\\/schema\\\/logo\\\/image\\\/\"}},{\"@type\":\"Person\",\"@id\":\"https:\\\/\\\/imker-aigen.at\\\/#\\\/schema\\\/person\\\/d7d0c3a8ef6f051d450781218ac83077\",\"name\":\"admin\",\"image\":{\"@type\":\"ImageObject\",\"inLanguage\":\"de\",\"@id\":\"https:\\\/\\\/secure.gravatar.com\\\/avatar\\\/925a7e918efd3cfdae29be9c0018a3ae3275cd0444a6e166241172bb6e5243c7?s=96&d=mm&r=g\",\"url\":\"https:\\\/\\\/secure.gravatar.com\\\/avatar\\\/925a7e918efd3cfdae29be9c0018a3ae3275cd0444a6e166241172bb6e5243c7?s=96&d=mm&r=g\",\"contentUrl\":\"https:\\\/\\\/secure.gravatar.com\\\/avatar\\\/925a7e918efd3cfdae29be9c0018a3ae3275cd0444a6e166241172bb6e5243c7?s=96&d=mm&r=g\",\"caption\":\"admin\"},\"sameAs\":[\"https:\\\/\\\/imker-aigen.at\",\"linkedin.com\\\/in\\\/bernd-meierhofer-5919b62\"],\"url\":\"https:\\\/\\\/imker-aigen.at\\\/index.php\\\/author\\\/bmeierhofer\\\/\"}]}<\/script>\n<!-- \/ Yoast SEO plugin. -->","yoast_head_json":{"title":"Protokoll vom Stammtisch am 5.8.2025 - Imker Ortsgruppe Salzburg Aigen","description":"Am 5. August 2025 fand der monatliche Stammtisch des Imkervereins Sazburg Aigen statt.","robots":{"index":"index","follow":"follow","max-snippet":"max-snippet:-1","max-image-preview":"max-image-preview:large","max-video-preview":"max-video-preview:-1"},"canonical":"https:\/\/imker-aigen.at\/index.php\/2025\/08\/06\/protokoll-vom-stammtisch-am-5-8-2025\/","og_locale":"de_DE","og_type":"article","og_title":"Protokoll vom Stammtisch am 5.8.2025 - Imker Ortsgruppe Salzburg Aigen","og_description":"Am 5. August 2025 fand der monatliche Stammtisch des Imkervereins Sazburg Aigen statt.","og_url":"https:\/\/imker-aigen.at\/index.php\/2025\/08\/06\/protokoll-vom-stammtisch-am-5-8-2025\/","og_site_name":"Imker Ortsgruppe Salzburg Aigen","article_published_time":"2025-08-06T08:58:02+00:00","article_modified_time":"2025-09-03T08:06:22+00:00","og_image":[{"width":180,"height":241,"url":"https:\/\/imker-aigen.at\/wp-content\/uploads\/2022\/08\/glasses-beer-1.jpg","type":"image\/jpeg"}],"author":"admin","twitter_card":"summary_large_image","twitter_misc":{"Verfasst von":"admin","Gesch\u00e4tzte Lesezeit":"7\u00a0Minuten"},"schema":{"@context":"https:\/\/schema.org","@graph":[{"@type":"Article","@id":"https:\/\/imker-aigen.at\/index.php\/2025\/08\/06\/protokoll-vom-stammtisch-am-5-8-2025\/#article","isPartOf":{"@id":"https:\/\/imker-aigen.at\/index.php\/2025\/08\/06\/protokoll-vom-stammtisch-am-5-8-2025\/"},"author":{"name":"admin","@id":"https:\/\/imker-aigen.at\/#\/schema\/person\/d7d0c3a8ef6f051d450781218ac83077"},"headline":"Protokoll vom Stammtisch am 5.8.2025","datePublished":"2025-08-06T08:58:02+00:00","dateModified":"2025-09-03T08:06:22+00:00","mainEntityOfPage":{"@id":"https:\/\/imker-aigen.at\/index.php\/2025\/08\/06\/protokoll-vom-stammtisch-am-5-8-2025\/"},"wordCount":2138,"commentCount":0,"publisher":{"@id":"https:\/\/imker-aigen.at\/#organization"},"image":{"@id":"https:\/\/imker-aigen.at\/index.php\/2025\/08\/06\/protokoll-vom-stammtisch-am-5-8-2025\/#primaryimage"},"thumbnailUrl":"https:\/\/imker-aigen.at\/wp-content\/uploads\/2022\/08\/glasses-beer-1.jpg","keywords":["Protokoll","Stammtisch"],"articleSection":["Alte Veranstaltungen","News"],"inLanguage":"de","potentialAction":[{"@type":"CommentAction","name":"Comment","target":["https:\/\/imker-aigen.at\/index.php\/2025\/08\/06\/protokoll-vom-stammtisch-am-5-8-2025\/#respond"]}]},{"@type":"WebPage","@id":"https:\/\/imker-aigen.at\/index.php\/2025\/08\/06\/protokoll-vom-stammtisch-am-5-8-2025\/","url":"https:\/\/imker-aigen.at\/index.php\/2025\/08\/06\/protokoll-vom-stammtisch-am-5-8-2025\/","name":"Protokoll vom Stammtisch am 5.8.2025 - Imker Ortsgruppe Salzburg Aigen","isPartOf":{"@id":"https:\/\/imker-aigen.at\/#website"},"primaryImageOfPage":{"@id":"https:\/\/imker-aigen.at\/index.php\/2025\/08\/06\/protokoll-vom-stammtisch-am-5-8-2025\/#primaryimage"},"image":{"@id":"https:\/\/imker-aigen.at\/index.php\/2025\/08\/06\/protokoll-vom-stammtisch-am-5-8-2025\/#primaryimage"},"thumbnailUrl":"https:\/\/imker-aigen.at\/wp-content\/uploads\/2022\/08\/glasses-beer-1.jpg","datePublished":"2025-08-06T08:58:02+00:00","dateModified":"2025-09-03T08:06:22+00:00","description":"Am 5. August 2025 fand der monatliche Stammtisch des Imkervereins Sazburg Aigen statt.","breadcrumb":{"@id":"https:\/\/imker-aigen.at\/index.php\/2025\/08\/06\/protokoll-vom-stammtisch-am-5-8-2025\/#breadcrumb"},"inLanguage":"de","potentialAction":[{"@type":"ReadAction","target":["https:\/\/imker-aigen.at\/index.php\/2025\/08\/06\/protokoll-vom-stammtisch-am-5-8-2025\/"]}]},{"@type":"ImageObject","inLanguage":"de","@id":"https:\/\/imker-aigen.at\/index.php\/2025\/08\/06\/protokoll-vom-stammtisch-am-5-8-2025\/#primaryimage","url":"https:\/\/imker-aigen.at\/wp-content\/uploads\/2022\/08\/glasses-beer-1.jpg","contentUrl":"https:\/\/imker-aigen.at\/wp-content\/uploads\/2022\/08\/glasses-beer-1.jpg","width":180,"height":241,"caption":"Bier"},{"@type":"BreadcrumbList","@id":"https:\/\/imker-aigen.at\/index.php\/2025\/08\/06\/protokoll-vom-stammtisch-am-5-8-2025\/#breadcrumb","itemListElement":[{"@type":"ListItem","position":1,"name":"Startseite","item":"https:\/\/imker-aigen.at\/index.php\/home\/"},{"@type":"ListItem","position":2,"name":"Protokoll vom Stammtisch am 5.8.2025"}]},{"@type":"WebSite","@id":"https:\/\/imker-aigen.at\/#website","url":"https:\/\/imker-aigen.at\/","name":"Imker Ortsgruppe Salzburg Aigen","description":"Homepage der Imker-Ortsgruppe Salzburg Aigen","publisher":{"@id":"https:\/\/imker-aigen.at\/#organization"},"potentialAction":[{"@type":"SearchAction","target":{"@type":"EntryPoint","urlTemplate":"https:\/\/imker-aigen.at\/?s={search_term_string}"},"query-input":{"@type":"PropertyValueSpecification","valueRequired":true,"valueName":"search_term_string"}}],"inLanguage":"de"},{"@type":"Organization","@id":"https:\/\/imker-aigen.at\/#organization","name":"Imker Ortsgruppe Salzburg Aigen","url":"https:\/\/imker-aigen.at\/","logo":{"@type":"ImageObject","inLanguage":"de","@id":"https:\/\/imker-aigen.at\/#\/schema\/logo\/image\/","url":"https:\/\/imker-aigen.at\/wp-content\/uploads\/2022\/08\/logo-1.png","contentUrl":"https:\/\/imker-aigen.at\/wp-content\/uploads\/2022\/08\/logo-1.png","width":392,"height":156,"caption":"Imker Ortsgruppe Salzburg Aigen"},"image":{"@id":"https:\/\/imker-aigen.at\/#\/schema\/logo\/image\/"}},{"@type":"Person","@id":"https:\/\/imker-aigen.at\/#\/schema\/person\/d7d0c3a8ef6f051d450781218ac83077","name":"admin","image":{"@type":"ImageObject","inLanguage":"de","@id":"https:\/\/secure.gravatar.com\/avatar\/925a7e918efd3cfdae29be9c0018a3ae3275cd0444a6e166241172bb6e5243c7?s=96&d=mm&r=g","url":"https:\/\/secure.gravatar.com\/avatar\/925a7e918efd3cfdae29be9c0018a3ae3275cd0444a6e166241172bb6e5243c7?s=96&d=mm&r=g","contentUrl":"https:\/\/secure.gravatar.com\/avatar\/925a7e918efd3cfdae29be9c0018a3ae3275cd0444a6e166241172bb6e5243c7?s=96&d=mm&r=g","caption":"admin"},"sameAs":["https:\/\/imker-aigen.at","linkedin.com\/in\/bernd-meierhofer-5919b62"],"url":"https:\/\/imker-aigen.at\/index.php\/author\/bmeierhofer\/"}]}},"_links":{"self":[{"href":"https:\/\/imker-aigen.at\/index.php\/wp-json\/wp\/v2\/posts\/8296","targetHints":{"allow":["GET"]}}],"collection":[{"href":"https:\/\/imker-aigen.at\/index.php\/wp-json\/wp\/v2\/posts"}],"about":[{"href":"https:\/\/imker-aigen.at\/index.php\/wp-json\/wp\/v2\/types\/post"}],"author":[{"embeddable":true,"href":"https:\/\/imker-aigen.at\/index.php\/wp-json\/wp\/v2\/users\/1"}],"replies":[{"embeddable":true,"href":"https:\/\/imker-aigen.at\/index.php\/wp-json\/wp\/v2\/comments?post=8296"}],"version-history":[{"count":13,"href":"https:\/\/imker-aigen.at\/index.php\/wp-json\/wp\/v2\/posts\/8296\/revisions"}],"predecessor-version":[{"id":8315,"href":"https:\/\/imker-aigen.at\/index.php\/wp-json\/wp\/v2\/posts\/8296\/revisions\/8315"}],"wp:featuredmedia":[{"embeddable":true,"href":"https:\/\/imker-aigen.at\/index.php\/wp-json\/wp\/v2\/media\/621"}],"wp:attachment":[{"href":"https:\/\/imker-aigen.at\/index.php\/wp-json\/wp\/v2\/media?parent=8296"}],"wp:term":[{"taxonomy":"category","embeddable":true,"href":"https:\/\/imker-aigen.at\/index.php\/wp-json\/wp\/v2\/categories?post=8296"},{"taxonomy":"post_tag","embeddable":true,"href":"https:\/\/imker-aigen.at\/index.php\/wp-json\/wp\/v2\/tags?post=8296"}],"curies":[{"name":"wp","href":"https:\/\/api.w.org\/{rel}","templated":true}]}}