{"id":8388,"date":"2025-08-17T10:20:44","date_gmt":"2025-08-17T08:20:44","guid":{"rendered":"https:\/\/imker-aigen.at\/?p=8388"},"modified":"2025-08-18T08:34:29","modified_gmt":"2025-08-18T06:34:29","slug":"22-oesterreichisches-honigfest-in-hermagor","status":"publish","type":"post","link":"https:\/\/imker-aigen.at\/index.php\/2025\/08\/17\/22-oesterreichisches-honigfest-in-hermagor\/","title":{"rendered":"22. \u00d6sterreichisches Honigfest in Hermagor"},"content":{"rendered":"<div  class='flex_column av-5s419g-16a0be91555c7b93741091d541f0da83 av_one_full  avia-builder-el-0  avia-builder-el-no-sibling  first flex_column_div  '     ><p>\n<style type=\"text\/css\" data-created_by=\"avia_inline_auto\" id=\"style-css-av-meff18jy-95339bfc277870a0bca59d1e49823bac\">\n#top .av-special-heading.av-meff18jy-95339bfc277870a0bca59d1e49823bac{\npadding-bottom:10px;\n}\nbody .av-special-heading.av-meff18jy-95339bfc277870a0bca59d1e49823bac .av-special-heading-tag .heading-char{\nfont-size:25px;\n}\n.av-special-heading.av-meff18jy-95339bfc277870a0bca59d1e49823bac .av-subheading{\nfont-size:15px;\n}\n<\/style>\n<div  class='av-special-heading av-meff18jy-95339bfc277870a0bca59d1e49823bac av-special-heading-h3 blockquote modern-quote modern-centered  avia-builder-el-1  el_before_av_horizontal_gallery  avia-builder-el-no-sibling '><h3 class='av-special-heading-tag '  itemprop=\"headline\"  >22. \u00d6sterreichisches Honigfest in Hermagor<\/h3><div class='av-subheading av-subheading_below'><p>Ein Fest f\u00fcr alle Sinne!<\/p>\n<\/div><div class=\"special-heading-border\"><div class=\"special-heading-inner-border\"><\/div><\/div><\/div><br \/>\n\n<style type=\"text\/css\" data-created_by=\"avia_inline_auto\" id=\"style-css-av-mefgxqce-3b6a5d0b17a935bc271e3730b126819c\">\n.av-horizontal-gallery.av-mefgxqce-3b6a5d0b17a935bc271e3730b126819c{\npadding:3.75% 0px;;\n}\n.av-horizontal-gallery.av-mefgxqce-3b6a5d0b17a935bc271e3730b126819c .av-horizontal-gallery-inner{\npadding-bottom:25%;\n}\n<\/style>\n<div  class='av-horizontal-gallery av-mefgxqce-3b6a5d0b17a935bc271e3730b126819c av-horizontal-gallery-large-gap av-horizontal-gallery-enlarge-effect  avia-builder-el-2  el_after_av_heading  el_before_av_hr  av-slideshow-ui av-control-default av-slideshow-manual av-loop-once av-loop-manual-once av-horizontal-gallery-1' data-slideshow-data=\"{&quot;enlarge&quot;:1.3,&quot;animation&quot;:&quot;slide&quot;,&quot;autoplay&quot;:false,&quot;loop_autoplay&quot;:&quot;once&quot;,&quot;interval&quot;:5,&quot;loop_manual&quot;:&quot;manual-once&quot;,&quot;autoplay_stopper&quot;:false,&quot;noNavigation&quot;:false,&quot;bg_slider&quot;:false,&quot;keep_padding&quot;:&quot;&quot;,&quot;hoverpause&quot;:false,&quot;show_slide_delay&quot;:0}\"  itemprop=\"image\" itemscope=\"itemscope\" itemtype=\"https:\/\/schema.org\/ImageObject\" ><div class='avia-slideshow-arrows avia-slideshow-controls' ><a href='#prev' class='prev-slide av-horizontal-gallery-prev avia-svg-icon avia-font-svg_entypo-fontello' data-av_svg_icon='left-open-big' data-av_iconset='svg_entypo-fontello' tabindex='-1' title=\"Zur\u00fcck\"><svg version=\"1.1\" xmlns=\"http:\/\/www.w3.org\/2000\/svg\" width=\"15\" height=\"32\" viewBox=\"0 0 15 32\" preserveAspectRatio=\"xMidYMid meet\" aria-labelledby='av-svg-title-1' aria-describedby='av-svg-desc-1' role=\"graphics-symbol\" aria-hidden=\"true\">\n<title id='av-svg-title-1'>Zur\u00fcck<\/title>\n<desc id='av-svg-desc-1'>Zur\u00fcck<\/desc>\n<path d=\"M14.464 27.84q0.832 0.832 0 1.536-0.832 0.832-1.536 0l-12.544-12.608q-0.768-0.768 0-1.6l12.544-12.608q0.704-0.832 1.536 0 0.832 0.704 0 1.536l-11.456 11.904z\"><\/path>\n<\/svg><span class='avia_hidden_link_text'>Zur\u00fcck<\/span><\/a><a href='#next' class='next-slide av-horizontal-gallery-next avia-svg-icon avia-font-svg_entypo-fontello' data-av_svg_icon='right-open-big' data-av_iconset='svg_entypo-fontello' tabindex='-1' title=\"Weiter\"><svg version=\"1.1\" xmlns=\"http:\/\/www.w3.org\/2000\/svg\" width=\"15\" height=\"32\" viewBox=\"0 0 15 32\" preserveAspectRatio=\"xMidYMid meet\" aria-labelledby='av-svg-title-2' aria-describedby='av-svg-desc-2' role=\"graphics-symbol\" aria-hidden=\"true\">\n<title id='av-svg-title-2'>Weiter<\/title>\n<desc id='av-svg-desc-2'>Weiter<\/desc>\n<path d=\"M0.416 27.84l11.456-11.84-11.456-11.904q-0.832-0.832 0-1.536 0.832-0.832 1.536 0l12.544 12.608q0.768 0.832 0 1.6l-12.544 12.608q-0.704 0.832-1.536 0-0.832-0.704 0-1.536z\"><\/path>\n<\/svg><span class='avia_hidden_link_text'>Weiter<\/span><\/a><\/div><div class='avia-slideshow-dots avia-slideshow-controls av-horizontal-gallery-dots fade-in'><a href='#1' class='goto-slide active' >1<\/a><a href='#2' class='goto-slide ' >2<\/a><a href='#3' class='goto-slide ' >3<\/a><a href='#4' class='goto-slide ' >4<\/a><a href='#5' class='goto-slide ' >5<\/a><a href='#6' class='goto-slide ' >6<\/a><a href='#7' class='goto-slide ' >7<\/a><a href='#8' class='goto-slide ' >8<\/a><a href='#9' class='goto-slide ' >9<\/a><a href='#10' class='goto-slide ' >10<\/a><a href='#11' class='goto-slide ' >11<\/a><a href='#12' class='goto-slide ' >12<\/a><a href='#13' class='goto-slide ' >13<\/a><\/div><div class='av-horizontal-gallery-inner' data-av-height='25'><div class=\"av-horizontal-gallery-slider\"><div class=\"av-horizontal-gallery-wrap noHover\"><img decoding=\"async\" fetchpriority=\"high\" class='wp-image-8405 avia-img-lazy-loading-not-8405 av-horizontal-gallery-img' width=\"768\" height=\"1024\" src=\"https:\/\/imker-aigen.at\/wp-content\/uploads\/2025\/08\/honigfest_2025_1024_768.jpg\" title='Biene Maja beim Honigfest in Hermagor' alt='' srcset=\"https:\/\/imker-aigen.at\/wp-content\/uploads\/2025\/08\/honigfest_2025_1024_768.jpg 768w, https:\/\/imker-aigen.at\/wp-content\/uploads\/2025\/08\/honigfest_2025_1024_768-225x300.jpg 225w, https:\/\/imker-aigen.at\/wp-content\/uploads\/2025\/08\/honigfest_2025_1024_768-529x705.jpg 529w\" sizes=\"(max-width: 768px) 100vw, 768px\" \/><a href=\"https:\/\/imker-aigen.at\/wp-content\/uploads\/2025\/08\/honigfest_2025_1024_768.jpg\" data-srcset=\"https:\/\/imker-aigen.at\/wp-content\/uploads\/2025\/08\/honigfest_2025_1024_768.jpg 768w, https:\/\/imker-aigen.at\/wp-content\/uploads\/2025\/08\/honigfest_2025_1024_768-225x300.jpg 225w, https:\/\/imker-aigen.at\/wp-content\/uploads\/2025\/08\/honigfest_2025_1024_768-529x705.jpg 529w\" data-sizes=\"(max-width: 768px) 100vw, 768px\" class='av-horizontal-gallery-link avia-svg-icon avia-font-svg_entypo-fontello' data-av_svg_icon='resize-full' data-av_iconset='svg_entypo-fontello' title='Biene Maja beim Honigfest in Hermagor' alt='' aria-label='Open image in lightbox: Biene Maja beim Honigfest in Hermagor'><svg version=\"1.1\" xmlns=\"http:\/\/www.w3.org\/2000\/svg\" width=\"25\" height=\"32\" viewBox=\"0 0 25 32\" preserveAspectRatio=\"xMidYMid meet\" aria-labelledby='av-svg-title-3' aria-describedby='av-svg-desc-3' role=\"graphics-symbol\" aria-hidden=\"true\">\n<title id='av-svg-title-3'>Open image in lightbox: Biene Maja beim Honigfest in Hermagor<\/title>\n<desc id='av-svg-desc-3'>Open image in lightbox: Biene Maja beim Honigfest in Hermagor<\/desc>\n<path d=\"M15.232 3.328h10.112v10.112l-3.2-3.968-4.672 4.864-3.2-3.2 4.864-4.672zM7.872 17.536l3.2 3.2-4.864 4.672 3.904 3.2h-10.112v-10.112l3.2 3.904z\"><\/path>\n<\/svg><\/a><\/div><div class=\"av-horizontal-gallery-wrap noHover\"><img decoding=\"async\" fetchpriority=\"high\" class='wp-image-8396 avia-img-lazy-loading-not-8396 av-horizontal-gallery-img' width=\"768\" height=\"1024\" src=\"https:\/\/imker-aigen.at\/wp-content\/uploads\/2025\/08\/honigfest_2025_5_1024_768.jpg\" title='Honig ist immer ein gutes Geschenk' alt='' srcset=\"https:\/\/imker-aigen.at\/wp-content\/uploads\/2025\/08\/honigfest_2025_5_1024_768.jpg 768w, https:\/\/imker-aigen.at\/wp-content\/uploads\/2025\/08\/honigfest_2025_5_1024_768-225x300.jpg 225w, https:\/\/imker-aigen.at\/wp-content\/uploads\/2025\/08\/honigfest_2025_5_1024_768-529x705.jpg 529w\" sizes=\"(max-width: 768px) 100vw, 768px\" \/><a href=\"https:\/\/imker-aigen.at\/wp-content\/uploads\/2025\/08\/honigfest_2025_5_1024_768.jpg\" data-srcset=\"https:\/\/imker-aigen.at\/wp-content\/uploads\/2025\/08\/honigfest_2025_5_1024_768.jpg 768w, https:\/\/imker-aigen.at\/wp-content\/uploads\/2025\/08\/honigfest_2025_5_1024_768-225x300.jpg 225w, https:\/\/imker-aigen.at\/wp-content\/uploads\/2025\/08\/honigfest_2025_5_1024_768-529x705.jpg 529w\" data-sizes=\"(max-width: 768px) 100vw, 768px\" class='av-horizontal-gallery-link avia-svg-icon avia-font-svg_entypo-fontello' data-av_svg_icon='resize-full' data-av_iconset='svg_entypo-fontello' title='Honig ist immer ein gutes Geschenk' alt='' aria-label='Open image in lightbox: Honig ist immer ein gutes Geschenk'><svg version=\"1.1\" xmlns=\"http:\/\/www.w3.org\/2000\/svg\" width=\"25\" height=\"32\" viewBox=\"0 0 25 32\" preserveAspectRatio=\"xMidYMid meet\" aria-labelledby='av-svg-title-4' aria-describedby='av-svg-desc-4' role=\"graphics-symbol\" aria-hidden=\"true\">\n<title id='av-svg-title-4'>Open image in lightbox: Honig ist immer ein gutes Geschenk<\/title>\n<desc id='av-svg-desc-4'>Open image in lightbox: Honig ist immer ein gutes Geschenk<\/desc>\n<path d=\"M15.232 3.328h10.112v10.112l-3.2-3.968-4.672 4.864-3.2-3.2 4.864-4.672zM7.872 17.536l3.2 3.2-4.864 4.672 3.904 3.2h-10.112v-10.112l3.2 3.904z\"><\/path>\n<\/svg><\/a><\/div><div class=\"av-horizontal-gallery-wrap noHover\"><img decoding=\"async\" fetchpriority=\"high\" class='wp-image-8393 avia-img-lazy-loading-not-8393 av-horizontal-gallery-img' width=\"768\" height=\"1024\" src=\"https:\/\/imker-aigen.at\/wp-content\/uploads\/2025\/08\/honigfest_2025_2_1024_768.jpg\" title='Ein Bienenschaukasten darf nicht fehlen' alt='' srcset=\"https:\/\/imker-aigen.at\/wp-content\/uploads\/2025\/08\/honigfest_2025_2_1024_768.jpg 768w, https:\/\/imker-aigen.at\/wp-content\/uploads\/2025\/08\/honigfest_2025_2_1024_768-225x300.jpg 225w, https:\/\/imker-aigen.at\/wp-content\/uploads\/2025\/08\/honigfest_2025_2_1024_768-529x705.jpg 529w\" sizes=\"(max-width: 768px) 100vw, 768px\" \/><a href=\"https:\/\/imker-aigen.at\/wp-content\/uploads\/2025\/08\/honigfest_2025_2_1024_768.jpg\" data-srcset=\"https:\/\/imker-aigen.at\/wp-content\/uploads\/2025\/08\/honigfest_2025_2_1024_768.jpg 768w, https:\/\/imker-aigen.at\/wp-content\/uploads\/2025\/08\/honigfest_2025_2_1024_768-225x300.jpg 225w, https:\/\/imker-aigen.at\/wp-content\/uploads\/2025\/08\/honigfest_2025_2_1024_768-529x705.jpg 529w\" data-sizes=\"(max-width: 768px) 100vw, 768px\" class='av-horizontal-gallery-link avia-svg-icon avia-font-svg_entypo-fontello' data-av_svg_icon='resize-full' data-av_iconset='svg_entypo-fontello' title='Ein Bienenschaukasten darf nicht fehlen' alt='' aria-label='Open image in lightbox: Ein Bienenschaukasten darf nicht fehlen'><svg version=\"1.1\" xmlns=\"http:\/\/www.w3.org\/2000\/svg\" width=\"25\" height=\"32\" viewBox=\"0 0 25 32\" preserveAspectRatio=\"xMidYMid meet\" aria-labelledby='av-svg-title-5' aria-describedby='av-svg-desc-5' role=\"graphics-symbol\" aria-hidden=\"true\">\n<title id='av-svg-title-5'>Open image in lightbox: Ein Bienenschaukasten darf nicht fehlen<\/title>\n<desc id='av-svg-desc-5'>Open image in lightbox: Ein Bienenschaukasten darf nicht fehlen<\/desc>\n<path d=\"M15.232 3.328h10.112v10.112l-3.2-3.968-4.672 4.864-3.2-3.2 4.864-4.672zM7.872 17.536l3.2 3.2-4.864 4.672 3.904 3.2h-10.112v-10.112l3.2 3.904z\"><\/path>\n<\/svg><\/a><\/div><div class=\"av-horizontal-gallery-wrap noHover\"><img decoding=\"async\" fetchpriority=\"high\" class='wp-image-8395 avia-img-lazy-loading-not-8395 av-horizontal-gallery-img' width=\"768\" height=\"1024\" src=\"https:\/\/imker-aigen.at\/wp-content\/uploads\/2025\/08\/honigfest_2025_4_1024_768.jpg\" title='Eine Fotobeute gibt einen guten Einblick in die Welt der Bienen' alt='' srcset=\"https:\/\/imker-aigen.at\/wp-content\/uploads\/2025\/08\/honigfest_2025_4_1024_768.jpg 768w, https:\/\/imker-aigen.at\/wp-content\/uploads\/2025\/08\/honigfest_2025_4_1024_768-225x300.jpg 225w, https:\/\/imker-aigen.at\/wp-content\/uploads\/2025\/08\/honigfest_2025_4_1024_768-529x705.jpg 529w\" sizes=\"(max-width: 768px) 100vw, 768px\" \/><a href=\"https:\/\/imker-aigen.at\/wp-content\/uploads\/2025\/08\/honigfest_2025_4_1024_768.jpg\" data-srcset=\"https:\/\/imker-aigen.at\/wp-content\/uploads\/2025\/08\/honigfest_2025_4_1024_768.jpg 768w, https:\/\/imker-aigen.at\/wp-content\/uploads\/2025\/08\/honigfest_2025_4_1024_768-225x300.jpg 225w, https:\/\/imker-aigen.at\/wp-content\/uploads\/2025\/08\/honigfest_2025_4_1024_768-529x705.jpg 529w\" data-sizes=\"(max-width: 768px) 100vw, 768px\" class='av-horizontal-gallery-link avia-svg-icon avia-font-svg_entypo-fontello' data-av_svg_icon='resize-full' data-av_iconset='svg_entypo-fontello' title='Eine Fotobeute gibt einen guten Einblick in die Welt der Bienen' alt='' aria-label='Open image in lightbox: Eine Fotobeute gibt einen guten Einblick in die Welt der Bienen'><svg version=\"1.1\" xmlns=\"http:\/\/www.w3.org\/2000\/svg\" width=\"25\" height=\"32\" viewBox=\"0 0 25 32\" preserveAspectRatio=\"xMidYMid meet\" aria-labelledby='av-svg-title-6' aria-describedby='av-svg-desc-6' role=\"graphics-symbol\" aria-hidden=\"true\">\n<title id='av-svg-title-6'>Open image in lightbox: Eine Fotobeute gibt einen guten Einblick in die Welt der Bienen<\/title>\n<desc id='av-svg-desc-6'>Open image in lightbox: Eine Fotobeute gibt einen guten Einblick in die Welt der Bienen<\/desc>\n<path d=\"M15.232 3.328h10.112v10.112l-3.2-3.968-4.672 4.864-3.2-3.2 4.864-4.672zM7.872 17.536l3.2 3.2-4.864 4.672 3.904 3.2h-10.112v-10.112l3.2 3.904z\"><\/path>\n<\/svg><\/a><\/div><div class=\"av-horizontal-gallery-wrap noHover\"><img decoding=\"async\" fetchpriority=\"high\" class='wp-image-8398 avia-img-lazy-loading-not-8398 av-horizontal-gallery-img' width=\"768\" height=\"1024\" src=\"https:\/\/imker-aigen.at\/wp-content\/uploads\/2025\/08\/honigfest_2025_7_1024_768.jpg\" title='Honig schleudern beim Honigfest in Hermagor' alt='' srcset=\"https:\/\/imker-aigen.at\/wp-content\/uploads\/2025\/08\/honigfest_2025_7_1024_768.jpg 768w, https:\/\/imker-aigen.at\/wp-content\/uploads\/2025\/08\/honigfest_2025_7_1024_768-225x300.jpg 225w, https:\/\/imker-aigen.at\/wp-content\/uploads\/2025\/08\/honigfest_2025_7_1024_768-529x705.jpg 529w\" sizes=\"(max-width: 768px) 100vw, 768px\" \/><a href=\"https:\/\/imker-aigen.at\/wp-content\/uploads\/2025\/08\/honigfest_2025_7_1024_768.jpg\" data-srcset=\"https:\/\/imker-aigen.at\/wp-content\/uploads\/2025\/08\/honigfest_2025_7_1024_768.jpg 768w, https:\/\/imker-aigen.at\/wp-content\/uploads\/2025\/08\/honigfest_2025_7_1024_768-225x300.jpg 225w, https:\/\/imker-aigen.at\/wp-content\/uploads\/2025\/08\/honigfest_2025_7_1024_768-529x705.jpg 529w\" data-sizes=\"(max-width: 768px) 100vw, 768px\" class='av-horizontal-gallery-link avia-svg-icon avia-font-svg_entypo-fontello' data-av_svg_icon='resize-full' data-av_iconset='svg_entypo-fontello' title='Honig schleudern beim Honigfest in Hermagor' alt='' aria-label='Open image in lightbox: Honig schleudern beim Honigfest in Hermagor'><svg version=\"1.1\" xmlns=\"http:\/\/www.w3.org\/2000\/svg\" width=\"25\" height=\"32\" viewBox=\"0 0 25 32\" preserveAspectRatio=\"xMidYMid meet\" aria-labelledby='av-svg-title-7' aria-describedby='av-svg-desc-7' role=\"graphics-symbol\" aria-hidden=\"true\">\n<title id='av-svg-title-7'>Open image in lightbox: Honig schleudern beim Honigfest in Hermagor<\/title>\n<desc id='av-svg-desc-7'>Open image in lightbox: Honig schleudern beim Honigfest in Hermagor<\/desc>\n<path d=\"M15.232 3.328h10.112v10.112l-3.2-3.968-4.672 4.864-3.2-3.2 4.864-4.672zM7.872 17.536l3.2 3.2-4.864 4.672 3.904 3.2h-10.112v-10.112l3.2 3.904z\"><\/path>\n<\/svg><\/a><\/div><div class=\"av-horizontal-gallery-wrap noHover\"><img decoding=\"async\" fetchpriority=\"high\" class='wp-image-8399 avia-img-lazy-loading-not-8399 av-horizontal-gallery-img' width=\"768\" height=\"1024\" src=\"https:\/\/imker-aigen.at\/wp-content\/uploads\/2025\/08\/honigfest_2025_8_1024_768.jpg\" title='Stand des Bienenzuchtvereins N\u00f6tsch (Gailtal)' alt='' srcset=\"https:\/\/imker-aigen.at\/wp-content\/uploads\/2025\/08\/honigfest_2025_8_1024_768.jpg 768w, https:\/\/imker-aigen.at\/wp-content\/uploads\/2025\/08\/honigfest_2025_8_1024_768-225x300.jpg 225w, https:\/\/imker-aigen.at\/wp-content\/uploads\/2025\/08\/honigfest_2025_8_1024_768-529x705.jpg 529w\" sizes=\"(max-width: 768px) 100vw, 768px\" \/><a href=\"https:\/\/imker-aigen.at\/wp-content\/uploads\/2025\/08\/honigfest_2025_8_1024_768.jpg\" data-srcset=\"https:\/\/imker-aigen.at\/wp-content\/uploads\/2025\/08\/honigfest_2025_8_1024_768.jpg 768w, https:\/\/imker-aigen.at\/wp-content\/uploads\/2025\/08\/honigfest_2025_8_1024_768-225x300.jpg 225w, https:\/\/imker-aigen.at\/wp-content\/uploads\/2025\/08\/honigfest_2025_8_1024_768-529x705.jpg 529w\" data-sizes=\"(max-width: 768px) 100vw, 768px\" class='av-horizontal-gallery-link avia-svg-icon avia-font-svg_entypo-fontello' data-av_svg_icon='resize-full' data-av_iconset='svg_entypo-fontello' title='Stand des Bienenzuchtvereins N\u00f6tsch (Gailtal)' alt='' aria-label='Open image in lightbox: Stand des Bienenzuchtvereins N\u00f6tsch (Gailtal)'><svg version=\"1.1\" xmlns=\"http:\/\/www.w3.org\/2000\/svg\" width=\"25\" height=\"32\" viewBox=\"0 0 25 32\" preserveAspectRatio=\"xMidYMid meet\" aria-labelledby='av-svg-title-8' aria-describedby='av-svg-desc-8' role=\"graphics-symbol\" aria-hidden=\"true\">\n<title id='av-svg-title-8'>Open image in lightbox: Stand des Bienenzuchtvereins N\u00f6tsch (Gailtal)<\/title>\n<desc id='av-svg-desc-8'>Open image in lightbox: Stand des Bienenzuchtvereins N\u00f6tsch (Gailtal)<\/desc>\n<path d=\"M15.232 3.328h10.112v10.112l-3.2-3.968-4.672 4.864-3.2-3.2 4.864-4.672zM7.872 17.536l3.2 3.2-4.864 4.672 3.904 3.2h-10.112v-10.112l3.2 3.904z\"><\/path>\n<\/svg><\/a><\/div><div class=\"av-horizontal-gallery-wrap noHover\"><img decoding=\"async\" fetchpriority=\"high\" class='wp-image-8397 avia-img-lazy-loading-not-8397 av-horizontal-gallery-img' width=\"768\" height=\"1024\" src=\"https:\/\/imker-aigen.at\/wp-content\/uploads\/2025\/08\/honigfest_2025_6_1024_768.jpg\" title='Hochwertige Imkereiprodukte lassen das Herz eines jeden Imkers h\u00f6her schlagen' alt='' srcset=\"https:\/\/imker-aigen.at\/wp-content\/uploads\/2025\/08\/honigfest_2025_6_1024_768.jpg 768w, https:\/\/imker-aigen.at\/wp-content\/uploads\/2025\/08\/honigfest_2025_6_1024_768-225x300.jpg 225w, https:\/\/imker-aigen.at\/wp-content\/uploads\/2025\/08\/honigfest_2025_6_1024_768-529x705.jpg 529w\" sizes=\"(max-width: 768px) 100vw, 768px\" \/><a href=\"https:\/\/imker-aigen.at\/wp-content\/uploads\/2025\/08\/honigfest_2025_6_1024_768.jpg\" data-srcset=\"https:\/\/imker-aigen.at\/wp-content\/uploads\/2025\/08\/honigfest_2025_6_1024_768.jpg 768w, https:\/\/imker-aigen.at\/wp-content\/uploads\/2025\/08\/honigfest_2025_6_1024_768-225x300.jpg 225w, https:\/\/imker-aigen.at\/wp-content\/uploads\/2025\/08\/honigfest_2025_6_1024_768-529x705.jpg 529w\" data-sizes=\"(max-width: 768px) 100vw, 768px\" class='av-horizontal-gallery-link avia-svg-icon avia-font-svg_entypo-fontello' data-av_svg_icon='resize-full' data-av_iconset='svg_entypo-fontello' title='Hochwertige Imkereiprodukte lassen das Herz eines jeden Imkers h\u00f6her schlagen' alt='' aria-label='Open image in lightbox: Hochwertige Imkereiprodukte lassen das Herz eines jeden Imkers h\u00f6her schlagen'><svg version=\"1.1\" xmlns=\"http:\/\/www.w3.org\/2000\/svg\" width=\"25\" height=\"32\" viewBox=\"0 0 25 32\" preserveAspectRatio=\"xMidYMid meet\" aria-labelledby='av-svg-title-9' aria-describedby='av-svg-desc-9' role=\"graphics-symbol\" aria-hidden=\"true\">\n<title id='av-svg-title-9'>Open image in lightbox: Hochwertige Imkereiprodukte lassen das Herz eines jeden Imkers h\u00f6her schlagen<\/title>\n<desc id='av-svg-desc-9'>Open image in lightbox: Hochwertige Imkereiprodukte lassen das Herz eines jeden Imkers h\u00f6her schlagen<\/desc>\n<path d=\"M15.232 3.328h10.112v10.112l-3.2-3.968-4.672 4.864-3.2-3.2 4.864-4.672zM7.872 17.536l3.2 3.2-4.864 4.672 3.904 3.2h-10.112v-10.112l3.2 3.904z\"><\/path>\n<\/svg><\/a><\/div><div class=\"av-horizontal-gallery-wrap noHover\"><img decoding=\"async\" fetchpriority=\"high\" class='wp-image-8394 avia-img-lazy-loading-not-8394 av-horizontal-gallery-img' width=\"768\" height=\"1024\" src=\"https:\/\/imker-aigen.at\/wp-content\/uploads\/2025\/08\/honigfest_2025_3_1024_768.jpg\" title='Verschiedene Honige, optisch ansprechend pr\u00e4sentiert' alt='' srcset=\"https:\/\/imker-aigen.at\/wp-content\/uploads\/2025\/08\/honigfest_2025_3_1024_768.jpg 768w, https:\/\/imker-aigen.at\/wp-content\/uploads\/2025\/08\/honigfest_2025_3_1024_768-225x300.jpg 225w, https:\/\/imker-aigen.at\/wp-content\/uploads\/2025\/08\/honigfest_2025_3_1024_768-529x705.jpg 529w\" sizes=\"(max-width: 768px) 100vw, 768px\" \/><a href=\"https:\/\/imker-aigen.at\/wp-content\/uploads\/2025\/08\/honigfest_2025_3_1024_768.jpg\" data-srcset=\"https:\/\/imker-aigen.at\/wp-content\/uploads\/2025\/08\/honigfest_2025_3_1024_768.jpg 768w, https:\/\/imker-aigen.at\/wp-content\/uploads\/2025\/08\/honigfest_2025_3_1024_768-225x300.jpg 225w, https:\/\/imker-aigen.at\/wp-content\/uploads\/2025\/08\/honigfest_2025_3_1024_768-529x705.jpg 529w\" data-sizes=\"(max-width: 768px) 100vw, 768px\" class='av-horizontal-gallery-link avia-svg-icon avia-font-svg_entypo-fontello' data-av_svg_icon='resize-full' data-av_iconset='svg_entypo-fontello' title='Verschiedene Honige, optisch ansprechend pr\u00e4sentiert' alt='' aria-label='Open image in lightbox: Verschiedene Honige, optisch ansprechend pr\u00e4sentiert'><svg version=\"1.1\" xmlns=\"http:\/\/www.w3.org\/2000\/svg\" width=\"25\" height=\"32\" viewBox=\"0 0 25 32\" preserveAspectRatio=\"xMidYMid meet\" aria-labelledby='av-svg-title-10' aria-describedby='av-svg-desc-10' role=\"graphics-symbol\" aria-hidden=\"true\">\n<title id='av-svg-title-10'>Open image in lightbox: Verschiedene Honige, optisch ansprechend pr\u00e4sentiert<\/title>\n<desc id='av-svg-desc-10'>Open image in lightbox: Verschiedene Honige, optisch ansprechend pr\u00e4sentiert<\/desc>\n<path d=\"M15.232 3.328h10.112v10.112l-3.2-3.968-4.672 4.864-3.2-3.2 4.864-4.672zM7.872 17.536l3.2 3.2-4.864 4.672 3.904 3.2h-10.112v-10.112l3.2 3.904z\"><\/path>\n<\/svg><\/a><\/div><div class=\"av-horizontal-gallery-wrap noHover\"><img decoding=\"async\" fetchpriority=\"high\" class='wp-image-8400 avia-img-lazy-loading-not-8400 av-horizontal-gallery-img' width=\"768\" height=\"1024\" src=\"https:\/\/imker-aigen.at\/wp-content\/uploads\/2025\/08\/honigfest_2025_9_1024_768.jpg\" title='Imkerwerkzeug eines italienischen Produzenten' alt='' srcset=\"https:\/\/imker-aigen.at\/wp-content\/uploads\/2025\/08\/honigfest_2025_9_1024_768.jpg 768w, https:\/\/imker-aigen.at\/wp-content\/uploads\/2025\/08\/honigfest_2025_9_1024_768-225x300.jpg 225w, https:\/\/imker-aigen.at\/wp-content\/uploads\/2025\/08\/honigfest_2025_9_1024_768-529x705.jpg 529w\" sizes=\"(max-width: 768px) 100vw, 768px\" \/><a href=\"https:\/\/imker-aigen.at\/wp-content\/uploads\/2025\/08\/honigfest_2025_9_1024_768.jpg\" data-srcset=\"https:\/\/imker-aigen.at\/wp-content\/uploads\/2025\/08\/honigfest_2025_9_1024_768.jpg 768w, https:\/\/imker-aigen.at\/wp-content\/uploads\/2025\/08\/honigfest_2025_9_1024_768-225x300.jpg 225w, https:\/\/imker-aigen.at\/wp-content\/uploads\/2025\/08\/honigfest_2025_9_1024_768-529x705.jpg 529w\" data-sizes=\"(max-width: 768px) 100vw, 768px\" class='av-horizontal-gallery-link avia-svg-icon avia-font-svg_entypo-fontello' data-av_svg_icon='resize-full' data-av_iconset='svg_entypo-fontello' title='Imkerwerkzeug eines italienischen Produzenten' alt='' aria-label='Open image in lightbox: Imkerwerkzeug eines italienischen Produzenten'><svg version=\"1.1\" xmlns=\"http:\/\/www.w3.org\/2000\/svg\" width=\"25\" height=\"32\" viewBox=\"0 0 25 32\" preserveAspectRatio=\"xMidYMid meet\" aria-labelledby='av-svg-title-11' aria-describedby='av-svg-desc-11' role=\"graphics-symbol\" aria-hidden=\"true\">\n<title id='av-svg-title-11'>Open image in lightbox: Imkerwerkzeug eines italienischen Produzenten<\/title>\n<desc id='av-svg-desc-11'>Open image in lightbox: Imkerwerkzeug eines italienischen Produzenten<\/desc>\n<path d=\"M15.232 3.328h10.112v10.112l-3.2-3.968-4.672 4.864-3.2-3.2 4.864-4.672zM7.872 17.536l3.2 3.2-4.864 4.672 3.904 3.2h-10.112v-10.112l3.2 3.904z\"><\/path>\n<\/svg><\/a><\/div><div class=\"av-horizontal-gallery-wrap noHover\"><img decoding=\"async\" fetchpriority=\"high\" class='wp-image-8401 avia-img-lazy-loading-not-8401 av-horizontal-gallery-img' width=\"768\" height=\"1024\" src=\"https:\/\/imker-aigen.at\/wp-content\/uploads\/2025\/08\/honigfest_2025_10_1024_768.jpg\" title='Das Honigfest 2025 im B\u00e4renwirt - eine wahre Gaumenfreude' alt='' srcset=\"https:\/\/imker-aigen.at\/wp-content\/uploads\/2025\/08\/honigfest_2025_10_1024_768.jpg 768w, https:\/\/imker-aigen.at\/wp-content\/uploads\/2025\/08\/honigfest_2025_10_1024_768-225x300.jpg 225w, https:\/\/imker-aigen.at\/wp-content\/uploads\/2025\/08\/honigfest_2025_10_1024_768-529x705.jpg 529w\" sizes=\"(max-width: 768px) 100vw, 768px\" \/><a href=\"https:\/\/imker-aigen.at\/wp-content\/uploads\/2025\/08\/honigfest_2025_10_1024_768.jpg\" data-srcset=\"https:\/\/imker-aigen.at\/wp-content\/uploads\/2025\/08\/honigfest_2025_10_1024_768.jpg 768w, https:\/\/imker-aigen.at\/wp-content\/uploads\/2025\/08\/honigfest_2025_10_1024_768-225x300.jpg 225w, https:\/\/imker-aigen.at\/wp-content\/uploads\/2025\/08\/honigfest_2025_10_1024_768-529x705.jpg 529w\" data-sizes=\"(max-width: 768px) 100vw, 768px\" class='av-horizontal-gallery-link avia-svg-icon avia-font-svg_entypo-fontello' data-av_svg_icon='resize-full' data-av_iconset='svg_entypo-fontello' title='Das Honigfest 2025 im B\u00e4renwirt - eine wahre Gaumenfreude' alt='' aria-label='Open image in lightbox: Das Honigfest 2025 im B\u00e4renwirt - eine wahre Gaumenfreude'><svg version=\"1.1\" xmlns=\"http:\/\/www.w3.org\/2000\/svg\" width=\"25\" height=\"32\" viewBox=\"0 0 25 32\" preserveAspectRatio=\"xMidYMid meet\" aria-labelledby='av-svg-title-12' aria-describedby='av-svg-desc-12' role=\"graphics-symbol\" aria-hidden=\"true\">\n<title id='av-svg-title-12'>Open image in lightbox: Das Honigfest 2025 im B\u00e4renwirt - eine wahre Gaumenfreude<\/title>\n<desc id='av-svg-desc-12'>Open image in lightbox: Das Honigfest 2025 im B\u00e4renwirt - eine wahre Gaumenfreude<\/desc>\n<path d=\"M15.232 3.328h10.112v10.112l-3.2-3.968-4.672 4.864-3.2-3.2 4.864-4.672zM7.872 17.536l3.2 3.2-4.864 4.672 3.904 3.2h-10.112v-10.112l3.2 3.904z\"><\/path>\n<\/svg><\/a><\/div><div class=\"av-horizontal-gallery-wrap noHover\"><img decoding=\"async\" fetchpriority=\"high\" class='wp-image-8402 avia-img-lazy-loading-not-8402 av-horizontal-gallery-img' width=\"768\" height=\"1024\" src=\"https:\/\/imker-aigen.at\/wp-content\/uploads\/2025\/08\/honigfest_2025_11_1024_768.jpg\" title='Honigkirchtagsuppe im B\u00e4renwirt' alt='' srcset=\"https:\/\/imker-aigen.at\/wp-content\/uploads\/2025\/08\/honigfest_2025_11_1024_768.jpg 768w, https:\/\/imker-aigen.at\/wp-content\/uploads\/2025\/08\/honigfest_2025_11_1024_768-225x300.jpg 225w, https:\/\/imker-aigen.at\/wp-content\/uploads\/2025\/08\/honigfest_2025_11_1024_768-529x705.jpg 529w\" sizes=\"(max-width: 768px) 100vw, 768px\" \/><a href=\"https:\/\/imker-aigen.at\/wp-content\/uploads\/2025\/08\/honigfest_2025_11_1024_768.jpg\" data-srcset=\"https:\/\/imker-aigen.at\/wp-content\/uploads\/2025\/08\/honigfest_2025_11_1024_768.jpg 768w, https:\/\/imker-aigen.at\/wp-content\/uploads\/2025\/08\/honigfest_2025_11_1024_768-225x300.jpg 225w, https:\/\/imker-aigen.at\/wp-content\/uploads\/2025\/08\/honigfest_2025_11_1024_768-529x705.jpg 529w\" data-sizes=\"(max-width: 768px) 100vw, 768px\" class='av-horizontal-gallery-link avia-svg-icon avia-font-svg_entypo-fontello' data-av_svg_icon='resize-full' data-av_iconset='svg_entypo-fontello' title='Honigkirchtagsuppe im B\u00e4renwirt' alt='' aria-label='Open image in lightbox: Honigkirchtagsuppe im B\u00e4renwirt'><svg version=\"1.1\" xmlns=\"http:\/\/www.w3.org\/2000\/svg\" width=\"25\" height=\"32\" viewBox=\"0 0 25 32\" preserveAspectRatio=\"xMidYMid meet\" aria-labelledby='av-svg-title-13' aria-describedby='av-svg-desc-13' role=\"graphics-symbol\" aria-hidden=\"true\">\n<title id='av-svg-title-13'>Open image in lightbox: Honigkirchtagsuppe im B\u00e4renwirt<\/title>\n<desc id='av-svg-desc-13'>Open image in lightbox: Honigkirchtagsuppe im B\u00e4renwirt<\/desc>\n<path d=\"M15.232 3.328h10.112v10.112l-3.2-3.968-4.672 4.864-3.2-3.2 4.864-4.672zM7.872 17.536l3.2 3.2-4.864 4.672 3.904 3.2h-10.112v-10.112l3.2 3.904z\"><\/path>\n<\/svg><\/a><\/div><div class=\"av-horizontal-gallery-wrap noHover\"><img decoding=\"async\" fetchpriority=\"high\" class='wp-image-8403 avia-img-lazy-loading-not-8403 av-horizontal-gallery-img' width=\"768\" height=\"1024\" src=\"https:\/\/imker-aigen.at\/wp-content\/uploads\/2025\/08\/honigfest_2025_12_1024_768.jpg\" title='Rehbraten mit Honig im B\u00e4renwirt' alt='' srcset=\"https:\/\/imker-aigen.at\/wp-content\/uploads\/2025\/08\/honigfest_2025_12_1024_768.jpg 768w, https:\/\/imker-aigen.at\/wp-content\/uploads\/2025\/08\/honigfest_2025_12_1024_768-225x300.jpg 225w, https:\/\/imker-aigen.at\/wp-content\/uploads\/2025\/08\/honigfest_2025_12_1024_768-529x705.jpg 529w\" sizes=\"(max-width: 768px) 100vw, 768px\" \/><a href=\"https:\/\/imker-aigen.at\/wp-content\/uploads\/2025\/08\/honigfest_2025_12_1024_768.jpg\" data-srcset=\"https:\/\/imker-aigen.at\/wp-content\/uploads\/2025\/08\/honigfest_2025_12_1024_768.jpg 768w, https:\/\/imker-aigen.at\/wp-content\/uploads\/2025\/08\/honigfest_2025_12_1024_768-225x300.jpg 225w, https:\/\/imker-aigen.at\/wp-content\/uploads\/2025\/08\/honigfest_2025_12_1024_768-529x705.jpg 529w\" data-sizes=\"(max-width: 768px) 100vw, 768px\" class='av-horizontal-gallery-link avia-svg-icon avia-font-svg_entypo-fontello' data-av_svg_icon='resize-full' data-av_iconset='svg_entypo-fontello' title='Rehbraten mit Honig im B\u00e4renwirt' alt='' aria-label='Open image in lightbox: Rehbraten mit Honig im B\u00e4renwirt'><svg version=\"1.1\" xmlns=\"http:\/\/www.w3.org\/2000\/svg\" width=\"25\" height=\"32\" viewBox=\"0 0 25 32\" preserveAspectRatio=\"xMidYMid meet\" aria-labelledby='av-svg-title-14' aria-describedby='av-svg-desc-14' role=\"graphics-symbol\" aria-hidden=\"true\">\n<title id='av-svg-title-14'>Open image in lightbox: Rehbraten mit Honig im B\u00e4renwirt<\/title>\n<desc id='av-svg-desc-14'>Open image in lightbox: Rehbraten mit Honig im B\u00e4renwirt<\/desc>\n<path d=\"M15.232 3.328h10.112v10.112l-3.2-3.968-4.672 4.864-3.2-3.2 4.864-4.672zM7.872 17.536l3.2 3.2-4.864 4.672 3.904 3.2h-10.112v-10.112l3.2 3.904z\"><\/path>\n<\/svg><\/a><\/div><div class=\"av-horizontal-gallery-wrap noHover\"><img decoding=\"async\" fetchpriority=\"high\" class='wp-image-8404 avia-img-lazy-loading-not-8404 av-horizontal-gallery-img' width=\"768\" height=\"1024\" src=\"https:\/\/imker-aigen.at\/wp-content\/uploads\/2025\/08\/honigfest_2025_13_1024_768.jpg\" title='Der Nachtisch beim B\u00e4renwirt - einfach nur k\u00f6stlich' alt='' srcset=\"https:\/\/imker-aigen.at\/wp-content\/uploads\/2025\/08\/honigfest_2025_13_1024_768.jpg 768w, https:\/\/imker-aigen.at\/wp-content\/uploads\/2025\/08\/honigfest_2025_13_1024_768-225x300.jpg 225w, https:\/\/imker-aigen.at\/wp-content\/uploads\/2025\/08\/honigfest_2025_13_1024_768-529x705.jpg 529w\" sizes=\"(max-width: 768px) 100vw, 768px\" \/><a href=\"https:\/\/imker-aigen.at\/wp-content\/uploads\/2025\/08\/honigfest_2025_13_1024_768.jpg\" data-srcset=\"https:\/\/imker-aigen.at\/wp-content\/uploads\/2025\/08\/honigfest_2025_13_1024_768.jpg 768w, https:\/\/imker-aigen.at\/wp-content\/uploads\/2025\/08\/honigfest_2025_13_1024_768-225x300.jpg 225w, https:\/\/imker-aigen.at\/wp-content\/uploads\/2025\/08\/honigfest_2025_13_1024_768-529x705.jpg 529w\" data-sizes=\"(max-width: 768px) 100vw, 768px\" class='av-horizontal-gallery-link avia-svg-icon avia-font-svg_entypo-fontello' data-av_svg_icon='resize-full' data-av_iconset='svg_entypo-fontello' title='Der Nachtisch beim B\u00e4renwirt - einfach nur k\u00f6stlich' alt='' aria-label='Open image in lightbox: Der Nachtisch beim B\u00e4renwirt - einfach nur k\u00f6stlich'><svg version=\"1.1\" xmlns=\"http:\/\/www.w3.org\/2000\/svg\" width=\"25\" height=\"32\" viewBox=\"0 0 25 32\" preserveAspectRatio=\"xMidYMid meet\" aria-labelledby='av-svg-title-15' aria-describedby='av-svg-desc-15' role=\"graphics-symbol\" aria-hidden=\"true\">\n<title id='av-svg-title-15'>Open image in lightbox: Der Nachtisch beim B\u00e4renwirt - einfach nur k\u00f6stlich<\/title>\n<desc id='av-svg-desc-15'>Open image in lightbox: Der Nachtisch beim B\u00e4renwirt - einfach nur k\u00f6stlich<\/desc>\n<path d=\"M15.232 3.328h10.112v10.112l-3.2-3.968-4.672 4.864-3.2-3.2 4.864-4.672zM7.872 17.536l3.2 3.2-4.864 4.672 3.904 3.2h-10.112v-10.112l3.2 3.904z\"><\/path>\n<\/svg><\/a><\/div><\/div><\/div><\/div><br \/>\n\n<style type=\"text\/css\" data-created_by=\"avia_inline_auto\" id=\"style-css-av-meff28hg-6b60b02d8667ef1b947ba7a1f8156a69\">\n#top .hr.av-meff28hg-6b60b02d8667ef1b947ba7a1f8156a69{\nmargin-top:30px;\nmargin-bottom:30px;\n}\n.hr.av-meff28hg-6b60b02d8667ef1b947ba7a1f8156a69 .hr-inner{\nwidth:50px;\nmax-width:45%;\n}\n<\/style>\n<div  class='hr av-meff28hg-6b60b02d8667ef1b947ba7a1f8156a69 hr-custom  avia-builder-el-3  el_after_av_horizontal_gallery  el_before_av_textblock  avia-builder-el-first  hr-center hr-icon-yes'><span class='hr-inner inner-border-av-border-thin'><span class=\"hr-inner-style\"><\/span><\/span><span class='av-seperator-icon avia-svg-icon avia-font-svg_entypo-fontello' data-av_svg_icon='dot-3' data-av_iconset='svg_entypo-fontello'><svg version=\"1.1\" xmlns=\"http:\/\/www.w3.org\/2000\/svg\" width=\"29\" height=\"32\" viewBox=\"0 0 29 32\" preserveAspectRatio=\"xMidYMid meet\" aria-labelledby='av-svg-title-16' aria-describedby='av-svg-desc-16' role=\"graphics-symbol\">\n<title id='av-svg-title-16'>Dot-3<\/title>\n<desc id='av-svg-desc-16'>Dot-3<\/desc>\n<path d=\"M3.52 12.48q1.472 0 2.496 1.024t1.024 2.496q0 1.408-1.024 2.464t-2.496 1.056-2.496-1.056-1.024-2.464q0-1.472 1.024-2.496t2.496-1.024zM14.72 12.48q1.472 0 2.496 1.024t1.024 2.496q0 1.408-1.056 2.464t-2.464 1.056-2.464-1.056-1.056-2.464q0-1.472 1.024-2.496t2.496-1.024zM25.92 12.48q1.472 0 2.496 1.024t1.024 2.496q0 1.408-1.024 2.464t-2.496 1.056-2.496-1.056-1.024-2.464q0-1.472 1.024-2.496t2.496-1.024z\"><\/path>\n<\/svg><\/span><span class='hr-inner inner-border-av-border-thin'><span class=\"hr-inner-style\"><\/span><\/span><\/div><br \/>\n<section  class='av_textblock_section av-meff1o5h-4722b7fd4af8d053401650b090085a5f '   itemscope=\"itemscope\" itemtype=\"https:\/\/schema.org\/BlogPosting\" itemprop=\"blogPost\" ><div class='avia_textblock'  itemprop=\"text\" ><p><span style=\"color: #999999;\">Autor: Roman Metschina<\/span><\/p>\n<p>Vom 15. bis 17. August 2025 stand Hermagor ganz im Zeichen der Bienen: Beim bereits 22. Honigfest summte und brummte es an jeder Ecke. Zahlreiche Imkervereine pr\u00e4sentierten Schauk\u00e4sten mit lebenden Bienen und es bestand sogar die M\u00f6glichkeit, Drohnen hautnah zu erleben und zu streicheln. Besonders faszinierend war das Live-Honigschleudern: Durch eine gl\u00e4serne Schleuder konnte man genau beobachten, wie frisch entdeckelte Waben ihren goldenen Schatz freigaben.<\/p>\n<p>An vielen St\u00e4nden gab es Kostproben verschiedenster Honige \u2013 von blumig-mild bis kr\u00e4ftig-w\u00fcrzig \u2013 sowie Honigeis f\u00fcr Schleckerm\u00e4uler. Auch Imkereibedarf in gro\u00dfer Auswahl konnte erworben werden. F\u00fcr die j\u00fcngsten Besucher gab es eine H\u00fcpfburg und verschiedene Tombolas lockten mit tollen Preisen.<\/p>\n<p>Ein besonderes Highlight war das kulinarische Angebot: <a href=\"https:\/\/www.baerenwirt-hermagor.at\/\">Der B\u00e4renwirt<\/a>, der sich direkt neben der Kirche befindet, verw\u00f6hnte die G\u00e4ste mit einem eigens kreierten Honigfest-Men\u00fc. K\u00fcchenchef Manuel Ressi, der zehn Jahre lang im Wiener Spitzenrestaurant \u201e<a href=\"https:\/\/www.steirereck.at\">Steirereck<\/a>\u201d gearbeitet hat, zauberte K\u00f6stlichkeiten wie Honigkirchtagsuppe, Rehbraten mit Honig und Schweinsbraten auf die Teller.<\/p>\n<p>F\u00fcr mich pers\u00f6nlich war es auch ein Fest f\u00fcr den Gaumen: Ich habe mir einen Alpenrosenhonig aus dem Lesachtal (Maria Luggau, K\u00e4rnten) mit nach Hause genommen.<\/p>\n<p>Ein festlicher Abschluss eines rundum gelungenen Tages \u2013 s\u00fc\u00df, herzhaft und unvergesslich.<\/p>\n<h3>Danksagung<\/h3>\n<p>Vielen Dank an den <a href=\"https:\/\/www.honigfest.at\/de\/\">Bienenzuchtverein Hermagor<\/a> f\u00fcr dieses tolle Fest! Die \u00f6sterreichische Imkerei wird hier wirklich hervorragend pr\u00e4sentiert. Das Fest bietet den \u00f6sterreichischen Imkerinnen und Imker eine gute M\u00f6glichkeit, sich auszutauschen und neue Kontakte zu kn\u00fcpfen. Es hat sich zu einem wichtigen Termin im Jahresablauf der Imker entwickelt.<\/p>\n<\/div><\/section><br \/>\n<div  class='av-social-sharing-box av-3ufoc4-04d84ce1db992e19afdc83b4d42d970e av-social-sharing-box-default  avia-builder-el-5  el_after_av_textblock  el_before_av_comments_list  av-social-sharing-box-fullwidth'><div class=\"av-share-box\"><h5 class='av-share-link-description av-no-toc '>Eintrag teilen<\/h5><ul class=\"av-share-box-list noLightbox\"><li class='av-share-link av-social-link-facebook avia_social_iconfont' ><a target=\"_blank\" aria-label=\"Teilen auf Facebook\" href='https:\/\/www.facebook.com\/sharer.php?u=https:\/\/imker-aigen.at\/index.php\/2025\/08\/17\/22-oesterreichisches-honigfest-in-hermagor\/&#038;t=22.%20%C3%96sterreichisches%20Honigfest%20in%20Hermagor' data-av_icon='\ue8f3' data-av_iconfont='entypo-fontello'  title='' data-avia-related-tooltip='Teilen auf Facebook'><span class='avia_hidden_link_text'>Teilen auf Facebook<\/span><\/a><\/li><li class='av-share-link av-social-link-twitter avia_social_iconfont' ><a target=\"_blank\" aria-label=\"Teilen auf X\" href='https:\/\/twitter.com\/share?text=22.%20%C3%96sterreichisches%20Honigfest%20in%20Hermagor&#038;url=https:\/\/imker-aigen.at\/?p=8388' data-av_icon='\ue932' data-av_iconfont='entypo-fontello'  title='' data-avia-related-tooltip='Teilen auf X'><span class='avia_hidden_link_text'>Teilen auf X<\/span><\/a><\/li><li class='av-share-link av-social-link-whatsapp avia_social_iconfont' ><a target=\"_blank\" aria-label=\"Teilen auf WhatsApp\" href='https:\/\/api.whatsapp.com\/send?text=https:\/\/imker-aigen.at\/index.php\/2025\/08\/17\/22-oesterreichisches-honigfest-in-hermagor\/' data-av_icon='\uf232' data-av_iconfont='entypo-fontello'  title='' data-avia-related-tooltip='Teilen auf WhatsApp'><span class='avia_hidden_link_text'>Teilen auf WhatsApp<\/span><\/a><\/li><li class='av-share-link av-social-link-pinterest avia_social_iconfont' ><a target=\"_blank\" aria-label=\"Teilen auf Pinterest\" href='https:\/\/pinterest.com\/pin\/create\/button\/?url=https%3A%2F%2Fimker-aigen.at%2Findex.php%2F2025%2F08%2F17%2F22-oesterreichisches-honigfest-in-hermagor%2F&#038;description=22.%20%C3%96sterreichisches%20Honigfest%20in%20Hermagor&#038;media=https%3A%2F%2Fimker-aigen.at%2Fwp-content%2Fuploads%2F2025%2F05%2Fhonigfest_logo_2025.jpg' data-av_icon='\ue8f8' data-av_iconfont='entypo-fontello'  title='' data-avia-related-tooltip='Teilen auf Pinterest'><span class='avia_hidden_link_text'>Teilen auf Pinterest<\/span><\/a><\/li><li class='av-share-link av-social-link-linkedin avia_social_iconfont' ><a target=\"_blank\" aria-label=\"Teilen auf LinkedIn\" href='https:\/\/linkedin.com\/shareArticle?mini=true&#038;title=22.%20%C3%96sterreichisches%20Honigfest%20in%20Hermagor&#038;url=https:\/\/imker-aigen.at\/index.php\/2025\/08\/17\/22-oesterreichisches-honigfest-in-hermagor\/' data-av_icon='\ue8fc' data-av_iconfont='entypo-fontello'  title='' data-avia-related-tooltip='Teilen auf LinkedIn'><span class='avia_hidden_link_text'>Teilen auf LinkedIn<\/span><\/a><\/li><li class='av-share-link av-social-link-reddit avia_social_iconfont' ><a target=\"_blank\" aria-label=\"Teilen auf Reddit\" href='https:\/\/reddit.com\/submit?url=https:\/\/imker-aigen.at\/index.php\/2025\/08\/17\/22-oesterreichisches-honigfest-in-hermagor\/&#038;title=22.%20%C3%96sterreichisches%20Honigfest%20in%20Hermagor' data-av_icon='\ue927' data-av_iconfont='entypo-fontello'  title='' data-avia-related-tooltip='Teilen auf Reddit'><span class='avia_hidden_link_text'>Teilen auf Reddit<\/span><\/a><\/li><li class='av-share-link av-social-link-mail avia_social_iconfont' ><a  aria-label=\"Per E-Mail teilen\" href='mailto:?subject=22.%20%C3%96sterreichisches%20Honigfest%20in%20Hermagor&#038;body=https:\/\/imker-aigen.at\/index.php\/2025\/08\/17\/22-oesterreichisches-honigfest-in-hermagor\/' data-av_icon='\ue805' data-av_iconfont='entypo-fontello'  title='' data-avia-related-tooltip='Per E-Mail teilen'><span class='avia_hidden_link_text'>Per E-Mail teilen<\/span><\/a><\/li><\/ul><\/div><\/div><br \/>\n<div  class='av-buildercomment av-365mac-4ad847ffadef67fb6ff7e1fffff8a593'><\/div><\/p><\/div>\n","protected":false},"excerpt":{"rendered":"","protected":false},"author":1,"featured_media":8028,"comment_status":"open","ping_status":"closed","sticky":false,"template":"","format":"standard","meta":{"footnotes":""},"categories":[18,2],"tags":[413,329,328,415,414],"class_list":["post-8388","post","type-post","status-publish","format-standard","has-post-thumbnail","hentry","category-alte-veranstaltungen","category-news","tag-baerenwirt","tag-hermagor","tag-honigfest","tag-honigfest-2025","tag-manuel-ressi"],"yoast_head":"<!-- This site is optimized with the Yoast SEO plugin v27.4 - https:\/\/yoast.com\/product\/yoast-seo-wordpress\/ -->\n<title>22. \u00d6sterreichisches Honigfest in Hermagor - Imker Ortsgruppe Salzburg Aigen<\/title>\n<meta name=\"description\" content=\"Zu Besuch beim 22. Honigfest in Hermagor, welches vom 15 bis 17 August stattfand und ein Fest f\u00fcr alle Sinne war\" \/>\n<meta name=\"robots\" content=\"index, follow, max-snippet:-1, max-image-preview:large, max-video-preview:-1\" \/>\n<link rel=\"canonical\" href=\"https:\/\/imker-aigen.at\/index.php\/2025\/08\/17\/22-oesterreichisches-honigfest-in-hermagor\/\" \/>\n<meta property=\"og:locale\" content=\"de_DE\" \/>\n<meta property=\"og:type\" content=\"article\" \/>\n<meta property=\"og:title\" content=\"22. \u00d6sterreichisches Honigfest in Hermagor - Imker Ortsgruppe Salzburg Aigen\" \/>\n<meta property=\"og:description\" content=\"Zu Besuch beim 22. Honigfest in Hermagor, welches vom 15 bis 17 August stattfand und ein Fest f\u00fcr alle Sinne war\" \/>\n<meta property=\"og:url\" content=\"https:\/\/imker-aigen.at\/index.php\/2025\/08\/17\/22-oesterreichisches-honigfest-in-hermagor\/\" \/>\n<meta property=\"og:site_name\" content=\"Imker Ortsgruppe Salzburg Aigen\" \/>\n<meta property=\"article:published_time\" content=\"2025-08-17T08:20:44+00:00\" \/>\n<meta property=\"article:modified_time\" content=\"2025-08-18T06:34:29+00:00\" \/>\n<meta property=\"og:image\" content=\"https:\/\/imker-aigen.at\/wp-content\/uploads\/2025\/05\/honigfest_logo_2025.jpg\" \/>\n\t<meta property=\"og:image:width\" content=\"297\" \/>\n\t<meta property=\"og:image:height\" content=\"267\" \/>\n\t<meta property=\"og:image:type\" content=\"image\/jpeg\" \/>\n<meta name=\"author\" content=\"admin\" \/>\n<meta name=\"twitter:card\" content=\"summary_large_image\" \/>\n<meta name=\"twitter:label1\" content=\"Verfasst von\" \/>\n\t<meta name=\"twitter:data1\" content=\"admin\" \/>\n\t<meta name=\"twitter:label2\" content=\"Gesch\u00e4tzte Lesezeit\" \/>\n\t<meta name=\"twitter:data2\" content=\"6\u00a0Minuten\" \/>\n<script type=\"application\/ld+json\" class=\"yoast-schema-graph\">{\"@context\":\"https:\\\/\\\/schema.org\",\"@graph\":[{\"@type\":\"Article\",\"@id\":\"https:\\\/\\\/imker-aigen.at\\\/index.php\\\/2025\\\/08\\\/17\\\/22-oesterreichisches-honigfest-in-hermagor\\\/#article\",\"isPartOf\":{\"@id\":\"https:\\\/\\\/imker-aigen.at\\\/index.php\\\/2025\\\/08\\\/17\\\/22-oesterreichisches-honigfest-in-hermagor\\\/\"},\"author\":{\"name\":\"admin\",\"@id\":\"https:\\\/\\\/imker-aigen.at\\\/#\\\/schema\\\/person\\\/d7d0c3a8ef6f051d450781218ac83077\"},\"headline\":\"22. \u00d6sterreichisches Honigfest in Hermagor\",\"datePublished\":\"2025-08-17T08:20:44+00:00\",\"dateModified\":\"2025-08-18T06:34:29+00:00\",\"mainEntityOfPage\":{\"@id\":\"https:\\\/\\\/imker-aigen.at\\\/index.php\\\/2025\\\/08\\\/17\\\/22-oesterreichisches-honigfest-in-hermagor\\\/\"},\"wordCount\":1271,\"commentCount\":0,\"publisher\":{\"@id\":\"https:\\\/\\\/imker-aigen.at\\\/#organization\"},\"image\":{\"@id\":\"https:\\\/\\\/imker-aigen.at\\\/index.php\\\/2025\\\/08\\\/17\\\/22-oesterreichisches-honigfest-in-hermagor\\\/#primaryimage\"},\"thumbnailUrl\":\"https:\\\/\\\/imker-aigen.at\\\/wp-content\\\/uploads\\\/2025\\\/05\\\/honigfest_logo_2025.jpg\",\"keywords\":[\"B\u00e4renwirt\",\"Hermagor\",\"Honigfest\",\"Honigfest 2025\",\"Manuel Ressi\"],\"articleSection\":[\"Alte Veranstaltungen\",\"News\"],\"inLanguage\":\"de\",\"potentialAction\":[{\"@type\":\"CommentAction\",\"name\":\"Comment\",\"target\":[\"https:\\\/\\\/imker-aigen.at\\\/index.php\\\/2025\\\/08\\\/17\\\/22-oesterreichisches-honigfest-in-hermagor\\\/#respond\"]}]},{\"@type\":\"WebPage\",\"@id\":\"https:\\\/\\\/imker-aigen.at\\\/index.php\\\/2025\\\/08\\\/17\\\/22-oesterreichisches-honigfest-in-hermagor\\\/\",\"url\":\"https:\\\/\\\/imker-aigen.at\\\/index.php\\\/2025\\\/08\\\/17\\\/22-oesterreichisches-honigfest-in-hermagor\\\/\",\"name\":\"22. \u00d6sterreichisches Honigfest in Hermagor - Imker Ortsgruppe Salzburg Aigen\",\"isPartOf\":{\"@id\":\"https:\\\/\\\/imker-aigen.at\\\/#website\"},\"primaryImageOfPage\":{\"@id\":\"https:\\\/\\\/imker-aigen.at\\\/index.php\\\/2025\\\/08\\\/17\\\/22-oesterreichisches-honigfest-in-hermagor\\\/#primaryimage\"},\"image\":{\"@id\":\"https:\\\/\\\/imker-aigen.at\\\/index.php\\\/2025\\\/08\\\/17\\\/22-oesterreichisches-honigfest-in-hermagor\\\/#primaryimage\"},\"thumbnailUrl\":\"https:\\\/\\\/imker-aigen.at\\\/wp-content\\\/uploads\\\/2025\\\/05\\\/honigfest_logo_2025.jpg\",\"datePublished\":\"2025-08-17T08:20:44+00:00\",\"dateModified\":\"2025-08-18T06:34:29+00:00\",\"description\":\"Zu Besuch beim 22. Honigfest in Hermagor, welches vom 15 bis 17 August stattfand und ein Fest f\u00fcr alle Sinne war\",\"breadcrumb\":{\"@id\":\"https:\\\/\\\/imker-aigen.at\\\/index.php\\\/2025\\\/08\\\/17\\\/22-oesterreichisches-honigfest-in-hermagor\\\/#breadcrumb\"},\"inLanguage\":\"de\",\"potentialAction\":[{\"@type\":\"ReadAction\",\"target\":[\"https:\\\/\\\/imker-aigen.at\\\/index.php\\\/2025\\\/08\\\/17\\\/22-oesterreichisches-honigfest-in-hermagor\\\/\"]}]},{\"@type\":\"ImageObject\",\"inLanguage\":\"de\",\"@id\":\"https:\\\/\\\/imker-aigen.at\\\/index.php\\\/2025\\\/08\\\/17\\\/22-oesterreichisches-honigfest-in-hermagor\\\/#primaryimage\",\"url\":\"https:\\\/\\\/imker-aigen.at\\\/wp-content\\\/uploads\\\/2025\\\/05\\\/honigfest_logo_2025.jpg\",\"contentUrl\":\"https:\\\/\\\/imker-aigen.at\\\/wp-content\\\/uploads\\\/2025\\\/05\\\/honigfest_logo_2025.jpg\",\"width\":297,\"height\":267},{\"@type\":\"BreadcrumbList\",\"@id\":\"https:\\\/\\\/imker-aigen.at\\\/index.php\\\/2025\\\/08\\\/17\\\/22-oesterreichisches-honigfest-in-hermagor\\\/#breadcrumb\",\"itemListElement\":[{\"@type\":\"ListItem\",\"position\":1,\"name\":\"Startseite\",\"item\":\"https:\\\/\\\/imker-aigen.at\\\/index.php\\\/home\\\/\"},{\"@type\":\"ListItem\",\"position\":2,\"name\":\"22. \u00d6sterreichisches Honigfest in Hermagor\"}]},{\"@type\":\"WebSite\",\"@id\":\"https:\\\/\\\/imker-aigen.at\\\/#website\",\"url\":\"https:\\\/\\\/imker-aigen.at\\\/\",\"name\":\"Imker Ortsgruppe Salzburg Aigen\",\"description\":\"Homepage der Imker-Ortsgruppe Salzburg Aigen\",\"publisher\":{\"@id\":\"https:\\\/\\\/imker-aigen.at\\\/#organization\"},\"potentialAction\":[{\"@type\":\"SearchAction\",\"target\":{\"@type\":\"EntryPoint\",\"urlTemplate\":\"https:\\\/\\\/imker-aigen.at\\\/?s={search_term_string}\"},\"query-input\":{\"@type\":\"PropertyValueSpecification\",\"valueRequired\":true,\"valueName\":\"search_term_string\"}}],\"inLanguage\":\"de\"},{\"@type\":\"Organization\",\"@id\":\"https:\\\/\\\/imker-aigen.at\\\/#organization\",\"name\":\"Imker Ortsgruppe Salzburg Aigen\",\"url\":\"https:\\\/\\\/imker-aigen.at\\\/\",\"logo\":{\"@type\":\"ImageObject\",\"inLanguage\":\"de\",\"@id\":\"https:\\\/\\\/imker-aigen.at\\\/#\\\/schema\\\/logo\\\/image\\\/\",\"url\":\"https:\\\/\\\/imker-aigen.at\\\/wp-content\\\/uploads\\\/2022\\\/08\\\/logo-1.png\",\"contentUrl\":\"https:\\\/\\\/imker-aigen.at\\\/wp-content\\\/uploads\\\/2022\\\/08\\\/logo-1.png\",\"width\":392,\"height\":156,\"caption\":\"Imker Ortsgruppe Salzburg Aigen\"},\"image\":{\"@id\":\"https:\\\/\\\/imker-aigen.at\\\/#\\\/schema\\\/logo\\\/image\\\/\"}},{\"@type\":\"Person\",\"@id\":\"https:\\\/\\\/imker-aigen.at\\\/#\\\/schema\\\/person\\\/d7d0c3a8ef6f051d450781218ac83077\",\"name\":\"admin\",\"image\":{\"@type\":\"ImageObject\",\"inLanguage\":\"de\",\"@id\":\"https:\\\/\\\/secure.gravatar.com\\\/avatar\\\/925a7e918efd3cfdae29be9c0018a3ae3275cd0444a6e166241172bb6e5243c7?s=96&d=mm&r=g\",\"url\":\"https:\\\/\\\/secure.gravatar.com\\\/avatar\\\/925a7e918efd3cfdae29be9c0018a3ae3275cd0444a6e166241172bb6e5243c7?s=96&d=mm&r=g\",\"contentUrl\":\"https:\\\/\\\/secure.gravatar.com\\\/avatar\\\/925a7e918efd3cfdae29be9c0018a3ae3275cd0444a6e166241172bb6e5243c7?s=96&d=mm&r=g\",\"caption\":\"admin\"},\"sameAs\":[\"https:\\\/\\\/imker-aigen.at\",\"linkedin.com\\\/in\\\/bernd-meierhofer-5919b62\"],\"url\":\"https:\\\/\\\/imker-aigen.at\\\/index.php\\\/author\\\/bmeierhofer\\\/\"}]}<\/script>\n<!-- \/ Yoast SEO plugin. -->","yoast_head_json":{"title":"22. \u00d6sterreichisches Honigfest in Hermagor - Imker Ortsgruppe Salzburg Aigen","description":"Zu Besuch beim 22. Honigfest in Hermagor, welches vom 15 bis 17 August stattfand und ein Fest f\u00fcr alle Sinne war","robots":{"index":"index","follow":"follow","max-snippet":"max-snippet:-1","max-image-preview":"max-image-preview:large","max-video-preview":"max-video-preview:-1"},"canonical":"https:\/\/imker-aigen.at\/index.php\/2025\/08\/17\/22-oesterreichisches-honigfest-in-hermagor\/","og_locale":"de_DE","og_type":"article","og_title":"22. \u00d6sterreichisches Honigfest in Hermagor - Imker Ortsgruppe Salzburg Aigen","og_description":"Zu Besuch beim 22. Honigfest in Hermagor, welches vom 15 bis 17 August stattfand und ein Fest f\u00fcr alle Sinne war","og_url":"https:\/\/imker-aigen.at\/index.php\/2025\/08\/17\/22-oesterreichisches-honigfest-in-hermagor\/","og_site_name":"Imker Ortsgruppe Salzburg Aigen","article_published_time":"2025-08-17T08:20:44+00:00","article_modified_time":"2025-08-18T06:34:29+00:00","og_image":[{"width":297,"height":267,"url":"https:\/\/imker-aigen.at\/wp-content\/uploads\/2025\/05\/honigfest_logo_2025.jpg","type":"image\/jpeg"}],"author":"admin","twitter_card":"summary_large_image","twitter_misc":{"Verfasst von":"admin","Gesch\u00e4tzte Lesezeit":"6\u00a0Minuten"},"schema":{"@context":"https:\/\/schema.org","@graph":[{"@type":"Article","@id":"https:\/\/imker-aigen.at\/index.php\/2025\/08\/17\/22-oesterreichisches-honigfest-in-hermagor\/#article","isPartOf":{"@id":"https:\/\/imker-aigen.at\/index.php\/2025\/08\/17\/22-oesterreichisches-honigfest-in-hermagor\/"},"author":{"name":"admin","@id":"https:\/\/imker-aigen.at\/#\/schema\/person\/d7d0c3a8ef6f051d450781218ac83077"},"headline":"22. \u00d6sterreichisches Honigfest in Hermagor","datePublished":"2025-08-17T08:20:44+00:00","dateModified":"2025-08-18T06:34:29+00:00","mainEntityOfPage":{"@id":"https:\/\/imker-aigen.at\/index.php\/2025\/08\/17\/22-oesterreichisches-honigfest-in-hermagor\/"},"wordCount":1271,"commentCount":0,"publisher":{"@id":"https:\/\/imker-aigen.at\/#organization"},"image":{"@id":"https:\/\/imker-aigen.at\/index.php\/2025\/08\/17\/22-oesterreichisches-honigfest-in-hermagor\/#primaryimage"},"thumbnailUrl":"https:\/\/imker-aigen.at\/wp-content\/uploads\/2025\/05\/honigfest_logo_2025.jpg","keywords":["B\u00e4renwirt","Hermagor","Honigfest","Honigfest 2025","Manuel Ressi"],"articleSection":["Alte Veranstaltungen","News"],"inLanguage":"de","potentialAction":[{"@type":"CommentAction","name":"Comment","target":["https:\/\/imker-aigen.at\/index.php\/2025\/08\/17\/22-oesterreichisches-honigfest-in-hermagor\/#respond"]}]},{"@type":"WebPage","@id":"https:\/\/imker-aigen.at\/index.php\/2025\/08\/17\/22-oesterreichisches-honigfest-in-hermagor\/","url":"https:\/\/imker-aigen.at\/index.php\/2025\/08\/17\/22-oesterreichisches-honigfest-in-hermagor\/","name":"22. \u00d6sterreichisches Honigfest in Hermagor - Imker Ortsgruppe Salzburg Aigen","isPartOf":{"@id":"https:\/\/imker-aigen.at\/#website"},"primaryImageOfPage":{"@id":"https:\/\/imker-aigen.at\/index.php\/2025\/08\/17\/22-oesterreichisches-honigfest-in-hermagor\/#primaryimage"},"image":{"@id":"https:\/\/imker-aigen.at\/index.php\/2025\/08\/17\/22-oesterreichisches-honigfest-in-hermagor\/#primaryimage"},"thumbnailUrl":"https:\/\/imker-aigen.at\/wp-content\/uploads\/2025\/05\/honigfest_logo_2025.jpg","datePublished":"2025-08-17T08:20:44+00:00","dateModified":"2025-08-18T06:34:29+00:00","description":"Zu Besuch beim 22. Honigfest in Hermagor, welches vom 15 bis 17 August stattfand und ein Fest f\u00fcr alle Sinne war","breadcrumb":{"@id":"https:\/\/imker-aigen.at\/index.php\/2025\/08\/17\/22-oesterreichisches-honigfest-in-hermagor\/#breadcrumb"},"inLanguage":"de","potentialAction":[{"@type":"ReadAction","target":["https:\/\/imker-aigen.at\/index.php\/2025\/08\/17\/22-oesterreichisches-honigfest-in-hermagor\/"]}]},{"@type":"ImageObject","inLanguage":"de","@id":"https:\/\/imker-aigen.at\/index.php\/2025\/08\/17\/22-oesterreichisches-honigfest-in-hermagor\/#primaryimage","url":"https:\/\/imker-aigen.at\/wp-content\/uploads\/2025\/05\/honigfest_logo_2025.jpg","contentUrl":"https:\/\/imker-aigen.at\/wp-content\/uploads\/2025\/05\/honigfest_logo_2025.jpg","width":297,"height":267},{"@type":"BreadcrumbList","@id":"https:\/\/imker-aigen.at\/index.php\/2025\/08\/17\/22-oesterreichisches-honigfest-in-hermagor\/#breadcrumb","itemListElement":[{"@type":"ListItem","position":1,"name":"Startseite","item":"https:\/\/imker-aigen.at\/index.php\/home\/"},{"@type":"ListItem","position":2,"name":"22. \u00d6sterreichisches Honigfest in Hermagor"}]},{"@type":"WebSite","@id":"https:\/\/imker-aigen.at\/#website","url":"https:\/\/imker-aigen.at\/","name":"Imker Ortsgruppe Salzburg Aigen","description":"Homepage der Imker-Ortsgruppe Salzburg Aigen","publisher":{"@id":"https:\/\/imker-aigen.at\/#organization"},"potentialAction":[{"@type":"SearchAction","target":{"@type":"EntryPoint","urlTemplate":"https:\/\/imker-aigen.at\/?s={search_term_string}"},"query-input":{"@type":"PropertyValueSpecification","valueRequired":true,"valueName":"search_term_string"}}],"inLanguage":"de"},{"@type":"Organization","@id":"https:\/\/imker-aigen.at\/#organization","name":"Imker Ortsgruppe Salzburg Aigen","url":"https:\/\/imker-aigen.at\/","logo":{"@type":"ImageObject","inLanguage":"de","@id":"https:\/\/imker-aigen.at\/#\/schema\/logo\/image\/","url":"https:\/\/imker-aigen.at\/wp-content\/uploads\/2022\/08\/logo-1.png","contentUrl":"https:\/\/imker-aigen.at\/wp-content\/uploads\/2022\/08\/logo-1.png","width":392,"height":156,"caption":"Imker Ortsgruppe Salzburg Aigen"},"image":{"@id":"https:\/\/imker-aigen.at\/#\/schema\/logo\/image\/"}},{"@type":"Person","@id":"https:\/\/imker-aigen.at\/#\/schema\/person\/d7d0c3a8ef6f051d450781218ac83077","name":"admin","image":{"@type":"ImageObject","inLanguage":"de","@id":"https:\/\/secure.gravatar.com\/avatar\/925a7e918efd3cfdae29be9c0018a3ae3275cd0444a6e166241172bb6e5243c7?s=96&d=mm&r=g","url":"https:\/\/secure.gravatar.com\/avatar\/925a7e918efd3cfdae29be9c0018a3ae3275cd0444a6e166241172bb6e5243c7?s=96&d=mm&r=g","contentUrl":"https:\/\/secure.gravatar.com\/avatar\/925a7e918efd3cfdae29be9c0018a3ae3275cd0444a6e166241172bb6e5243c7?s=96&d=mm&r=g","caption":"admin"},"sameAs":["https:\/\/imker-aigen.at","linkedin.com\/in\/bernd-meierhofer-5919b62"],"url":"https:\/\/imker-aigen.at\/index.php\/author\/bmeierhofer\/"}]}},"_links":{"self":[{"href":"https:\/\/imker-aigen.at\/index.php\/wp-json\/wp\/v2\/posts\/8388","targetHints":{"allow":["GET"]}}],"collection":[{"href":"https:\/\/imker-aigen.at\/index.php\/wp-json\/wp\/v2\/posts"}],"about":[{"href":"https:\/\/imker-aigen.at\/index.php\/wp-json\/wp\/v2\/types\/post"}],"author":[{"embeddable":true,"href":"https:\/\/imker-aigen.at\/index.php\/wp-json\/wp\/v2\/users\/1"}],"replies":[{"embeddable":true,"href":"https:\/\/imker-aigen.at\/index.php\/wp-json\/wp\/v2\/comments?post=8388"}],"version-history":[{"count":7,"href":"https:\/\/imker-aigen.at\/index.php\/wp-json\/wp\/v2\/posts\/8388\/revisions"}],"predecessor-version":[{"id":8412,"href":"https:\/\/imker-aigen.at\/index.php\/wp-json\/wp\/v2\/posts\/8388\/revisions\/8412"}],"wp:featuredmedia":[{"embeddable":true,"href":"https:\/\/imker-aigen.at\/index.php\/wp-json\/wp\/v2\/media\/8028"}],"wp:attachment":[{"href":"https:\/\/imker-aigen.at\/index.php\/wp-json\/wp\/v2\/media?parent=8388"}],"wp:term":[{"taxonomy":"category","embeddable":true,"href":"https:\/\/imker-aigen.at\/index.php\/wp-json\/wp\/v2\/categories?post=8388"},{"taxonomy":"post_tag","embeddable":true,"href":"https:\/\/imker-aigen.at\/index.php\/wp-json\/wp\/v2\/tags?post=8388"}],"curies":[{"name":"wp","href":"https:\/\/api.w.org\/{rel}","templated":true}]}}