{"id":8443,"date":"2025-08-20T16:27:03","date_gmt":"2025-08-20T14:27:03","guid":{"rendered":"https:\/\/imker-aigen.at\/?p=8443"},"modified":"2025-08-22T10:39:14","modified_gmt":"2025-08-22T08:39:14","slug":"bienen-richtig-fuettern-nach-der-honigernte","status":"publish","type":"post","link":"https:\/\/imker-aigen.at\/index.php\/2025\/08\/20\/bienen-richtig-fuettern-nach-der-honigernte\/","title":{"rendered":"Bienen richtig f\u00fcttern nach der Honigernte"},"content":{"rendered":"<div  class='flex_column av-5m0k2j-9afebb0ddee0387ccff6172d1a079d47 av_one_full  avia-builder-el-0  avia-builder-el-no-sibling  first flex_column_div  '     ><p>\n<style type=\"text\/css\" data-created_by=\"avia_inline_auto\" id=\"style-css-av-mek2gfdk-5cefd11935a4babcd71eec78448f5a07\">\n#top .av-special-heading.av-mek2gfdk-5cefd11935a4babcd71eec78448f5a07{\npadding-bottom:10px;\n}\nbody .av-special-heading.av-mek2gfdk-5cefd11935a4babcd71eec78448f5a07 .av-special-heading-tag .heading-char{\nfont-size:25px;\n}\n.av-special-heading.av-mek2gfdk-5cefd11935a4babcd71eec78448f5a07 .av-subheading{\nfont-size:15px;\n}\n<\/style>\n<div  class='av-special-heading av-mek2gfdk-5cefd11935a4babcd71eec78448f5a07 av-special-heading-h1 blockquote modern-quote modern-centered  avia-builder-el-1  el_before_av_horizontal_gallery  avia-builder-el-no-sibling '><h1 class='av-special-heading-tag '  itemprop=\"headline\"  >Bienen richtig f\u00fcttern nach der Honigernte<\/h1><div class=\"special-heading-border\"><div class=\"special-heading-inner-border\"><\/div><\/div><\/div><br \/>\n\n<style type=\"text\/css\" data-created_by=\"avia_inline_auto\" id=\"style-css-av-memkjrib-b85a612e92ffbab785859151b37af708\">\n.av-horizontal-gallery.av-memkjrib-b85a612e92ffbab785859151b37af708{\npadding:3.75% 0px;;\n}\n.av-horizontal-gallery.av-memkjrib-b85a612e92ffbab785859151b37af708 .av-horizontal-gallery-inner{\npadding-bottom:25%;\n}\n<\/style>\n<div  class='av-horizontal-gallery av-memkjrib-b85a612e92ffbab785859151b37af708 av-horizontal-gallery-large-gap av-horizontal-gallery-enlarge-effect  avia-builder-el-2  el_after_av_heading  el_before_av_hr  av-slideshow-ui av-control-default av-slideshow-manual av-loop-once av-loop-manual-once av-horizontal-gallery-1' data-slideshow-data=\"{&quot;enlarge&quot;:1.3,&quot;animation&quot;:&quot;slide&quot;,&quot;autoplay&quot;:false,&quot;loop_autoplay&quot;:&quot;once&quot;,&quot;interval&quot;:5,&quot;loop_manual&quot;:&quot;manual-once&quot;,&quot;autoplay_stopper&quot;:false,&quot;noNavigation&quot;:false,&quot;bg_slider&quot;:false,&quot;keep_padding&quot;:&quot;&quot;,&quot;hoverpause&quot;:false,&quot;show_slide_delay&quot;:0}\"  itemprop=\"image\" itemscope=\"itemscope\" itemtype=\"https:\/\/schema.org\/ImageObject\" ><div class='avia-slideshow-arrows avia-slideshow-controls' ><a href='#prev' class='prev-slide av-horizontal-gallery-prev avia-svg-icon avia-font-svg_entypo-fontello' data-av_svg_icon='left-open-big' data-av_iconset='svg_entypo-fontello' tabindex='-1' title=\"Zur\u00fcck\"><svg version=\"1.1\" xmlns=\"http:\/\/www.w3.org\/2000\/svg\" width=\"15\" height=\"32\" viewBox=\"0 0 15 32\" preserveAspectRatio=\"xMidYMid meet\" aria-labelledby='av-svg-title-1' aria-describedby='av-svg-desc-1' role=\"graphics-symbol\" aria-hidden=\"true\">\n<title id='av-svg-title-1'>Zur\u00fcck<\/title>\n<desc id='av-svg-desc-1'>Zur\u00fcck<\/desc>\n<path d=\"M14.464 27.84q0.832 0.832 0 1.536-0.832 0.832-1.536 0l-12.544-12.608q-0.768-0.768 0-1.6l12.544-12.608q0.704-0.832 1.536 0 0.832 0.704 0 1.536l-11.456 11.904z\"><\/path>\n<\/svg><span class='avia_hidden_link_text'>Zur\u00fcck<\/span><\/a><a href='#next' class='next-slide av-horizontal-gallery-next avia-svg-icon avia-font-svg_entypo-fontello' data-av_svg_icon='right-open-big' data-av_iconset='svg_entypo-fontello' tabindex='-1' title=\"Weiter\"><svg version=\"1.1\" xmlns=\"http:\/\/www.w3.org\/2000\/svg\" width=\"15\" height=\"32\" viewBox=\"0 0 15 32\" preserveAspectRatio=\"xMidYMid meet\" aria-labelledby='av-svg-title-2' aria-describedby='av-svg-desc-2' role=\"graphics-symbol\" aria-hidden=\"true\">\n<title id='av-svg-title-2'>Weiter<\/title>\n<desc id='av-svg-desc-2'>Weiter<\/desc>\n<path d=\"M0.416 27.84l11.456-11.84-11.456-11.904q-0.832-0.832 0-1.536 0.832-0.832 1.536 0l12.544 12.608q0.768 0.832 0 1.6l-12.544 12.608q-0.704 0.832-1.536 0-0.832-0.704 0-1.536z\"><\/path>\n<\/svg><span class='avia_hidden_link_text'>Weiter<\/span><\/a><\/div><div class='avia-slideshow-dots avia-slideshow-controls av-horizontal-gallery-dots fade-in'><a href='#1' class='goto-slide active' >1<\/a><a href='#2' class='goto-slide ' >2<\/a><a href='#3' class='goto-slide ' >3<\/a><a href='#4' class='goto-slide ' >4<\/a><\/div><div class='av-horizontal-gallery-inner' data-av-height='25'><div class=\"av-horizontal-gallery-slider\"><div class=\"av-horizontal-gallery-wrap noHover\"><img decoding=\"async\" fetchpriority=\"high\" class='wp-image-8505 avia-img-lazy-loading-not-8505 av-horizontal-gallery-img' width=\"1024\" height=\"768\" src=\"https:\/\/imker-aigen.at\/wp-content\/uploads\/2025\/08\/brutnest_1024_768.jpg\" title='Kaltbau-Brutnest Anfang August: Das Futter ist bereits im r\u00fcckw\u00e4rtigen Teil eingelagert' alt='' srcset=\"https:\/\/imker-aigen.at\/wp-content\/uploads\/2025\/08\/brutnest_1024_768.jpg 1024w, https:\/\/imker-aigen.at\/wp-content\/uploads\/2025\/08\/brutnest_1024_768-300x225.jpg 300w, https:\/\/imker-aigen.at\/wp-content\/uploads\/2025\/08\/brutnest_1024_768-768x576.jpg 768w, https:\/\/imker-aigen.at\/wp-content\/uploads\/2025\/08\/brutnest_1024_768-705x529.jpg 705w\" sizes=\"(max-width: 1024px) 100vw, 1024px\" \/><a href=\"https:\/\/imker-aigen.at\/wp-content\/uploads\/2025\/08\/brutnest_1024_768.jpg\" data-srcset=\"https:\/\/imker-aigen.at\/wp-content\/uploads\/2025\/08\/brutnest_1024_768.jpg 1024w, https:\/\/imker-aigen.at\/wp-content\/uploads\/2025\/08\/brutnest_1024_768-300x225.jpg 300w, https:\/\/imker-aigen.at\/wp-content\/uploads\/2025\/08\/brutnest_1024_768-768x576.jpg 768w, https:\/\/imker-aigen.at\/wp-content\/uploads\/2025\/08\/brutnest_1024_768-705x529.jpg 705w\" data-sizes=\"(max-width: 1024px) 100vw, 1024px\" class='av-horizontal-gallery-link avia-svg-icon avia-font-svg_entypo-fontello' data-av_svg_icon='resize-full' data-av_iconset='svg_entypo-fontello' title='Kaltbau-Brutnest Anfang August: Das Futter ist bereits im r\u00fcckw\u00e4rtigen Teil eingelagert' alt='' aria-label='Open image in lightbox: Kaltbau-Brutnest Anfang August: Das Futter ist bereits im r\u00fcckw\u00e4rtigen Teil eingelagert'><svg version=\"1.1\" xmlns=\"http:\/\/www.w3.org\/2000\/svg\" width=\"25\" height=\"32\" viewBox=\"0 0 25 32\" preserveAspectRatio=\"xMidYMid meet\" aria-labelledby='av-svg-title-3' aria-describedby='av-svg-desc-3' role=\"graphics-symbol\" aria-hidden=\"true\">\n<title id='av-svg-title-3'>Open image in lightbox: Kaltbau-Brutnest Anfang August: Das Futter ist bereits im r\u00fcckw\u00e4rtigen Teil eingelagert<\/title>\n<desc id='av-svg-desc-3'>Open image in lightbox: Kaltbau-Brutnest Anfang August: Das Futter ist bereits im r\u00fcckw\u00e4rtigen Teil eingelagert<\/desc>\n<path d=\"M15.232 3.328h10.112v10.112l-3.2-3.968-4.672 4.864-3.2-3.2 4.864-4.672zM7.872 17.536l3.2 3.2-4.864 4.672 3.904 3.2h-10.112v-10.112l3.2 3.904z\"><\/path>\n<\/svg><\/a><\/div><div class=\"av-horizontal-gallery-wrap noHover\"><img decoding=\"async\" fetchpriority=\"high\" class='wp-image-8503 avia-img-lazy-loading-not-8503 av-horizontal-gallery-img' width=\"768\" height=\"1024\" src=\"https:\/\/imker-aigen.at\/wp-content\/uploads\/2025\/08\/zucker1_1024_768.jpg\" title='Bio-R\u00fcbenzucker aus \u00f6sterreichischer Landwirtschaft' alt='' srcset=\"https:\/\/imker-aigen.at\/wp-content\/uploads\/2025\/08\/zucker1_1024_768.jpg 768w, https:\/\/imker-aigen.at\/wp-content\/uploads\/2025\/08\/zucker1_1024_768-225x300.jpg 225w, https:\/\/imker-aigen.at\/wp-content\/uploads\/2025\/08\/zucker1_1024_768-529x705.jpg 529w\" sizes=\"(max-width: 768px) 100vw, 768px\" \/><a href=\"https:\/\/imker-aigen.at\/wp-content\/uploads\/2025\/08\/zucker1_1024_768.jpg\" data-srcset=\"https:\/\/imker-aigen.at\/wp-content\/uploads\/2025\/08\/zucker1_1024_768.jpg 768w, https:\/\/imker-aigen.at\/wp-content\/uploads\/2025\/08\/zucker1_1024_768-225x300.jpg 225w, https:\/\/imker-aigen.at\/wp-content\/uploads\/2025\/08\/zucker1_1024_768-529x705.jpg 529w\" data-sizes=\"(max-width: 768px) 100vw, 768px\" class='av-horizontal-gallery-link avia-svg-icon avia-font-svg_entypo-fontello' data-av_svg_icon='resize-full' data-av_iconset='svg_entypo-fontello' title='Bio-R\u00fcbenzucker aus \u00f6sterreichischer Landwirtschaft' alt='' aria-label='Open image in lightbox: Bio-R\u00fcbenzucker aus \u00f6sterreichischer Landwirtschaft'><svg version=\"1.1\" xmlns=\"http:\/\/www.w3.org\/2000\/svg\" width=\"25\" height=\"32\" viewBox=\"0 0 25 32\" preserveAspectRatio=\"xMidYMid meet\" aria-labelledby='av-svg-title-4' aria-describedby='av-svg-desc-4' role=\"graphics-symbol\" aria-hidden=\"true\">\n<title id='av-svg-title-4'>Open image in lightbox: Bio-R\u00fcbenzucker aus \u00f6sterreichischer Landwirtschaft<\/title>\n<desc id='av-svg-desc-4'>Open image in lightbox: Bio-R\u00fcbenzucker aus \u00f6sterreichischer Landwirtschaft<\/desc>\n<path d=\"M15.232 3.328h10.112v10.112l-3.2-3.968-4.672 4.864-3.2-3.2 4.864-4.672zM7.872 17.536l3.2 3.2-4.864 4.672 3.904 3.2h-10.112v-10.112l3.2 3.904z\"><\/path>\n<\/svg><\/a><\/div><div class=\"av-horizontal-gallery-wrap noHover\"><img decoding=\"async\" fetchpriority=\"high\" class='wp-image-8504 avia-img-lazy-loading-not-8504 av-horizontal-gallery-img' width=\"768\" height=\"1024\" src=\"https:\/\/imker-aigen.at\/wp-content\/uploads\/2025\/08\/zucker2_1024_768.jpg\" title='F\u00fcr kleine Futtermengen ist ein Messbecher unverzichtbar' alt='' srcset=\"https:\/\/imker-aigen.at\/wp-content\/uploads\/2025\/08\/zucker2_1024_768.jpg 768w, https:\/\/imker-aigen.at\/wp-content\/uploads\/2025\/08\/zucker2_1024_768-225x300.jpg 225w, https:\/\/imker-aigen.at\/wp-content\/uploads\/2025\/08\/zucker2_1024_768-529x705.jpg 529w\" sizes=\"(max-width: 768px) 100vw, 768px\" \/><a href=\"https:\/\/imker-aigen.at\/wp-content\/uploads\/2025\/08\/zucker2_1024_768.jpg\" data-srcset=\"https:\/\/imker-aigen.at\/wp-content\/uploads\/2025\/08\/zucker2_1024_768.jpg 768w, https:\/\/imker-aigen.at\/wp-content\/uploads\/2025\/08\/zucker2_1024_768-225x300.jpg 225w, https:\/\/imker-aigen.at\/wp-content\/uploads\/2025\/08\/zucker2_1024_768-529x705.jpg 529w\" data-sizes=\"(max-width: 768px) 100vw, 768px\" class='av-horizontal-gallery-link avia-svg-icon avia-font-svg_entypo-fontello' data-av_svg_icon='resize-full' data-av_iconset='svg_entypo-fontello' title='F\u00fcr kleine Futtermengen ist ein Messbecher unverzichtbar' alt='' aria-label='Open image in lightbox: F\u00fcr kleine Futtermengen ist ein Messbecher unverzichtbar'><svg version=\"1.1\" xmlns=\"http:\/\/www.w3.org\/2000\/svg\" width=\"25\" height=\"32\" viewBox=\"0 0 25 32\" preserveAspectRatio=\"xMidYMid meet\" aria-labelledby='av-svg-title-5' aria-describedby='av-svg-desc-5' role=\"graphics-symbol\" aria-hidden=\"true\">\n<title id='av-svg-title-5'>Open image in lightbox: F\u00fcr kleine Futtermengen ist ein Messbecher unverzichtbar<\/title>\n<desc id='av-svg-desc-5'>Open image in lightbox: F\u00fcr kleine Futtermengen ist ein Messbecher unverzichtbar<\/desc>\n<path d=\"M15.232 3.328h10.112v10.112l-3.2-3.968-4.672 4.864-3.2-3.2 4.864-4.672zM7.872 17.536l3.2 3.2-4.864 4.672 3.904 3.2h-10.112v-10.112l3.2 3.904z\"><\/path>\n<\/svg><\/a><\/div><div class=\"av-horizontal-gallery-wrap noHover\"><img decoding=\"async\" fetchpriority=\"high\" class='wp-image-8506 avia-img-lazy-loading-not-8506 av-horizontal-gallery-img' width=\"768\" height=\"1024\" src=\"https:\/\/imker-aigen.at\/wp-content\/uploads\/2025\/08\/bienentee_1024_768.jpg\" title='Bienentee nach Guido Sklenar fertig gemischt' alt='' srcset=\"https:\/\/imker-aigen.at\/wp-content\/uploads\/2025\/08\/bienentee_1024_768.jpg 768w, https:\/\/imker-aigen.at\/wp-content\/uploads\/2025\/08\/bienentee_1024_768-225x300.jpg 225w, https:\/\/imker-aigen.at\/wp-content\/uploads\/2025\/08\/bienentee_1024_768-529x705.jpg 529w\" sizes=\"(max-width: 768px) 100vw, 768px\" \/><a href=\"https:\/\/imker-aigen.at\/wp-content\/uploads\/2025\/08\/bienentee_1024_768.jpg\" data-srcset=\"https:\/\/imker-aigen.at\/wp-content\/uploads\/2025\/08\/bienentee_1024_768.jpg 768w, https:\/\/imker-aigen.at\/wp-content\/uploads\/2025\/08\/bienentee_1024_768-225x300.jpg 225w, https:\/\/imker-aigen.at\/wp-content\/uploads\/2025\/08\/bienentee_1024_768-529x705.jpg 529w\" data-sizes=\"(max-width: 768px) 100vw, 768px\" class='av-horizontal-gallery-link avia-svg-icon avia-font-svg_entypo-fontello' data-av_svg_icon='resize-full' data-av_iconset='svg_entypo-fontello' title='Bienentee nach Guido Sklenar fertig gemischt' alt='' aria-label='Open image in lightbox: Bienentee nach Guido Sklenar fertig gemischt'><svg version=\"1.1\" xmlns=\"http:\/\/www.w3.org\/2000\/svg\" width=\"25\" height=\"32\" viewBox=\"0 0 25 32\" preserveAspectRatio=\"xMidYMid meet\" aria-labelledby='av-svg-title-6' aria-describedby='av-svg-desc-6' role=\"graphics-symbol\" aria-hidden=\"true\">\n<title id='av-svg-title-6'>Open image in lightbox: Bienentee nach Guido Sklenar fertig gemischt<\/title>\n<desc id='av-svg-desc-6'>Open image in lightbox: Bienentee nach Guido Sklenar fertig gemischt<\/desc>\n<path d=\"M15.232 3.328h10.112v10.112l-3.2-3.968-4.672 4.864-3.2-3.2 4.864-4.672zM7.872 17.536l3.2 3.2-4.864 4.672 3.904 3.2h-10.112v-10.112l3.2 3.904z\"><\/path>\n<\/svg><\/a><\/div><\/div><\/div><\/div><br \/>\n\n<style type=\"text\/css\" data-created_by=\"avia_inline_auto\" id=\"style-css-av-mek2glqf-c59bb36098efb932eae504b9e5326c37\">\n#top .hr.av-mek2glqf-c59bb36098efb932eae504b9e5326c37{\nmargin-top:30px;\nmargin-bottom:30px;\n}\n.hr.av-mek2glqf-c59bb36098efb932eae504b9e5326c37 .hr-inner{\nwidth:50px;\nmax-width:45%;\n}\n<\/style>\n<div  class='hr av-mek2glqf-c59bb36098efb932eae504b9e5326c37 hr-custom  avia-builder-el-3  el_after_av_horizontal_gallery  el_before_av_textblock  avia-builder-el-first  hr-center hr-icon-yes'><span class='hr-inner inner-border-av-border-thin'><span class=\"hr-inner-style\"><\/span><\/span><span class='av-seperator-icon avia-svg-icon avia-font-svg_entypo-fontello' data-av_svg_icon='dot-3' data-av_iconset='svg_entypo-fontello'><svg version=\"1.1\" xmlns=\"http:\/\/www.w3.org\/2000\/svg\" width=\"29\" height=\"32\" viewBox=\"0 0 29 32\" preserveAspectRatio=\"xMidYMid meet\" aria-labelledby='av-svg-title-7' aria-describedby='av-svg-desc-7' role=\"graphics-symbol\">\n<title id='av-svg-title-7'>Dot-3<\/title>\n<desc id='av-svg-desc-7'>Dot-3<\/desc>\n<path d=\"M3.52 12.48q1.472 0 2.496 1.024t1.024 2.496q0 1.408-1.024 2.464t-2.496 1.056-2.496-1.056-1.024-2.464q0-1.472 1.024-2.496t2.496-1.024zM14.72 12.48q1.472 0 2.496 1.024t1.024 2.496q0 1.408-1.056 2.464t-2.464 1.056-2.464-1.056-1.056-2.464q0-1.472 1.024-2.496t2.496-1.024zM25.92 12.48q1.472 0 2.496 1.024t1.024 2.496q0 1.408-1.024 2.464t-2.496 1.056-2.496-1.056-1.024-2.464q0-1.472 1.024-2.496t2.496-1.024z\"><\/path>\n<\/svg><\/span><span class='hr-inner inner-border-av-border-thin'><span class=\"hr-inner-style\"><\/span><\/span><\/div><br \/>\n<section  class='av_textblock_section av-mek2njg8-5590240808e293f44f8fe88ac037dfd3 '   itemscope=\"itemscope\" itemtype=\"https:\/\/schema.org\/BlogPosting\" itemprop=\"blogPost\" ><div class='avia_textblock'  itemprop=\"text\" ><p>Zun\u00e4chst stellt sich die Frage, ob wir unsere Bienen \u00fcberhaupt f\u00fcttern sollen bzw. m\u00fcssen. Dies ist eigentlich immer mit Ja zu beantworten, da der von den Bienen gesammelte Honig oftmals nicht ausreicht, damit ein Bienenvolk den Winter \u00fcberlebt, und auch nicht immer f\u00fcr eine \u00dcberwinterung optimal ist (Waldhonig ist f\u00fcr die Bienen schwer verdaulich). Au\u00dferdem m\u00f6chten Imkerinnen und Imker f\u00fcr ihre Bem\u00fchungen auch mit etwas Honig entlohnt werden. Deshalb wird der wertvolle Honig durch g\u00fcnstigeres Zuckerwasser bzw. g\u00fcnstigeres Bienenfutter ersetzt oder erg\u00e4nzt. Da Honig aber auch f\u00fcr die Bienen wichtige Inhaltsstoffe enth\u00e4lt, belassen die Imkerinnen und Imker oftmals einen Teil des Honigs im Stock.<\/p>\n<h3>Wann muss gef\u00fcttert werden?<\/h3>\n<p>Sobald der Futtervorrat zur Neige geht, werden Bienenv\u00f6lker unruhig. Ein Wirtschaftsvolk sollte stets \u00fcber einen Restfuttervorrat von 5 bis 10 kg verf\u00fcgen, um auch Schlechtwetterphasen gut \u00fcberstehen zu k\u00f6nnen. Geht der Futtervorrat in einem Bienenvolk zur Neige, starten die Bienen ihr Notprogramm. Sie reduzieren ihre Brutt\u00e4tigkeit, r\u00e4umen die Brut aus den Zellen aus oder trennen sich von ihren m\u00e4nnlichen Artgenossen. Die Drohnen m\u00fcssen dann oftmals am Rande der Beute auf bessere Zeiten hoffen oder ihrem Lebensende entgegensehen. F\u00fcr den Imker sind solche Situationen jedoch bereits eine Katastrophe, da diese geschw\u00e4chten V\u00f6lker viel Pflege ben\u00f6tigen, um in der aktuellen Saison \u00fcberhaupt noch eine tragende Rolle spielen zu k\u00f6nnen.<\/p>\n<p>Jedes Bienenvolk ist aber unterschiedlich und auch die verschiedenen Bienenrassen (Dunkle Biene, Carnica-Biene) bzw. Hybridbienen (Buckfast-Biene) zeigen unterschiedliches Verhalten. So ist beispielsweise bei Carnica-V\u00f6lkern zu beobachten, dass diese gerne einen Futterkranz am Rand der R\u00e4hmchen behalten, w\u00e4hrend Buckfast-Bienen ihr Brutnest meist bis zum Rand der R\u00e4hmchen ausdehnen. V\u00f6lker von Carnica-Bienen und der Dunklen-Biene \u00fcberwintern in kleineren V\u00f6lkern als Buckfast-Bienen, haben l\u00e4ngere Brutpausen und ben\u00f6tigen dadurch auch weniger Winterfutter.<\/p>\n<p>Dies gilt es alles bei der Honigernte und beim anschlie\u00dfenden Einf\u00fcttern zu ber\u00fccksichtigen.<\/p>\n<p>Grunds\u00e4tzlich sollte immer abends gef\u00fcttert werden, um R\u00e4uberei zwischen den einzelnen Bienenst\u00f6cken zu vermeiden. Eine F\u00fctterung von oben ist ebenfalls zu bevorzugen. Mit entsprechendem Futtergeschirr, das sich auch wieder gut reinigen l\u00e4sst, kann dies sehr hygienisch erfolgen, ohne die Bienenv\u00f6lker selbst st\u00f6ren zu m\u00fcssen.<\/p>\n<p>Das Einf\u00fcttern der Bienenv\u00f6lker sollte bis Mitte\/Ende September, bei Einraumv\u00f6lkern bis Anfang Oktober, abgeschlossen sein, damit anschlie\u00dfend m\u00f6glichst ungest\u00f6rt langlebige Winterbienen mit einem gut ausgebildeten Fett-Eiwei\u00dfk\u00f6rper entstehen k\u00f6nnen. Ma\u00dfgeblich f\u00fcr die Langlebigkeit der Bienen ist, ob sie sich ihr ganzes Leben lang um die Brutpflege und das Futtersammeln k\u00fcmmern oder nur wenige Arbeiten im Stock ausf\u00fchren mussten. In letzterem Fall bleiben ihre Fettreserven erhalten und ihre Lebensdauer wird verl\u00e4ngert (6 Monate im Vergleich zu 4-5 Wochen).<\/p>\n<h3>Welche Menge an Winterfutter wird ben\u00f6tigt?<\/h3>\n<p>Das Futter im Bienenstock sollte jedenfalls bis zum kommenden April ausreichen (zu Beginn der Tracht sollte noch der Mindestvorrat von 5 kg Futter vorhanden sein). Ob es ausreichend sein wird, ist unter anderem von der Volksst\u00e4rke, der Betriebsweise, der jeweiligen Bienenrasse und den \u00f6rtlichen Gegebenheiten abh\u00e4ngig. Hier ist das Fingerspitzengef\u00fchl des Imkers gefragt. Er kontrolliert im Herbst die Futtervorr\u00e4te und greift gegebenenfalls noch steuernd ein.<\/p>\n<p>In Salzburg d\u00fcrfen Imker mit zweizargigem Salzburger-Einheitsma\u00df einen Futterbedarf von 25 kg\/Volk f\u00fcr Carnica-V\u00f6lker bei der Futterbestellung einkalkulieren, um selbst lange Winter ohne Notf\u00fctterung im Fr\u00fchjahr \u00fcberstehen zu k\u00f6nnen bzw. um auch kleine Reserven vorr\u00e4tig zu haben.<\/p>\n<p>Zus\u00e4tzliche Trachtquellen im Sp\u00e4tsommer oder Herbst k\u00f6nnen dazu f\u00fchren, dass weniger gef\u00fcttert werden muss als erwartet. Hier k\u00f6nnen insbesondere Felder mit Phacelia, die gerne als Gr\u00fcnd\u00fcngungspflanze eingesetzt wird und je nach Aussaatzeit von Juni bis zum ersten Frost bl\u00fcht, sowie Neophyten wie das dr\u00fcsige Springkraut, der japanische Staudenkn\u00f6terich und die kanadische Goldrute f\u00fcr sp\u00e4tes Futter im Jahr sorgen. Auch die Tanne kann noch mit einer sp\u00e4ten Waldtracht \u00fcberraschen. Auch wenn Neophyten kritisch betrachtet und deren Ausbreitung verhindert werden muss (siehe &#8222;<a href=\"https:\/\/imker-aigen.at\/index.php\/2023\/09\/15\/bedrohung-nimmt-zu\/\">Die Bedrohung durch gebietsfremde Arten nimmt zu<\/a>&#8222;), sind diese nat\u00fcrlichen Trachtquellen unseren menschlichen Futterl\u00f6sungen vorzuziehen.<\/p>\n<h3>Welches Futter ist geeignet?<\/h3>\n<p>Grunds\u00e4tzlich ist der von den Bienen selbst eingetragene Honig f\u00fcr die Bienen das beste Futter. Es gibt aber Ausnahmen, wo der von den Bienen eingetragene Honig von den Bienen nicht gut verdaut werden kann. Dies trifft insbesondere auf Waldhonig zu. Ist der Darm zu sehr belastet, m\u00fcssen die Bienen dann im Winter im Stock abkoten (Ruhr).<\/p>\n<p>Folgende Futtervarianten stehen zur Auwahl:<\/p>\n<ul>\n<li>Zuckerl\u00f6sungen<\/li>\n<li>Invertfutter<\/li>\n<li>Futterteig<\/li>\n<\/ul>\n<h4>Zuckerl\u00f6sungen<\/h4>\n<p>Zuckerl\u00f6sungen, auch L\u00e4uterzucker genannt, entstehen, wenn Kristallzucker (Saccharose) in Wasser aufgel\u00f6st wird. Durch langes Umr\u00fchren k\u00f6nnen die Zuckerkristalle weitgehend im Wasser aufgel\u00f6st werden. Durch zus\u00e4tzliches Erhitzen (max. 70 Grad Celsius) entsteht eine klare, homogene Fl\u00fcssigkeit. Wird aber zu stark erhitzt oder die Zuckerl\u00f6sung zu lange gelagert, steigt der HMF-Wert (Hydroxymethylfurfural), welcher ja bekanntlich f\u00fcr die Bienen sch\u00e4dlich ist.<\/p>\n<p>Unterschiedliche Mischungsverh\u00e4ltnisse von Zuckerl\u00f6sungen sind als Bienenfutter gebr\u00e4uchlich. Eine d\u00fcnne Zuckerwasser-Mischung im Verh\u00e4ltnis 1:1 (ein Teil Zucker auf einen Teil Wasser) und eine dickere Zuckerwasser-Mischung im Verh\u00e4ltnis 3:2 (drei Teile Zucker auf zwei Teile Wasser).<\/p>\n<ul>\n<li>1:1 (1 kg Zucker, 1 Liter Wasser) -&gt; 1,6 Liter Zuckerwasser -&gt; 1,2 kg fertiges Winterfutter<\/li>\n<li>3:2 (1 kg Zucker, 0,7 Liter Wasser) -&gt; 1,3 Liter Zuckerwasser -&gt; 1,2 kg fertiges Winterfutter<\/li>\n<\/ul>\n<p>Je d\u00fcnner die Zuckerwasser-Mischung ist, umso l\u00e4nger brauchen die Bienen um das Futter abzunehmen und um dem Futter das Wasser zu entziehen. D\u00fcnne Zuckerwasser-Mischungen werden auch als Reizf\u00fctterung bezeichnet, da die Bienen in Folge mehr bauen und mehr Brut anlegen. Reizf\u00fctterungen, die auch als Stimulationsf\u00fctterungen bezeichnet werden, finden eigentlich nur im Fr\u00fchjahr und Fr\u00fchsommer statt. In Imkerkreisen ist ihre Sinnhaftigkeit jedoch umstritten, da sie sehr unnat\u00fcrliche Trachtverh\u00e4ltnisse vort\u00e4uschen und die Bienenv\u00f6lker zu Zeitpunkten stark anwachsen lassen, zu denen die Natur noch nicht so weit fortgeschritten ist.<br \/>\nJe d\u00fcnner die Zuckerl\u00f6sung ist, umso h\u00f6her ist aber auch die Gefahr, dass die Zuckerl\u00f6sung verdirbt. Durch das Milchs\u00e4urebakterium Leuconostoc mesenteriodes (&#8222;Froschlaich-Bakterium&#8220;) wird die Zuckerl\u00f6sung in eine geleeartige Masse mit schleimigen F\u00e4den und Wolken verwandelt, welche in Folge von den Bienen nicht mehr abgenommen wird. Je d\u00fcnner gef\u00fcttert wird, umso kleiner m\u00fcssen die Futtermengen sein.<\/p>\n<p>Selbst hergestellte Zuckerl\u00f6sungen m\u00fcssen m\u00f6glichst k\u00fchl gelagert und in kleinen Mengen frisch verf\u00fcttert werden.<\/p>\n<p>Den f\u00fcr die Herstellung der Zuckerl\u00f6sung ben\u00f6tigten Zucker (nur wei\u00dfen Kristallzucker verwenden) sollte man am besten \u00fcber den <a href=\"https:\/\/imkerhof-salzburg.at\/\">Salzburger Imkerhof<\/a>, ein Lagerhaus oder einen Gro\u00dfh\u00e4ndler (z.B.: <a href=\"https:\/\/www.bioservice.at\/\">BioService Zach<\/a>) beziehen. Superm\u00e4rkte d\u00fcrfen nur haushalts\u00fcbliche Mengen an Zucker abgeben. Dabei k\u00f6nnen Superm\u00e4rkte selbst entscheiden, wie viele Produktexemplare sie als haushalts\u00fcbliche Menge definieren. Wenn man Zucker in Bio-Qualit\u00e4t erwerben m\u00f6chte, schr\u00e4nkt dies die m\u00f6glichen Bestellquellen weiter ein.\u00a0 Bei Bio-Zucker sollte man nat\u00fcrlich auf regionalen Bio-R\u00fcbenzucker achten. So mancher Imker hat bei einer Bio-Bestellung schon Rohrzucker aus \u00dcbersee erhalten.<\/p>\n<p>Imker, die ihre Bienen zus\u00e4tzlich verw\u00f6hnen m\u00f6chten, f\u00fcgen zum Anr\u00fchren der Zuckerl\u00f6sung auch einen Anteil Bienentee (nach Guido Sklenar, bekannter \u00f6sterreichischer Carnica-Z\u00fcchter) und eine kleine Menge unjodiertes Natursalz hinzu.<\/p>\n<h4>Invertfutter<\/h4>\n<p>Wird einer Zuckerl\u00f6sung zus\u00e4tzlich Zitronensaft oder Weins\u00e4ure beigemengt, zerf\u00e4llt die Saccharose in ihre Bestandteile Glukose (Traubenzucker) und Fruktose (Fruchtzucker). Diesen Vorgang nennt man Inversion (die Drehrichtung des polarisierten Lichts durch die L\u00f6sung kehrt sich um). Der entstehende Invertzucker bleibt in Folge s\u00fc\u00dfer und fl\u00fcssiger als normaler Zucker. Dieser Vorgang findet im Bienenstock auf nat\u00fcrliche Weise statt: Die Bienen mischen dem gesammelten Nektar das Enzym Invertase bei und verwandeln ihn so in Honig. Bei Verwendung von Invertfutter brauchen die Bienen kaum Enzymarbeit zu leisten und sparen dadurch Energie.<br \/>\nInvertfutter ist durch die Inversion aber noch anf\u00e4lliger f\u00fcr HMF-Bildung. Bei Invertfutter sollte man stets auf industriell hergestelltes Bienenfutter (<a href=\"https:\/\/www.beefeed.com\/de\/apiinvert\/\">APIinvert<\/a>, <a href=\"https:\/\/www.ambrosia.eu\/de\/\">Ambrosia<\/a>, etc.) zur\u00fcckgreifen, da dessen Hersteller besonders darauf achten, dass der HMF-Wert extrem niedrig bleibt (unter 10 mg\/kg), keine \u00fcberm\u00e4\u00dfige S\u00e4ure f\u00fcr die Herstellung verwendet wird, es bienenschonend und lagerstabil ist. Bei der eigenen Herstellung von Invertfutter ohne Enzyme w\u00fcrden Abbauprodukte entstehen, die den Bienen schaden. Au\u00dferdem wird vermutlich kein honig\u00e4hnlicher pH-Wert erreicht werden.<\/p>\n<p>Dadurch ist dieses Invertfutter nat\u00fcrlich auch teurer als selbstgemachte Zuckerl\u00f6sungen.<\/p>\n<ul>\n<li>14 kg APIinvert Eimer -&gt; 10,2 Liter Fl\u00fcssigkeit<\/li>\n<li>1 Liter APIinvert -&gt; 1 Liter fertiges Winterfutter<\/li>\n<\/ul>\n<p>Seit ein paar Jahren gibt es als Alternative zu fertigem Invertfutter auch die M\u00f6glichkeit, durch Hinzuf\u00fcgen einer L\u00f6sung (InvertoFix, auch in BioQualit\u00e4t erh\u00e4ltlich) zu einer Zuckerl\u00f6sung (im Verh\u00e4ltnis 1:1 oder 3:2) selbst Invertfutter herzustellen.<\/p>\n<h4>Futterteig<\/h4>\n<p>Kleine Begattungseinheiten (Apideas, Miniplus) f\u00fcttert man am besten mit Futterteig, welchen man von oben auflegt. Damit verhindert man R\u00e4uberei. Sobald die V\u00f6lker in diesen kleinen Einheiten wachsen, kann dann auch fl\u00fcssig gef\u00fcttert werden um den Ausbau der Mittelw\u00e4nde zu beschleunigen. Im Gegensatz zu fl\u00fcssigem Futter hemmt Futterteig den Bautrieb. Egal ob dieser im Fr\u00fchjahr oder im Herbst auf die Bienenv\u00f6lker aufgelegt wird. Im Herbst sollte man bei der Verwendung von Futterteig auch darauf achten, dass die Wespen nicht angelockt werden.<\/p>\n<p>Am besten funktioniert Futterteig, welcher aus Honig und Staubzucker selbst hergestellt wurde. Da nur sehr wenige Imker \u00fcber ausreichend starke K\u00fcchenhilfsmittel (Teigknetmaschinen) verf\u00fcgen, ist nat\u00fcrlich auch die Verwendung von fertigen Futterteigen (z.B.: APIfonda von S\u00fcdzucker) m\u00f6glich. Dabei sollte darauf geachtet werden, dass diese so nat\u00fcrlich wie m\u00f6glich sind. Ob Futterteige mit Pollenzus\u00e4tzen (aus fremden L\u00e4ndern) oder anderen Beimengungen eingesetzt werden, muss jeder Imker f\u00fcr sich selbst und seine Bienen entscheiden.<\/p>\n<p>Wenn mit Futterteig gef\u00fcttert wird, sollte auch darauf geachtet werden, dass die Bienen Wasser aus einer nahegelegenen Wasserstelle holen k\u00f6nnen.<\/p>\n<h3>Res\u00fcmee<\/h3>\n<p>Unmittelbar nach der Honigernte muss eingef\u00fcttert werden, um bis Ende September\/Anfang Oktober einen ausreichenden Wintervorrat zu gew\u00e4hrleisten. Ob man Invertfutter oder selbst hergestellte Zuckerl\u00f6sungen verwendet, ist letztlich eine Frage der pers\u00f6nlichen Vorlieben und der Kosten, die man zu tragen bereit ist. Auch das Mischungsverh\u00e4ltnis und die genaue Zusammensetzung der Zuckerl\u00f6sung sind variabel (1:1, 3:2, mit oder ohne Bienentee, erw\u00e4rmt oder kalt ger\u00fchrt). Es ist wichtig, dass sich die Imkerinnen und Imker rechtzeitig um eine ausreichende Futterversorgung ihrer Bienen k\u00fcmmern. So k\u00f6nnen sie R\u00e4uberei ihrer Bienen bei Nachbarstandorten verhindern. Kein Imker m\u00f6chte zusehen, wie seine m\u00fchsam aufgef\u00fctterten Bienenv\u00f6lker wieder ausgeraubt werden. Das rechtzeitige Einf\u00fcttern ist auch notwendig, damit die Bienen gen\u00fcgend Zeit haben, das Futter in der von ihnen ben\u00f6tigten und gew\u00fcnschten Form einzulagern.<\/p>\n<p>Imker sollten bei fertigen Futterl\u00f6sungen stets darauf achten, wo diese Produkte hergestellt werden und welche Inhaltsstoffe verwendet werden. Auch wenn die Zubereitung einer Zuckerl\u00f6sung etwas aufwendiger ist, kann damit eine m\u00f6glichst nat\u00fcrliche F\u00fctterung mit heimischen Produkten (auch in Bio-Qualit\u00e4t) erreicht werden. Zudem wird verhindert, dass unsere Bienen mit unerw\u00fcnschten Zusatzstoffen (Haltbarkeitsmitteln etc.) in Ber\u00fchrung kommen.<\/p>\n<h3>Weiterf\u00fchrende Links<\/h3>\n<ul>\n<li><a href=\"https:\/\/de.wikipedia.org\/wiki\/Bienentee\">Bienentee nach Guido Sklenar<\/a><\/li>\n<li><a href=\"https:\/\/www.bioservice.at\/\">BioService Zach GmbH<\/a><\/li>\n<li><a href=\"https:\/\/imkerhof-salzburg.at\/shop\/wp-content\/uploads\/2021\/07\/InvertoFix-flyer-DE-v1.pdf\">InvertoFix &#8211; Produktflyer<\/a><\/li>\n<li><a href=\"https:\/\/www.beefeed.com\/de\/apiinvert\/\">APIinvert von S\u00fcdzucker<\/a><\/li>\n<li><a href=\"https:\/\/www.ambrosia.eu\/de\/\">Ambroisa von Nordzucker<\/a><\/li>\n<li><a href=\"https:\/\/www.agrana.com\/fileadmin\/inhalte\/agrana_group\/folders%20and%20brochures\/AGRANA_Bienenfutter_Brosch%C3%BCre_Mailversion.pdf\">Agrana Bienenfutter &#8211; Flyer<\/a><\/li>\n<\/ul>\n<\/div><\/section><br \/>\n<div  class='av-social-sharing-box av-3jeq97-e7b186ed17606da03207ff12e420fb04 av-social-sharing-box-default  avia-builder-el-5  el_after_av_textblock  el_before_av_comments_list  av-social-sharing-box-fullwidth'><div class=\"av-share-box\"><h5 class='av-share-link-description av-no-toc '>Eintrag teilen<\/h5><ul class=\"av-share-box-list noLightbox\"><li class='av-share-link av-social-link-facebook avia_social_iconfont' ><a target=\"_blank\" aria-label=\"Teilen auf Facebook\" href='https:\/\/www.facebook.com\/sharer.php?u=https:\/\/imker-aigen.at\/index.php\/2025\/08\/20\/bienen-richtig-fuettern-nach-der-honigernte\/&#038;t=Bienen%20richtig%20f%C3%BCttern%20nach%20der%20Honigernte' data-av_icon='\ue8f3' data-av_iconfont='entypo-fontello'  title='' data-avia-related-tooltip='Teilen auf Facebook'><span class='avia_hidden_link_text'>Teilen auf Facebook<\/span><\/a><\/li><li class='av-share-link av-social-link-twitter avia_social_iconfont' ><a target=\"_blank\" aria-label=\"Teilen auf X\" href='https:\/\/twitter.com\/share?text=Bienen%20richtig%20f%C3%BCttern%20nach%20der%20Honigernte&#038;url=https:\/\/imker-aigen.at\/?p=8443' data-av_icon='\ue932' data-av_iconfont='entypo-fontello'  title='' data-avia-related-tooltip='Teilen auf X'><span class='avia_hidden_link_text'>Teilen auf X<\/span><\/a><\/li><li class='av-share-link av-social-link-whatsapp avia_social_iconfont' ><a target=\"_blank\" aria-label=\"Teilen auf WhatsApp\" href='https:\/\/api.whatsapp.com\/send?text=https:\/\/imker-aigen.at\/index.php\/2025\/08\/20\/bienen-richtig-fuettern-nach-der-honigernte\/' data-av_icon='\uf232' data-av_iconfont='entypo-fontello'  title='' data-avia-related-tooltip='Teilen auf WhatsApp'><span class='avia_hidden_link_text'>Teilen auf WhatsApp<\/span><\/a><\/li><li class='av-share-link av-social-link-pinterest avia_social_iconfont' ><a target=\"_blank\" aria-label=\"Teilen auf Pinterest\" href='https:\/\/pinterest.com\/pin\/create\/button\/?url=https%3A%2F%2Fimker-aigen.at%2Findex.php%2F2025%2F08%2F20%2Fbienen-richtig-fuettern-nach-der-honigernte%2F&#038;description=Bienen%20richtig%20f%C3%BCttern%20nach%20der%20Honigernte&#038;media=https%3A%2F%2Fimker-aigen.at%2Fwp-content%2Fuploads%2F2025%2F08%2Fbrutnest_1024_768-705x529.jpg' data-av_icon='\ue8f8' data-av_iconfont='entypo-fontello'  title='' data-avia-related-tooltip='Teilen auf Pinterest'><span class='avia_hidden_link_text'>Teilen auf Pinterest<\/span><\/a><\/li><li class='av-share-link av-social-link-linkedin avia_social_iconfont' ><a target=\"_blank\" aria-label=\"Teilen auf LinkedIn\" href='https:\/\/linkedin.com\/shareArticle?mini=true&#038;title=Bienen%20richtig%20f%C3%BCttern%20nach%20der%20Honigernte&#038;url=https:\/\/imker-aigen.at\/index.php\/2025\/08\/20\/bienen-richtig-fuettern-nach-der-honigernte\/' data-av_icon='\ue8fc' data-av_iconfont='entypo-fontello'  title='' data-avia-related-tooltip='Teilen auf LinkedIn'><span class='avia_hidden_link_text'>Teilen auf LinkedIn<\/span><\/a><\/li><li class='av-share-link av-social-link-reddit avia_social_iconfont' ><a target=\"_blank\" aria-label=\"Teilen auf Reddit\" href='https:\/\/reddit.com\/submit?url=https:\/\/imker-aigen.at\/index.php\/2025\/08\/20\/bienen-richtig-fuettern-nach-der-honigernte\/&#038;title=Bienen%20richtig%20f%C3%BCttern%20nach%20der%20Honigernte' data-av_icon='\ue927' data-av_iconfont='entypo-fontello'  title='' data-avia-related-tooltip='Teilen auf Reddit'><span class='avia_hidden_link_text'>Teilen auf Reddit<\/span><\/a><\/li><li class='av-share-link av-social-link-mail avia_social_iconfont' ><a  aria-label=\"Per E-Mail teilen\" href='mailto:?subject=Bienen%20richtig%20f%C3%BCttern%20nach%20der%20Honigernte&#038;body=https:\/\/imker-aigen.at\/index.php\/2025\/08\/20\/bienen-richtig-fuettern-nach-der-honigernte\/' data-av_icon='\ue805' data-av_iconfont='entypo-fontello'  title='' data-avia-related-tooltip='Per E-Mail teilen'><span class='avia_hidden_link_text'>Per E-Mail teilen<\/span><\/a><\/li><\/ul><\/div><\/div><br \/>\n<div  class='av-buildercomment av-27zc7f-0f997000c28d11c39cca10ae5453b3bd'><\/div><\/p><\/div>\n","protected":false},"excerpt":{"rendered":"","protected":false},"author":1,"featured_media":8505,"comment_status":"open","ping_status":"closed","sticky":false,"template":"","format":"standard","meta":{"footnotes":""},"categories":[19,2],"tags":[433,431,428,427,435,429,425,430,424,432,426,423],"class_list":["post-8443","post","type-post","status-publish","format-standard","has-post-thumbnail","hentry","category-knowledge","category-news","tag-agrana","tag-ambrosia","tag-apifonda","tag-apiinvert","tag-bienenfutter","tag-futterteig","tag-fuetterung","tag-invertase","tag-invertfutter","tag-invertofix","tag-winterfutter","tag-zuckerloesung"],"yoast_head":"<!-- This site is optimized with the Yoast SEO plugin v27.4 - https:\/\/yoast.com\/product\/yoast-seo-wordpress\/ -->\n<title>Bienen richtig f\u00fcttern nach der Honigernte - Imker Ortsgruppe Salzburg Aigen<\/title>\n<meta name=\"description\" content=\"Wie werden Bienen nach der Honigernte richtig gef\u00fcttert und auf den Winter vorbereitet? Was gilt es zu beachten?\" \/>\n<meta name=\"robots\" content=\"index, follow, max-snippet:-1, max-image-preview:large, max-video-preview:-1\" \/>\n<link rel=\"canonical\" href=\"https:\/\/imker-aigen.at\/index.php\/2025\/08\/20\/bienen-richtig-fuettern-nach-der-honigernte\/\" \/>\n<meta property=\"og:locale\" content=\"de_DE\" \/>\n<meta property=\"og:type\" content=\"article\" \/>\n<meta property=\"og:title\" content=\"Bienen richtig f\u00fcttern nach der Honigernte - Imker Ortsgruppe Salzburg Aigen\" \/>\n<meta property=\"og:description\" content=\"Wie werden Bienen nach der Honigernte richtig gef\u00fcttert und auf den Winter vorbereitet? Was gilt es zu beachten?\" \/>\n<meta property=\"og:url\" content=\"https:\/\/imker-aigen.at\/index.php\/2025\/08\/20\/bienen-richtig-fuettern-nach-der-honigernte\/\" \/>\n<meta property=\"og:site_name\" content=\"Imker Ortsgruppe Salzburg Aigen\" \/>\n<meta property=\"article:published_time\" content=\"2025-08-20T14:27:03+00:00\" \/>\n<meta property=\"article:modified_time\" content=\"2025-08-22T08:39:14+00:00\" \/>\n<meta property=\"og:image\" content=\"https:\/\/imker-aigen.at\/wp-content\/uploads\/2025\/08\/brutnest_1024_768.jpg\" \/>\n\t<meta property=\"og:image:width\" content=\"1024\" \/>\n\t<meta property=\"og:image:height\" content=\"768\" \/>\n\t<meta property=\"og:image:type\" content=\"image\/jpeg\" \/>\n<meta name=\"author\" content=\"admin\" \/>\n<meta name=\"twitter:card\" content=\"summary_large_image\" \/>\n<meta name=\"twitter:label1\" content=\"Verfasst von\" \/>\n\t<meta name=\"twitter:data1\" content=\"admin\" \/>\n\t<meta name=\"twitter:label2\" content=\"Gesch\u00e4tzte Lesezeit\" \/>\n\t<meta name=\"twitter:data2\" content=\"11\u00a0Minuten\" \/>\n<script type=\"application\/ld+json\" class=\"yoast-schema-graph\">{\"@context\":\"https:\\\/\\\/schema.org\",\"@graph\":[{\"@type\":\"Article\",\"@id\":\"https:\\\/\\\/imker-aigen.at\\\/index.php\\\/2025\\\/08\\\/20\\\/bienen-richtig-fuettern-nach-der-honigernte\\\/#article\",\"isPartOf\":{\"@id\":\"https:\\\/\\\/imker-aigen.at\\\/index.php\\\/2025\\\/08\\\/20\\\/bienen-richtig-fuettern-nach-der-honigernte\\\/\"},\"author\":{\"name\":\"admin\",\"@id\":\"https:\\\/\\\/imker-aigen.at\\\/#\\\/schema\\\/person\\\/d7d0c3a8ef6f051d450781218ac83077\"},\"headline\":\"Bienen richtig f\u00fcttern nach der Honigernte\",\"datePublished\":\"2025-08-20T14:27:03+00:00\",\"dateModified\":\"2025-08-22T08:39:14+00:00\",\"mainEntityOfPage\":{\"@id\":\"https:\\\/\\\/imker-aigen.at\\\/index.php\\\/2025\\\/08\\\/20\\\/bienen-richtig-fuettern-nach-der-honigernte\\\/\"},\"wordCount\":2947,\"commentCount\":0,\"publisher\":{\"@id\":\"https:\\\/\\\/imker-aigen.at\\\/#organization\"},\"image\":{\"@id\":\"https:\\\/\\\/imker-aigen.at\\\/index.php\\\/2025\\\/08\\\/20\\\/bienen-richtig-fuettern-nach-der-honigernte\\\/#primaryimage\"},\"thumbnailUrl\":\"https:\\\/\\\/imker-aigen.at\\\/wp-content\\\/uploads\\\/2025\\\/08\\\/brutnest_1024_768.jpg\",\"keywords\":[\"Agrana\",\"Ambrosia\",\"APIfonda\",\"APIinvert\",\"Bienenfutter\",\"Futterteig\",\"F\u00fctterung\",\"Invertase\",\"Invertfutter\",\"InvertoFix\",\"Winterfutter\",\"Zuckerl\u00f6sung\"],\"articleSection\":[\"Knowledge\",\"News\"],\"inLanguage\":\"de\",\"potentialAction\":[{\"@type\":\"CommentAction\",\"name\":\"Comment\",\"target\":[\"https:\\\/\\\/imker-aigen.at\\\/index.php\\\/2025\\\/08\\\/20\\\/bienen-richtig-fuettern-nach-der-honigernte\\\/#respond\"]}]},{\"@type\":\"WebPage\",\"@id\":\"https:\\\/\\\/imker-aigen.at\\\/index.php\\\/2025\\\/08\\\/20\\\/bienen-richtig-fuettern-nach-der-honigernte\\\/\",\"url\":\"https:\\\/\\\/imker-aigen.at\\\/index.php\\\/2025\\\/08\\\/20\\\/bienen-richtig-fuettern-nach-der-honigernte\\\/\",\"name\":\"Bienen richtig f\u00fcttern nach der Honigernte - Imker Ortsgruppe Salzburg Aigen\",\"isPartOf\":{\"@id\":\"https:\\\/\\\/imker-aigen.at\\\/#website\"},\"primaryImageOfPage\":{\"@id\":\"https:\\\/\\\/imker-aigen.at\\\/index.php\\\/2025\\\/08\\\/20\\\/bienen-richtig-fuettern-nach-der-honigernte\\\/#primaryimage\"},\"image\":{\"@id\":\"https:\\\/\\\/imker-aigen.at\\\/index.php\\\/2025\\\/08\\\/20\\\/bienen-richtig-fuettern-nach-der-honigernte\\\/#primaryimage\"},\"thumbnailUrl\":\"https:\\\/\\\/imker-aigen.at\\\/wp-content\\\/uploads\\\/2025\\\/08\\\/brutnest_1024_768.jpg\",\"datePublished\":\"2025-08-20T14:27:03+00:00\",\"dateModified\":\"2025-08-22T08:39:14+00:00\",\"description\":\"Wie werden Bienen nach der Honigernte richtig gef\u00fcttert und auf den Winter vorbereitet? Was gilt es zu beachten?\",\"breadcrumb\":{\"@id\":\"https:\\\/\\\/imker-aigen.at\\\/index.php\\\/2025\\\/08\\\/20\\\/bienen-richtig-fuettern-nach-der-honigernte\\\/#breadcrumb\"},\"inLanguage\":\"de\",\"potentialAction\":[{\"@type\":\"ReadAction\",\"target\":[\"https:\\\/\\\/imker-aigen.at\\\/index.php\\\/2025\\\/08\\\/20\\\/bienen-richtig-fuettern-nach-der-honigernte\\\/\"]}]},{\"@type\":\"ImageObject\",\"inLanguage\":\"de\",\"@id\":\"https:\\\/\\\/imker-aigen.at\\\/index.php\\\/2025\\\/08\\\/20\\\/bienen-richtig-fuettern-nach-der-honigernte\\\/#primaryimage\",\"url\":\"https:\\\/\\\/imker-aigen.at\\\/wp-content\\\/uploads\\\/2025\\\/08\\\/brutnest_1024_768.jpg\",\"contentUrl\":\"https:\\\/\\\/imker-aigen.at\\\/wp-content\\\/uploads\\\/2025\\\/08\\\/brutnest_1024_768.jpg\",\"width\":1024,\"height\":768},{\"@type\":\"BreadcrumbList\",\"@id\":\"https:\\\/\\\/imker-aigen.at\\\/index.php\\\/2025\\\/08\\\/20\\\/bienen-richtig-fuettern-nach-der-honigernte\\\/#breadcrumb\",\"itemListElement\":[{\"@type\":\"ListItem\",\"position\":1,\"name\":\"Startseite\",\"item\":\"https:\\\/\\\/imker-aigen.at\\\/index.php\\\/home\\\/\"},{\"@type\":\"ListItem\",\"position\":2,\"name\":\"Bienen richtig f\u00fcttern nach der Honigernte\"}]},{\"@type\":\"WebSite\",\"@id\":\"https:\\\/\\\/imker-aigen.at\\\/#website\",\"url\":\"https:\\\/\\\/imker-aigen.at\\\/\",\"name\":\"Imker Ortsgruppe Salzburg Aigen\",\"description\":\"Homepage der Imker-Ortsgruppe Salzburg Aigen\",\"publisher\":{\"@id\":\"https:\\\/\\\/imker-aigen.at\\\/#organization\"},\"potentialAction\":[{\"@type\":\"SearchAction\",\"target\":{\"@type\":\"EntryPoint\",\"urlTemplate\":\"https:\\\/\\\/imker-aigen.at\\\/?s={search_term_string}\"},\"query-input\":{\"@type\":\"PropertyValueSpecification\",\"valueRequired\":true,\"valueName\":\"search_term_string\"}}],\"inLanguage\":\"de\"},{\"@type\":\"Organization\",\"@id\":\"https:\\\/\\\/imker-aigen.at\\\/#organization\",\"name\":\"Imker Ortsgruppe Salzburg Aigen\",\"url\":\"https:\\\/\\\/imker-aigen.at\\\/\",\"logo\":{\"@type\":\"ImageObject\",\"inLanguage\":\"de\",\"@id\":\"https:\\\/\\\/imker-aigen.at\\\/#\\\/schema\\\/logo\\\/image\\\/\",\"url\":\"https:\\\/\\\/imker-aigen.at\\\/wp-content\\\/uploads\\\/2022\\\/08\\\/logo-1.png\",\"contentUrl\":\"https:\\\/\\\/imker-aigen.at\\\/wp-content\\\/uploads\\\/2022\\\/08\\\/logo-1.png\",\"width\":392,\"height\":156,\"caption\":\"Imker Ortsgruppe Salzburg Aigen\"},\"image\":{\"@id\":\"https:\\\/\\\/imker-aigen.at\\\/#\\\/schema\\\/logo\\\/image\\\/\"}},{\"@type\":\"Person\",\"@id\":\"https:\\\/\\\/imker-aigen.at\\\/#\\\/schema\\\/person\\\/d7d0c3a8ef6f051d450781218ac83077\",\"name\":\"admin\",\"image\":{\"@type\":\"ImageObject\",\"inLanguage\":\"de\",\"@id\":\"https:\\\/\\\/secure.gravatar.com\\\/avatar\\\/925a7e918efd3cfdae29be9c0018a3ae3275cd0444a6e166241172bb6e5243c7?s=96&d=mm&r=g\",\"url\":\"https:\\\/\\\/secure.gravatar.com\\\/avatar\\\/925a7e918efd3cfdae29be9c0018a3ae3275cd0444a6e166241172bb6e5243c7?s=96&d=mm&r=g\",\"contentUrl\":\"https:\\\/\\\/secure.gravatar.com\\\/avatar\\\/925a7e918efd3cfdae29be9c0018a3ae3275cd0444a6e166241172bb6e5243c7?s=96&d=mm&r=g\",\"caption\":\"admin\"},\"sameAs\":[\"https:\\\/\\\/imker-aigen.at\",\"linkedin.com\\\/in\\\/bernd-meierhofer-5919b62\"],\"url\":\"https:\\\/\\\/imker-aigen.at\\\/index.php\\\/author\\\/bmeierhofer\\\/\"}]}<\/script>\n<!-- \/ Yoast SEO plugin. -->","yoast_head_json":{"title":"Bienen richtig f\u00fcttern nach der Honigernte - Imker Ortsgruppe Salzburg Aigen","description":"Wie werden Bienen nach der Honigernte richtig gef\u00fcttert und auf den Winter vorbereitet? Was gilt es zu beachten?","robots":{"index":"index","follow":"follow","max-snippet":"max-snippet:-1","max-image-preview":"max-image-preview:large","max-video-preview":"max-video-preview:-1"},"canonical":"https:\/\/imker-aigen.at\/index.php\/2025\/08\/20\/bienen-richtig-fuettern-nach-der-honigernte\/","og_locale":"de_DE","og_type":"article","og_title":"Bienen richtig f\u00fcttern nach der Honigernte - Imker Ortsgruppe Salzburg Aigen","og_description":"Wie werden Bienen nach der Honigernte richtig gef\u00fcttert und auf den Winter vorbereitet? Was gilt es zu beachten?","og_url":"https:\/\/imker-aigen.at\/index.php\/2025\/08\/20\/bienen-richtig-fuettern-nach-der-honigernte\/","og_site_name":"Imker Ortsgruppe Salzburg Aigen","article_published_time":"2025-08-20T14:27:03+00:00","article_modified_time":"2025-08-22T08:39:14+00:00","og_image":[{"width":1024,"height":768,"url":"https:\/\/imker-aigen.at\/wp-content\/uploads\/2025\/08\/brutnest_1024_768.jpg","type":"image\/jpeg"}],"author":"admin","twitter_card":"summary_large_image","twitter_misc":{"Verfasst von":"admin","Gesch\u00e4tzte Lesezeit":"11\u00a0Minuten"},"schema":{"@context":"https:\/\/schema.org","@graph":[{"@type":"Article","@id":"https:\/\/imker-aigen.at\/index.php\/2025\/08\/20\/bienen-richtig-fuettern-nach-der-honigernte\/#article","isPartOf":{"@id":"https:\/\/imker-aigen.at\/index.php\/2025\/08\/20\/bienen-richtig-fuettern-nach-der-honigernte\/"},"author":{"name":"admin","@id":"https:\/\/imker-aigen.at\/#\/schema\/person\/d7d0c3a8ef6f051d450781218ac83077"},"headline":"Bienen richtig f\u00fcttern nach der Honigernte","datePublished":"2025-08-20T14:27:03+00:00","dateModified":"2025-08-22T08:39:14+00:00","mainEntityOfPage":{"@id":"https:\/\/imker-aigen.at\/index.php\/2025\/08\/20\/bienen-richtig-fuettern-nach-der-honigernte\/"},"wordCount":2947,"commentCount":0,"publisher":{"@id":"https:\/\/imker-aigen.at\/#organization"},"image":{"@id":"https:\/\/imker-aigen.at\/index.php\/2025\/08\/20\/bienen-richtig-fuettern-nach-der-honigernte\/#primaryimage"},"thumbnailUrl":"https:\/\/imker-aigen.at\/wp-content\/uploads\/2025\/08\/brutnest_1024_768.jpg","keywords":["Agrana","Ambrosia","APIfonda","APIinvert","Bienenfutter","Futterteig","F\u00fctterung","Invertase","Invertfutter","InvertoFix","Winterfutter","Zuckerl\u00f6sung"],"articleSection":["Knowledge","News"],"inLanguage":"de","potentialAction":[{"@type":"CommentAction","name":"Comment","target":["https:\/\/imker-aigen.at\/index.php\/2025\/08\/20\/bienen-richtig-fuettern-nach-der-honigernte\/#respond"]}]},{"@type":"WebPage","@id":"https:\/\/imker-aigen.at\/index.php\/2025\/08\/20\/bienen-richtig-fuettern-nach-der-honigernte\/","url":"https:\/\/imker-aigen.at\/index.php\/2025\/08\/20\/bienen-richtig-fuettern-nach-der-honigernte\/","name":"Bienen richtig f\u00fcttern nach der Honigernte - Imker Ortsgruppe Salzburg Aigen","isPartOf":{"@id":"https:\/\/imker-aigen.at\/#website"},"primaryImageOfPage":{"@id":"https:\/\/imker-aigen.at\/index.php\/2025\/08\/20\/bienen-richtig-fuettern-nach-der-honigernte\/#primaryimage"},"image":{"@id":"https:\/\/imker-aigen.at\/index.php\/2025\/08\/20\/bienen-richtig-fuettern-nach-der-honigernte\/#primaryimage"},"thumbnailUrl":"https:\/\/imker-aigen.at\/wp-content\/uploads\/2025\/08\/brutnest_1024_768.jpg","datePublished":"2025-08-20T14:27:03+00:00","dateModified":"2025-08-22T08:39:14+00:00","description":"Wie werden Bienen nach der Honigernte richtig gef\u00fcttert und auf den Winter vorbereitet? Was gilt es zu beachten?","breadcrumb":{"@id":"https:\/\/imker-aigen.at\/index.php\/2025\/08\/20\/bienen-richtig-fuettern-nach-der-honigernte\/#breadcrumb"},"inLanguage":"de","potentialAction":[{"@type":"ReadAction","target":["https:\/\/imker-aigen.at\/index.php\/2025\/08\/20\/bienen-richtig-fuettern-nach-der-honigernte\/"]}]},{"@type":"ImageObject","inLanguage":"de","@id":"https:\/\/imker-aigen.at\/index.php\/2025\/08\/20\/bienen-richtig-fuettern-nach-der-honigernte\/#primaryimage","url":"https:\/\/imker-aigen.at\/wp-content\/uploads\/2025\/08\/brutnest_1024_768.jpg","contentUrl":"https:\/\/imker-aigen.at\/wp-content\/uploads\/2025\/08\/brutnest_1024_768.jpg","width":1024,"height":768},{"@type":"BreadcrumbList","@id":"https:\/\/imker-aigen.at\/index.php\/2025\/08\/20\/bienen-richtig-fuettern-nach-der-honigernte\/#breadcrumb","itemListElement":[{"@type":"ListItem","position":1,"name":"Startseite","item":"https:\/\/imker-aigen.at\/index.php\/home\/"},{"@type":"ListItem","position":2,"name":"Bienen richtig f\u00fcttern nach der Honigernte"}]},{"@type":"WebSite","@id":"https:\/\/imker-aigen.at\/#website","url":"https:\/\/imker-aigen.at\/","name":"Imker Ortsgruppe Salzburg Aigen","description":"Homepage der Imker-Ortsgruppe Salzburg Aigen","publisher":{"@id":"https:\/\/imker-aigen.at\/#organization"},"potentialAction":[{"@type":"SearchAction","target":{"@type":"EntryPoint","urlTemplate":"https:\/\/imker-aigen.at\/?s={search_term_string}"},"query-input":{"@type":"PropertyValueSpecification","valueRequired":true,"valueName":"search_term_string"}}],"inLanguage":"de"},{"@type":"Organization","@id":"https:\/\/imker-aigen.at\/#organization","name":"Imker Ortsgruppe Salzburg Aigen","url":"https:\/\/imker-aigen.at\/","logo":{"@type":"ImageObject","inLanguage":"de","@id":"https:\/\/imker-aigen.at\/#\/schema\/logo\/image\/","url":"https:\/\/imker-aigen.at\/wp-content\/uploads\/2022\/08\/logo-1.png","contentUrl":"https:\/\/imker-aigen.at\/wp-content\/uploads\/2022\/08\/logo-1.png","width":392,"height":156,"caption":"Imker Ortsgruppe Salzburg Aigen"},"image":{"@id":"https:\/\/imker-aigen.at\/#\/schema\/logo\/image\/"}},{"@type":"Person","@id":"https:\/\/imker-aigen.at\/#\/schema\/person\/d7d0c3a8ef6f051d450781218ac83077","name":"admin","image":{"@type":"ImageObject","inLanguage":"de","@id":"https:\/\/secure.gravatar.com\/avatar\/925a7e918efd3cfdae29be9c0018a3ae3275cd0444a6e166241172bb6e5243c7?s=96&d=mm&r=g","url":"https:\/\/secure.gravatar.com\/avatar\/925a7e918efd3cfdae29be9c0018a3ae3275cd0444a6e166241172bb6e5243c7?s=96&d=mm&r=g","contentUrl":"https:\/\/secure.gravatar.com\/avatar\/925a7e918efd3cfdae29be9c0018a3ae3275cd0444a6e166241172bb6e5243c7?s=96&d=mm&r=g","caption":"admin"},"sameAs":["https:\/\/imker-aigen.at","linkedin.com\/in\/bernd-meierhofer-5919b62"],"url":"https:\/\/imker-aigen.at\/index.php\/author\/bmeierhofer\/"}]}},"_links":{"self":[{"href":"https:\/\/imker-aigen.at\/index.php\/wp-json\/wp\/v2\/posts\/8443","targetHints":{"allow":["GET"]}}],"collection":[{"href":"https:\/\/imker-aigen.at\/index.php\/wp-json\/wp\/v2\/posts"}],"about":[{"href":"https:\/\/imker-aigen.at\/index.php\/wp-json\/wp\/v2\/types\/post"}],"author":[{"embeddable":true,"href":"https:\/\/imker-aigen.at\/index.php\/wp-json\/wp\/v2\/users\/1"}],"replies":[{"embeddable":true,"href":"https:\/\/imker-aigen.at\/index.php\/wp-json\/wp\/v2\/comments?post=8443"}],"version-history":[{"count":52,"href":"https:\/\/imker-aigen.at\/index.php\/wp-json\/wp\/v2\/posts\/8443\/revisions"}],"predecessor-version":[{"id":8512,"href":"https:\/\/imker-aigen.at\/index.php\/wp-json\/wp\/v2\/posts\/8443\/revisions\/8512"}],"wp:featuredmedia":[{"embeddable":true,"href":"https:\/\/imker-aigen.at\/index.php\/wp-json\/wp\/v2\/media\/8505"}],"wp:attachment":[{"href":"https:\/\/imker-aigen.at\/index.php\/wp-json\/wp\/v2\/media?parent=8443"}],"wp:term":[{"taxonomy":"category","embeddable":true,"href":"https:\/\/imker-aigen.at\/index.php\/wp-json\/wp\/v2\/categories?post=8443"},{"taxonomy":"post_tag","embeddable":true,"href":"https:\/\/imker-aigen.at\/index.php\/wp-json\/wp\/v2\/tags?post=8443"}],"curies":[{"name":"wp","href":"https:\/\/api.w.org\/{rel}","templated":true}]}}