{"id":851,"date":"2022-08-31T09:51:21","date_gmt":"2022-08-31T09:51:21","guid":{"rendered":"https:\/\/imker-aigen.at\/test\/?p=851"},"modified":"2026-03-02T14:55:49","modified_gmt":"2026-03-02T13:55:49","slug":"imker-linksammlung","status":"publish","type":"post","link":"https:\/\/imker-aigen.at\/index.php\/2022\/08\/31\/imker-linksammlung\/","title":{"rendered":"Imker-Linksammlung"},"content":{"rendered":"\n<style type=\"text\/css\" data-created_by=\"avia_inline_auto\" id=\"style-css-av-l7hm9x4g-30989e54853ea3211ee5e1a51da67223\">\n#top .av-special-heading.av-l7hm9x4g-30989e54853ea3211ee5e1a51da67223{\npadding-bottom:10px;\n}\nbody .av-special-heading.av-l7hm9x4g-30989e54853ea3211ee5e1a51da67223 .av-special-heading-tag .heading-char{\nfont-size:25px;\n}\n.av-special-heading.av-l7hm9x4g-30989e54853ea3211ee5e1a51da67223 .av-subheading{\nfont-size:15px;\n}\n<\/style>\n<div  class='av-special-heading av-l7hm9x4g-30989e54853ea3211ee5e1a51da67223 av-special-heading-h1 blockquote modern-quote modern-centered  avia-builder-el-0  el_before_av_one_third  avia-builder-el-first '><h1 class='av-special-heading-tag '  itemprop=\"headline\"  >Link-Sammlung f\u00fcr Imker<\/h1><div class='av-subheading av-subheading_below'><p>Eine kleine Auswahl an Links, welche Imkern das Leben vereinfachen sollen <br \/><\/br>Ohne Anspruch auf Vollst\u00e4ndigkeit und Richtigkeit<\/p>\n<\/div><div class=\"special-heading-border\"><div class=\"special-heading-inner-border\"><\/div><\/div><\/div>\n\n<style type=\"text\/css\" data-created_by=\"avia_inline_auto\" id=\"style-css-av-13avub-d86a11782f99986bfcfdba94976e1d49\">\n@keyframes av_boxShadowEffect_av-13avub-d86a11782f99986bfcfdba94976e1d49-column {\n0%   { box-shadow:  0 0 0 0 #cccccc; opacity: 1; }\n100% { box-shadow:  0 0 10px 0 #cccccc; opacity: 1; }\n}\n.flex_column.av-13avub-d86a11782f99986bfcfdba94976e1d49{\nbox-shadow: 0 0 10px 0 #cccccc;\nbackground-color:#ffffff;\n}\n<\/style>\n<div  class='flex_column av-13avub-d86a11782f99986bfcfdba94976e1d49 av_one_third  avia-builder-el-1  el_after_av_heading  el_before_av_one_third  first flex_column_div av-animated-generic top-to-bottom shadow-not-animated  '     ><p>\n<style type=\"text\/css\" data-created_by=\"avia_inline_auto\" id=\"style-css-av-l7pxcoll-e141b0146c24472734612e031a7836aa\">\n#top .av-special-heading.av-l7pxcoll-e141b0146c24472734612e031a7836aa{\npadding-bottom:10px;\n}\nbody .av-special-heading.av-l7pxcoll-e141b0146c24472734612e031a7836aa .av-special-heading-tag .heading-char{\nfont-size:25px;\n}\n.av-special-heading.av-l7pxcoll-e141b0146c24472734612e031a7836aa .av-subheading{\nfont-size:15px;\n}\n<\/style>\n<div  class='av-special-heading av-l7pxcoll-e141b0146c24472734612e031a7836aa av-special-heading-h5 blockquote modern-quote modern-centered  avia-builder-el-2  el_before_av_font_icon  avia-builder-el-first '><h5 class='av-special-heading-tag '  itemprop=\"headline\"  ><br \/>Gesch\u00e4fte f\u00fcr Imkereibedarf im Raum Salzburg-Stadt<\/h5><div class=\"special-heading-border\"><div class=\"special-heading-inner-border\"><\/div><\/div><\/div><br \/>\n\n<style type=\"text\/css\" data-created_by=\"avia_inline_auto\" id=\"style-css-av-l99rm4h7-107fa9ec5db4a75723b247c660111e74\">\n.av_font_icon.av-l99rm4h7-107fa9ec5db4a75723b247c660111e74 .av-icon-char{\nfont-size:20px;\nline-height:20px;\n}\n<\/style>\n<span  class='av_font_icon av-l99rm4h7-107fa9ec5db4a75723b247c660111e74 avia_animate_when_visible av-icon-style- avia-icon-pos-center avia-iconfont avia-font-entypo-fontello av-no-color avia-icon-animate'><span class='av-icon-char' data-av_icon='\ue859' data-av_iconfont='entypo-fontello' aria-hidden=\"true\" ><\/span><\/span><br \/>\n\n<style type=\"text\/css\" data-created_by=\"avia_inline_auto\" id=\"style-css-av-l99qcbtl-1673578e8c9ef1d80e04b29fae8293a6\">\n#top .hr.hr-invisible.av-l99qcbtl-1673578e8c9ef1d80e04b29fae8293a6{\nheight:20px;\n}\n<\/style>\n<div  class='hr av-l99qcbtl-1673578e8c9ef1d80e04b29fae8293a6 hr-invisible  avia-builder-el-4  el_after_av_font_icon  el_before_av_textblock '><span class='hr-inner '><span class=\"hr-inner-style\"><\/span><\/span><\/div><br \/>\n<section  class='av_textblock_section av-l7hlrmaf-61d3691bee8732a4df5e0ee6090d92d4 '   itemscope=\"itemscope\" itemtype=\"https:\/\/schema.org\/BlogPosting\" itemprop=\"blogPost\" ><div class='avia_textblock'  itemprop=\"text\" ><ul>\n<li><a href=\"https:\/\/www.imkerhof-salzburg.at\/bienen\/\">Imkerhof Salzburg<\/a><\/li>\n<li><a href=\"https:\/\/www.imkereigeraete.at\/\">Imkereiger\u00e4te Forthofer<\/a><\/li>\n<li><a href=\"https:\/\/wachsverarbeitung.at\/\">Bienenwachsverarbeitung Verena Forthofer<\/a><\/li>\n<li><a href=\"http:\/\/www.apisalzburg.at\/\">APISalzburg Imkereibedarf<\/a><\/li>\n<li><a href=\"https:\/\/www.wachsverarbeitung-wageneder.at\/\">Wachsverarbeitung &#038; Imkerei Wageneder<\/a><\/li>\n<\/ul>\n<\/div><\/section><\/p><\/div>\n\n<style type=\"text\/css\" data-created_by=\"avia_inline_auto\" id=\"style-css-av-lp5sr-a285c043d1b447e863f9f9fa822d8aa8\">\n@keyframes av_boxShadowEffect_av-lp5sr-a285c043d1b447e863f9f9fa822d8aa8-column {\n0%   { box-shadow:  0 0 0 0 #cccccc; opacity: 1; }\n100% { box-shadow:  0 0 10px 0 #cccccc; opacity: 1; }\n}\n.flex_column.av-lp5sr-a285c043d1b447e863f9f9fa822d8aa8{\nbox-shadow: 0 0 10px 0 #cccccc;\nbackground-color:#ffffff;\n}\n<\/style>\n<div  class='flex_column av-lp5sr-a285c043d1b447e863f9f9fa822d8aa8 av_one_third  avia-builder-el-6  el_after_av_one_third  el_before_av_one_third  flex_column_div av-animated-generic top-to-bottom shadow-not-animated  '     ><p>\n<style type=\"text\/css\" data-created_by=\"avia_inline_auto\" id=\"style-css-av-l7pxf28i-7a077d806160c5b3ba37f1b489a2b86d\">\n#top .av-special-heading.av-l7pxf28i-7a077d806160c5b3ba37f1b489a2b86d{\npadding-bottom:10px;\n}\nbody .av-special-heading.av-l7pxf28i-7a077d806160c5b3ba37f1b489a2b86d .av-special-heading-tag .heading-char{\nfont-size:25px;\n}\n.av-special-heading.av-l7pxf28i-7a077d806160c5b3ba37f1b489a2b86d .av-subheading{\nfont-size:15px;\n}\n<\/style>\n<div  class='av-special-heading av-l7pxf28i-7a077d806160c5b3ba37f1b489a2b86d av-special-heading-h5 blockquote modern-quote modern-centered  avia-builder-el-7  el_before_av_font_icon  avia-builder-el-first '><h5 class='av-special-heading-tag '  itemprop=\"headline\"  ><br \/>Gesch\u00e4fte f\u00fcr Imkereibedarf au\u00dferhalb von Salzburg<\/h5><div class=\"special-heading-border\"><div class=\"special-heading-inner-border\"><\/div><\/div><\/div><br \/>\n\n<style type=\"text\/css\" data-created_by=\"avia_inline_auto\" id=\"style-css-av-l99s7zg2-9fe98ab34e0c5a94844b65cb5dd07111\">\n.av_font_icon.av-l99s7zg2-9fe98ab34e0c5a94844b65cb5dd07111 .av-icon-char{\nfont-size:20px;\nline-height:20px;\n}\n<\/style>\n<span  class='av_font_icon av-l99s7zg2-9fe98ab34e0c5a94844b65cb5dd07111 avia_animate_when_visible av-icon-style- avia-icon-pos-center avia-iconfont avia-font-entypo-fontello av-no-color avia-icon-animate'><span class='av-icon-char' data-av_icon='\ue859' data-av_iconfont='entypo-fontello' aria-hidden=\"true\" ><\/span><\/span><br \/>\n\n<style type=\"text\/css\" data-created_by=\"avia_inline_auto\" id=\"style-css-av-l99qcjz5-d175c2a840105c2a41f104803d34e802\">\n#top .hr.hr-invisible.av-l99qcjz5-d175c2a840105c2a41f104803d34e802{\nheight:20px;\n}\n<\/style>\n<div  class='hr av-l99qcjz5-d175c2a840105c2a41f104803d34e802 hr-invisible  avia-builder-el-9  el_after_av_font_icon  el_before_av_textblock '><span class='hr-inner '><span class=\"hr-inner-style\"><\/span><\/span><\/div><br \/>\n<section  class='av_textblock_section av-l7hmjueb-9aab8b61b9918606154b82750041582f '   itemscope=\"itemscope\" itemtype=\"https:\/\/schema.org\/BlogPosting\" itemprop=\"blogPost\" ><div class='avia_textblock'  itemprop=\"text\" ><ul>\n<li><a href=\"https:\/\/www.bienen-janisch.at\/\">Bienen &#8211; Janisch<\/a><\/li>\n<li><a href=\"https:\/\/www.wachs-hoedl.com\">Wachs &#8211; H\u00f6dl<\/a><\/li>\n<li><a href=\"https:\/\/www.holtermann-shop.de\/\">Firma Holtermann<\/a><\/li>\n<li><a href=\"https:\/\/www.imkerei-seiringer.com\/\">Imkereibedarf und Imkereiprodukte Seiringer<\/a><\/li>\n<li><a href=\"http:\/\/www.imkereifachhandel.at\">Imkereibedarf &#8211; Imkermeister Friedrich Neubersch<\/a><\/li>\n<li><a href=\"https:\/\/www.bioservice.at\/\">BIO-Gro\u00dfhandel Zach<\/a><\/li>\n<li><a href=\"https:\/\/www.imkereizentrum.at\/\">\u00d6sterreichisches Imkereizentrum<\/a><\/li>\n<li><a href=\"https:\/\/www.honigschleudern.at\/\">Honigschleudern.at<\/a><\/li>\n<\/ul>\n<\/div><\/section><\/p><\/div>\n\n<style type=\"text\/css\" data-created_by=\"avia_inline_auto\" id=\"style-css-av-swoe3-eff7d40f9539c31a37c43d60c58d8f40\">\n@keyframes av_boxShadowEffect_av-swoe3-eff7d40f9539c31a37c43d60c58d8f40-column {\n0%   { box-shadow:  0 0 0 0 #cccccc; opacity: 1; }\n100% { box-shadow:  0 0 10px 0 #cccccc; opacity: 1; }\n}\n.flex_column.av-swoe3-eff7d40f9539c31a37c43d60c58d8f40{\nbox-shadow: 0 0 10px 0 #cccccc;\nbackground-color:#ffffff;\n}\n<\/style>\n<div  class='flex_column av-swoe3-eff7d40f9539c31a37c43d60c58d8f40 av_one_third  avia-builder-el-11  el_after_av_one_third  el_before_av_one_third  flex_column_div av-animated-generic top-to-bottom shadow-not-animated  '     ><p>\n<style type=\"text\/css\" data-created_by=\"avia_inline_auto\" id=\"style-css-av-l7pxfmin-248267b03975ed27862d918a16d4034d\">\n#top .av-special-heading.av-l7pxfmin-248267b03975ed27862d918a16d4034d{\npadding-bottom:10px;\n}\nbody .av-special-heading.av-l7pxfmin-248267b03975ed27862d918a16d4034d .av-special-heading-tag .heading-char{\nfont-size:25px;\n}\n.av-special-heading.av-l7pxfmin-248267b03975ed27862d918a16d4034d .av-subheading{\nfont-size:15px;\n}\n<\/style>\n<div  class='av-special-heading av-l7pxfmin-248267b03975ed27862d918a16d4034d av-special-heading-h5 blockquote modern-quote modern-centered  avia-builder-el-12  el_before_av_font_icon  avia-builder-el-first '><h5 class='av-special-heading-tag '  itemprop=\"headline\"  ><br \/>Ausbildungsangebote<\/h5><div class=\"special-heading-border\"><div class=\"special-heading-inner-border\"><\/div><\/div><\/div><br \/>\n\n<style type=\"text\/css\" data-created_by=\"avia_inline_auto\" id=\"style-css-av-l99rgapy-997e08b1868bda61c3f5dc4c49bea4cb\">\n.av_font_icon.av-l99rgapy-997e08b1868bda61c3f5dc4c49bea4cb .av-icon-char{\nfont-size:20px;\nline-height:20px;\n}\n<\/style>\n<span  class='av_font_icon av-l99rgapy-997e08b1868bda61c3f5dc4c49bea4cb avia_animate_when_visible av-icon-style- avia-icon-pos-center avia-iconfont avia-font-entypo-fontello av-no-color avia-icon-animate'><span class='av-icon-char' data-av_icon='\ue8c9' data-av_iconfont='entypo-fontello' aria-hidden=\"true\" ><\/span><\/span><br \/>\n\n<style type=\"text\/css\" data-created_by=\"avia_inline_auto\" id=\"style-css-av-l99qcrlm-8ae7d9806f7ddd17e0f1771a92a100ef\">\n#top .hr.hr-invisible.av-l99qcrlm-8ae7d9806f7ddd17e0f1771a92a100ef{\nheight:20px;\n}\n<\/style>\n<div  class='hr av-l99qcrlm-8ae7d9806f7ddd17e0f1771a92a100ef hr-invisible  avia-builder-el-14  el_after_av_font_icon  el_before_av_textblock '><span class='hr-inner '><span class=\"hr-inner-style\"><\/span><\/span><\/div><br \/>\n<section  class='av_textblock_section av-l7hlz273-7775b3061c8f9747001a46b59e801bc2 '   itemscope=\"itemscope\" itemtype=\"https:\/\/schema.org\/BlogPosting\" itemprop=\"blogPost\" ><div class='avia_textblock'  itemprop=\"text\" ><ul>\n<li><a href=\"https:\/\/www.lehrlingsstelle.at\/salzburg\/bienenwirtschaft-sbg\/bienenwirtschaft-ausbildungen-facharbeiter-sbg\/\">Bienenwirtschaft FacharbeiterInnen-Ausbildung im Bundesland Salzburg<\/a><\/li>\n<li><a href=\"https:\/\/www.imkerhof-salzburg.at\/bienen\/akademie\/\">Imkerhof Salzburg &#8211; Akademie<\/a><\/li>\n<li><a href=\"https:\/\/www.imkereizentrum.at\/\">\u00d6sterreichisches Imkereizentrum<\/a><\/li>\n<li><a href=\"https:\/\/lfs-warth.ac.at\/partner\/noe-imkerschule\/imkerschule\/\">N\u00d6 Imkerschule Warth Aichhof <\/a><\/li>\n<li><a href=\"https:\/\/www.immelieb.de\/\">Homepage Dr. Pia Aumeier und Dr. Gerhard Liebig<\/a><\/li>\n<li><a href=\"http:\/\/www.piaaumeier.de\">Dropbox von Dr. Pia Aumeier<\/a><\/li>\n<li><a href=\"https:\/\/www.youtube.com\/channel\/UCFNwIbxfLRGtzHwk0GY05JA\">YouTube Kanal von Dr. Pia Aumeier<\/a><\/li>\n<li><a href=\"https:\/\/www.fachschule-laimburg.it\/de\/imkerschule\">S\u00fcdtiroler Imkerschule- Fachschule Laimburg<\/a><\/li>\n<li><a href=\"https:\/\/llh.hessen.de\/bildung\/bieneninstitut-kirchhain\/\">Bieneninstitut Kirchhain<\/a><\/li>\n<li><a href=\"https:\/\/www.imker.ag\/\">imker.ag &#8211; Lernplattform der Verb\u00e4nde \u00d6EIB (\u00d6sterreichischer Erwerbsimkerbund) und DBIB (Deutscher Berufsimkerbund)<\/a><\/li>\n<li><a href=\"https:\/\/www.imkerling.de\/\">imkerling.de &#8211; Imkerwissen online lernen<\/a><\/li>\n<li><a href=\"https:\/\/carnica-bienen-erlebnismuseum-kirschentheuer.business.site\/\">Carnica Bienen-Erlebnismuseum Ferlach<\/a><\/li>\n<li><a href=\"https:\/\/www.uibk.ac.at\/zoology\/index.html.de\">Universit\u00e4t Innsbruck &#8211; Institut f\u00fcr Zoologie<\/a><\/li>\n<li><a href=\"https:\/\/youtube.com\/@biology-zoology\">YouTube-Kanal des Instituts f\u00fcr Zoologie der Universit\u00e4t Innsbruck<\/a><\/li>\n<\/ul>\n<\/div><\/section><\/p><\/div>\n\n<style type=\"text\/css\" data-created_by=\"avia_inline_auto\" id=\"style-css-av-dcrr7-45369779a11a38d22ddf25ffb4e17267\">\n@keyframes av_boxShadowEffect_av-dcrr7-45369779a11a38d22ddf25ffb4e17267-column {\n0%   { box-shadow:  0 0 0 0 #cccccc; opacity: 1; }\n100% { box-shadow:  0 0 10px 0 #cccccc; opacity: 1; }\n}\n.flex_column.av-dcrr7-45369779a11a38d22ddf25ffb4e17267{\nbox-shadow: 0 0 10px 0 #cccccc;\nbackground-color:#ffffff;\n}\n.avia_transform .flex_column.av-dcrr7-45369779a11a38d22ddf25ffb4e17267{\nanimation-duration:2s;\n}\n<\/style>\n<div  class='flex_column av-dcrr7-45369779a11a38d22ddf25ffb4e17267 av_one_third  avia-builder-el-16  el_after_av_one_third  el_before_av_one_third  first flex_column_div av-animated-generic top-to-bottom shadow-not-animated  column-top-margin'     ><p>\n<style type=\"text\/css\" data-created_by=\"avia_inline_auto\" id=\"style-css-av-l7pxerox-3f5ca442d0b562a3ee3df148ed6864c9\">\n#top .av-special-heading.av-l7pxerox-3f5ca442d0b562a3ee3df148ed6864c9{\npadding-bottom:10px;\n}\nbody .av-special-heading.av-l7pxerox-3f5ca442d0b562a3ee3df148ed6864c9 .av-special-heading-tag .heading-char{\nfont-size:25px;\n}\n.av-special-heading.av-l7pxerox-3f5ca442d0b562a3ee3df148ed6864c9 .av-subheading{\nfont-size:15px;\n}\n<\/style>\n<div  class='av-special-heading av-l7pxerox-3f5ca442d0b562a3ee3df148ed6864c9 av-special-heading-h5 blockquote modern-quote modern-centered  avia-builder-el-17  el_before_av_font_icon  avia-builder-el-first '><h5 class='av-special-heading-tag '  itemprop=\"headline\"  ><br \/>Carnica-Z\u00fcchter<\/h5><div class=\"special-heading-border\"><div class=\"special-heading-inner-border\"><\/div><\/div><\/div><br \/>\n\n<style type=\"text\/css\" data-created_by=\"avia_inline_auto\" id=\"style-css-av-l99rxri1-280cc9ea373adade56bd0b65c3325ec4\">\n.av_font_icon.av-l99rxri1-280cc9ea373adade56bd0b65c3325ec4 .av-icon-char{\nfont-size:20px;\nline-height:20px;\n}\n<\/style>\n<span  class='av_font_icon av-l99rxri1-280cc9ea373adade56bd0b65c3325ec4 avia_animate_when_visible av-icon-style- avia-icon-pos-center avia-iconfont avia-font-entypo-fontello av-no-color avia-icon-animate'><span class='av-icon-char' data-av_icon='\ue806' data-av_iconfont='entypo-fontello' aria-hidden=\"true\" ><\/span><\/span><br \/>\n<section  class='av_textblock_section av-l7ohgjh6-dc7b18012bab2bc049a631c1bc65f917 '   itemscope=\"itemscope\" itemtype=\"https:\/\/schema.org\/BlogPosting\" itemprop=\"blogPost\" ><div class='avia_textblock'  itemprop=\"text\" ><ul>\n<li><a href=\"https:\/\/www.aca.at\/\">ACA Austrian Carnica Association<\/a><\/li>\n<li><a href=\"https:\/\/www.zac.at\/index.php\">ZAC Zentrale Arbeitsgemeinschaft der Carnicaz\u00fcchter<\/a><\/li>\n<li><a href=\"https:\/\/www.carnica-zucht.at\/\">Carnica Bienenzucht &#8211; Wilhelm Feinig<\/a><\/li>\n<li><a href=\"https:\/\/www.imego.at\/\">Imkerei IMEGO &#8211; Carnica Zucht- und Pr\u00fcfbetrieb<\/a><\/li>\n<li><a href=\"https:\/\/www.imkereizentrum.at\/\">\u00d6sterreichisches Imkereizentrum<\/a><\/li>\n<li><a href=\"https:\/\/imkerei-rubinigg.at\/de\/\">Carnica Zuchtbetrieb Rubinigg<\/a><\/li>\n<li><a href=\"https:\/\/imkereiperner.com\/\">Imkerei Perner<\/a><\/li>\n<li><a href=\"https:\/\/www.bienenzucht.info\/\">Zucht-Website der Biene \u00d6sterreich<\/a><\/li>\n<\/ul>\n<\/div><\/section><\/p><\/div>\n\n<style type=\"text\/css\" data-created_by=\"avia_inline_auto\" id=\"style-css-av-l99qyikp-57334e981e55f37506b062c6f005ae86\">\n@keyframes av_boxShadowEffect_av-l99qyikp-57334e981e55f37506b062c6f005ae86-column {\n0%   { box-shadow:  0 0 0 0 #cccccc; opacity: 1; }\n100% { box-shadow:  0 0 10px 0 #cccccc; opacity: 1; }\n}\n.flex_column.av-l99qyikp-57334e981e55f37506b062c6f005ae86{\nbox-shadow: 0 0 10px 0 #cccccc;\nbackground-color:#ffffff;\n}\n.avia_transform .flex_column.av-l99qyikp-57334e981e55f37506b062c6f005ae86{\nanimation-duration:2s;\n}\n<\/style>\n<div  class='flex_column av-l99qyikp-57334e981e55f37506b062c6f005ae86 av_one_third  avia-builder-el-20  el_after_av_one_third  el_before_av_one_third  flex_column_div av-animated-generic top-to-bottom shadow-not-animated  column-top-margin'     ><p>\n<style type=\"text\/css\" data-created_by=\"avia_inline_auto\" id=\"style-css-av-l99p1ahu-5858ec0f3a61d7d996fe1ff7ea537851\">\n#top .av-special-heading.av-l99p1ahu-5858ec0f3a61d7d996fe1ff7ea537851{\npadding-bottom:10px;\n}\nbody .av-special-heading.av-l99p1ahu-5858ec0f3a61d7d996fe1ff7ea537851 .av-special-heading-tag .heading-char{\nfont-size:25px;\n}\n.av-special-heading.av-l99p1ahu-5858ec0f3a61d7d996fe1ff7ea537851 .av-subheading{\nfont-size:15px;\n}\n<\/style>\n<div  class='av-special-heading av-l99p1ahu-5858ec0f3a61d7d996fe1ff7ea537851 av-special-heading-h5 blockquote modern-quote modern-centered  avia-builder-el-21  el_before_av_font_icon  avia-builder-el-first '><h5 class='av-special-heading-tag '  itemprop=\"headline\"  ><br \/>Mellifera-Z\u00fcchter<\/h5><div class=\"special-heading-border\"><div class=\"special-heading-inner-border\"><\/div><\/div><\/div><br \/>\n\n<style type=\"text\/css\" data-created_by=\"avia_inline_auto\" id=\"style-css-av-l99s0ql7-380f876845322f819238937b68514566\">\n.av_font_icon.av-l99s0ql7-380f876845322f819238937b68514566 .av-icon-char{\nfont-size:20px;\nline-height:20px;\n}\n<\/style>\n<span  class='av_font_icon av-l99s0ql7-380f876845322f819238937b68514566 avia_animate_when_visible av-icon-style- avia-icon-pos-center avia-iconfont avia-font-entypo-fontello av-no-color avia-icon-animate'><span class='av-icon-char' data-av_icon='\ue8b9' data-av_iconfont='entypo-fontello' aria-hidden=\"true\" ><\/span><\/span><br \/>\n<section  class='av_textblock_section av-l99p27xo-327d8a8635d45391f937f4d6d76d909e '   itemscope=\"itemscope\" itemtype=\"https:\/\/schema.org\/BlogPosting\" itemprop=\"blogPost\" ><div class='avia_textblock'  itemprop=\"text\" ><ul>\n<li><a href=\"http:\/\/www.dunkle-biene.at\/\">Austrian Mellifera Z\u00fcchter<\/a><\/li>\n<li><a href=\"https:\/\/www.bienenzucht.info\/\">Zucht-Website der Biene \u00d6sterreich<\/a><\/li>\n<\/ul>\n<\/div><\/section><\/p><\/div>\n\n<style type=\"text\/css\" data-created_by=\"avia_inline_auto\" id=\"style-css-av-axq9n-d6ec363ab9a938413dd50167a9f2101d\">\n@keyframes av_boxShadowEffect_av-axq9n-d6ec363ab9a938413dd50167a9f2101d-column {\n0%   { box-shadow:  0 0 0 0 #cccccc; opacity: 1; }\n100% { box-shadow:  0 0 10px 0 #cccccc; opacity: 1; }\n}\n.flex_column.av-axq9n-d6ec363ab9a938413dd50167a9f2101d{\nbox-shadow: 0 0 10px 0 #cccccc;\nbackground-color:#ffffff;\n}\n.avia_transform .flex_column.av-axq9n-d6ec363ab9a938413dd50167a9f2101d{\nanimation-duration:2s;\n}\n<\/style>\n<div  class='flex_column av-axq9n-d6ec363ab9a938413dd50167a9f2101d av_one_third  avia-builder-el-24  el_after_av_one_third  el_before_av_one_third  flex_column_div av-animated-generic top-to-bottom shadow-not-animated  column-top-margin'     ><p>\n<style type=\"text\/css\" data-created_by=\"avia_inline_auto\" id=\"style-css-av-l809vicm-e21d38a2ee4a89bb841c23dd710cc038\">\n#top .av-special-heading.av-l809vicm-e21d38a2ee4a89bb841c23dd710cc038{\npadding-bottom:10px;\n}\nbody .av-special-heading.av-l809vicm-e21d38a2ee4a89bb841c23dd710cc038 .av-special-heading-tag .heading-char{\nfont-size:25px;\n}\n.av-special-heading.av-l809vicm-e21d38a2ee4a89bb841c23dd710cc038 .av-subheading{\nfont-size:15px;\n}\n<\/style>\n<div  class='av-special-heading av-l809vicm-e21d38a2ee4a89bb841c23dd710cc038 av-special-heading-h5 blockquote modern-quote modern-centered  avia-builder-el-25  el_before_av_font_icon  avia-builder-el-first '><h5 class='av-special-heading-tag '  itemprop=\"headline\"  ><br \/>Wissenschaftliche Einrichtungen<\/h5><div class=\"special-heading-border\"><div class=\"special-heading-inner-border\"><\/div><\/div><\/div><br \/>\n\n<style type=\"text\/css\" data-created_by=\"avia_inline_auto\" id=\"style-css-av-l99rzmfu-8d4fed58a3976502d037b8f8ad0828ad\">\n.av_font_icon.av-l99rzmfu-8d4fed58a3976502d037b8f8ad0828ad .av-icon-char{\nfont-size:20px;\nline-height:20px;\n}\n<\/style>\n<span  class='av_font_icon av-l99rzmfu-8d4fed58a3976502d037b8f8ad0828ad avia_animate_when_visible av-icon-style- avia-icon-pos-center avia-iconfont avia-font-entypo-fontello av-no-color avia-icon-animate'><span class='av-icon-char' data-av_icon='\ue837' data-av_iconfont='entypo-fontello' aria-hidden=\"true\" ><\/span><\/span><br \/>\n<section  class='av_textblock_section av-l809yasu-041048ce4876ac4bd437af12d537c191 '   itemscope=\"itemscope\" itemtype=\"https:\/\/schema.org\/BlogPosting\" itemprop=\"blogPost\" ><div class='avia_textblock'  itemprop=\"text\" ><ul>\n<li><a href=\"https:\/\/www.uibk.ac.at\/zoology\/index.html.de\">Universit\u00e4t Innsbruck &#8211; Institut f\u00fcr Zoologie<\/a><\/li>\n<li><a href=\"https:\/\/youtube.com\/@biology-zoology\">YouTube-Kanal des Instituts f\u00fcr Zoologie der Universit\u00e4t Innsbruck<\/a><\/li>\n<li><a href=\"https:\/\/institut-fuer-bienenkunde.de\/\">Institut f\u00fcr Bienenkunde<\/a><\/li>\n<li><a href=\"https:\/\/www.lwg.bayern.de\/bienen\/index.php\">Institut f\u00fcr Bienenkunde und Imkerei an der Bayerischen Landesanstalt f\u00fcr Weinbau und Gartenbau (LWG)<\/a><\/li>\n<li><a href=\"https:\/\/www2.hu-berlin.de\/bienenkunde2\/\">L\u00e4nderinstitut f\u00fcr Bienenkunde Hohen Neuendorf e.V.<\/a><\/li>\n<li><a href=\"https:\/\/llh.hessen.de\/bildung\/bieneninstitut-kirchhain\/\">Bieneninstitut Kirchhhain<\/a><\/li>\n<\/ul>\n<\/div><\/section><\/p><\/div>\n\n<style type=\"text\/css\" data-created_by=\"avia_inline_auto\" id=\"style-css-av-86x63-46fbaf95ba38e71436281c765d2687db\">\n@keyframes av_boxShadowEffect_av-86x63-46fbaf95ba38e71436281c765d2687db-column {\n0%   { box-shadow:  0 0 0 0 #cccccc; opacity: 1; }\n100% { box-shadow:  0 0 10px 0 #cccccc; opacity: 1; }\n}\n.flex_column.av-86x63-46fbaf95ba38e71436281c765d2687db{\nbox-shadow: 0 0 10px 0 #cccccc;\nbackground-color:#ffffff;\n}\n.avia_transform .flex_column.av-86x63-46fbaf95ba38e71436281c765d2687db{\nanimation-duration:3s;\n}\n<\/style>\n<div  class='flex_column av-86x63-46fbaf95ba38e71436281c765d2687db av_one_third  avia-builder-el-28  el_after_av_one_third  el_before_av_one_third  first flex_column_div av-animated-generic top-to-bottom shadow-not-animated  column-top-margin'     ><p>\n<style type=\"text\/css\" data-created_by=\"avia_inline_auto\" id=\"style-css-av-l8ievipe-ec2a01601e492b02939dfc1ec6aa9ad6\">\n#top .av-special-heading.av-l8ievipe-ec2a01601e492b02939dfc1ec6aa9ad6{\npadding-bottom:10px;\n}\nbody .av-special-heading.av-l8ievipe-ec2a01601e492b02939dfc1ec6aa9ad6 .av-special-heading-tag .heading-char{\nfont-size:25px;\n}\n.av-special-heading.av-l8ievipe-ec2a01601e492b02939dfc1ec6aa9ad6 .av-subheading{\nfont-size:15px;\n}\n<\/style>\n<div  class='av-special-heading av-l8ievipe-ec2a01601e492b02939dfc1ec6aa9ad6 av-special-heading-h5 blockquote modern-quote modern-centered  avia-builder-el-29  el_before_av_font_icon  avia-builder-el-first '><h5 class='av-special-heading-tag '  itemprop=\"headline\"  ><br \/>Imker-Zeitschriften<\/h5><div class=\"special-heading-border\"><div class=\"special-heading-inner-border\"><\/div><\/div><\/div><br \/>\n\n<style type=\"text\/css\" data-created_by=\"avia_inline_auto\" id=\"style-css-av-l99rsi5e-f74ce58fbb0de77570fd3c0394500ff8\">\n.av_font_icon.av-l99rsi5e-f74ce58fbb0de77570fd3c0394500ff8 .av-icon-char{\nfont-size:20px;\nline-height:20px;\n}\n<\/style>\n<span  class='av_font_icon av-l99rsi5e-f74ce58fbb0de77570fd3c0394500ff8 avia_animate_when_visible av-icon-style- avia-icon-pos-center avia-iconfont avia-font-entypo-fontello av-no-color avia-icon-animate'><span class='av-icon-char' data-av_icon='\ue84e' data-av_iconfont='entypo-fontello' aria-hidden=\"true\" ><\/span><\/span><br \/>\n<section  class='av_textblock_section av-l8iew2be-8dabf6eddc99cb0957a2d914e8482cd0 '   itemscope=\"itemscope\" itemtype=\"https:\/\/schema.org\/BlogPosting\" itemprop=\"blogPost\" ><div class='avia_textblock'  itemprop=\"text\" ><ul>\n<li><a href=\"https:\/\/www.bienenaktuell.com\/\">&#8222;Bienen aktuell&#8220; Zeitung<\/a><\/li>\n<li><a href=\"https:\/\/www.bienenjournal.de\/\">Deutsches Bienen Journal<\/a><\/li>\n<li><a href=\"https:\/\/www.bienenundnatur.de\/\">bienen &#038; natur Magazin<\/a><\/li>\n<\/ul>\n<\/div><\/section><\/p><\/div>\n\n<style type=\"text\/css\" data-created_by=\"avia_inline_auto\" id=\"style-css-av-9ehub-3ce02a3aa57fd3487eec0a72bd2fe7b6\">\n@keyframes av_boxShadowEffect_av-9ehub-3ce02a3aa57fd3487eec0a72bd2fe7b6-column {\n0%   { box-shadow:  0 0 0 0 #cccccc; opacity: 1; }\n100% { box-shadow:  0 0 10px 0 #cccccc; opacity: 1; }\n}\n.flex_column.av-9ehub-3ce02a3aa57fd3487eec0a72bd2fe7b6{\nbox-shadow: 0 0 10px 0 #cccccc;\nbackground-color:#ffffff;\n}\n.avia_transform .flex_column.av-9ehub-3ce02a3aa57fd3487eec0a72bd2fe7b6{\nanimation-duration:3s;\n}\n<\/style>\n<div  class='flex_column av-9ehub-3ce02a3aa57fd3487eec0a72bd2fe7b6 av_one_third  avia-builder-el-32  el_after_av_one_third  el_before_av_one_third  flex_column_div av-animated-generic top-to-bottom shadow-not-animated  column-top-margin'     ><p>\n<style type=\"text\/css\" data-created_by=\"avia_inline_auto\" id=\"style-css-av-l8e4f4h6-73930d60e65ec24947cb09dadcdbed69\">\n#top .av-special-heading.av-l8e4f4h6-73930d60e65ec24947cb09dadcdbed69{\npadding-bottom:10px;\n}\nbody .av-special-heading.av-l8e4f4h6-73930d60e65ec24947cb09dadcdbed69 .av-special-heading-tag .heading-char{\nfont-size:25px;\n}\n.av-special-heading.av-l8e4f4h6-73930d60e65ec24947cb09dadcdbed69 .av-subheading{\nfont-size:15px;\n}\n<\/style>\n<div  class='av-special-heading av-l8e4f4h6-73930d60e65ec24947cb09dadcdbed69 av-special-heading-h5 blockquote modern-quote modern-centered  avia-builder-el-33  el_before_av_font_icon  avia-builder-el-first '><h5 class='av-special-heading-tag '  itemprop=\"headline\"  ><br \/>Interessensvertretungen \/ Dachorganisationen<\/h5><div class=\"special-heading-border\"><div class=\"special-heading-inner-border\"><\/div><\/div><\/div><br \/>\n\n<style type=\"text\/css\" data-created_by=\"avia_inline_auto\" id=\"style-css-av-l99s1lkr-97ee778640de5ba384ad829b00d51887\">\n.av_font_icon.av-l99s1lkr-97ee778640de5ba384ad829b00d51887 .av-icon-char{\nfont-size:20px;\nline-height:20px;\n}\n<\/style>\n<span  class='av_font_icon av-l99s1lkr-97ee778640de5ba384ad829b00d51887 avia_animate_when_visible av-icon-style- avia-icon-pos-center avia-iconfont avia-font-entypo-fontello av-no-color avia-icon-animate'><span class='av-icon-char' data-av_icon='\ue83e' data-av_iconfont='entypo-fontello' aria-hidden=\"true\" ><\/span><\/span><br \/>\n<section  class='av_textblock_section av-l8e4geik-141eaf2e1154318e0708b7614359bd68 '   itemscope=\"itemscope\" itemtype=\"https:\/\/schema.org\/BlogPosting\" itemprop=\"blogPost\" ><div class='avia_textblock'  itemprop=\"text\" ><ul>\n<li><a href=\"https:\/\/www.ages.at\/tier\/bienen\">\u00d6sterreichische Agentur f\u00fcr Gesundheit und Ern\u00e4hrungssicherheit GmbH (AGES) &#8211; Bienen<\/a><\/li>\n<li><a href=\"https:\/\/www.imkerbund.at\/\">\u00d6sterreichischer Imkerbund (\u00d6IB)<\/a><\/li>\n<li><a href=\"https:\/\/www.erwerbsimkerbund.at\">\u00d6sterreichischer Erwerbsimkerbund (\u00d6EIB)<\/a><\/li>\n<li><a href=\"https:\/\/www.biene-oesterreich.at\">Imkerei-Dachverband &#8222;Biene \u00d6sterreich&#8220; (zentrale Abwicklungsstelle f\u00fcr F\u00f6rderungen)<\/a><\/li>\n<li><a href=\"https:\/\/www.imkerhof-salzburg.at\/\">Landesverband Salzburg (Landesverein f\u00fcr Imkerei und Bienenzucht in Salzburg)<\/a><\/li>\n<li><a href=\"https:\/\/www.apitherapie.at\/\">\u00d6sterreichische Gesellschaft f\u00fcr Apitherapie (\u00d6GA)<\/a><\/li>\n<li><a href=\"https:\/\/www.suedtirolerimker.it\/de\">S\u00fcdtiroler Imkerbund<\/a><\/li>\n<\/ul>\n<\/div><\/section><\/p><\/div>\n\n<style type=\"text\/css\" data-created_by=\"avia_inline_auto\" id=\"style-css-av-awqrv-631c223574dc0d15515e1fe515fe2c98\">\n@keyframes av_boxShadowEffect_av-awqrv-631c223574dc0d15515e1fe515fe2c98-column {\n0%   { box-shadow:  0 0 0 0 #cccccc; opacity: 1; }\n100% { box-shadow:  0 0 10px 0 #cccccc; opacity: 1; }\n}\n.flex_column.av-awqrv-631c223574dc0d15515e1fe515fe2c98{\nbox-shadow: 0 0 10px 0 #cccccc;\nbackground-color:#ffffff;\n}\n.avia_transform .flex_column.av-awqrv-631c223574dc0d15515e1fe515fe2c98{\nanimation-duration:3s;\n}\n<\/style>\n<div  class='flex_column av-awqrv-631c223574dc0d15515e1fe515fe2c98 av_one_third  avia-builder-el-36  el_after_av_one_third  el_before_av_one_third  flex_column_div av-animated-generic top-to-bottom shadow-not-animated  column-top-margin'     ><p>\n<style type=\"text\/css\" data-created_by=\"avia_inline_auto\" id=\"style-css-av-l8k5ts97-56e4c0c5e62b2b2ff67fd4f8303c237c\">\n#top .av-special-heading.av-l8k5ts97-56e4c0c5e62b2b2ff67fd4f8303c237c{\npadding-bottom:10px;\n}\nbody .av-special-heading.av-l8k5ts97-56e4c0c5e62b2b2ff67fd4f8303c237c .av-special-heading-tag .heading-char{\nfont-size:25px;\n}\n.av-special-heading.av-l8k5ts97-56e4c0c5e62b2b2ff67fd4f8303c237c .av-subheading{\nfont-size:15px;\n}\n<\/style>\n<div  class='av-special-heading av-l8k5ts97-56e4c0c5e62b2b2ff67fd4f8303c237c av-special-heading-h5 blockquote modern-quote modern-centered  avia-builder-el-37  el_before_av_font_icon  avia-builder-el-first '><h5 class='av-special-heading-tag '  itemprop=\"headline\"  ><br \/>Bienen-Gesundheit<\/h5><div class=\"special-heading-border\"><div class=\"special-heading-inner-border\"><\/div><\/div><\/div><br \/>\n\n<style type=\"text\/css\" data-created_by=\"avia_inline_auto\" id=\"style-css-av-l99rwxrv-0f7a60c07443363a8612d10059a040f2\">\n.av_font_icon.av-l99rwxrv-0f7a60c07443363a8612d10059a040f2 .av-icon-char{\nfont-size:20px;\nline-height:20px;\n}\n<\/style>\n<span  class='av_font_icon av-l99rwxrv-0f7a60c07443363a8612d10059a040f2 avia_animate_when_visible av-icon-style- avia-icon-pos-center avia-iconfont avia-font-entypo-fontello av-no-color avia-icon-animate'><span class='av-icon-char' data-av_icon='\ue808' data-av_iconfont='entypo-fontello' aria-hidden=\"true\" ><\/span><\/span><br \/>\n<section  class='av_textblock_section av-l8k5ulpp-a4d492ffb09b7b2b0c2f09634077ee48 '   itemscope=\"itemscope\" itemtype=\"https:\/\/schema.org\/BlogPosting\" itemprop=\"blogPost\" ><div class='avia_textblock'  itemprop=\"text\" ><ul>\n<li><a href=\"https:\/\/www.ages.at\/mensch\/krankheit\/krankheitserreger-von-a-bis-z#results\">Bienen-Krankheiten<\/a><\/li>\n<li><a href=\"https:\/\/www.toleranzzucht.de\/\">Arbeitsgemeinschaft Toleranzzucht AGT<\/a><\/li>\n<li><a href=\"https:\/\/bienengesundheit.at\/\">Bienengesundheit &#8211; \u00f6sterreichische Landwirtschaftskammer (Varroa-Warndienst\/Wetter, Vespa velutina Meldeplattform)<\/a><\/li>\n<\/ul>\n<\/div><\/section><\/p><\/div>\n\n<style type=\"text\/css\" data-created_by=\"avia_inline_auto\" id=\"style-css-av-8f1lv-073e505e87cd31910d057648a50717c5\">\n@keyframes av_boxShadowEffect_av-8f1lv-073e505e87cd31910d057648a50717c5-column {\n0%   { box-shadow:  0 0 0 0 #cccccc; opacity: 1; }\n100% { box-shadow:  0 0 10px 0 #cccccc; opacity: 1; }\n}\n.flex_column.av-8f1lv-073e505e87cd31910d057648a50717c5{\nbox-shadow: 0 0 10px 0 #cccccc;\nbackground-color:#ffffff;\n}\n.avia_transform .flex_column.av-8f1lv-073e505e87cd31910d057648a50717c5{\nanimation-duration:4s;\n}\n<\/style>\n<div  class='flex_column av-8f1lv-073e505e87cd31910d057648a50717c5 av_one_third  avia-builder-el-40  el_after_av_one_third  el_before_av_one_third  first flex_column_div av-animated-generic top-to-bottom shadow-not-animated  column-top-margin'     ><p>\n<style type=\"text\/css\" data-created_by=\"avia_inline_auto\" id=\"style-css-av-l8l925pa-3b6f8b808f85beface9bf098db6b459c\">\n#top .av-special-heading.av-l8l925pa-3b6f8b808f85beface9bf098db6b459c{\npadding-bottom:10px;\n}\nbody .av-special-heading.av-l8l925pa-3b6f8b808f85beface9bf098db6b459c .av-special-heading-tag .heading-char{\nfont-size:25px;\n}\n.av-special-heading.av-l8l925pa-3b6f8b808f85beface9bf098db6b459c .av-subheading{\nfont-size:15px;\n}\n<\/style>\n<div  class='av-special-heading av-l8l925pa-3b6f8b808f85beface9bf098db6b459c av-special-heading-h5 blockquote modern-quote modern-centered  avia-builder-el-41  el_before_av_font_icon  avia-builder-el-first '><h5 class='av-special-heading-tag '  itemprop=\"headline\"  ><br \/>Imkerei-Betriebe<\/h5><div class=\"special-heading-border\"><div class=\"special-heading-inner-border\"><\/div><\/div><\/div><br \/>\n\n<style type=\"text\/css\" data-created_by=\"avia_inline_auto\" id=\"style-css-av-l99s4ioa-7631d81f385417418489b45d4eca0839\">\n.av_font_icon.av-l99s4ioa-7631d81f385417418489b45d4eca0839 .av-icon-char{\nfont-size:20px;\nline-height:20px;\n}\n<\/style>\n<span  class='av_font_icon av-l99s4ioa-7631d81f385417418489b45d4eca0839 avia_animate_when_visible av-icon-style- avia-icon-pos-center avia-iconfont avia-font-entypo-fontello av-no-color avia-icon-animate'><span class='av-icon-char' data-av_icon='\ue856' data-av_iconfont='entypo-fontello' aria-hidden=\"true\" ><\/span><\/span><br \/>\n<section  class='av_textblock_section av-l8l935kc-39f187d3fb2d4afe7502cc11118ea31c '   itemscope=\"itemscope\" itemtype=\"https:\/\/schema.org\/BlogPosting\" itemprop=\"blogPost\" ><div class='avia_textblock'  itemprop=\"text\" ><ul>\n<li><a href=\"https:\/\/www.immenberg.at\/\">Bienenprodukte Immenberg (Elsbethen)<\/a><\/li>\n<li><a href=\"https:\/\/www.imkerei-mayrhofer.at\/\">Imkerei Mayrhofer (Bischofshofen)<\/a><\/li>\n<li><a href=\"http:\/\/www.biokocher.at\/\">Kocher&#8217;s Biohof (Radstadt)<\/a><\/li>\n<li><a href=\"https:\/\/www.diehochlandimker.at\/\">Bio-Imkerei &#8211; Die Hochland-Imker (Oberes M\u00fchlviertel)<\/a><\/li>\n<li><a href=\"https:\/\/imkerei-brandl.at\/\">Bio-Imkerei Brandl (Henndorf)<\/a><\/li>\n<li><a href=\"https:\/\/bio-imkerei-heller.jimdosite.com\/\">Bio-Imkerei Heller (Maria Schmolln)<\/a><\/li>\n<li><a href=\"https:\/\/www.eibee.at\/\">Bio-Imkerei Eibensteiner (Mondsee)<\/a><\/li>\n<li><a href=\"https:\/\/www.stadtimkerei-greimel.at\/\">Bio-Stadtimkerei Greimel (Salzburg Stadt)<\/a><\/li>\n<li><a href=\"https:\/\/imker-aigen.at\/index.php\/2023\/04\/18\/bio-imkerei-paul-haslauer\/\">Bio-Imkerei Haslauer (Elsbethen)<\/a><\/li>\n<li><a href=\"https:\/\/www.bioimkerei-mondseeland.at\/\">Bio-Imkerei Riedl (Mondsee)<\/a><\/li>\n<li><a href=\"http:\/\/imkerei-grundbichler.at\">Imkerei Grundbichler (Golling)<\/a><\/li>\n<li><a href=\"https:\/\/www.imkerei-tarmann.at\/\">Imkerei Tarmann (Hof bei Salzburg)<\/a><\/li>\n<li><a href=\"https:\/\/faistenauer-hofkaeserei.at\/Imkerei\/imkerei.htm\">Imkerei Klaushofer (Faistenau)<\/a><\/li>\n<li><a href=\"http:\/\/www.imkereifranky.at\">Imkerei Frankenberger (Bergheim)<\/a><\/li>\n<li><a href=\"https:\/\/www.bio-austria.at\/biobauer\/bio-imkerei-rindberger\/\">Bio-Imkerei Rindberger (Zell am Moos)<\/a><\/li>\n<li><a href=\"https:\/\/imkerei-brieger.at\">Imkerei Brieger (Elixhausen)<\/a><\/li>\n<\/ul>\n<\/div><\/section><\/p><\/div>\n\n<style type=\"text\/css\" data-created_by=\"avia_inline_auto\" id=\"style-css-av-vfvkj-d91bbb99bee8953325d2fe9a755dff7e\">\n@keyframes av_boxShadowEffect_av-vfvkj-d91bbb99bee8953325d2fe9a755dff7e-column {\n0%   { box-shadow:  0 0 0 0 #cccccc; opacity: 1; }\n100% { box-shadow:  0 0 10px 0 #cccccc; opacity: 1; }\n}\n.flex_column.av-vfvkj-d91bbb99bee8953325d2fe9a755dff7e{\nbox-shadow: 0 0 10px 0 #cccccc;\nbackground-color:#ffffff;\n}\n.avia_transform .flex_column.av-vfvkj-d91bbb99bee8953325d2fe9a755dff7e{\nanimation-duration:4s;\n}\n<\/style>\n<div  class='flex_column av-vfvkj-d91bbb99bee8953325d2fe9a755dff7e av_one_third  avia-builder-el-44  el_after_av_one_third  el_before_av_one_third  flex_column_div av-animated-generic top-to-bottom shadow-not-animated  column-top-margin'     ><p>\n<style type=\"text\/css\" data-created_by=\"avia_inline_auto\" id=\"style-css-av-l7pxfcsl-9088f7f927440833a234ca4a37da5e7c\">\n#top .av-special-heading.av-l7pxfcsl-9088f7f927440833a234ca4a37da5e7c{\npadding-bottom:10px;\n}\nbody .av-special-heading.av-l7pxfcsl-9088f7f927440833a234ca4a37da5e7c .av-special-heading-tag .heading-char{\nfont-size:25px;\n}\n.av-special-heading.av-l7pxfcsl-9088f7f927440833a234ca4a37da5e7c .av-subheading{\nfont-size:15px;\n}\n<\/style>\n<div  class='av-special-heading av-l7pxfcsl-9088f7f927440833a234ca4a37da5e7c av-special-heading-h5 blockquote modern-quote modern-centered  avia-builder-el-45  el_before_av_font_icon  avia-builder-el-first '><h5 class='av-special-heading-tag '  itemprop=\"headline\"  ><br \/>Websites der Imker-Ortsvereine und Ortsgruppen<\/h5><div class=\"special-heading-border\"><div class=\"special-heading-inner-border\"><\/div><\/div><\/div><br \/>\n\n<style type=\"text\/css\" data-created_by=\"avia_inline_auto\" id=\"style-css-av-l99s2f8h-ef4f7a013e7745d5a885b6a34b5deaf5\">\n.av_font_icon.av-l99s2f8h-ef4f7a013e7745d5a885b6a34b5deaf5 .av-icon-char{\nfont-size:20px;\nline-height:20px;\n}\n<\/style>\n<span  class='av_font_icon av-l99s2f8h-ef4f7a013e7745d5a885b6a34b5deaf5 avia_animate_when_visible av-icon-style- avia-icon-pos-center avia-iconfont avia-font-entypo-fontello av-no-color avia-icon-animate'><span class='av-icon-char' data-av_icon='\ue80b' data-av_iconfont='entypo-fontello' aria-hidden=\"true\" ><\/span><\/span><br \/>\n<section  class='av_textblock_section av-l7hlwkhy-0ab71e62b5e718da75b4e2c0d763d0ad '   itemscope=\"itemscope\" itemtype=\"https:\/\/schema.org\/BlogPosting\" itemprop=\"blogPost\" ><div class='avia_textblock'  itemprop=\"text\" ><ul>\n<li>Imkerortsgruppe Salzburg Stadt &amp; Umgebung alias Maxglan &#8211; derzeit nicht verf\u00fcgbar<\/li>\n<li><a href=\"https:\/\/imker-neumarkt.at\/\">Imkerortsgruppe Neumarkt am Wallersee<\/a><\/li>\n<li><a href=\"http:\/\/www.kaiserbiene.at\/\">Imkerortsgruppe Bad Ischl<\/a><\/li>\n<li><a href=\"https:\/\/www.imker-hallein.com\/\">Imkerortsgruppe Hallein<\/a><\/li>\n<li><a href=\"https:\/\/imkerverein-badreichenhall.de\/\">Imkerverein Bad Reichenhall<\/a><\/li>\n<li><a href=\"https:\/\/imkervereinberch-lvke4usojz.live-website.com\/\">Imkerverein Berchtesgaden<\/a><\/li>\n<li><a href=\"https:\/\/imkerverein-teisendorf-anger.de\/\">Imkerverein Teisendorf-Anger<\/a><\/li>\n<li><a href=\"https:\/\/imkervereinseekirchen.clubdesk.com\/\">Imkerverein Seekirchen<\/a><\/li>\n<li><a href=\"https:\/\/www.bienenfreunde-unterm-watzmann.de\/\">Bienenfreunde unterm Watzmann e.V.<\/a><\/li>\n<\/ul>\n<\/div><\/section><\/p><\/div>\n<style type=\"text\/css\" data-created_by=\"avia_inline_auto\" id=\"style-css-av-la19a9rc-c85adabedace458064979bef2362ab93\">\n@keyframes av_boxShadowEffect_av-la19a9rc-c85adabedace458064979bef2362ab93-column {\n0%   { box-shadow:  0 0 0 0 #cccccc; opacity: 1; }\n100% { box-shadow:  0 0 10px 0 #cccccc; opacity: 1; }\n}\n.flex_column.av-la19a9rc-c85adabedace458064979bef2362ab93{\nbox-shadow: 0 0 10px 0 #cccccc;\nbackground-color:#ffffff;\n}\n.avia_transform .flex_column.av-la19a9rc-c85adabedace458064979bef2362ab93{\nanimation-duration:4s;\n}\n<\/style>\n<div  class='flex_column av-la19a9rc-c85adabedace458064979bef2362ab93 av_one_third  avia-builder-el-48  el_after_av_one_third  el_before_av_one_third  flex_column_div av-animated-generic bottom-to-top shadow-not-animated  column-top-margin'     ><p>\n<style type=\"text\/css\" data-created_by=\"avia_inline_auto\" id=\"style-css-av-la196ohb-423167751852ad6a6082c1bdedda67c1\">\n#top .av-special-heading.av-la196ohb-423167751852ad6a6082c1bdedda67c1{\npadding-bottom:10px;\n}\nbody .av-special-heading.av-la196ohb-423167751852ad6a6082c1bdedda67c1 .av-special-heading-tag .heading-char{\nfont-size:25px;\n}\n.av-special-heading.av-la196ohb-423167751852ad6a6082c1bdedda67c1 .av-subheading{\nfont-size:15px;\n}\n<\/style>\n<div  class='av-special-heading av-la196ohb-423167751852ad6a6082c1bdedda67c1 av-special-heading-h5 blockquote modern-quote modern-centered  avia-builder-el-49  el_before_av_font_icon  avia-builder-el-first '><h5 class='av-special-heading-tag '  itemprop=\"headline\"  ><br \/>Aktuelle Nachrichten<\/h5><div class=\"special-heading-border\"><div class=\"special-heading-inner-border\"><\/div><\/div><\/div><br \/>\n\n<style type=\"text\/css\" data-created_by=\"avia_inline_auto\" id=\"style-css-av-la1989kt-aff12188f0f1782f7ba0e3eaf8dc3336\">\n.av_font_icon.av-la1989kt-aff12188f0f1782f7ba0e3eaf8dc3336 .av-icon-char{\nfont-size:20px;\nline-height:20px;\n}\n<\/style>\n<span  class='av_font_icon av-la1989kt-aff12188f0f1782f7ba0e3eaf8dc3336 avia_animate_when_visible av-icon-style- avia-icon-pos-center avia-iconfont avia-font-entypo-fontello av-no-color avia-icon-animate'><span class='av-icon-char' data-av_icon='\ue81f' data-av_iconfont='entypo-fontello' aria-hidden=\"true\" ><\/span><\/span><br \/>\n<section  class='av_textblock_section av-la195r27-b28ad53f9c4e5973b8362a769bcf4b53 '   itemscope=\"itemscope\" itemtype=\"https:\/\/schema.org\/BlogPosting\" itemprop=\"blogPost\" ><div class='avia_textblock'  itemprop=\"text\" ><ul>\n<li><a href=\"https:\/\/bienen-nachrichten.de\/\">Bienen Nachrichten<\/a><\/li>\n<li><a href=\"https:\/\/www.laves.niedersachsen.de\/startseite\/tiere\/bienenkunde\/informationsmaterial\/infobriefe-134744.html\">Infobriefe des LAVES-Instituts f\u00fcr Bienenkunde<\/a><\/li>\n<\/ul>\n<\/div><\/section><\/p><\/div><\/p>\n\n<style type=\"text\/css\" data-created_by=\"avia_inline_auto\" id=\"style-css-av-lagsbqsh-c1abb59782f7c9b54efc373e9d66483d\">\n@keyframes av_boxShadowEffect_av-lagsbqsh-c1abb59782f7c9b54efc373e9d66483d-column {\n0%   { box-shadow:  0 0 0 0 #cccccc; opacity: 1; }\n100% { box-shadow:  0 0 10px 0 #cccccc; opacity: 1; }\n}\n.flex_column.av-lagsbqsh-c1abb59782f7c9b54efc373e9d66483d{\nbox-shadow: 0 0 10px 0 #cccccc;\n}\n.avia_transform .flex_column.av-lagsbqsh-c1abb59782f7c9b54efc373e9d66483d{\nanimation-duration:5s;\n}\n<\/style>\n<div  class='flex_column av-lagsbqsh-c1abb59782f7c9b54efc373e9d66483d av_one_third  avia-builder-el-52  el_after_av_one_third  el_before_av_one_third  first flex_column_div av-animated-generic top-to-bottom shadow-not-animated  column-top-margin'     ><p>\n<style type=\"text\/css\" data-created_by=\"avia_inline_auto\" id=\"style-css-av-lags6xxc-32cd3017c15d80ff9f27d227debf02d1\">\n#top .av-special-heading.av-lags6xxc-32cd3017c15d80ff9f27d227debf02d1{\npadding-bottom:10px;\n}\nbody .av-special-heading.av-lags6xxc-32cd3017c15d80ff9f27d227debf02d1 .av-special-heading-tag .heading-char{\nfont-size:25px;\n}\n.av-special-heading.av-lags6xxc-32cd3017c15d80ff9f27d227debf02d1 .av-subheading{\nfont-size:15px;\n}\n<\/style>\n<div  class='av-special-heading av-lags6xxc-32cd3017c15d80ff9f27d227debf02d1 av-special-heading-h5 blockquote modern-quote modern-centered  avia-builder-el-53  el_before_av_font_icon  avia-builder-el-first '><h5 class='av-special-heading-tag '  itemprop=\"headline\"  ><br \/>F\u00f6rderung<\/h5><div class=\"special-heading-border\"><div class=\"special-heading-inner-border\"><\/div><\/div><\/div><br \/>\n\n<style type=\"text\/css\" data-created_by=\"avia_inline_auto\" id=\"style-css-av-lagsakyw-a9e5d9993f7962f1cb0338da1641ac01\">\n.av_font_icon.av-lagsakyw-a9e5d9993f7962f1cb0338da1641ac01 .av-icon-char{\nfont-size:20px;\nline-height:20px;\n}\n<\/style>\n<span  class='av_font_icon av-lagsakyw-a9e5d9993f7962f1cb0338da1641ac01 avia_animate_when_visible av-icon-style- avia-icon-pos-center avia-iconfont avia-font-entypo-fontello av-no-color avia-icon-animate'><span class='av-icon-char' data-av_icon='\ue866' data-av_iconfont='entypo-fontello' aria-hidden=\"true\" ><\/span><\/span><br \/>\n<section  class='av_textblock_section av-lags64aw-c1fe88bb0541abea1b031308f5200e1a '   itemscope=\"itemscope\" itemtype=\"https:\/\/schema.org\/BlogPosting\" itemprop=\"blogPost\" ><div class='avia_textblock'  itemprop=\"text\" ><ul>\n<li><a href=\"https:\/\/www.ama.at\/fachliche-informationen\/imkereifoerderung\/allgemeine-informationen\">AgrarMarkt Austria Imkereif\u00f6rderung &#8211; Alt<\/a><\/li>\n<li><a href=\"https:\/\/www.ama.at\/dfp\/foerderungen-fristen\">AgrarMarkt Austria &#8211; Digitale F\u00f6rderplattform (DFP) &#8211; Neu<\/a><\/li>\n<\/ul>\n<\/div><\/section><\/p><\/div>\n\n<style type=\"text\/css\" data-created_by=\"avia_inline_auto\" id=\"style-css-av-75e37-15ba4463de7c703b4f4a4f84b45bae3d\">\n@keyframes av_boxShadowEffect_av-75e37-15ba4463de7c703b4f4a4f84b45bae3d-column {\n0%   { box-shadow:  0 0 0 0 #cccccc; opacity: 1; }\n100% { box-shadow:  0 0 10px 0 #cccccc; opacity: 1; }\n}\n.flex_column.av-75e37-15ba4463de7c703b4f4a4f84b45bae3d{\nbox-shadow: 0 0 10px 0 #cccccc;\n}\n.avia_transform .flex_column.av-75e37-15ba4463de7c703b4f4a4f84b45bae3d{\nanimation-duration:5s;\n}\n<\/style>\n<div  class='flex_column av-75e37-15ba4463de7c703b4f4a4f84b45bae3d av_one_third  avia-builder-el-56  el_after_av_one_third  el_before_av_one_third  flex_column_div av-animated-generic top-to-bottom shadow-not-animated  column-top-margin'     ><p>\n<style type=\"text\/css\" data-created_by=\"avia_inline_auto\" id=\"style-css-av-ld3fblas-4252491d73ba4daad8d0260189c4b472\">\n#top .av-special-heading.av-ld3fblas-4252491d73ba4daad8d0260189c4b472{\npadding-bottom:10px;\n}\nbody .av-special-heading.av-ld3fblas-4252491d73ba4daad8d0260189c4b472 .av-special-heading-tag .heading-char{\nfont-size:25px;\n}\n.av-special-heading.av-ld3fblas-4252491d73ba4daad8d0260189c4b472 .av-subheading{\nfont-size:15px;\n}\n<\/style>\n<div  class='av-special-heading av-ld3fblas-4252491d73ba4daad8d0260189c4b472 av-special-heading-h5 blockquote modern-quote modern-centered  avia-builder-el-57  el_before_av_font_icon  avia-builder-el-first '><h5 class='av-special-heading-tag '  itemprop=\"headline\"  ><br \/>Junge Imker<\/h5><div class=\"special-heading-border\"><div class=\"special-heading-inner-border\"><\/div><\/div><\/div><br \/>\n\n<style type=\"text\/css\" data-created_by=\"avia_inline_auto\" id=\"style-css-av-ld3fc0vq-baa06edcaec98c541fa86f2b1eb40c0f\">\n.av_font_icon.av-ld3fc0vq-baa06edcaec98c541fa86f2b1eb40c0f .av-icon-char{\nfont-size:20px;\nline-height:20px;\n}\n<\/style>\n<span  class='av_font_icon av-ld3fc0vq-baa06edcaec98c541fa86f2b1eb40c0f avia_animate_when_visible av-icon-style- avia-icon-pos-center avia-iconfont avia-font-entypo-fontello av-no-color avia-icon-animate'><span class='av-icon-char' data-av_icon='\ue82b' data-av_iconfont='entypo-fontello' aria-hidden=\"true\" ><\/span><\/span><br \/>\n<section  class='av_textblock_section av-ld3fda51-bb791435ac53c8d6ca7c8696975f994e '   itemscope=\"itemscope\" itemtype=\"https:\/\/schema.org\/BlogPosting\" itemprop=\"blogPost\" ><div class='avia_textblock'  itemprop=\"text\" ><ul>\n<li><a href=\"https:\/\/jugend.akzente.net\/akzente-bienen\/\">akzente Salzburg &#8211; Bienen<\/a><\/li>\n<\/ul>\n<\/div><\/section><\/p><\/div>\n\n<style type=\"text\/css\" data-created_by=\"avia_inline_auto\" id=\"style-css-av-bbds3-ed68c11b0ed2e89b1905f2fe85d5edc6\">\n@keyframes av_boxShadowEffect_av-bbds3-ed68c11b0ed2e89b1905f2fe85d5edc6-column {\n0%   { box-shadow:  0 0 0 0 #cccccc; opacity: 1; }\n100% { box-shadow:  0 0 10px 0 #cccccc; opacity: 1; }\n}\n.flex_column.av-bbds3-ed68c11b0ed2e89b1905f2fe85d5edc6{\nbox-shadow: 0 0 10px 0 #cccccc;\n}\n.avia_transform .flex_column.av-bbds3-ed68c11b0ed2e89b1905f2fe85d5edc6{\nanimation-duration:5s;\n}\n<\/style>\n<div  class='flex_column av-bbds3-ed68c11b0ed2e89b1905f2fe85d5edc6 av_one_third  avia-builder-el-60  el_after_av_one_third  el_before_av_one_third  flex_column_div av-animated-generic top-to-bottom shadow-not-animated  column-top-margin'     ><p>\n<style type=\"text\/css\" data-created_by=\"avia_inline_auto\" id=\"style-css-av-ldcyeaca-7779264d3ab0405ec373591d1f208791\">\n#top .av-special-heading.av-ldcyeaca-7779264d3ab0405ec373591d1f208791{\npadding-bottom:10px;\n}\nbody .av-special-heading.av-ldcyeaca-7779264d3ab0405ec373591d1f208791 .av-special-heading-tag .heading-char{\nfont-size:25px;\n}\n.av-special-heading.av-ldcyeaca-7779264d3ab0405ec373591d1f208791 .av-subheading{\nfont-size:15px;\n}\n<\/style>\n<div  class='av-special-heading av-ldcyeaca-7779264d3ab0405ec373591d1f208791 av-special-heading-h5 blockquote modern-quote modern-centered  avia-builder-el-61  el_before_av_font_icon  avia-builder-el-first '><h5 class='av-special-heading-tag '  itemprop=\"headline\"  ><br \/>Wildbienen<\/h5><div class=\"special-heading-border\"><div class=\"special-heading-inner-border\"><\/div><\/div><\/div><br \/>\n\n<style type=\"text\/css\" data-created_by=\"avia_inline_auto\" id=\"style-css-av-ldcyfqye-d3e096c25dee209eb85ba016ab4d2dfb\">\n.av_font_icon.av-ldcyfqye-d3e096c25dee209eb85ba016ab4d2dfb .av-icon-char{\nfont-size:20px;\nline-height:20px;\n}\n<\/style>\n<span  class='av_font_icon av-ldcyfqye-d3e096c25dee209eb85ba016ab4d2dfb avia_animate_when_visible av-icon-style- avia-icon-pos-center avia-iconfont avia-font-entypo-fontello av-no-color avia-icon-animate'><span class='av-icon-char' data-av_icon='\ue806' data-av_iconfont='entypo-fontello' aria-hidden=\"true\" ><\/span><\/span><br \/>\n<section  class='av_textblock_section av-ldcygoul-123e3d826b77e941c9aa0b69873cb65a '   itemscope=\"itemscope\" itemtype=\"https:\/\/schema.org\/BlogPosting\" itemprop=\"blogPost\" ><div class='avia_textblock'  itemprop=\"text\" ><ul>\n<li><a href=\"https:\/\/www.bienenvielfalt.at\/\">Arbeitsgemeinschaft BienenVielfalt<\/a><\/li>\n<li><a href=\"https:\/\/www.wildbienen.info\/index.php\">Faszination Wildbienen<\/a><\/li>\n<\/ul>\n<\/div><\/section><\/p><\/div>\n\n<style type=\"text\/css\" data-created_by=\"avia_inline_auto\" id=\"style-css-av-les7rld9-c75ac378c36c11920e047064a1b8f30d\">\n@keyframes av_boxShadowEffect_av-les7rld9-c75ac378c36c11920e047064a1b8f30d-column {\n0%   { box-shadow:  0 0 0 0 #cccccc; opacity: 1; }\n100% { box-shadow:  0 0 10px 0 #cccccc; opacity: 1; }\n}\n.flex_column.av-les7rld9-c75ac378c36c11920e047064a1b8f30d{\nbox-shadow: 0 0 10px 0 #cccccc;\n}\n.avia_transform .flex_column.av-les7rld9-c75ac378c36c11920e047064a1b8f30d{\nanimation-duration:7.5s;\n}\n<\/style>\n<div  class='flex_column av-les7rld9-c75ac378c36c11920e047064a1b8f30d av_one_third  avia-builder-el-64  el_after_av_one_third  el_before_av_one_third  first flex_column_div av-animated-generic top-to-bottom shadow-not-animated  column-top-margin'     ><p>\n<style type=\"text\/css\" data-created_by=\"avia_inline_auto\" id=\"style-css-av-les7o0ff-c6ec36543d7d200e77d5d5b277885072\">\n#top .av-special-heading.av-les7o0ff-c6ec36543d7d200e77d5d5b277885072{\npadding-bottom:10px;\n}\nbody .av-special-heading.av-les7o0ff-c6ec36543d7d200e77d5d5b277885072 .av-special-heading-tag .heading-char{\nfont-size:25px;\n}\n.av-special-heading.av-les7o0ff-c6ec36543d7d200e77d5d5b277885072 .av-subheading{\nfont-size:15px;\n}\n<\/style>\n<div  class='av-special-heading av-les7o0ff-c6ec36543d7d200e77d5d5b277885072 av-special-heading-h5 blockquote modern-quote modern-centered  avia-builder-el-65  el_before_av_font_icon  avia-builder-el-first '><h5 class='av-special-heading-tag '  itemprop=\"headline\"  ><br \/>Garten- und Trachtpflanzen \/ (Schnitt-)Blumen<\/h5><div class=\"special-heading-border\"><div class=\"special-heading-inner-border\"><\/div><\/div><\/div><br \/>\n\n<style type=\"text\/css\" data-created_by=\"avia_inline_auto\" id=\"style-css-av-les7op2n-e17876f86610620e60cf9425a4f5dc29\">\n.av_font_icon.av-les7op2n-e17876f86610620e60cf9425a4f5dc29 .av-icon-char{\nfont-size:20px;\nline-height:20px;\n}\n<\/style>\n<span  class='av_font_icon av-les7op2n-e17876f86610620e60cf9425a4f5dc29 avia_animate_when_visible av-icon-style- avia-icon-pos-center avia-iconfont avia-font-entypo-fontello av-no-color avia-icon-animate'><span class='av-icon-char' data-av_icon='\ue8b8' data-av_iconfont='entypo-fontello' aria-hidden=\"true\" ><\/span><\/span><br \/>\n<section  class='av_textblock_section av-les7q032-32660810ba9d588b8bbef983d2443818 '   itemscope=\"itemscope\" itemtype=\"https:\/\/schema.org\/BlogPosting\" itemprop=\"blogPost\" ><div class='avia_textblock'  itemprop=\"text\" ><ul>\n<li><a href=\"https:\/\/www.wildundkultiviert.at\/\">wild und kultiviert &#8211; <span class=\"wixui-rich-text__text\">Wiesenpflanzen und Geh\u00f6lze der Salzburger Regionen<\/span><\/a><\/li>\n<li><a href=\"https:\/\/www.bluehendes-salzburg.at\/elsbethen\/willkommen\/\">Obst &#8211; und Gartenbauverein Elsbethen<\/a><\/li>\n<li><a href=\"https:\/\/www.mein-pflanzenblog.de\/\">Mein Pflanzenblog<\/a><\/li>\n<li><a href=\"https:\/\/wild-gewachsen.at\">Bio-Blumen vom Feld (wild-gewachsen.at)<\/a><\/li>\n<li><a href=\"https:\/\/www.slowflower-bewegung.de\/\">Slowflower-Bewegung (slowflower-bewegung.de)<\/a><\/li>\n<\/ul>\n<\/div><\/section><\/p><\/div>\n\n<style type=\"text\/css\" data-created_by=\"avia_inline_auto\" id=\"style-css-av-79m3f-2acb0f4304e167f102833e32bec83cc2\">\n@keyframes av_boxShadowEffect_av-79m3f-2acb0f4304e167f102833e32bec83cc2-column {\n0%   { box-shadow:  0 0 0 0 #cccccc; opacity: 1; }\n100% { box-shadow:  0 0 10px 0 #cccccc; opacity: 1; }\n}\n.flex_column.av-79m3f-2acb0f4304e167f102833e32bec83cc2{\nbox-shadow: 0 0 10px 0 #cccccc;\n}\n.avia_transform .flex_column.av-79m3f-2acb0f4304e167f102833e32bec83cc2{\nanimation-duration:7.5s;\n}\n<\/style>\n<div  class='flex_column av-79m3f-2acb0f4304e167f102833e32bec83cc2 av_one_third  avia-builder-el-68  el_after_av_one_third  el_before_av_one_third  flex_column_div av-animated-generic top-to-bottom shadow-not-animated  column-top-margin'     ><p>\n<style type=\"text\/css\" data-created_by=\"avia_inline_auto\" id=\"style-css-av-lid3l2n9-36609e2d3ad24b15a49b08e6b1ad0f8e\">\n#top .av-special-heading.av-lid3l2n9-36609e2d3ad24b15a49b08e6b1ad0f8e{\npadding-bottom:10px;\n}\nbody .av-special-heading.av-lid3l2n9-36609e2d3ad24b15a49b08e6b1ad0f8e .av-special-heading-tag .heading-char{\nfont-size:25px;\n}\n.av-special-heading.av-lid3l2n9-36609e2d3ad24b15a49b08e6b1ad0f8e .av-subheading{\nfont-size:15px;\n}\n<\/style>\n<div  class='av-special-heading av-lid3l2n9-36609e2d3ad24b15a49b08e6b1ad0f8e av-special-heading-h5 blockquote modern-quote modern-centered  avia-builder-el-69  el_before_av_font_icon  avia-builder-el-first '><h5 class='av-special-heading-tag '  itemprop=\"headline\"  ><br \/>Natur- und Umweltschutz<\/h5><div class=\"special-heading-border\"><div class=\"special-heading-inner-border\"><\/div><\/div><\/div><br \/>\n\n<style type=\"text\/css\" data-created_by=\"avia_inline_auto\" id=\"style-css-av-lid3no8s-5ed2c9d2d393c815192d7f975b383716\">\n.av_font_icon.av-lid3no8s-5ed2c9d2d393c815192d7f975b383716 .av-icon-char{\nfont-size:20px;\nline-height:20px;\n}\n<\/style>\n<span  class='av_font_icon av-lid3no8s-5ed2c9d2d393c815192d7f975b383716 avia_animate_when_visible av-icon-style- avia-icon-pos-center avia-iconfont avia-font-entypo-fontello av-no-color avia-icon-animate'><span class='av-icon-char' data-av_icon='\ue8b1' data-av_iconfont='entypo-fontello' aria-hidden=\"true\" ><\/span><\/span><br \/>\n<section  class='av_textblock_section av-lid3mbab-f6b1147085beba2740071d4b0229a6bc '   itemscope=\"itemscope\" itemtype=\"https:\/\/schema.org\/BlogPosting\" itemprop=\"blogPost\" ><div class='avia_textblock'  itemprop=\"text\" ><ul>\n<li><a href=\"https:\/\/naturschutzbund.at\/salzburg.html\">Naturschutzbund Salzburg<\/a><\/li>\n<li><a href=\"https:\/\/www.salzburg.gv.at\/themen\/natur\/berg-und-naturwacht\">Berg- und Naturwacht Land Salzburg<\/a><\/li>\n<\/ul>\n<\/div><\/section><\/p><\/div>\n\n<style type=\"text\/css\" data-created_by=\"avia_inline_auto\" id=\"style-css-av-8hdpn-9d9e4ec7c7170d7b3ef196799eae28fd\">\n@keyframes av_boxShadowEffect_av-8hdpn-9d9e4ec7c7170d7b3ef196799eae28fd-column {\n0%   { box-shadow:  0 0 0 0 #cccccc; opacity: 1; }\n100% { box-shadow:  0 0 10px 0 #cccccc; opacity: 1; }\n}\n.flex_column.av-8hdpn-9d9e4ec7c7170d7b3ef196799eae28fd{\nbox-shadow: 0 0 10px 0 #cccccc;\n}\n.avia_transform .flex_column.av-8hdpn-9d9e4ec7c7170d7b3ef196799eae28fd{\nanimation-duration:7.5s;\n}\n<\/style>\n<div  class='flex_column av-8hdpn-9d9e4ec7c7170d7b3ef196799eae28fd av_one_third  avia-builder-el-72  el_after_av_one_third  el_before_av_one_third  flex_column_div av-animated-generic top-to-bottom shadow-not-animated  column-top-margin'     ><p>\n<style type=\"text\/css\" data-created_by=\"avia_inline_auto\" id=\"style-css-av-lr3domln-322469c5893ef9b1db4548d283f551da\">\n#top .av-special-heading.av-lr3domln-322469c5893ef9b1db4548d283f551da{\npadding-bottom:10px;\n}\nbody .av-special-heading.av-lr3domln-322469c5893ef9b1db4548d283f551da .av-special-heading-tag .heading-char{\nfont-size:25px;\n}\n.av-special-heading.av-lr3domln-322469c5893ef9b1db4548d283f551da .av-subheading{\nfont-size:15px;\n}\n<\/style>\n<div  class='av-special-heading av-lr3domln-322469c5893ef9b1db4548d283f551da av-special-heading-h5 blockquote modern-quote modern-centered  avia-builder-el-73  el_before_av_font_icon  avia-builder-el-first '><h5 class='av-special-heading-tag '  itemprop=\"headline\"  ><br \/>Rechtliches<\/h5><div class=\"special-heading-border\"><div class=\"special-heading-inner-border\"><\/div><\/div><\/div><br \/>\n\n<style type=\"text\/css\" data-created_by=\"avia_inline_auto\" id=\"style-css-av-lr3dsk8p-10f41afd32fd5cdc8c7ec89517992b19\">\n.av_font_icon.av-lr3dsk8p-10f41afd32fd5cdc8c7ec89517992b19 .av-icon-char{\nfont-size:20px;\nline-height:20px;\n}\n<\/style>\n<span  class='av_font_icon av-lr3dsk8p-10f41afd32fd5cdc8c7ec89517992b19 avia_animate_when_visible av-icon-style- avia-icon-pos-center avia-iconfont avia-font-entypo-fontello av-no-color avia-icon-animate'><span class='av-icon-char' data-av_icon='\ue83e' data-av_iconfont='entypo-fontello' aria-hidden=\"true\" ><\/span><\/span><br \/>\n<section  class='av_textblock_section av-lr3dv5ab-96c66f86eecd687001d38004621ff59d '   itemscope=\"itemscope\" itemtype=\"https:\/\/schema.org\/BlogPosting\" itemprop=\"blogPost\" ><div class='avia_textblock'  itemprop=\"text\" ><ul>\n<li><a href=\"https:\/\/imkerhof-salzburg.at\/wp-content\/uploads\/2024\/04\/Salzburger-Bienenwirtschaftsgesetz-Fassung-vom-30.11.2020.pdf\">Salzburger Bienenwirtschaftsgesetz<\/a><\/li>\n<li><a href=\"https:\/\/imkerhof-salzburg.at\/wp-content\/uploads\/2024\/06\/Verordnung-LWK-Salzburg-geeignete-Bienenrassen.pdf\">Verordnung der Landwirtschaftskammer \u00fcber zugelassene Bienenrassen in Salzburg<\/a><\/li>\n<li><a href=\"https:\/\/www.ris.bka.gv.at\/GeltendeFassung.wxe?Abfrage=Bundesnormen&#038;Gesetzesnummer=20003541\">\u00d6sterreichisches Tierschutzgesetz<\/a><\/li>\n<li><a href=\"https:\/\/www.ris.bka.gv.at\/GeltendeFassung.wxe?Abfrage=Bundesnormen&#038;Gesetzesnummer=20012588\">\u00d6sterreichisches Tiergesundheitsgesetz\u00a0 (Abwehr und Bek\u00e4mpfung von Tierseuchen)<\/a><\/li>\n<li><a href=\"https:\/\/eur-lex.europa.eu\/DE\/legal-content\/summary\/the-eu-animal-health-law.html\">EU Tiergesundheitsrecht<\/a><\/li>\n<\/ul>\n<\/div><\/section><\/p><\/div>\n\n<style type=\"text\/css\" data-created_by=\"avia_inline_auto\" id=\"style-css-av-adjez-6be776a414da5a19c025427b88ee49dc\">\n@keyframes av_boxShadowEffect_av-adjez-6be776a414da5a19c025427b88ee49dc-column {\n0%   { box-shadow:  0 0 0 0 #cccccc; opacity: 1; }\n100% { box-shadow:  0 0 10px 0 #cccccc; opacity: 1; }\n}\n.flex_column.av-adjez-6be776a414da5a19c025427b88ee49dc{\nbox-shadow: 0 0 10px 0 #cccccc;\n}\n.avia_transform .flex_column.av-adjez-6be776a414da5a19c025427b88ee49dc{\nanimation-duration:7.5s;\n}\n<\/style>\n<div  class='flex_column av-adjez-6be776a414da5a19c025427b88ee49dc av_one_third  avia-builder-el-76  el_after_av_one_third  avia-builder-el-last  first flex_column_div av-animated-generic top-to-bottom shadow-not-animated  column-top-margin'     ><p>\n<style type=\"text\/css\" data-created_by=\"avia_inline_auto\" id=\"style-css-av-lv3w9yre-b048bf936ff9115846af7f67f6f355e8\">\n#top .av-special-heading.av-lv3w9yre-b048bf936ff9115846af7f67f6f355e8{\npadding-bottom:10px;\n}\nbody .av-special-heading.av-lv3w9yre-b048bf936ff9115846af7f67f6f355e8 .av-special-heading-tag .heading-char{\nfont-size:25px;\n}\n.av-special-heading.av-lv3w9yre-b048bf936ff9115846af7f67f6f355e8 .av-subheading{\nfont-size:15px;\n}\n<\/style>\n<div  class='av-special-heading av-lv3w9yre-b048bf936ff9115846af7f67f6f355e8 av-special-heading-h5 blockquote modern-quote modern-centered  avia-builder-el-77  el_before_av_font_icon  avia-builder-el-first '><h5 class='av-special-heading-tag '  itemprop=\"headline\"  ><br \/>Vespa velutina (asiatische Hornisse)<\/h5><div class=\"special-heading-border\"><div class=\"special-heading-inner-border\"><\/div><\/div><\/div><br \/>\n\n<style type=\"text\/css\" data-created_by=\"avia_inline_auto\" id=\"style-css-av-lv3wc6j9-ef60fc98cd99706c407ae948980065ce\">\n.av_font_icon.av-lv3wc6j9-ef60fc98cd99706c407ae948980065ce .av-icon-char{\nfont-size:20px;\nline-height:20px;\n}\n<\/style>\n<span  class='av_font_icon av-lv3wc6j9-ef60fc98cd99706c407ae948980065ce avia_animate_when_visible av-icon-style- avia-icon-pos-center avia-iconfont avia-font-entypo-fontello av-no-color avia-icon-animate'><span class='av-icon-char' data-av_icon='\ue83f' data-av_iconfont='entypo-fontello' aria-hidden=\"true\" ><\/span><\/span><br \/>\n<section  class='av_textblock_section av-lv3we1if-1cacf3912ef9cf52f1d5981e362a0e04 '   itemscope=\"itemscope\" itemtype=\"https:\/\/schema.org\/BlogPosting\" itemprop=\"blogPost\" ><div class='avia_textblock'  itemprop=\"text\" ><ul>\n<li><a href=\"https:\/\/bienengesundheit.at\/vespa-velutina\">Meldeplattform<\/a><\/li>\n<\/ul>\n<\/div><\/section><\/p><\/div>\n","protected":false},"excerpt":{"rendered":"","protected":false},"author":1,"featured_media":826,"comment_status":"open","ping_status":"closed","sticky":false,"template":"","format":"standard","meta":{"footnotes":""},"categories":[19],"tags":[],"class_list":["post-851","post","type-post","status-publish","format-standard","has-post-thumbnail","hentry","category-knowledge"],"yoast_head":"<!-- This site is optimized with the Yoast SEO plugin v27.4 - https:\/\/yoast.com\/product\/yoast-seo-wordpress\/ -->\n<title>Imker-Linksammlung - Imker Ortsgruppe Salzburg Aigen<\/title>\n<meta name=\"description\" content=\"Eine kleine Auswahl an Links, welche Imkern das Leben vereinfachen sollen. Zusammengestellt von den Imkern der Ortsgruppe Salzburg Aigen\" \/>\n<meta name=\"robots\" content=\"index, follow, max-snippet:-1, max-image-preview:large, max-video-preview:-1\" \/>\n<link rel=\"canonical\" href=\"https:\/\/imker-aigen.at\/index.php\/2022\/08\/31\/imker-linksammlung\/\" \/>\n<meta property=\"og:locale\" content=\"de_DE\" \/>\n<meta property=\"og:type\" content=\"article\" \/>\n<meta property=\"og:title\" content=\"Imker-Linksammlung - Imker Ortsgruppe Salzburg Aigen\" \/>\n<meta property=\"og:description\" content=\"Eine kleine Auswahl an Links, welche Imkern das Leben vereinfachen sollen. Zusammengestellt von den Imkern der Ortsgruppe Salzburg Aigen\" \/>\n<meta property=\"og:url\" content=\"https:\/\/imker-aigen.at\/index.php\/2022\/08\/31\/imker-linksammlung\/\" \/>\n<meta property=\"og:site_name\" content=\"Imker Ortsgruppe Salzburg Aigen\" \/>\n<meta property=\"article:published_time\" content=\"2022-08-31T09:51:21+00:00\" \/>\n<meta property=\"article:modified_time\" content=\"2026-03-02T13:55:49+00:00\" \/>\n<meta property=\"og:image\" content=\"https:\/\/imker-aigen.at\/wp-content\/uploads\/2022\/08\/bees_two-scaled.jpg\" \/>\n\t<meta property=\"og:image:width\" content=\"2560\" \/>\n\t<meta property=\"og:image:height\" content=\"1168\" \/>\n\t<meta property=\"og:image:type\" content=\"image\/jpeg\" \/>\n<meta name=\"author\" content=\"admin\" \/>\n<meta name=\"twitter:card\" content=\"summary_large_image\" \/>\n<meta name=\"twitter:label1\" content=\"Verfasst von\" \/>\n\t<meta name=\"twitter:data1\" content=\"admin\" \/>\n\t<meta name=\"twitter:label2\" content=\"Gesch\u00e4tzte Lesezeit\" \/>\n\t<meta name=\"twitter:data2\" content=\"3\u00a0Minuten\" \/>\n<script type=\"application\/ld+json\" class=\"yoast-schema-graph\">{\"@context\":\"https:\\\/\\\/schema.org\",\"@graph\":[{\"@type\":\"Article\",\"@id\":\"https:\\\/\\\/imker-aigen.at\\\/index.php\\\/2022\\\/08\\\/31\\\/imker-linksammlung\\\/#article\",\"isPartOf\":{\"@id\":\"https:\\\/\\\/imker-aigen.at\\\/index.php\\\/2022\\\/08\\\/31\\\/imker-linksammlung\\\/\"},\"author\":{\"name\":\"admin\",\"@id\":\"https:\\\/\\\/imker-aigen.at\\\/#\\\/schema\\\/person\\\/d7d0c3a8ef6f051d450781218ac83077\"},\"headline\":\"Imker-Linksammlung\",\"datePublished\":\"2022-08-31T09:51:21+00:00\",\"dateModified\":\"2026-03-02T13:55:49+00:00\",\"mainEntityOfPage\":{\"@id\":\"https:\\\/\\\/imker-aigen.at\\\/index.php\\\/2022\\\/08\\\/31\\\/imker-linksammlung\\\/\"},\"wordCount\":11041,\"commentCount\":0,\"publisher\":{\"@id\":\"https:\\\/\\\/imker-aigen.at\\\/#organization\"},\"image\":{\"@id\":\"https:\\\/\\\/imker-aigen.at\\\/index.php\\\/2022\\\/08\\\/31\\\/imker-linksammlung\\\/#primaryimage\"},\"thumbnailUrl\":\"https:\\\/\\\/imker-aigen.at\\\/wp-content\\\/uploads\\\/2022\\\/08\\\/bees_two-scaled.jpg\",\"articleSection\":[\"Knowledge\"],\"inLanguage\":\"de\",\"potentialAction\":[{\"@type\":\"CommentAction\",\"name\":\"Comment\",\"target\":[\"https:\\\/\\\/imker-aigen.at\\\/index.php\\\/2022\\\/08\\\/31\\\/imker-linksammlung\\\/#respond\"]}]},{\"@type\":\"WebPage\",\"@id\":\"https:\\\/\\\/imker-aigen.at\\\/index.php\\\/2022\\\/08\\\/31\\\/imker-linksammlung\\\/\",\"url\":\"https:\\\/\\\/imker-aigen.at\\\/index.php\\\/2022\\\/08\\\/31\\\/imker-linksammlung\\\/\",\"name\":\"Imker-Linksammlung - Imker Ortsgruppe Salzburg Aigen\",\"isPartOf\":{\"@id\":\"https:\\\/\\\/imker-aigen.at\\\/#website\"},\"primaryImageOfPage\":{\"@id\":\"https:\\\/\\\/imker-aigen.at\\\/index.php\\\/2022\\\/08\\\/31\\\/imker-linksammlung\\\/#primaryimage\"},\"image\":{\"@id\":\"https:\\\/\\\/imker-aigen.at\\\/index.php\\\/2022\\\/08\\\/31\\\/imker-linksammlung\\\/#primaryimage\"},\"thumbnailUrl\":\"https:\\\/\\\/imker-aigen.at\\\/wp-content\\\/uploads\\\/2022\\\/08\\\/bees_two-scaled.jpg\",\"datePublished\":\"2022-08-31T09:51:21+00:00\",\"dateModified\":\"2026-03-02T13:55:49+00:00\",\"description\":\"Eine kleine Auswahl an Links, welche Imkern das Leben vereinfachen sollen. Zusammengestellt von den Imkern der Ortsgruppe Salzburg Aigen\",\"breadcrumb\":{\"@id\":\"https:\\\/\\\/imker-aigen.at\\\/index.php\\\/2022\\\/08\\\/31\\\/imker-linksammlung\\\/#breadcrumb\"},\"inLanguage\":\"de\",\"potentialAction\":[{\"@type\":\"ReadAction\",\"target\":[\"https:\\\/\\\/imker-aigen.at\\\/index.php\\\/2022\\\/08\\\/31\\\/imker-linksammlung\\\/\"]}]},{\"@type\":\"ImageObject\",\"inLanguage\":\"de\",\"@id\":\"https:\\\/\\\/imker-aigen.at\\\/index.php\\\/2022\\\/08\\\/31\\\/imker-linksammlung\\\/#primaryimage\",\"url\":\"https:\\\/\\\/imker-aigen.at\\\/wp-content\\\/uploads\\\/2022\\\/08\\\/bees_two-scaled.jpg\",\"contentUrl\":\"https:\\\/\\\/imker-aigen.at\\\/wp-content\\\/uploads\\\/2022\\\/08\\\/bees_two-scaled.jpg\",\"width\":2560,\"height\":1168},{\"@type\":\"BreadcrumbList\",\"@id\":\"https:\\\/\\\/imker-aigen.at\\\/index.php\\\/2022\\\/08\\\/31\\\/imker-linksammlung\\\/#breadcrumb\",\"itemListElement\":[{\"@type\":\"ListItem\",\"position\":1,\"name\":\"Startseite\",\"item\":\"https:\\\/\\\/imker-aigen.at\\\/index.php\\\/home\\\/\"},{\"@type\":\"ListItem\",\"position\":2,\"name\":\"Imker-Linksammlung\"}]},{\"@type\":\"WebSite\",\"@id\":\"https:\\\/\\\/imker-aigen.at\\\/#website\",\"url\":\"https:\\\/\\\/imker-aigen.at\\\/\",\"name\":\"Imker Ortsgruppe Salzburg Aigen\",\"description\":\"Homepage der Imker-Ortsgruppe Salzburg Aigen\",\"publisher\":{\"@id\":\"https:\\\/\\\/imker-aigen.at\\\/#organization\"},\"potentialAction\":[{\"@type\":\"SearchAction\",\"target\":{\"@type\":\"EntryPoint\",\"urlTemplate\":\"https:\\\/\\\/imker-aigen.at\\\/?s={search_term_string}\"},\"query-input\":{\"@type\":\"PropertyValueSpecification\",\"valueRequired\":true,\"valueName\":\"search_term_string\"}}],\"inLanguage\":\"de\"},{\"@type\":\"Organization\",\"@id\":\"https:\\\/\\\/imker-aigen.at\\\/#organization\",\"name\":\"Imker Ortsgruppe Salzburg Aigen\",\"url\":\"https:\\\/\\\/imker-aigen.at\\\/\",\"logo\":{\"@type\":\"ImageObject\",\"inLanguage\":\"de\",\"@id\":\"https:\\\/\\\/imker-aigen.at\\\/#\\\/schema\\\/logo\\\/image\\\/\",\"url\":\"https:\\\/\\\/imker-aigen.at\\\/wp-content\\\/uploads\\\/2022\\\/08\\\/logo-1.png\",\"contentUrl\":\"https:\\\/\\\/imker-aigen.at\\\/wp-content\\\/uploads\\\/2022\\\/08\\\/logo-1.png\",\"width\":392,\"height\":156,\"caption\":\"Imker Ortsgruppe Salzburg Aigen\"},\"image\":{\"@id\":\"https:\\\/\\\/imker-aigen.at\\\/#\\\/schema\\\/logo\\\/image\\\/\"}},{\"@type\":\"Person\",\"@id\":\"https:\\\/\\\/imker-aigen.at\\\/#\\\/schema\\\/person\\\/d7d0c3a8ef6f051d450781218ac83077\",\"name\":\"admin\",\"image\":{\"@type\":\"ImageObject\",\"inLanguage\":\"de\",\"@id\":\"https:\\\/\\\/secure.gravatar.com\\\/avatar\\\/925a7e918efd3cfdae29be9c0018a3ae3275cd0444a6e166241172bb6e5243c7?s=96&d=mm&r=g\",\"url\":\"https:\\\/\\\/secure.gravatar.com\\\/avatar\\\/925a7e918efd3cfdae29be9c0018a3ae3275cd0444a6e166241172bb6e5243c7?s=96&d=mm&r=g\",\"contentUrl\":\"https:\\\/\\\/secure.gravatar.com\\\/avatar\\\/925a7e918efd3cfdae29be9c0018a3ae3275cd0444a6e166241172bb6e5243c7?s=96&d=mm&r=g\",\"caption\":\"admin\"},\"sameAs\":[\"https:\\\/\\\/imker-aigen.at\",\"linkedin.com\\\/in\\\/bernd-meierhofer-5919b62\"],\"url\":\"https:\\\/\\\/imker-aigen.at\\\/index.php\\\/author\\\/bmeierhofer\\\/\"}]}<\/script>\n<!-- \/ Yoast SEO plugin. -->","yoast_head_json":{"title":"Imker-Linksammlung - Imker Ortsgruppe Salzburg Aigen","description":"Eine kleine Auswahl an Links, welche Imkern das Leben vereinfachen sollen. Zusammengestellt von den Imkern der Ortsgruppe Salzburg Aigen","robots":{"index":"index","follow":"follow","max-snippet":"max-snippet:-1","max-image-preview":"max-image-preview:large","max-video-preview":"max-video-preview:-1"},"canonical":"https:\/\/imker-aigen.at\/index.php\/2022\/08\/31\/imker-linksammlung\/","og_locale":"de_DE","og_type":"article","og_title":"Imker-Linksammlung - Imker Ortsgruppe Salzburg Aigen","og_description":"Eine kleine Auswahl an Links, welche Imkern das Leben vereinfachen sollen. Zusammengestellt von den Imkern der Ortsgruppe Salzburg Aigen","og_url":"https:\/\/imker-aigen.at\/index.php\/2022\/08\/31\/imker-linksammlung\/","og_site_name":"Imker Ortsgruppe Salzburg Aigen","article_published_time":"2022-08-31T09:51:21+00:00","article_modified_time":"2026-03-02T13:55:49+00:00","og_image":[{"width":2560,"height":1168,"url":"https:\/\/imker-aigen.at\/wp-content\/uploads\/2022\/08\/bees_two-scaled.jpg","type":"image\/jpeg"}],"author":"admin","twitter_card":"summary_large_image","twitter_misc":{"Verfasst von":"admin","Gesch\u00e4tzte Lesezeit":"3\u00a0Minuten"},"schema":{"@context":"https:\/\/schema.org","@graph":[{"@type":"Article","@id":"https:\/\/imker-aigen.at\/index.php\/2022\/08\/31\/imker-linksammlung\/#article","isPartOf":{"@id":"https:\/\/imker-aigen.at\/index.php\/2022\/08\/31\/imker-linksammlung\/"},"author":{"name":"admin","@id":"https:\/\/imker-aigen.at\/#\/schema\/person\/d7d0c3a8ef6f051d450781218ac83077"},"headline":"Imker-Linksammlung","datePublished":"2022-08-31T09:51:21+00:00","dateModified":"2026-03-02T13:55:49+00:00","mainEntityOfPage":{"@id":"https:\/\/imker-aigen.at\/index.php\/2022\/08\/31\/imker-linksammlung\/"},"wordCount":11041,"commentCount":0,"publisher":{"@id":"https:\/\/imker-aigen.at\/#organization"},"image":{"@id":"https:\/\/imker-aigen.at\/index.php\/2022\/08\/31\/imker-linksammlung\/#primaryimage"},"thumbnailUrl":"https:\/\/imker-aigen.at\/wp-content\/uploads\/2022\/08\/bees_two-scaled.jpg","articleSection":["Knowledge"],"inLanguage":"de","potentialAction":[{"@type":"CommentAction","name":"Comment","target":["https:\/\/imker-aigen.at\/index.php\/2022\/08\/31\/imker-linksammlung\/#respond"]}]},{"@type":"WebPage","@id":"https:\/\/imker-aigen.at\/index.php\/2022\/08\/31\/imker-linksammlung\/","url":"https:\/\/imker-aigen.at\/index.php\/2022\/08\/31\/imker-linksammlung\/","name":"Imker-Linksammlung - Imker Ortsgruppe Salzburg Aigen","isPartOf":{"@id":"https:\/\/imker-aigen.at\/#website"},"primaryImageOfPage":{"@id":"https:\/\/imker-aigen.at\/index.php\/2022\/08\/31\/imker-linksammlung\/#primaryimage"},"image":{"@id":"https:\/\/imker-aigen.at\/index.php\/2022\/08\/31\/imker-linksammlung\/#primaryimage"},"thumbnailUrl":"https:\/\/imker-aigen.at\/wp-content\/uploads\/2022\/08\/bees_two-scaled.jpg","datePublished":"2022-08-31T09:51:21+00:00","dateModified":"2026-03-02T13:55:49+00:00","description":"Eine kleine Auswahl an Links, welche Imkern das Leben vereinfachen sollen. Zusammengestellt von den Imkern der Ortsgruppe Salzburg Aigen","breadcrumb":{"@id":"https:\/\/imker-aigen.at\/index.php\/2022\/08\/31\/imker-linksammlung\/#breadcrumb"},"inLanguage":"de","potentialAction":[{"@type":"ReadAction","target":["https:\/\/imker-aigen.at\/index.php\/2022\/08\/31\/imker-linksammlung\/"]}]},{"@type":"ImageObject","inLanguage":"de","@id":"https:\/\/imker-aigen.at\/index.php\/2022\/08\/31\/imker-linksammlung\/#primaryimage","url":"https:\/\/imker-aigen.at\/wp-content\/uploads\/2022\/08\/bees_two-scaled.jpg","contentUrl":"https:\/\/imker-aigen.at\/wp-content\/uploads\/2022\/08\/bees_two-scaled.jpg","width":2560,"height":1168},{"@type":"BreadcrumbList","@id":"https:\/\/imker-aigen.at\/index.php\/2022\/08\/31\/imker-linksammlung\/#breadcrumb","itemListElement":[{"@type":"ListItem","position":1,"name":"Startseite","item":"https:\/\/imker-aigen.at\/index.php\/home\/"},{"@type":"ListItem","position":2,"name":"Imker-Linksammlung"}]},{"@type":"WebSite","@id":"https:\/\/imker-aigen.at\/#website","url":"https:\/\/imker-aigen.at\/","name":"Imker Ortsgruppe Salzburg Aigen","description":"Homepage der Imker-Ortsgruppe Salzburg Aigen","publisher":{"@id":"https:\/\/imker-aigen.at\/#organization"},"potentialAction":[{"@type":"SearchAction","target":{"@type":"EntryPoint","urlTemplate":"https:\/\/imker-aigen.at\/?s={search_term_string}"},"query-input":{"@type":"PropertyValueSpecification","valueRequired":true,"valueName":"search_term_string"}}],"inLanguage":"de"},{"@type":"Organization","@id":"https:\/\/imker-aigen.at\/#organization","name":"Imker Ortsgruppe Salzburg Aigen","url":"https:\/\/imker-aigen.at\/","logo":{"@type":"ImageObject","inLanguage":"de","@id":"https:\/\/imker-aigen.at\/#\/schema\/logo\/image\/","url":"https:\/\/imker-aigen.at\/wp-content\/uploads\/2022\/08\/logo-1.png","contentUrl":"https:\/\/imker-aigen.at\/wp-content\/uploads\/2022\/08\/logo-1.png","width":392,"height":156,"caption":"Imker Ortsgruppe Salzburg Aigen"},"image":{"@id":"https:\/\/imker-aigen.at\/#\/schema\/logo\/image\/"}},{"@type":"Person","@id":"https:\/\/imker-aigen.at\/#\/schema\/person\/d7d0c3a8ef6f051d450781218ac83077","name":"admin","image":{"@type":"ImageObject","inLanguage":"de","@id":"https:\/\/secure.gravatar.com\/avatar\/925a7e918efd3cfdae29be9c0018a3ae3275cd0444a6e166241172bb6e5243c7?s=96&d=mm&r=g","url":"https:\/\/secure.gravatar.com\/avatar\/925a7e918efd3cfdae29be9c0018a3ae3275cd0444a6e166241172bb6e5243c7?s=96&d=mm&r=g","contentUrl":"https:\/\/secure.gravatar.com\/avatar\/925a7e918efd3cfdae29be9c0018a3ae3275cd0444a6e166241172bb6e5243c7?s=96&d=mm&r=g","caption":"admin"},"sameAs":["https:\/\/imker-aigen.at","linkedin.com\/in\/bernd-meierhofer-5919b62"],"url":"https:\/\/imker-aigen.at\/index.php\/author\/bmeierhofer\/"}]}},"_links":{"self":[{"href":"https:\/\/imker-aigen.at\/index.php\/wp-json\/wp\/v2\/posts\/851","targetHints":{"allow":["GET"]}}],"collection":[{"href":"https:\/\/imker-aigen.at\/index.php\/wp-json\/wp\/v2\/posts"}],"about":[{"href":"https:\/\/imker-aigen.at\/index.php\/wp-json\/wp\/v2\/types\/post"}],"author":[{"embeddable":true,"href":"https:\/\/imker-aigen.at\/index.php\/wp-json\/wp\/v2\/users\/1"}],"replies":[{"embeddable":true,"href":"https:\/\/imker-aigen.at\/index.php\/wp-json\/wp\/v2\/comments?post=851"}],"version-history":[{"count":61,"href":"https:\/\/imker-aigen.at\/index.php\/wp-json\/wp\/v2\/posts\/851\/revisions"}],"predecessor-version":[{"id":9665,"href":"https:\/\/imker-aigen.at\/index.php\/wp-json\/wp\/v2\/posts\/851\/revisions\/9665"}],"wp:featuredmedia":[{"embeddable":true,"href":"https:\/\/imker-aigen.at\/index.php\/wp-json\/wp\/v2\/media\/826"}],"wp:attachment":[{"href":"https:\/\/imker-aigen.at\/index.php\/wp-json\/wp\/v2\/media?parent=851"}],"wp:term":[{"taxonomy":"category","embeddable":true,"href":"https:\/\/imker-aigen.at\/index.php\/wp-json\/wp\/v2\/categories?post=851"},{"taxonomy":"post_tag","embeddable":true,"href":"https:\/\/imker-aigen.at\/index.php\/wp-json\/wp\/v2\/tags?post=851"}],"curies":[{"name":"wp","href":"https:\/\/api.w.org\/{rel}","templated":true}]}}