{"id":8727,"date":"2025-09-12T11:53:54","date_gmt":"2025-09-12T09:53:54","guid":{"rendered":"https:\/\/imker-aigen.at\/?p=8727"},"modified":"2025-09-12T13:28:38","modified_gmt":"2025-09-12T11:28:38","slug":"unsere-teilnahme-an-der-baumpflanz-challenge-2025","status":"publish","type":"post","link":"https:\/\/imker-aigen.at\/index.php\/2025\/09\/12\/unsere-teilnahme-an-der-baumpflanz-challenge-2025\/","title":{"rendered":"Unsere Teilnahme an der Baumpflanz-Challenge 2025"},"content":{"rendered":"<div  class='flex_column av-58f8jr-492cff388769ab607e10f989eb23fb61 av_one_full  avia-builder-el-0  avia-builder-el-no-sibling  first flex_column_div  '     ><p>\n<style type=\"text\/css\" data-created_by=\"avia_inline_auto\" id=\"style-css-av-mfgnohvb-191a167aa2df6eebda67384400c2de6c\">\n#top .av-special-heading.av-mfgnohvb-191a167aa2df6eebda67384400c2de6c{\npadding-bottom:10px;\n}\nbody .av-special-heading.av-mfgnohvb-191a167aa2df6eebda67384400c2de6c .av-special-heading-tag .heading-char{\nfont-size:25px;\n}\n.av-special-heading.av-mfgnohvb-191a167aa2df6eebda67384400c2de6c .av-subheading{\nfont-size:15px;\n}\n<\/style>\n<div  class='av-special-heading av-mfgnohvb-191a167aa2df6eebda67384400c2de6c av-special-heading-h3 blockquote modern-quote modern-centered  avia-builder-el-1  el_before_av_horizontal_gallery  avia-builder-el-no-sibling '><h3 class='av-special-heading-tag '  itemprop=\"headline\"  >Nominierung zur Baumpflanz-Challenge 2025<\/h3><div class=\"special-heading-border\"><div class=\"special-heading-inner-border\"><\/div><\/div><\/div><br \/>\n\n<style type=\"text\/css\" data-created_by=\"avia_inline_auto\" id=\"style-css-av-mfgr6qpk-a3148ce818b794da1a8ec155c56d1112\">\n.av-horizontal-gallery.av-mfgr6qpk-a3148ce818b794da1a8ec155c56d1112{\npadding:3.75% 0px;;\n}\n.av-horizontal-gallery.av-mfgr6qpk-a3148ce818b794da1a8ec155c56d1112 .av-horizontal-gallery-inner{\npadding-bottom:25%;\n}\n<\/style>\n<div  class='av-horizontal-gallery av-mfgr6qpk-a3148ce818b794da1a8ec155c56d1112 av-horizontal-gallery-large-gap av-horizontal-gallery-enlarge-effect  avia-builder-el-2  el_after_av_heading  el_before_av_hr  av-slideshow-ui av-control-default av-slideshow-manual av-loop-once av-loop-manual-once av-horizontal-gallery-1' data-slideshow-data=\"{&quot;enlarge&quot;:1.3,&quot;animation&quot;:&quot;slide&quot;,&quot;autoplay&quot;:false,&quot;loop_autoplay&quot;:&quot;once&quot;,&quot;interval&quot;:5,&quot;loop_manual&quot;:&quot;manual-once&quot;,&quot;autoplay_stopper&quot;:false,&quot;noNavigation&quot;:false,&quot;bg_slider&quot;:false,&quot;keep_padding&quot;:&quot;&quot;,&quot;hoverpause&quot;:false,&quot;show_slide_delay&quot;:0}\"  itemprop=\"image\" itemscope=\"itemscope\" itemtype=\"https:\/\/schema.org\/ImageObject\" ><div class='avia-slideshow-arrows avia-slideshow-controls' ><a href='#prev' class='prev-slide av-horizontal-gallery-prev avia-svg-icon avia-font-svg_entypo-fontello' data-av_svg_icon='left-open-big' data-av_iconset='svg_entypo-fontello' tabindex='-1' title=\"Zur\u00fcck\"><svg version=\"1.1\" xmlns=\"http:\/\/www.w3.org\/2000\/svg\" width=\"15\" height=\"32\" viewBox=\"0 0 15 32\" preserveAspectRatio=\"xMidYMid meet\" aria-labelledby='av-svg-title-1' aria-describedby='av-svg-desc-1' role=\"graphics-symbol\" aria-hidden=\"true\">\n<title id='av-svg-title-1'>Zur\u00fcck<\/title>\n<desc id='av-svg-desc-1'>Zur\u00fcck<\/desc>\n<path d=\"M14.464 27.84q0.832 0.832 0 1.536-0.832 0.832-1.536 0l-12.544-12.608q-0.768-0.768 0-1.6l12.544-12.608q0.704-0.832 1.536 0 0.832 0.704 0 1.536l-11.456 11.904z\"><\/path>\n<\/svg><span class='avia_hidden_link_text'>Zur\u00fcck<\/span><\/a><a href='#next' class='next-slide av-horizontal-gallery-next avia-svg-icon avia-font-svg_entypo-fontello' data-av_svg_icon='right-open-big' data-av_iconset='svg_entypo-fontello' tabindex='-1' title=\"Weiter\"><svg version=\"1.1\" xmlns=\"http:\/\/www.w3.org\/2000\/svg\" width=\"15\" height=\"32\" viewBox=\"0 0 15 32\" preserveAspectRatio=\"xMidYMid meet\" aria-labelledby='av-svg-title-2' aria-describedby='av-svg-desc-2' role=\"graphics-symbol\" aria-hidden=\"true\">\n<title id='av-svg-title-2'>Weiter<\/title>\n<desc id='av-svg-desc-2'>Weiter<\/desc>\n<path d=\"M0.416 27.84l11.456-11.84-11.456-11.904q-0.832-0.832 0-1.536 0.832-0.832 1.536 0l12.544 12.608q0.768 0.832 0 1.6l-12.544 12.608q-0.704 0.832-1.536 0-0.832-0.704 0-1.536z\"><\/path>\n<\/svg><span class='avia_hidden_link_text'>Weiter<\/span><\/a><\/div><div class='avia-slideshow-dots avia-slideshow-controls av-horizontal-gallery-dots fade-in'><a href='#1' class='goto-slide active' >1<\/a><a href='#2' class='goto-slide ' >2<\/a><a href='#3' class='goto-slide ' >3<\/a><a href='#4' class='goto-slide ' >4<\/a><a href='#5' class='goto-slide ' >5<\/a><a href='#6' class='goto-slide ' >6<\/a><a href='#7' class='goto-slide ' >7<\/a><a href='#8' class='goto-slide ' >8<\/a><a href='#9' class='goto-slide ' >9<\/a><a href='#10' class='goto-slide ' >10<\/a><\/div><div class='av-horizontal-gallery-inner' data-av-height='25'><div class=\"av-horizontal-gallery-slider\"><div class=\"av-horizontal-gallery-wrap noHover\"><img decoding=\"async\" fetchpriority=\"high\" class='wp-image-8737 avia-img-lazy-loading-not-8737 av-horizontal-gallery-img' width=\"768\" height=\"1024\" src=\"https:\/\/imker-aigen.at\/wp-content\/uploads\/2025\/09\/baumpflanzchallenge2025_1_1024_768.jpg\" title='Schloss Goldenstein in Elsbethen' alt='' srcset=\"https:\/\/imker-aigen.at\/wp-content\/uploads\/2025\/09\/baumpflanzchallenge2025_1_1024_768.jpg 768w, https:\/\/imker-aigen.at\/wp-content\/uploads\/2025\/09\/baumpflanzchallenge2025_1_1024_768-225x300.jpg 225w, https:\/\/imker-aigen.at\/wp-content\/uploads\/2025\/09\/baumpflanzchallenge2025_1_1024_768-529x705.jpg 529w\" sizes=\"(max-width: 768px) 100vw, 768px\" \/><a href=\"https:\/\/imker-aigen.at\/wp-content\/uploads\/2025\/09\/baumpflanzchallenge2025_1_1024_768.jpg\" data-srcset=\"https:\/\/imker-aigen.at\/wp-content\/uploads\/2025\/09\/baumpflanzchallenge2025_1_1024_768.jpg 768w, https:\/\/imker-aigen.at\/wp-content\/uploads\/2025\/09\/baumpflanzchallenge2025_1_1024_768-225x300.jpg 225w, https:\/\/imker-aigen.at\/wp-content\/uploads\/2025\/09\/baumpflanzchallenge2025_1_1024_768-529x705.jpg 529w\" data-sizes=\"(max-width: 768px) 100vw, 768px\" class='av-horizontal-gallery-link avia-svg-icon avia-font-svg_entypo-fontello' data-av_svg_icon='resize-full' data-av_iconset='svg_entypo-fontello' title='Schloss Goldenstein in Elsbethen' alt='' aria-label='Open image in lightbox: Schloss Goldenstein in Elsbethen'><svg version=\"1.1\" xmlns=\"http:\/\/www.w3.org\/2000\/svg\" width=\"25\" height=\"32\" viewBox=\"0 0 25 32\" preserveAspectRatio=\"xMidYMid meet\" aria-labelledby='av-svg-title-3' aria-describedby='av-svg-desc-3' role=\"graphics-symbol\" aria-hidden=\"true\">\n<title id='av-svg-title-3'>Open image in lightbox: Schloss Goldenstein in Elsbethen<\/title>\n<desc id='av-svg-desc-3'>Open image in lightbox: Schloss Goldenstein in Elsbethen<\/desc>\n<path d=\"M15.232 3.328h10.112v10.112l-3.2-3.968-4.672 4.864-3.2-3.2 4.864-4.672zM7.872 17.536l3.2 3.2-4.864 4.672 3.904 3.2h-10.112v-10.112l3.2 3.904z\"><\/path>\n<\/svg><\/a><\/div><div class=\"av-horizontal-gallery-wrap noHover\"><img decoding=\"async\" fetchpriority=\"high\" class='wp-image-8738 avia-img-lazy-loading-not-8738 av-horizontal-gallery-img' width=\"1024\" height=\"768\" src=\"https:\/\/imker-aigen.at\/wp-content\/uploads\/2025\/09\/baumpflanzchallenge2025_2_1024_768.jpg\" title='Der Obstgarten von Schloss Goldenstein' alt='' srcset=\"https:\/\/imker-aigen.at\/wp-content\/uploads\/2025\/09\/baumpflanzchallenge2025_2_1024_768.jpg 1024w, https:\/\/imker-aigen.at\/wp-content\/uploads\/2025\/09\/baumpflanzchallenge2025_2_1024_768-300x225.jpg 300w, https:\/\/imker-aigen.at\/wp-content\/uploads\/2025\/09\/baumpflanzchallenge2025_2_1024_768-768x576.jpg 768w, https:\/\/imker-aigen.at\/wp-content\/uploads\/2025\/09\/baumpflanzchallenge2025_2_1024_768-705x529.jpg 705w\" sizes=\"(max-width: 1024px) 100vw, 1024px\" \/><a href=\"https:\/\/imker-aigen.at\/wp-content\/uploads\/2025\/09\/baumpflanzchallenge2025_2_1024_768.jpg\" data-srcset=\"https:\/\/imker-aigen.at\/wp-content\/uploads\/2025\/09\/baumpflanzchallenge2025_2_1024_768.jpg 1024w, https:\/\/imker-aigen.at\/wp-content\/uploads\/2025\/09\/baumpflanzchallenge2025_2_1024_768-300x225.jpg 300w, https:\/\/imker-aigen.at\/wp-content\/uploads\/2025\/09\/baumpflanzchallenge2025_2_1024_768-768x576.jpg 768w, https:\/\/imker-aigen.at\/wp-content\/uploads\/2025\/09\/baumpflanzchallenge2025_2_1024_768-705x529.jpg 705w\" data-sizes=\"(max-width: 1024px) 100vw, 1024px\" class='av-horizontal-gallery-link avia-svg-icon avia-font-svg_entypo-fontello' data-av_svg_icon='resize-full' data-av_iconset='svg_entypo-fontello' title='Der Obstgarten von Schloss Goldenstein' alt='' aria-label='Open image in lightbox: Der Obstgarten von Schloss Goldenstein'><svg version=\"1.1\" xmlns=\"http:\/\/www.w3.org\/2000\/svg\" width=\"25\" height=\"32\" viewBox=\"0 0 25 32\" preserveAspectRatio=\"xMidYMid meet\" aria-labelledby='av-svg-title-4' aria-describedby='av-svg-desc-4' role=\"graphics-symbol\" aria-hidden=\"true\">\n<title id='av-svg-title-4'>Open image in lightbox: Der Obstgarten von Schloss Goldenstein<\/title>\n<desc id='av-svg-desc-4'>Open image in lightbox: Der Obstgarten von Schloss Goldenstein<\/desc>\n<path d=\"M15.232 3.328h10.112v10.112l-3.2-3.968-4.672 4.864-3.2-3.2 4.864-4.672zM7.872 17.536l3.2 3.2-4.864 4.672 3.904 3.2h-10.112v-10.112l3.2 3.904z\"><\/path>\n<\/svg><\/a><\/div><div class=\"av-horizontal-gallery-wrap noHover\"><img decoding=\"async\" fetchpriority=\"high\" class='wp-image-8740 avia-img-lazy-loading-not-8740 av-horizontal-gallery-img' width=\"768\" height=\"1024\" src=\"https:\/\/imker-aigen.at\/wp-content\/uploads\/2025\/09\/baumpflanzchallenge2025_4_1024_768.jpg\" title='Die professionelle Baumpflanzung wurde von vielen Interessierten verfolgt.' alt='' srcset=\"https:\/\/imker-aigen.at\/wp-content\/uploads\/2025\/09\/baumpflanzchallenge2025_4_1024_768.jpg 768w, https:\/\/imker-aigen.at\/wp-content\/uploads\/2025\/09\/baumpflanzchallenge2025_4_1024_768-225x300.jpg 225w, https:\/\/imker-aigen.at\/wp-content\/uploads\/2025\/09\/baumpflanzchallenge2025_4_1024_768-529x705.jpg 529w\" sizes=\"(max-width: 768px) 100vw, 768px\" \/><a href=\"https:\/\/imker-aigen.at\/wp-content\/uploads\/2025\/09\/baumpflanzchallenge2025_4_1024_768.jpg\" data-srcset=\"https:\/\/imker-aigen.at\/wp-content\/uploads\/2025\/09\/baumpflanzchallenge2025_4_1024_768.jpg 768w, https:\/\/imker-aigen.at\/wp-content\/uploads\/2025\/09\/baumpflanzchallenge2025_4_1024_768-225x300.jpg 225w, https:\/\/imker-aigen.at\/wp-content\/uploads\/2025\/09\/baumpflanzchallenge2025_4_1024_768-529x705.jpg 529w\" data-sizes=\"(max-width: 768px) 100vw, 768px\" class='av-horizontal-gallery-link avia-svg-icon avia-font-svg_entypo-fontello' data-av_svg_icon='resize-full' data-av_iconset='svg_entypo-fontello' title='Die professionelle Baumpflanzung wurde von vielen Interessierten verfolgt.' alt='' aria-label='Open image in lightbox: Die professionelle Baumpflanzung wurde von vielen Interessierten verfolgt.'><svg version=\"1.1\" xmlns=\"http:\/\/www.w3.org\/2000\/svg\" width=\"25\" height=\"32\" viewBox=\"0 0 25 32\" preserveAspectRatio=\"xMidYMid meet\" aria-labelledby='av-svg-title-5' aria-describedby='av-svg-desc-5' role=\"graphics-symbol\" aria-hidden=\"true\">\n<title id='av-svg-title-5'>Open image in lightbox: Die professionelle Baumpflanzung wurde von vielen Interessierten verfolgt.<\/title>\n<desc id='av-svg-desc-5'>Open image in lightbox: Die professionelle Baumpflanzung wurde von vielen Interessierten verfolgt.<\/desc>\n<path d=\"M15.232 3.328h10.112v10.112l-3.2-3.968-4.672 4.864-3.2-3.2 4.864-4.672zM7.872 17.536l3.2 3.2-4.864 4.672 3.904 3.2h-10.112v-10.112l3.2 3.904z\"><\/path>\n<\/svg><\/a><\/div><div class=\"av-horizontal-gallery-wrap noHover\"><img decoding=\"async\" fetchpriority=\"high\" class='wp-image-8739 avia-img-lazy-loading-not-8739 av-horizontal-gallery-img' width=\"768\" height=\"1024\" src=\"https:\/\/imker-aigen.at\/wp-content\/uploads\/2025\/09\/baumpflanzchallenge2025_3_1024_768.jpg\" title='Jede Baumpflanzung beginnt mit einem Loch.' alt='' srcset=\"https:\/\/imker-aigen.at\/wp-content\/uploads\/2025\/09\/baumpflanzchallenge2025_3_1024_768.jpg 768w, https:\/\/imker-aigen.at\/wp-content\/uploads\/2025\/09\/baumpflanzchallenge2025_3_1024_768-225x300.jpg 225w, https:\/\/imker-aigen.at\/wp-content\/uploads\/2025\/09\/baumpflanzchallenge2025_3_1024_768-529x705.jpg 529w\" sizes=\"(max-width: 768px) 100vw, 768px\" \/><a href=\"https:\/\/imker-aigen.at\/wp-content\/uploads\/2025\/09\/baumpflanzchallenge2025_3_1024_768.jpg\" data-srcset=\"https:\/\/imker-aigen.at\/wp-content\/uploads\/2025\/09\/baumpflanzchallenge2025_3_1024_768.jpg 768w, https:\/\/imker-aigen.at\/wp-content\/uploads\/2025\/09\/baumpflanzchallenge2025_3_1024_768-225x300.jpg 225w, https:\/\/imker-aigen.at\/wp-content\/uploads\/2025\/09\/baumpflanzchallenge2025_3_1024_768-529x705.jpg 529w\" data-sizes=\"(max-width: 768px) 100vw, 768px\" class='av-horizontal-gallery-link avia-svg-icon avia-font-svg_entypo-fontello' data-av_svg_icon='resize-full' data-av_iconset='svg_entypo-fontello' title='Jede Baumpflanzung beginnt mit einem Loch.' alt='' aria-label='Open image in lightbox: Jede Baumpflanzung beginnt mit einem Loch.'><svg version=\"1.1\" xmlns=\"http:\/\/www.w3.org\/2000\/svg\" width=\"25\" height=\"32\" viewBox=\"0 0 25 32\" preserveAspectRatio=\"xMidYMid meet\" aria-labelledby='av-svg-title-6' aria-describedby='av-svg-desc-6' role=\"graphics-symbol\" aria-hidden=\"true\">\n<title id='av-svg-title-6'>Open image in lightbox: Jede Baumpflanzung beginnt mit einem Loch.<\/title>\n<desc id='av-svg-desc-6'>Open image in lightbox: Jede Baumpflanzung beginnt mit einem Loch.<\/desc>\n<path d=\"M15.232 3.328h10.112v10.112l-3.2-3.968-4.672 4.864-3.2-3.2 4.864-4.672zM7.872 17.536l3.2 3.2-4.864 4.672 3.904 3.2h-10.112v-10.112l3.2 3.904z\"><\/path>\n<\/svg><\/a><\/div><div class=\"av-horizontal-gallery-wrap noHover\"><img decoding=\"async\" fetchpriority=\"high\" class='wp-image-8741 avia-img-lazy-loading-not-8741 av-horizontal-gallery-img' width=\"768\" height=\"1024\" src=\"https:\/\/imker-aigen.at\/wp-content\/uploads\/2025\/09\/baumpflanzchallenge2025_5_1024_768.jpg\" title='Um zu verhindern, dass W\u00fchlm\u00e4use an den Wurzeln nagen, ist ein spezielles Maschengitter erforderlich.' alt='' srcset=\"https:\/\/imker-aigen.at\/wp-content\/uploads\/2025\/09\/baumpflanzchallenge2025_5_1024_768.jpg 768w, https:\/\/imker-aigen.at\/wp-content\/uploads\/2025\/09\/baumpflanzchallenge2025_5_1024_768-225x300.jpg 225w, https:\/\/imker-aigen.at\/wp-content\/uploads\/2025\/09\/baumpflanzchallenge2025_5_1024_768-529x705.jpg 529w\" sizes=\"(max-width: 768px) 100vw, 768px\" \/><a href=\"https:\/\/imker-aigen.at\/wp-content\/uploads\/2025\/09\/baumpflanzchallenge2025_5_1024_768.jpg\" data-srcset=\"https:\/\/imker-aigen.at\/wp-content\/uploads\/2025\/09\/baumpflanzchallenge2025_5_1024_768.jpg 768w, https:\/\/imker-aigen.at\/wp-content\/uploads\/2025\/09\/baumpflanzchallenge2025_5_1024_768-225x300.jpg 225w, https:\/\/imker-aigen.at\/wp-content\/uploads\/2025\/09\/baumpflanzchallenge2025_5_1024_768-529x705.jpg 529w\" data-sizes=\"(max-width: 768px) 100vw, 768px\" class='av-horizontal-gallery-link avia-svg-icon avia-font-svg_entypo-fontello' data-av_svg_icon='resize-full' data-av_iconset='svg_entypo-fontello' title='Um zu verhindern, dass W\u00fchlm\u00e4use an den Wurzeln nagen, ist ein spezielles Maschengitter erforderlich.' alt='' aria-label='Open image in lightbox: Um zu verhindern, dass W\u00fchlm\u00e4use an den Wurzeln nagen, ist ein spezielles Maschengitter erforderlich.'><svg version=\"1.1\" xmlns=\"http:\/\/www.w3.org\/2000\/svg\" width=\"25\" height=\"32\" viewBox=\"0 0 25 32\" preserveAspectRatio=\"xMidYMid meet\" aria-labelledby='av-svg-title-7' aria-describedby='av-svg-desc-7' role=\"graphics-symbol\" aria-hidden=\"true\">\n<title id='av-svg-title-7'>Open image in lightbox: Um zu verhindern, dass W\u00fchlm\u00e4use an den Wurzeln nagen, ist ein spezielles Maschengitter erforderlich.<\/title>\n<desc id='av-svg-desc-7'>Open image in lightbox: Um zu verhindern, dass W\u00fchlm\u00e4use an den Wurzeln nagen, ist ein spezielles Maschengitter erforderlich.<\/desc>\n<path d=\"M15.232 3.328h10.112v10.112l-3.2-3.968-4.672 4.864-3.2-3.2 4.864-4.672zM7.872 17.536l3.2 3.2-4.864 4.672 3.904 3.2h-10.112v-10.112l3.2 3.904z\"><\/path>\n<\/svg><\/a><\/div><div class=\"av-horizontal-gallery-wrap noHover\"><img decoding=\"async\" fetchpriority=\"high\" class='wp-image-8742 avia-img-lazy-loading-not-8742 av-horizontal-gallery-img' width=\"768\" height=\"1024\" src=\"https:\/\/imker-aigen.at\/wp-content\/uploads\/2025\/09\/baumpflanzchallenge2025_6_1024_768.jpg\" title='Strahlende Gesichter nach getaner Arbeit.' alt='' srcset=\"https:\/\/imker-aigen.at\/wp-content\/uploads\/2025\/09\/baumpflanzchallenge2025_6_1024_768.jpg 768w, https:\/\/imker-aigen.at\/wp-content\/uploads\/2025\/09\/baumpflanzchallenge2025_6_1024_768-225x300.jpg 225w, https:\/\/imker-aigen.at\/wp-content\/uploads\/2025\/09\/baumpflanzchallenge2025_6_1024_768-529x705.jpg 529w\" sizes=\"(max-width: 768px) 100vw, 768px\" \/><a href=\"https:\/\/imker-aigen.at\/wp-content\/uploads\/2025\/09\/baumpflanzchallenge2025_6_1024_768.jpg\" data-srcset=\"https:\/\/imker-aigen.at\/wp-content\/uploads\/2025\/09\/baumpflanzchallenge2025_6_1024_768.jpg 768w, https:\/\/imker-aigen.at\/wp-content\/uploads\/2025\/09\/baumpflanzchallenge2025_6_1024_768-225x300.jpg 225w, https:\/\/imker-aigen.at\/wp-content\/uploads\/2025\/09\/baumpflanzchallenge2025_6_1024_768-529x705.jpg 529w\" data-sizes=\"(max-width: 768px) 100vw, 768px\" class='av-horizontal-gallery-link avia-svg-icon avia-font-svg_entypo-fontello' data-av_svg_icon='resize-full' data-av_iconset='svg_entypo-fontello' title='Strahlende Gesichter nach getaner Arbeit.' alt='' aria-label='Open image in lightbox: Strahlende Gesichter nach getaner Arbeit.'><svg version=\"1.1\" xmlns=\"http:\/\/www.w3.org\/2000\/svg\" width=\"25\" height=\"32\" viewBox=\"0 0 25 32\" preserveAspectRatio=\"xMidYMid meet\" aria-labelledby='av-svg-title-8' aria-describedby='av-svg-desc-8' role=\"graphics-symbol\" aria-hidden=\"true\">\n<title id='av-svg-title-8'>Open image in lightbox: Strahlende Gesichter nach getaner Arbeit.<\/title>\n<desc id='av-svg-desc-8'>Open image in lightbox: Strahlende Gesichter nach getaner Arbeit.<\/desc>\n<path d=\"M15.232 3.328h10.112v10.112l-3.2-3.968-4.672 4.864-3.2-3.2 4.864-4.672zM7.872 17.536l3.2 3.2-4.864 4.672 3.904 3.2h-10.112v-10.112l3.2 3.904z\"><\/path>\n<\/svg><\/a><\/div><div class=\"av-horizontal-gallery-wrap noHover\"><img decoding=\"async\" fetchpriority=\"high\" class='wp-image-8743 avia-img-lazy-loading-not-8743 av-horizontal-gallery-img' width=\"768\" height=\"1024\" src=\"https:\/\/imker-aigen.at\/wp-content\/uploads\/2025\/09\/baumpflanzchallenge2025_7_1024_768.jpg\" title='Mission Baumpflanz-Challenge erf\u00fcllt' alt='' srcset=\"https:\/\/imker-aigen.at\/wp-content\/uploads\/2025\/09\/baumpflanzchallenge2025_7_1024_768.jpg 768w, https:\/\/imker-aigen.at\/wp-content\/uploads\/2025\/09\/baumpflanzchallenge2025_7_1024_768-225x300.jpg 225w, https:\/\/imker-aigen.at\/wp-content\/uploads\/2025\/09\/baumpflanzchallenge2025_7_1024_768-529x705.jpg 529w\" sizes=\"(max-width: 768px) 100vw, 768px\" \/><a href=\"https:\/\/imker-aigen.at\/wp-content\/uploads\/2025\/09\/baumpflanzchallenge2025_7_1024_768.jpg\" data-srcset=\"https:\/\/imker-aigen.at\/wp-content\/uploads\/2025\/09\/baumpflanzchallenge2025_7_1024_768.jpg 768w, https:\/\/imker-aigen.at\/wp-content\/uploads\/2025\/09\/baumpflanzchallenge2025_7_1024_768-225x300.jpg 225w, https:\/\/imker-aigen.at\/wp-content\/uploads\/2025\/09\/baumpflanzchallenge2025_7_1024_768-529x705.jpg 529w\" data-sizes=\"(max-width: 768px) 100vw, 768px\" class='av-horizontal-gallery-link avia-svg-icon avia-font-svg_entypo-fontello' data-av_svg_icon='resize-full' data-av_iconset='svg_entypo-fontello' title='Mission Baumpflanz-Challenge erf\u00fcllt' alt='' aria-label='Open image in lightbox: Mission Baumpflanz-Challenge erf\u00fcllt'><svg version=\"1.1\" xmlns=\"http:\/\/www.w3.org\/2000\/svg\" width=\"25\" height=\"32\" viewBox=\"0 0 25 32\" preserveAspectRatio=\"xMidYMid meet\" aria-labelledby='av-svg-title-9' aria-describedby='av-svg-desc-9' role=\"graphics-symbol\" aria-hidden=\"true\">\n<title id='av-svg-title-9'>Open image in lightbox: Mission Baumpflanz-Challenge erf\u00fcllt<\/title>\n<desc id='av-svg-desc-9'>Open image in lightbox: Mission Baumpflanz-Challenge erf\u00fcllt<\/desc>\n<path d=\"M15.232 3.328h10.112v10.112l-3.2-3.968-4.672 4.864-3.2-3.2 4.864-4.672zM7.872 17.536l3.2 3.2-4.864 4.672 3.904 3.2h-10.112v-10.112l3.2 3.904z\"><\/path>\n<\/svg><\/a><\/div><div class=\"av-horizontal-gallery-wrap noHover\"><img decoding=\"async\" fetchpriority=\"high\" class='wp-image-8745 avia-img-lazy-loading-not-8745 av-horizontal-gallery-img' width=\"768\" height=\"1024\" src=\"https:\/\/imker-aigen.at\/wp-content\/uploads\/2025\/09\/baumpflanzchallenge2025_9_1024_768.jpg\" title='Andreas Salzlechner ist Pomologe, Baumw\u00e4rter und Meister seines Fachs.' alt='' srcset=\"https:\/\/imker-aigen.at\/wp-content\/uploads\/2025\/09\/baumpflanzchallenge2025_9_1024_768.jpg 768w, https:\/\/imker-aigen.at\/wp-content\/uploads\/2025\/09\/baumpflanzchallenge2025_9_1024_768-225x300.jpg 225w, https:\/\/imker-aigen.at\/wp-content\/uploads\/2025\/09\/baumpflanzchallenge2025_9_1024_768-529x705.jpg 529w\" sizes=\"(max-width: 768px) 100vw, 768px\" \/><a href=\"https:\/\/imker-aigen.at\/wp-content\/uploads\/2025\/09\/baumpflanzchallenge2025_9_1024_768.jpg\" data-srcset=\"https:\/\/imker-aigen.at\/wp-content\/uploads\/2025\/09\/baumpflanzchallenge2025_9_1024_768.jpg 768w, https:\/\/imker-aigen.at\/wp-content\/uploads\/2025\/09\/baumpflanzchallenge2025_9_1024_768-225x300.jpg 225w, https:\/\/imker-aigen.at\/wp-content\/uploads\/2025\/09\/baumpflanzchallenge2025_9_1024_768-529x705.jpg 529w\" data-sizes=\"(max-width: 768px) 100vw, 768px\" class='av-horizontal-gallery-link avia-svg-icon avia-font-svg_entypo-fontello' data-av_svg_icon='resize-full' data-av_iconset='svg_entypo-fontello' title='Andreas Salzlechner ist Pomologe, Baumw\u00e4rter und Meister seines Fachs.' alt='' aria-label='Open image in lightbox: Andreas Salzlechner ist Pomologe, Baumw\u00e4rter und Meister seines Fachs.'><svg version=\"1.1\" xmlns=\"http:\/\/www.w3.org\/2000\/svg\" width=\"25\" height=\"32\" viewBox=\"0 0 25 32\" preserveAspectRatio=\"xMidYMid meet\" aria-labelledby='av-svg-title-10' aria-describedby='av-svg-desc-10' role=\"graphics-symbol\" aria-hidden=\"true\">\n<title id='av-svg-title-10'>Open image in lightbox: Andreas Salzlechner ist Pomologe, Baumw\u00e4rter und Meister seines Fachs.<\/title>\n<desc id='av-svg-desc-10'>Open image in lightbox: Andreas Salzlechner ist Pomologe, Baumw\u00e4rter und Meister seines Fachs.<\/desc>\n<path d=\"M15.232 3.328h10.112v10.112l-3.2-3.968-4.672 4.864-3.2-3.2 4.864-4.672zM7.872 17.536l3.2 3.2-4.864 4.672 3.904 3.2h-10.112v-10.112l3.2 3.904z\"><\/path>\n<\/svg><\/a><\/div><div class=\"av-horizontal-gallery-wrap noHover\"><img decoding=\"async\" fetchpriority=\"high\" class='wp-image-8744 avia-img-lazy-loading-not-8744 av-horizontal-gallery-img' width=\"1024\" height=\"768\" src=\"https:\/\/imker-aigen.at\/wp-content\/uploads\/2025\/09\/baumpflanzchallenge2025_8_1024_768.jpg\" title='Nominierung f\u00fcr den OGV Gro\u00dfgmain' alt='' srcset=\"https:\/\/imker-aigen.at\/wp-content\/uploads\/2025\/09\/baumpflanzchallenge2025_8_1024_768.jpg 1024w, https:\/\/imker-aigen.at\/wp-content\/uploads\/2025\/09\/baumpflanzchallenge2025_8_1024_768-300x225.jpg 300w, https:\/\/imker-aigen.at\/wp-content\/uploads\/2025\/09\/baumpflanzchallenge2025_8_1024_768-768x576.jpg 768w, https:\/\/imker-aigen.at\/wp-content\/uploads\/2025\/09\/baumpflanzchallenge2025_8_1024_768-705x529.jpg 705w\" sizes=\"(max-width: 1024px) 100vw, 1024px\" \/><a href=\"https:\/\/imker-aigen.at\/wp-content\/uploads\/2025\/09\/baumpflanzchallenge2025_8_1024_768.jpg\" data-srcset=\"https:\/\/imker-aigen.at\/wp-content\/uploads\/2025\/09\/baumpflanzchallenge2025_8_1024_768.jpg 1024w, https:\/\/imker-aigen.at\/wp-content\/uploads\/2025\/09\/baumpflanzchallenge2025_8_1024_768-300x225.jpg 300w, https:\/\/imker-aigen.at\/wp-content\/uploads\/2025\/09\/baumpflanzchallenge2025_8_1024_768-768x576.jpg 768w, https:\/\/imker-aigen.at\/wp-content\/uploads\/2025\/09\/baumpflanzchallenge2025_8_1024_768-705x529.jpg 705w\" data-sizes=\"(max-width: 1024px) 100vw, 1024px\" class='av-horizontal-gallery-link avia-svg-icon avia-font-svg_entypo-fontello' data-av_svg_icon='resize-full' data-av_iconset='svg_entypo-fontello' title='Nominierung f\u00fcr den OGV Gro\u00dfgmain' alt='' aria-label='Open image in lightbox: Nominierung f\u00fcr den OGV Gro\u00dfgmain'><svg version=\"1.1\" xmlns=\"http:\/\/www.w3.org\/2000\/svg\" width=\"25\" height=\"32\" viewBox=\"0 0 25 32\" preserveAspectRatio=\"xMidYMid meet\" aria-labelledby='av-svg-title-11' aria-describedby='av-svg-desc-11' role=\"graphics-symbol\" aria-hidden=\"true\">\n<title id='av-svg-title-11'>Open image in lightbox: Nominierung f\u00fcr den OGV Gro\u00dfgmain<\/title>\n<desc id='av-svg-desc-11'>Open image in lightbox: Nominierung f\u00fcr den OGV Gro\u00dfgmain<\/desc>\n<path d=\"M15.232 3.328h10.112v10.112l-3.2-3.968-4.672 4.864-3.2-3.2 4.864-4.672zM7.872 17.536l3.2 3.2-4.864 4.672 3.904 3.2h-10.112v-10.112l3.2 3.904z\"><\/path>\n<\/svg><\/a><\/div><div class=\"av-horizontal-gallery-wrap noHover\"><img decoding=\"async\" fetchpriority=\"high\" class='wp-image-8746 avia-img-lazy-loading-not-8746 av-horizontal-gallery-img' width=\"768\" height=\"1024\" src=\"https:\/\/imker-aigen.at\/wp-content\/uploads\/2025\/09\/baumpflanzchallenge2025_10_1024_768.jpg\" title='Der Br\u00fcnnerling ist ein Apfel mit hervorragendem Geschmack.' alt='' srcset=\"https:\/\/imker-aigen.at\/wp-content\/uploads\/2025\/09\/baumpflanzchallenge2025_10_1024_768.jpg 768w, https:\/\/imker-aigen.at\/wp-content\/uploads\/2025\/09\/baumpflanzchallenge2025_10_1024_768-225x300.jpg 225w, https:\/\/imker-aigen.at\/wp-content\/uploads\/2025\/09\/baumpflanzchallenge2025_10_1024_768-529x705.jpg 529w\" sizes=\"(max-width: 768px) 100vw, 768px\" \/><a href=\"https:\/\/imker-aigen.at\/wp-content\/uploads\/2025\/09\/baumpflanzchallenge2025_10_1024_768.jpg\" data-srcset=\"https:\/\/imker-aigen.at\/wp-content\/uploads\/2025\/09\/baumpflanzchallenge2025_10_1024_768.jpg 768w, https:\/\/imker-aigen.at\/wp-content\/uploads\/2025\/09\/baumpflanzchallenge2025_10_1024_768-225x300.jpg 225w, https:\/\/imker-aigen.at\/wp-content\/uploads\/2025\/09\/baumpflanzchallenge2025_10_1024_768-529x705.jpg 529w\" data-sizes=\"(max-width: 768px) 100vw, 768px\" class='av-horizontal-gallery-link avia-svg-icon avia-font-svg_entypo-fontello' data-av_svg_icon='resize-full' data-av_iconset='svg_entypo-fontello' title='Der Br\u00fcnnerling ist ein Apfel mit hervorragendem Geschmack.' alt='' aria-label='Open image in lightbox: Der Br\u00fcnnerling ist ein Apfel mit hervorragendem Geschmack.'><svg version=\"1.1\" xmlns=\"http:\/\/www.w3.org\/2000\/svg\" width=\"25\" height=\"32\" viewBox=\"0 0 25 32\" preserveAspectRatio=\"xMidYMid meet\" aria-labelledby='av-svg-title-12' aria-describedby='av-svg-desc-12' role=\"graphics-symbol\" aria-hidden=\"true\">\n<title id='av-svg-title-12'>Open image in lightbox: Der Br\u00fcnnerling ist ein Apfel mit hervorragendem Geschmack.<\/title>\n<desc id='av-svg-desc-12'>Open image in lightbox: Der Br\u00fcnnerling ist ein Apfel mit hervorragendem Geschmack.<\/desc>\n<path d=\"M15.232 3.328h10.112v10.112l-3.2-3.968-4.672 4.864-3.2-3.2 4.864-4.672zM7.872 17.536l3.2 3.2-4.864 4.672 3.904 3.2h-10.112v-10.112l3.2 3.904z\"><\/path>\n<\/svg><\/a><\/div><\/div><\/div><\/div><br \/>\n\n<style type=\"text\/css\" data-created_by=\"avia_inline_auto\" id=\"style-css-av-mfgnmohx-ca6324523a1e310dd9701f3eb6363c1e\">\n#top .hr.av-mfgnmohx-ca6324523a1e310dd9701f3eb6363c1e{\nmargin-top:30px;\nmargin-bottom:30px;\n}\n.hr.av-mfgnmohx-ca6324523a1e310dd9701f3eb6363c1e .hr-inner{\nwidth:50px;\nmax-width:45%;\n}\n<\/style>\n<div  class='hr av-mfgnmohx-ca6324523a1e310dd9701f3eb6363c1e hr-custom  avia-builder-el-3  el_after_av_horizontal_gallery  el_before_av_textblock  avia-builder-el-first  hr-center hr-icon-yes'><span class='hr-inner inner-border-av-border-thin'><span class=\"hr-inner-style\"><\/span><\/span><span class='av-seperator-icon avia-svg-icon avia-font-svg_entypo-fontello' data-av_svg_icon='dot-3' data-av_iconset='svg_entypo-fontello'><svg version=\"1.1\" xmlns=\"http:\/\/www.w3.org\/2000\/svg\" width=\"29\" height=\"32\" viewBox=\"0 0 29 32\" preserveAspectRatio=\"xMidYMid meet\" aria-labelledby='av-svg-title-13' aria-describedby='av-svg-desc-13' role=\"graphics-symbol\">\n<title id='av-svg-title-13'>Dot-3<\/title>\n<desc id='av-svg-desc-13'>Dot-3<\/desc>\n<path d=\"M3.52 12.48q1.472 0 2.496 1.024t1.024 2.496q0 1.408-1.024 2.464t-2.496 1.056-2.496-1.056-1.024-2.464q0-1.472 1.024-2.496t2.496-1.024zM14.72 12.48q1.472 0 2.496 1.024t1.024 2.496q0 1.408-1.056 2.464t-2.464 1.056-2.464-1.056-1.056-2.464q0-1.472 1.024-2.496t2.496-1.024zM25.92 12.48q1.472 0 2.496 1.024t1.024 2.496q0 1.408-1.024 2.464t-2.496 1.056-2.496-1.056-1.024-2.464q0-1.472 1.024-2.496t2.496-1.024z\"><\/path>\n<\/svg><\/span><span class='hr-inner inner-border-av-border-thin'><span class=\"hr-inner-style\"><\/span><\/span><\/div><br \/>\n<section  class='av_textblock_section av-mfgnpkga-fbb012a5b989199654a7eca22202002f '   itemscope=\"itemscope\" itemtype=\"https:\/\/schema.org\/BlogPosting\" itemprop=\"blogPost\" ><div class='avia_textblock'  itemprop=\"text\" ><p><span style=\"color: #999999;\">Autorin: Adelheid Speyer<\/span><\/p>\n<h3>Die Mission (Mission: Impossible?)<\/h3>\n<p>Seit mehreren Wochen l\u00e4uft in den sozialen Medien die sogenannte Baumpflanz-Challenge. Dabei nominiert eine Einsatzorganisation weitere Einsatzorganisationen, innerhalb einer Woche einen Baum zu pflanzen und ein Video davon zu posten. Andernfalls muss die auffordernde Organisation zu einer Jause eingeladen werden. Urspr\u00fcnglich stammte diese Idee von den Feuerwehren in den sozialen Medien, inzwischen haben sich aber auch Imkervereine und Obstbaumvereine angeschlossen.<\/p>\n<p>Unser Verein wurde vom <a href=\"https:\/\/imkervereinseekirchen.clubdesk.com\/\">Imkerverein Seekirchen<\/a> am 4. September offiziell zur Baumpflanz-Challenge nominiert. Da wir uns als Imkerverein nur gut mit Bienen und weniger gut mit dem Pflanzen von B\u00e4umen auskennen, aber die Sache bestm\u00f6glich l\u00f6sen wollten, mussten wir uns professionelle Hilfe holen. Gut, wenn man nette Kontakte hat!<\/p>\n<p>Diese Aufgabe wurde somit am Donnerstag, 11.09.2025 um 17:00 Uhr erfolgreich im Obstgarten von Schloss Goldenstein zusammen mit dem <a href=\"https:\/\/www.bluehendes-salzburg.at\/elsbethen\/willkommen\/\">Obst- und Gartenbauverein Elsbethen<\/a> gel\u00f6st. Gesetzt wurde unter fachkundiger Leitung von Baumw\u00e4rter und Pomologe Andreas Salzlechner ein Br\u00fcnnerling. Diese Sorte geh\u00f6rt zu den \u00e4ltesten Apfelsorten \u00d6sterreichs.<\/p>\n<h3>Geh zum Schmied und nicht zum Schmiedl<\/h3>\n<p>Es war ein Vergn\u00fcgen, Herrn Salzlechner beim fachkundigen Baumsetzen zuzuschauen. Er hat uns erkl\u00e4rt und gezeigt, wie viele Schritte notwendig sind (Aushub, Hasengitter gegen W\u00fchlm\u00e4use (ein spezielles Gitter, das sich innerhalb von f\u00fcnf Jahren vollst\u00e4ndig im Erdreich aufl\u00f6st und nat\u00fcrlich die richtige Maschenweite hat) auslegen, Baumpfosten setzen, Apfelbaum so vorbereiten, dass die Wurzeln gut wachsen k\u00f6nnen, Zusch\u00fctten ohne Hohlr\u00e4ume, Gitter fachgerecht verschlie\u00dfen, Gie\u00dfrinne anlegen), einen Apfelbaum so zu setzen, dass er lange Jahre bestehen kann. Immerhin 80 Jahre ist das beim Br\u00fcnnerling! Beim n\u00e4chsten Baumschneidekurs im M\u00e4rz 2026 wird der Br\u00fcnnerling dann f\u00fcr die weitere Saison vorbereitet.<\/p>\n<p>Zum Abschluss gab es die Jause nicht f\u00fcr den nominierenden Verein, sondern f\u00fcr die Imker und Mitglieder des Obstbauvereins, die diese Aktion vorbereitet und zu ihrer Durchf\u00fchrung beigetragen haben. Es gab auch verschiedene Apfelsorten zu kosten. Es ist unglaublich, welche tollen Apfelsorten es gibt und welche Aromen sie haben. Leider sind diese alten Sorten nicht Mainstream und bleiben somit vielen Menschen unbekannt. Umso lobenswerter ist es, dass sich die verschiedenen Obst- und Gartenbauvereine ihrem Erhalt und Schutz verschrieben haben.<\/p>\n<h3>Danksagung<\/h3>\n<p>Ein herzliches Dankesch\u00f6n geht an den OGV Elsbethen, insbesondere an Andreas Salzlechner!<\/p>\n<h3>Wie geht es weiter?<\/h3>\n<p>Nachdem wir diese Mission erfolgreich absolviert haben, nominieren wir nun den <a href=\"https:\/\/www.bluehendes-salzburg.at\/grossgmain\/willkommen\/\">Obst- und Gartenbauverein Gro\u00dfgmain<\/a>.<\/p>\n<p><strong>Hoffentlich beteiligen sich noch viele Vereine an dieser Aktion!<\/strong> Es ist eine gute Gelegenheit, mit anderen Vereinen n\u00e4her in Kontakt zu treten. Wenn insektenfreundliche, heimische Geh\u00f6lze gepflanzt werden, leisten die Vereine mit dieser Baumpflanz-Aktion au\u00dferdem einen aktiven Beitrag zur Versorgung unserer Bienen und der \u00fcbrigen Best\u00e4uberinsekten. Bei dieser Aktion sind keine gro\u00dfartigen Reden, sondern konkrete Taten gefragt.<\/p>\n<\/div><\/section><br \/>\n<div  class='av-social-sharing-box av-4h4aqv-cc821a02c8aed1a53a2db68b826e24d1 av-social-sharing-box-default  avia-builder-el-5  el_after_av_textblock  el_before_av_comments_list  av-social-sharing-box-fullwidth'><div class=\"av-share-box\"><h5 class='av-share-link-description av-no-toc '>Eintrag teilen<\/h5><ul class=\"av-share-box-list noLightbox\"><li class='av-share-link av-social-link-facebook avia_social_iconfont' ><a target=\"_blank\" aria-label=\"Teilen auf Facebook\" href='https:\/\/www.facebook.com\/sharer.php?u=https:\/\/imker-aigen.at\/index.php\/2025\/09\/12\/unsere-teilnahme-an-der-baumpflanz-challenge-2025\/&#038;t=Unsere%20Teilnahme%20an%20der%20Baumpflanz-Challenge%202025' data-av_icon='\ue8f3' data-av_iconfont='entypo-fontello'  title='' data-avia-related-tooltip='Teilen auf Facebook'><span class='avia_hidden_link_text'>Teilen auf Facebook<\/span><\/a><\/li><li class='av-share-link av-social-link-twitter avia_social_iconfont' ><a target=\"_blank\" aria-label=\"Teilen auf X\" href='https:\/\/twitter.com\/share?text=Unsere%20Teilnahme%20an%20der%20Baumpflanz-Challenge%202025&#038;url=https:\/\/imker-aigen.at\/?p=8727' data-av_icon='\ue932' data-av_iconfont='entypo-fontello'  title='' data-avia-related-tooltip='Teilen auf X'><span class='avia_hidden_link_text'>Teilen auf X<\/span><\/a><\/li><li class='av-share-link av-social-link-whatsapp avia_social_iconfont' ><a target=\"_blank\" aria-label=\"Teilen auf WhatsApp\" href='https:\/\/api.whatsapp.com\/send?text=https:\/\/imker-aigen.at\/index.php\/2025\/09\/12\/unsere-teilnahme-an-der-baumpflanz-challenge-2025\/' data-av_icon='\uf232' data-av_iconfont='entypo-fontello'  title='' data-avia-related-tooltip='Teilen auf WhatsApp'><span class='avia_hidden_link_text'>Teilen auf WhatsApp<\/span><\/a><\/li><li class='av-share-link av-social-link-pinterest avia_social_iconfont' ><a target=\"_blank\" aria-label=\"Teilen auf Pinterest\" href='https:\/\/pinterest.com\/pin\/create\/button\/?url=https%3A%2F%2Fimker-aigen.at%2Findex.php%2F2025%2F09%2F12%2Funsere-teilnahme-an-der-baumpflanz-challenge-2025%2F&#038;description=Unsere%20Teilnahme%20an%20der%20Baumpflanz-Challenge%202025&#038;media=https%3A%2F%2Fimker-aigen.at%2Fwp-content%2Fuploads%2F2025%2F09%2Fbaumpflanzchallenge2025_1_1024_768-529x705.jpg' data-av_icon='\ue8f8' data-av_iconfont='entypo-fontello'  title='' data-avia-related-tooltip='Teilen auf Pinterest'><span class='avia_hidden_link_text'>Teilen auf Pinterest<\/span><\/a><\/li><li class='av-share-link av-social-link-linkedin avia_social_iconfont' ><a target=\"_blank\" aria-label=\"Teilen auf LinkedIn\" href='https:\/\/linkedin.com\/shareArticle?mini=true&#038;title=Unsere%20Teilnahme%20an%20der%20Baumpflanz-Challenge%202025&#038;url=https:\/\/imker-aigen.at\/index.php\/2025\/09\/12\/unsere-teilnahme-an-der-baumpflanz-challenge-2025\/' data-av_icon='\ue8fc' data-av_iconfont='entypo-fontello'  title='' data-avia-related-tooltip='Teilen auf LinkedIn'><span class='avia_hidden_link_text'>Teilen auf LinkedIn<\/span><\/a><\/li><li class='av-share-link av-social-link-reddit avia_social_iconfont' ><a target=\"_blank\" aria-label=\"Teilen auf Reddit\" href='https:\/\/reddit.com\/submit?url=https:\/\/imker-aigen.at\/index.php\/2025\/09\/12\/unsere-teilnahme-an-der-baumpflanz-challenge-2025\/&#038;title=Unsere%20Teilnahme%20an%20der%20Baumpflanz-Challenge%202025' data-av_icon='\ue927' data-av_iconfont='entypo-fontello'  title='' data-avia-related-tooltip='Teilen auf Reddit'><span class='avia_hidden_link_text'>Teilen auf Reddit<\/span><\/a><\/li><li class='av-share-link av-social-link-mail avia_social_iconfont' ><a  aria-label=\"Per E-Mail teilen\" href='mailto:?subject=Unsere%20Teilnahme%20an%20der%20Baumpflanz-Challenge%202025&#038;body=https:\/\/imker-aigen.at\/index.php\/2025\/09\/12\/unsere-teilnahme-an-der-baumpflanz-challenge-2025\/' data-av_icon='\ue805' data-av_iconfont='entypo-fontello'  title='' data-avia-related-tooltip='Per E-Mail teilen'><span class='avia_hidden_link_text'>Per E-Mail teilen<\/span><\/a><\/li><\/ul><\/div><\/div><br \/>\n<div  class='av-buildercomment av-1ve0zb-b4e8d24badfeea497b9834778b237dee'><\/div><\/p><\/div>\n","protected":false},"excerpt":{"rendered":"","protected":false},"author":1,"featured_media":8737,"comment_status":"open","ping_status":"closed","sticky":false,"template":"","format":"standard","meta":{"footnotes":""},"categories":[18,2],"tags":[449,21,452,450,451],"class_list":["post-8727","post","type-post","status-publish","format-standard","has-post-thumbnail","hentry","category-alte-veranstaltungen","category-news","tag-baumpflanz-challenge","tag-elsbethen","tag-grossgmain","tag-obst-und-gartenbauverein","tag-salzlechner"],"yoast_head":"<!-- This site is optimized with the Yoast SEO plugin v27.4 - https:\/\/yoast.com\/product\/yoast-seo-wordpress\/ -->\n<title>Unsere Teilnahme an der Baumpflanz-Challenge 2025 - Imker Ortsgruppe Salzburg Aigen<\/title>\n<meta name=\"description\" content=\"Der Imkerverein Salzburg Aigen wurde zur Teilnahme an der Baumpflanz-Challenge nominiert und konnte diese mit dem OGV Elsbethen meistern.\" \/>\n<meta name=\"robots\" content=\"index, follow, max-snippet:-1, max-image-preview:large, max-video-preview:-1\" \/>\n<link rel=\"canonical\" href=\"https:\/\/imker-aigen.at\/index.php\/2025\/09\/12\/unsere-teilnahme-an-der-baumpflanz-challenge-2025\/\" \/>\n<meta property=\"og:locale\" content=\"de_DE\" \/>\n<meta property=\"og:type\" content=\"article\" \/>\n<meta property=\"og:title\" content=\"Unsere Teilnahme an der Baumpflanz-Challenge 2025 - Imker Ortsgruppe Salzburg Aigen\" \/>\n<meta property=\"og:description\" content=\"Der Imkerverein Salzburg Aigen wurde zur Teilnahme an der Baumpflanz-Challenge nominiert und konnte diese mit dem OGV Elsbethen meistern.\" \/>\n<meta property=\"og:url\" content=\"https:\/\/imker-aigen.at\/index.php\/2025\/09\/12\/unsere-teilnahme-an-der-baumpflanz-challenge-2025\/\" \/>\n<meta property=\"og:site_name\" content=\"Imker Ortsgruppe Salzburg Aigen\" \/>\n<meta property=\"article:published_time\" content=\"2025-09-12T09:53:54+00:00\" \/>\n<meta property=\"article:modified_time\" content=\"2025-09-12T11:28:38+00:00\" \/>\n<meta property=\"og:image\" content=\"https:\/\/imker-aigen.at\/wp-content\/uploads\/2025\/09\/baumpflanzchallenge2025_1_1024_768.jpg\" \/>\n\t<meta property=\"og:image:width\" content=\"768\" \/>\n\t<meta property=\"og:image:height\" content=\"1024\" \/>\n\t<meta property=\"og:image:type\" content=\"image\/jpeg\" \/>\n<meta name=\"author\" content=\"admin\" \/>\n<meta name=\"twitter:card\" content=\"summary_large_image\" \/>\n<meta name=\"twitter:label1\" content=\"Verfasst von\" \/>\n\t<meta name=\"twitter:data1\" content=\"admin\" \/>\n\t<meta name=\"twitter:label2\" content=\"Gesch\u00e4tzte Lesezeit\" \/>\n\t<meta name=\"twitter:data2\" content=\"6\u00a0Minuten\" \/>\n<script type=\"application\/ld+json\" class=\"yoast-schema-graph\">{\"@context\":\"https:\\\/\\\/schema.org\",\"@graph\":[{\"@type\":\"Article\",\"@id\":\"https:\\\/\\\/imker-aigen.at\\\/index.php\\\/2025\\\/09\\\/12\\\/unsere-teilnahme-an-der-baumpflanz-challenge-2025\\\/#article\",\"isPartOf\":{\"@id\":\"https:\\\/\\\/imker-aigen.at\\\/index.php\\\/2025\\\/09\\\/12\\\/unsere-teilnahme-an-der-baumpflanz-challenge-2025\\\/\"},\"author\":{\"name\":\"admin\",\"@id\":\"https:\\\/\\\/imker-aigen.at\\\/#\\\/schema\\\/person\\\/d7d0c3a8ef6f051d450781218ac83077\"},\"headline\":\"Unsere Teilnahme an der Baumpflanz-Challenge 2025\",\"datePublished\":\"2025-09-12T09:53:54+00:00\",\"dateModified\":\"2025-09-12T11:28:38+00:00\",\"mainEntityOfPage\":{\"@id\":\"https:\\\/\\\/imker-aigen.at\\\/index.php\\\/2025\\\/09\\\/12\\\/unsere-teilnahme-an-der-baumpflanz-challenge-2025\\\/\"},\"wordCount\":1502,\"commentCount\":0,\"publisher\":{\"@id\":\"https:\\\/\\\/imker-aigen.at\\\/#organization\"},\"image\":{\"@id\":\"https:\\\/\\\/imker-aigen.at\\\/index.php\\\/2025\\\/09\\\/12\\\/unsere-teilnahme-an-der-baumpflanz-challenge-2025\\\/#primaryimage\"},\"thumbnailUrl\":\"https:\\\/\\\/imker-aigen.at\\\/wp-content\\\/uploads\\\/2025\\\/09\\\/baumpflanzchallenge2025_1_1024_768.jpg\",\"keywords\":[\"Baumpflanz-Challenge\",\"Elsbethen\",\"Gro\u00dfgmain\",\"Obst- und Gartenbauverein\",\"Salzlechner\"],\"articleSection\":[\"Alte Veranstaltungen\",\"News\"],\"inLanguage\":\"de\",\"potentialAction\":[{\"@type\":\"CommentAction\",\"name\":\"Comment\",\"target\":[\"https:\\\/\\\/imker-aigen.at\\\/index.php\\\/2025\\\/09\\\/12\\\/unsere-teilnahme-an-der-baumpflanz-challenge-2025\\\/#respond\"]}]},{\"@type\":\"WebPage\",\"@id\":\"https:\\\/\\\/imker-aigen.at\\\/index.php\\\/2025\\\/09\\\/12\\\/unsere-teilnahme-an-der-baumpflanz-challenge-2025\\\/\",\"url\":\"https:\\\/\\\/imker-aigen.at\\\/index.php\\\/2025\\\/09\\\/12\\\/unsere-teilnahme-an-der-baumpflanz-challenge-2025\\\/\",\"name\":\"Unsere Teilnahme an der Baumpflanz-Challenge 2025 - Imker Ortsgruppe Salzburg Aigen\",\"isPartOf\":{\"@id\":\"https:\\\/\\\/imker-aigen.at\\\/#website\"},\"primaryImageOfPage\":{\"@id\":\"https:\\\/\\\/imker-aigen.at\\\/index.php\\\/2025\\\/09\\\/12\\\/unsere-teilnahme-an-der-baumpflanz-challenge-2025\\\/#primaryimage\"},\"image\":{\"@id\":\"https:\\\/\\\/imker-aigen.at\\\/index.php\\\/2025\\\/09\\\/12\\\/unsere-teilnahme-an-der-baumpflanz-challenge-2025\\\/#primaryimage\"},\"thumbnailUrl\":\"https:\\\/\\\/imker-aigen.at\\\/wp-content\\\/uploads\\\/2025\\\/09\\\/baumpflanzchallenge2025_1_1024_768.jpg\",\"datePublished\":\"2025-09-12T09:53:54+00:00\",\"dateModified\":\"2025-09-12T11:28:38+00:00\",\"description\":\"Der Imkerverein Salzburg Aigen wurde zur Teilnahme an der Baumpflanz-Challenge nominiert und konnte diese mit dem OGV Elsbethen meistern.\",\"breadcrumb\":{\"@id\":\"https:\\\/\\\/imker-aigen.at\\\/index.php\\\/2025\\\/09\\\/12\\\/unsere-teilnahme-an-der-baumpflanz-challenge-2025\\\/#breadcrumb\"},\"inLanguage\":\"de\",\"potentialAction\":[{\"@type\":\"ReadAction\",\"target\":[\"https:\\\/\\\/imker-aigen.at\\\/index.php\\\/2025\\\/09\\\/12\\\/unsere-teilnahme-an-der-baumpflanz-challenge-2025\\\/\"]}]},{\"@type\":\"ImageObject\",\"inLanguage\":\"de\",\"@id\":\"https:\\\/\\\/imker-aigen.at\\\/index.php\\\/2025\\\/09\\\/12\\\/unsere-teilnahme-an-der-baumpflanz-challenge-2025\\\/#primaryimage\",\"url\":\"https:\\\/\\\/imker-aigen.at\\\/wp-content\\\/uploads\\\/2025\\\/09\\\/baumpflanzchallenge2025_1_1024_768.jpg\",\"contentUrl\":\"https:\\\/\\\/imker-aigen.at\\\/wp-content\\\/uploads\\\/2025\\\/09\\\/baumpflanzchallenge2025_1_1024_768.jpg\",\"width\":768,\"height\":1024},{\"@type\":\"BreadcrumbList\",\"@id\":\"https:\\\/\\\/imker-aigen.at\\\/index.php\\\/2025\\\/09\\\/12\\\/unsere-teilnahme-an-der-baumpflanz-challenge-2025\\\/#breadcrumb\",\"itemListElement\":[{\"@type\":\"ListItem\",\"position\":1,\"name\":\"Startseite\",\"item\":\"https:\\\/\\\/imker-aigen.at\\\/index.php\\\/home\\\/\"},{\"@type\":\"ListItem\",\"position\":2,\"name\":\"Unsere Teilnahme an der Baumpflanz-Challenge 2025\"}]},{\"@type\":\"WebSite\",\"@id\":\"https:\\\/\\\/imker-aigen.at\\\/#website\",\"url\":\"https:\\\/\\\/imker-aigen.at\\\/\",\"name\":\"Imker Ortsgruppe Salzburg Aigen\",\"description\":\"Homepage der Imker-Ortsgruppe Salzburg Aigen\",\"publisher\":{\"@id\":\"https:\\\/\\\/imker-aigen.at\\\/#organization\"},\"potentialAction\":[{\"@type\":\"SearchAction\",\"target\":{\"@type\":\"EntryPoint\",\"urlTemplate\":\"https:\\\/\\\/imker-aigen.at\\\/?s={search_term_string}\"},\"query-input\":{\"@type\":\"PropertyValueSpecification\",\"valueRequired\":true,\"valueName\":\"search_term_string\"}}],\"inLanguage\":\"de\"},{\"@type\":\"Organization\",\"@id\":\"https:\\\/\\\/imker-aigen.at\\\/#organization\",\"name\":\"Imker Ortsgruppe Salzburg Aigen\",\"url\":\"https:\\\/\\\/imker-aigen.at\\\/\",\"logo\":{\"@type\":\"ImageObject\",\"inLanguage\":\"de\",\"@id\":\"https:\\\/\\\/imker-aigen.at\\\/#\\\/schema\\\/logo\\\/image\\\/\",\"url\":\"https:\\\/\\\/imker-aigen.at\\\/wp-content\\\/uploads\\\/2022\\\/08\\\/logo-1.png\",\"contentUrl\":\"https:\\\/\\\/imker-aigen.at\\\/wp-content\\\/uploads\\\/2022\\\/08\\\/logo-1.png\",\"width\":392,\"height\":156,\"caption\":\"Imker Ortsgruppe Salzburg Aigen\"},\"image\":{\"@id\":\"https:\\\/\\\/imker-aigen.at\\\/#\\\/schema\\\/logo\\\/image\\\/\"}},{\"@type\":\"Person\",\"@id\":\"https:\\\/\\\/imker-aigen.at\\\/#\\\/schema\\\/person\\\/d7d0c3a8ef6f051d450781218ac83077\",\"name\":\"admin\",\"image\":{\"@type\":\"ImageObject\",\"inLanguage\":\"de\",\"@id\":\"https:\\\/\\\/secure.gravatar.com\\\/avatar\\\/925a7e918efd3cfdae29be9c0018a3ae3275cd0444a6e166241172bb6e5243c7?s=96&d=mm&r=g\",\"url\":\"https:\\\/\\\/secure.gravatar.com\\\/avatar\\\/925a7e918efd3cfdae29be9c0018a3ae3275cd0444a6e166241172bb6e5243c7?s=96&d=mm&r=g\",\"contentUrl\":\"https:\\\/\\\/secure.gravatar.com\\\/avatar\\\/925a7e918efd3cfdae29be9c0018a3ae3275cd0444a6e166241172bb6e5243c7?s=96&d=mm&r=g\",\"caption\":\"admin\"},\"sameAs\":[\"https:\\\/\\\/imker-aigen.at\",\"linkedin.com\\\/in\\\/bernd-meierhofer-5919b62\"],\"url\":\"https:\\\/\\\/imker-aigen.at\\\/index.php\\\/author\\\/bmeierhofer\\\/\"}]}<\/script>\n<!-- \/ Yoast SEO plugin. -->","yoast_head_json":{"title":"Unsere Teilnahme an der Baumpflanz-Challenge 2025 - Imker Ortsgruppe Salzburg Aigen","description":"Der Imkerverein Salzburg Aigen wurde zur Teilnahme an der Baumpflanz-Challenge nominiert und konnte diese mit dem OGV Elsbethen meistern.","robots":{"index":"index","follow":"follow","max-snippet":"max-snippet:-1","max-image-preview":"max-image-preview:large","max-video-preview":"max-video-preview:-1"},"canonical":"https:\/\/imker-aigen.at\/index.php\/2025\/09\/12\/unsere-teilnahme-an-der-baumpflanz-challenge-2025\/","og_locale":"de_DE","og_type":"article","og_title":"Unsere Teilnahme an der Baumpflanz-Challenge 2025 - Imker Ortsgruppe Salzburg Aigen","og_description":"Der Imkerverein Salzburg Aigen wurde zur Teilnahme an der Baumpflanz-Challenge nominiert und konnte diese mit dem OGV Elsbethen meistern.","og_url":"https:\/\/imker-aigen.at\/index.php\/2025\/09\/12\/unsere-teilnahme-an-der-baumpflanz-challenge-2025\/","og_site_name":"Imker Ortsgruppe Salzburg Aigen","article_published_time":"2025-09-12T09:53:54+00:00","article_modified_time":"2025-09-12T11:28:38+00:00","og_image":[{"width":768,"height":1024,"url":"https:\/\/imker-aigen.at\/wp-content\/uploads\/2025\/09\/baumpflanzchallenge2025_1_1024_768.jpg","type":"image\/jpeg"}],"author":"admin","twitter_card":"summary_large_image","twitter_misc":{"Verfasst von":"admin","Gesch\u00e4tzte Lesezeit":"6\u00a0Minuten"},"schema":{"@context":"https:\/\/schema.org","@graph":[{"@type":"Article","@id":"https:\/\/imker-aigen.at\/index.php\/2025\/09\/12\/unsere-teilnahme-an-der-baumpflanz-challenge-2025\/#article","isPartOf":{"@id":"https:\/\/imker-aigen.at\/index.php\/2025\/09\/12\/unsere-teilnahme-an-der-baumpflanz-challenge-2025\/"},"author":{"name":"admin","@id":"https:\/\/imker-aigen.at\/#\/schema\/person\/d7d0c3a8ef6f051d450781218ac83077"},"headline":"Unsere Teilnahme an der Baumpflanz-Challenge 2025","datePublished":"2025-09-12T09:53:54+00:00","dateModified":"2025-09-12T11:28:38+00:00","mainEntityOfPage":{"@id":"https:\/\/imker-aigen.at\/index.php\/2025\/09\/12\/unsere-teilnahme-an-der-baumpflanz-challenge-2025\/"},"wordCount":1502,"commentCount":0,"publisher":{"@id":"https:\/\/imker-aigen.at\/#organization"},"image":{"@id":"https:\/\/imker-aigen.at\/index.php\/2025\/09\/12\/unsere-teilnahme-an-der-baumpflanz-challenge-2025\/#primaryimage"},"thumbnailUrl":"https:\/\/imker-aigen.at\/wp-content\/uploads\/2025\/09\/baumpflanzchallenge2025_1_1024_768.jpg","keywords":["Baumpflanz-Challenge","Elsbethen","Gro\u00dfgmain","Obst- und Gartenbauverein","Salzlechner"],"articleSection":["Alte Veranstaltungen","News"],"inLanguage":"de","potentialAction":[{"@type":"CommentAction","name":"Comment","target":["https:\/\/imker-aigen.at\/index.php\/2025\/09\/12\/unsere-teilnahme-an-der-baumpflanz-challenge-2025\/#respond"]}]},{"@type":"WebPage","@id":"https:\/\/imker-aigen.at\/index.php\/2025\/09\/12\/unsere-teilnahme-an-der-baumpflanz-challenge-2025\/","url":"https:\/\/imker-aigen.at\/index.php\/2025\/09\/12\/unsere-teilnahme-an-der-baumpflanz-challenge-2025\/","name":"Unsere Teilnahme an der Baumpflanz-Challenge 2025 - Imker Ortsgruppe Salzburg Aigen","isPartOf":{"@id":"https:\/\/imker-aigen.at\/#website"},"primaryImageOfPage":{"@id":"https:\/\/imker-aigen.at\/index.php\/2025\/09\/12\/unsere-teilnahme-an-der-baumpflanz-challenge-2025\/#primaryimage"},"image":{"@id":"https:\/\/imker-aigen.at\/index.php\/2025\/09\/12\/unsere-teilnahme-an-der-baumpflanz-challenge-2025\/#primaryimage"},"thumbnailUrl":"https:\/\/imker-aigen.at\/wp-content\/uploads\/2025\/09\/baumpflanzchallenge2025_1_1024_768.jpg","datePublished":"2025-09-12T09:53:54+00:00","dateModified":"2025-09-12T11:28:38+00:00","description":"Der Imkerverein Salzburg Aigen wurde zur Teilnahme an der Baumpflanz-Challenge nominiert und konnte diese mit dem OGV Elsbethen meistern.","breadcrumb":{"@id":"https:\/\/imker-aigen.at\/index.php\/2025\/09\/12\/unsere-teilnahme-an-der-baumpflanz-challenge-2025\/#breadcrumb"},"inLanguage":"de","potentialAction":[{"@type":"ReadAction","target":["https:\/\/imker-aigen.at\/index.php\/2025\/09\/12\/unsere-teilnahme-an-der-baumpflanz-challenge-2025\/"]}]},{"@type":"ImageObject","inLanguage":"de","@id":"https:\/\/imker-aigen.at\/index.php\/2025\/09\/12\/unsere-teilnahme-an-der-baumpflanz-challenge-2025\/#primaryimage","url":"https:\/\/imker-aigen.at\/wp-content\/uploads\/2025\/09\/baumpflanzchallenge2025_1_1024_768.jpg","contentUrl":"https:\/\/imker-aigen.at\/wp-content\/uploads\/2025\/09\/baumpflanzchallenge2025_1_1024_768.jpg","width":768,"height":1024},{"@type":"BreadcrumbList","@id":"https:\/\/imker-aigen.at\/index.php\/2025\/09\/12\/unsere-teilnahme-an-der-baumpflanz-challenge-2025\/#breadcrumb","itemListElement":[{"@type":"ListItem","position":1,"name":"Startseite","item":"https:\/\/imker-aigen.at\/index.php\/home\/"},{"@type":"ListItem","position":2,"name":"Unsere Teilnahme an der Baumpflanz-Challenge 2025"}]},{"@type":"WebSite","@id":"https:\/\/imker-aigen.at\/#website","url":"https:\/\/imker-aigen.at\/","name":"Imker Ortsgruppe Salzburg Aigen","description":"Homepage der Imker-Ortsgruppe Salzburg Aigen","publisher":{"@id":"https:\/\/imker-aigen.at\/#organization"},"potentialAction":[{"@type":"SearchAction","target":{"@type":"EntryPoint","urlTemplate":"https:\/\/imker-aigen.at\/?s={search_term_string}"},"query-input":{"@type":"PropertyValueSpecification","valueRequired":true,"valueName":"search_term_string"}}],"inLanguage":"de"},{"@type":"Organization","@id":"https:\/\/imker-aigen.at\/#organization","name":"Imker Ortsgruppe Salzburg Aigen","url":"https:\/\/imker-aigen.at\/","logo":{"@type":"ImageObject","inLanguage":"de","@id":"https:\/\/imker-aigen.at\/#\/schema\/logo\/image\/","url":"https:\/\/imker-aigen.at\/wp-content\/uploads\/2022\/08\/logo-1.png","contentUrl":"https:\/\/imker-aigen.at\/wp-content\/uploads\/2022\/08\/logo-1.png","width":392,"height":156,"caption":"Imker Ortsgruppe Salzburg Aigen"},"image":{"@id":"https:\/\/imker-aigen.at\/#\/schema\/logo\/image\/"}},{"@type":"Person","@id":"https:\/\/imker-aigen.at\/#\/schema\/person\/d7d0c3a8ef6f051d450781218ac83077","name":"admin","image":{"@type":"ImageObject","inLanguage":"de","@id":"https:\/\/secure.gravatar.com\/avatar\/925a7e918efd3cfdae29be9c0018a3ae3275cd0444a6e166241172bb6e5243c7?s=96&d=mm&r=g","url":"https:\/\/secure.gravatar.com\/avatar\/925a7e918efd3cfdae29be9c0018a3ae3275cd0444a6e166241172bb6e5243c7?s=96&d=mm&r=g","contentUrl":"https:\/\/secure.gravatar.com\/avatar\/925a7e918efd3cfdae29be9c0018a3ae3275cd0444a6e166241172bb6e5243c7?s=96&d=mm&r=g","caption":"admin"},"sameAs":["https:\/\/imker-aigen.at","linkedin.com\/in\/bernd-meierhofer-5919b62"],"url":"https:\/\/imker-aigen.at\/index.php\/author\/bmeierhofer\/"}]}},"_links":{"self":[{"href":"https:\/\/imker-aigen.at\/index.php\/wp-json\/wp\/v2\/posts\/8727","targetHints":{"allow":["GET"]}}],"collection":[{"href":"https:\/\/imker-aigen.at\/index.php\/wp-json\/wp\/v2\/posts"}],"about":[{"href":"https:\/\/imker-aigen.at\/index.php\/wp-json\/wp\/v2\/types\/post"}],"author":[{"embeddable":true,"href":"https:\/\/imker-aigen.at\/index.php\/wp-json\/wp\/v2\/users\/1"}],"replies":[{"embeddable":true,"href":"https:\/\/imker-aigen.at\/index.php\/wp-json\/wp\/v2\/comments?post=8727"}],"version-history":[{"count":8,"href":"https:\/\/imker-aigen.at\/index.php\/wp-json\/wp\/v2\/posts\/8727\/revisions"}],"predecessor-version":[{"id":8748,"href":"https:\/\/imker-aigen.at\/index.php\/wp-json\/wp\/v2\/posts\/8727\/revisions\/8748"}],"wp:featuredmedia":[{"embeddable":true,"href":"https:\/\/imker-aigen.at\/index.php\/wp-json\/wp\/v2\/media\/8737"}],"wp:attachment":[{"href":"https:\/\/imker-aigen.at\/index.php\/wp-json\/wp\/v2\/media?parent=8727"}],"wp:term":[{"taxonomy":"category","embeddable":true,"href":"https:\/\/imker-aigen.at\/index.php\/wp-json\/wp\/v2\/categories?post=8727"},{"taxonomy":"post_tag","embeddable":true,"href":"https:\/\/imker-aigen.at\/index.php\/wp-json\/wp\/v2\/tags?post=8727"}],"curies":[{"name":"wp","href":"https:\/\/api.w.org\/{rel}","templated":true}]}}