{"id":8789,"date":"2025-09-19T09:17:36","date_gmt":"2025-09-19T07:17:36","guid":{"rendered":"https:\/\/imker-aigen.at\/?p=8789"},"modified":"2025-09-20T11:04:21","modified_gmt":"2025-09-20T09:04:21","slug":"bericht-ueber-die-obleutebesprechung-der-flachgauer-imker-obleute-am-18-9-2025","status":"publish","type":"post","link":"https:\/\/imker-aigen.at\/index.php\/2025\/09\/19\/bericht-ueber-die-obleutebesprechung-der-flachgauer-imker-obleute-am-18-9-2025\/","title":{"rendered":"Bericht \u00fcber die Obleutebesprechung der Flachgauer Imker-Obleute am 18.9.2025"},"content":{"rendered":"<div  class='flex_column av-6ibz1x-caac75e21a4c9754a3e7aecc5a552f3e av_one_full  avia-builder-el-0  avia-builder-el-no-sibling  first flex_column_div  '     ><p>\n<style type=\"text\/css\" data-created_by=\"avia_inline_auto\" id=\"style-css-av-mfqiabaz-8bcdd51cc5b91dfbabd51380c3d5d94b\">\n#top .av-special-heading.av-mfqiabaz-8bcdd51cc5b91dfbabd51380c3d5d94b{\npadding-bottom:10px;\n}\nbody .av-special-heading.av-mfqiabaz-8bcdd51cc5b91dfbabd51380c3d5d94b .av-special-heading-tag .heading-char{\nfont-size:25px;\n}\n.av-special-heading.av-mfqiabaz-8bcdd51cc5b91dfbabd51380c3d5d94b .av-subheading{\nfont-size:15px;\n}\n<\/style>\n<div  class='av-special-heading av-mfqiabaz-8bcdd51cc5b91dfbabd51380c3d5d94b av-special-heading-h3 blockquote modern-quote modern-centered  avia-builder-el-1  el_before_av_hr  avia-builder-el-first '><h3 class='av-special-heading-tag '  itemprop=\"headline\"  >Obleutebesprechung der Flachgauer Imker-Obleute am 18.9.2025<\/h3><div class=\"special-heading-border\"><div class=\"special-heading-inner-border\"><\/div><\/div><\/div><br \/>\n\n<style type=\"text\/css\" data-created_by=\"avia_inline_auto\" id=\"style-css-av-mfqiaiqf-4bd46ecb26b806db9d9088231497f0f8\">\n#top .hr.av-mfqiaiqf-4bd46ecb26b806db9d9088231497f0f8{\nmargin-top:30px;\nmargin-bottom:30px;\n}\n.hr.av-mfqiaiqf-4bd46ecb26b806db9d9088231497f0f8 .hr-inner{\nwidth:50px;\nmax-width:45%;\n}\n<\/style>\n<div  class='hr av-mfqiaiqf-4bd46ecb26b806db9d9088231497f0f8 hr-custom  avia-builder-el-2  el_after_av_heading  el_before_av_textblock  hr-center hr-icon-yes'><span class='hr-inner inner-border-av-border-thin'><span class=\"hr-inner-style\"><\/span><\/span><span class='av-seperator-icon avia-svg-icon avia-font-svg_entypo-fontello' data-av_svg_icon='dot-3' data-av_iconset='svg_entypo-fontello'><svg version=\"1.1\" xmlns=\"http:\/\/www.w3.org\/2000\/svg\" width=\"29\" height=\"32\" viewBox=\"0 0 29 32\" preserveAspectRatio=\"xMidYMid meet\" aria-labelledby='av-svg-title-1' aria-describedby='av-svg-desc-1' role=\"graphics-symbol\">\n<title id='av-svg-title-1'>Dot-3<\/title>\n<desc id='av-svg-desc-1'>Dot-3<\/desc>\n<path d=\"M3.52 12.48q1.472 0 2.496 1.024t1.024 2.496q0 1.408-1.024 2.464t-2.496 1.056-2.496-1.056-1.024-2.464q0-1.472 1.024-2.496t2.496-1.024zM14.72 12.48q1.472 0 2.496 1.024t1.024 2.496q0 1.408-1.056 2.464t-2.464 1.056-2.464-1.056-1.056-2.464q0-1.472 1.024-2.496t2.496-1.024zM25.92 12.48q1.472 0 2.496 1.024t1.024 2.496q0 1.408-1.024 2.464t-2.496 1.056-2.496-1.056-1.024-2.464q0-1.472 1.024-2.496t2.496-1.024z\"><\/path>\n<\/svg><\/span><span class='hr-inner inner-border-av-border-thin'><span class=\"hr-inner-style\"><\/span><\/span><\/div><br \/>\n<section  class='av_textblock_section av-mfqidss2-14b4925c4817ae9ce0ac30cdb2dcbf5a '   itemscope=\"itemscope\" itemtype=\"https:\/\/schema.org\/BlogPosting\" itemprop=\"blogPost\" ><div class='avia_textblock'  itemprop=\"text\" ><p><span style=\"color: #999999;\">Autoren: Elisabeth Karl und Bernd Meierhofer<\/span><\/p>\n<p>Am 18. September 2025 fand im <a href=\"https:\/\/imkerhof-salzburg.at\/\">Imkerhof Salzburg<\/a> in Koppl um 18:00 Uhr die Obleutebesprechung der Flachgauer Imker-Obleute statt.<\/p>\n<h3>Vorstellung des neuen Flachgauer Gauobmannes<\/h3>\n<p>Zu Beginn stellte sich der neue Flachgauer Gauobmann, Hans Eisl, der das Amt nach dem R\u00fccktritt seines Vorg\u00e4ngers, Bernhard Grubm\u00fcller, \u00fcbernommen hat und sich am 7. Februar 2026 im Rahmen der <a href=\"https:\/\/imker-aigen.at\/index.php\/event\/gauversammlung-2026-flachgau-und-stadt-salzburg\/\">Flachgauer Gauversammlung<\/a> zur Wahl stellen wird, den Obleuten pers\u00f6nlich vor. Dem Gauobmann stehen zuk\u00fcnftig 1.000 \u20ac \/ Jahr zur Verf\u00fcgung um die Flachgauer Imker-Ortsgruppen und Ortsvereine bei diversen Projekten finanziell zu unterst\u00fctzen.<\/p>\n<h3>Ver\u00e4nderungen im Landesverband<\/h3>\n<p>Im Anschluss berichtete der Landesobmann<strong>,<\/strong> Andreas Brieger, \u00fcber die umfassenden Ver\u00e4nderungen im Landesverband seit seiner Wahl im M\u00e4rz 2024. Er betonte, dass dabei \u201ekein Stein auf dem anderen geblieben\u201c sei. Aus finanziellen und organisatorischen Gr\u00fcnden wurden zahlreiche Aufgabenbereiche von der Imkergenossenschaft in den Landesverband \u00fcbertragen. Die Genossenschaft ist mittlerweile im Wesentlichen nur noch f\u00fcr das Geb\u00e4ude des Imkerhofs zust\u00e4ndig.<\/p>\n<h3>Geplante Ma\u00dfnahmen<\/h3>\n<p>Der Landesverband hat ca. 2.800 Mitglieder und verf\u00fcgt aktuell \u00fcber j\u00e4hrliche Einnahmen von rund 300.000 \u20ac, wovon jedoch 100.000 \u20ac direkt an den \u00d6IB abzuf\u00fchren sind. Die verbleibenden Mittel reichen lediglich, um den laufenden Betrieb aufrechtzuerhalten bzw. nur um kleine Projekte zu finanzieren (z.B.: Ankauf der Beuten des Lehrbienenstandes, genetische Untersuchung der Dunklen Bienen, etc.). Um geplante Verbesserungen umsetzen zu k\u00f6nnen und bestehende Serviceleistungen zu sichern, w\u00fcrde sich der Landesobmann eine Erh\u00f6hung der Mitgliedsbeitr\u00e4ge von derzeit 14,50 \u20ac auf 25 \u20ac w\u00fcnschen. Mit einer Beitragserh\u00f6hung k\u00f6nnte der Landesverband einerseits den derzeitigen Personalstand halten, andererseits aber auch seine Serviceleistungen weiter ausbauen. Schon jetzt haben sich bei den Mitarbeiterinnen und Mitarbeitern \u00dcberstunden und offene Urlaubstage angesammelt \u2013 eine Situation, die auf Dauer nicht vertretbar ist. Ein Vergleich mit den Mitgliedsbeitr\u00e4gen der anderen \u00f6sterreichischen Landesverb\u00e4nde zeigt, dass Salzburg derzeit noch zu den g\u00fcnstigsten Bundesl\u00e4ndern geh\u00f6rt. In Ober\u00f6sterreich, Steiermark und Burgenland ist der Mitgliedsbeitrag bereits in der Gr\u00f6\u00dfenordnung von 25 \u20ac pro Jahr.<\/p>\n<p>Die anwesenden Obleute zeigten grunds\u00e4tzlich Verst\u00e4ndnis f\u00fcr die Notwendigkeit der geplanten Ma\u00dfnahmen, sprachen sich jedoch daf\u00fcr aus, dass zumindest versucht werden sollte, den derzeitigen Mitgliedsbeitrag bis 2028 beizubehalten, auch wenn dies gewisse Einschr\u00e4nkungen bei geplanten Verbesserungen bedeuten k\u00f6nnte.<\/p>\n<h3>Prek\u00e4re Situation im Imkereisektor<\/h3>\n<p>Dar\u00fcber hinaus ging der Landesobmann auch auf die prek\u00e4re Situation im Imkereisektor ein. Viele Betriebe haben in den vergangenen Monaten entweder geschlossen oder ihre Produktion reduziert. Besonders problematisch ist der Honigabsatz in den Superm\u00e4rkten, der derzeit um rund 30 % r\u00fcckl\u00e4ufig ist. Auch auf diese ge\u00e4nderte Marktsituation gilt es seitens des Landesverbandes entsprechende Strategien zu entwickeln und Ma\u00dfnahmen zu setzen.<\/p>\n<h3>Weitere m\u00f6gliche Ma\u00dfnahmen<\/h3>\n<p>Eine Ma\u00dfnahme um den Verwaltungsaufwand im Landesverband weiter reduzieren zu k\u00f6nnen, w\u00e4re die Abo-Abwicklung der Imkerzeitung k\u00fcnftig an die Ortsgruppen auszulagern. Diese Ank\u00fcndigung l\u00f6ste sehr unterschiedliche Reaktionen bei den anwesenden Obleuten aus. Es gab Stimmen, die sich f\u00fcr den Erhalt der derzeitigen L\u00f6sung aussprachen, und Stimmen, die daf\u00fcr pl\u00e4dierten, die An- und Abbestellung des Bienen-aktuell Abos direkt die Vereinsmitglieder zu \u00fcbertragen. Dabei sollte man auch bedenken, dass Zeitschriftenabos gerade bei der j\u00fcngeren Generation nicht mehr im Trend sind und als alleiniger Informationskanal l\u00e4ngst ausgedient haben.<\/p>\n<p>Ein weiteres Anliegen betrifft die EDV-Unterst\u00fctzung im Landesverband. Derzeit werden f\u00fcr die Abwicklung und Abrechnung der Honiguntersuchungen noch Excel-Dateien verwendet. Moderne ERP-Softwarel\u00f6sungen (Erkl\u00e4rung gem\u00e4\u00df <a href=\"https:\/\/de.wikipedia.org\/wiki\/Enterprise-Resource-Planning\">Wikipedia<\/a>: &#8222;Enterprise-Resource-Planning (ERP) bezeichnet die unternehmerische Aufgabe, Personal, Ressourcen, Kapital, Betriebsmittel, Material sowie Informations- und Kommunikationstechnik im Sinne des Unternehmenszwecks rechtzeitig und bedarfsgerecht zu planen, zu steuern und zu verwalten&#8220;) w\u00e4ren zwar effizienter, sind jedoch meist zu teuer und f\u00fcr den vergleichsweise kleinen Aufgabenbereich des Landesverbandes \u00fcberdimensioniert. Hier w\u00fcnscht sich der Landesverband insbesondere ehrenamtliche Mithilfe oder praxistaugliche und kosteng\u00fcnstige Alternativen.<\/p>\n<p>Abschlie\u00dfend betonte der Landesobmann, dass er sich generell \u00fcber ehrenamtliche Unterst\u00fctzung im Landesverband sehr freuen w\u00fcrde. Ihm ist das Miteinander in den Ortsgruppen ganz besonders wichtig, das ein erf\u00fcllendes und professionelles Arbeiten zum Wohl unserer Bienen unterst\u00fctzen und erm\u00f6glichen soll.<\/p>\n<h3>Danksagung<\/h3>\n<p>Der Abend fand schlie\u00dflich bei einem gemeinsamen Bier in den Verkaufsr\u00e4umen des Imkerhofs Salzburg einen gem\u00fctlichen Ausklang. Die pr\u00e4sentierten Unterlagen werden den Vereinen in K\u00fcrze auch \u00fcber das <a href=\"https:\/\/cloud.imkerhof-salzburg.at\/\">Verbandsportal<\/a> zur Verf\u00fcgung gestellt.<\/p>\n<p>Herzlichen Dank an den Landesobmann f\u00fcr den informativen Abend und seine bisherigen Bem\u00fchungen, den Landesverband zu modernisieren und transparenter zu gestalten. Es ist wirklich beachtlich, wie sich der Imkereibereich in Salzburg in den letzten Jahrzehnten entwickelt hat. F\u00fcr eine so gro\u00dfe Mitgliederzahl ist selbstverst\u00e4ndlich auch ein entsprechendes Verwaltungsteam erforderlich. Hier gilt es, den richtigen Mix zu finden, ohne die Kosten aus den Augen zu verlieren. Ziel ist es, die ehrenamtliche Arbeit in den einzelnen Ortsgruppen entsprechend zu unterst\u00fctzen und das Serviceangebot des Landesverbandes aufrechtzuerhalten.<\/p>\n<p>Danke auch an Thomas Renner und sein Team vom Imkerhof f\u00fcr die nette Bewirtung!<\/p>\n<\/div><\/section><br \/>\n<div  class='av-social-sharing-box av-4gt5k5-ab494bacf418195e707859774f8c76b4 av-social-sharing-box-default  avia-builder-el-4  el_after_av_textblock  el_before_av_comments_list  av-social-sharing-box-fullwidth'><div class=\"av-share-box\"><h5 class='av-share-link-description av-no-toc '>Eintrag teilen<\/h5><ul class=\"av-share-box-list noLightbox\"><li class='av-share-link av-social-link-facebook avia_social_iconfont' ><a target=\"_blank\" aria-label=\"Teilen auf Facebook\" href='https:\/\/www.facebook.com\/sharer.php?u=https:\/\/imker-aigen.at\/index.php\/2025\/09\/19\/bericht-ueber-die-obleutebesprechung-der-flachgauer-imker-obleute-am-18-9-2025\/&#038;t=Bericht%20%C3%BCber%20die%20Obleutebesprechung%20der%20Flachgauer%20Imker-Obleute%20am%2018.9.2025' data-av_icon='\ue8f3' data-av_iconfont='entypo-fontello'  title='' data-avia-related-tooltip='Teilen auf Facebook'><span class='avia_hidden_link_text'>Teilen auf Facebook<\/span><\/a><\/li><li class='av-share-link av-social-link-twitter avia_social_iconfont' ><a target=\"_blank\" aria-label=\"Teilen auf X\" href='https:\/\/twitter.com\/share?text=Bericht%20%C3%BCber%20die%20Obleutebesprechung%20der%20Flachgauer%20Imker-Obleute%20am%2018.9.2025&#038;url=https:\/\/imker-aigen.at\/?p=8789' data-av_icon='\ue932' data-av_iconfont='entypo-fontello'  title='' data-avia-related-tooltip='Teilen auf X'><span class='avia_hidden_link_text'>Teilen auf X<\/span><\/a><\/li><li class='av-share-link av-social-link-whatsapp avia_social_iconfont' ><a target=\"_blank\" aria-label=\"Teilen auf WhatsApp\" href='https:\/\/api.whatsapp.com\/send?text=https:\/\/imker-aigen.at\/index.php\/2025\/09\/19\/bericht-ueber-die-obleutebesprechung-der-flachgauer-imker-obleute-am-18-9-2025\/' data-av_icon='\uf232' data-av_iconfont='entypo-fontello'  title='' data-avia-related-tooltip='Teilen auf WhatsApp'><span class='avia_hidden_link_text'>Teilen auf WhatsApp<\/span><\/a><\/li><li class='av-share-link av-social-link-pinterest avia_social_iconfont' ><a target=\"_blank\" aria-label=\"Teilen auf Pinterest\" href='https:\/\/pinterest.com\/pin\/create\/button\/?url=https%3A%2F%2Fimker-aigen.at%2Findex.php%2F2025%2F09%2F19%2Fbericht-ueber-die-obleutebesprechung-der-flachgauer-imker-obleute-am-18-9-2025%2F&#038;description=Bericht%20%C3%BCber%20die%20Obleutebesprechung%20der%20Flachgauer%20Imker-Obleute%20am%2018.9.2025&#038;media=https%3A%2F%2Fimker-aigen.at%2Fwp-content%2Fuploads%2F2022%2F10%2Fimkerhof_sgb.jpg' data-av_icon='\ue8f8' data-av_iconfont='entypo-fontello'  title='' data-avia-related-tooltip='Teilen auf Pinterest'><span class='avia_hidden_link_text'>Teilen auf Pinterest<\/span><\/a><\/li><li class='av-share-link av-social-link-linkedin avia_social_iconfont' ><a target=\"_blank\" aria-label=\"Teilen auf LinkedIn\" href='https:\/\/linkedin.com\/shareArticle?mini=true&#038;title=Bericht%20%C3%BCber%20die%20Obleutebesprechung%20der%20Flachgauer%20Imker-Obleute%20am%2018.9.2025&#038;url=https:\/\/imker-aigen.at\/index.php\/2025\/09\/19\/bericht-ueber-die-obleutebesprechung-der-flachgauer-imker-obleute-am-18-9-2025\/' data-av_icon='\ue8fc' data-av_iconfont='entypo-fontello'  title='' data-avia-related-tooltip='Teilen auf LinkedIn'><span class='avia_hidden_link_text'>Teilen auf LinkedIn<\/span><\/a><\/li><li class='av-share-link av-social-link-reddit avia_social_iconfont' ><a target=\"_blank\" aria-label=\"Teilen auf Reddit\" href='https:\/\/reddit.com\/submit?url=https:\/\/imker-aigen.at\/index.php\/2025\/09\/19\/bericht-ueber-die-obleutebesprechung-der-flachgauer-imker-obleute-am-18-9-2025\/&#038;title=Bericht%20%C3%BCber%20die%20Obleutebesprechung%20der%20Flachgauer%20Imker-Obleute%20am%2018.9.2025' data-av_icon='\ue927' data-av_iconfont='entypo-fontello'  title='' data-avia-related-tooltip='Teilen auf Reddit'><span class='avia_hidden_link_text'>Teilen auf Reddit<\/span><\/a><\/li><li class='av-share-link av-social-link-mail avia_social_iconfont' ><a  aria-label=\"Per E-Mail teilen\" href='mailto:?subject=Bericht%20%C3%BCber%20die%20Obleutebesprechung%20der%20Flachgauer%20Imker-Obleute%20am%2018.9.2025&#038;body=https:\/\/imker-aigen.at\/index.php\/2025\/09\/19\/bericht-ueber-die-obleutebesprechung-der-flachgauer-imker-obleute-am-18-9-2025\/' data-av_icon='\ue805' data-av_iconfont='entypo-fontello'  title='' data-avia-related-tooltip='Per E-Mail teilen'><span class='avia_hidden_link_text'>Per E-Mail teilen<\/span><\/a><\/li><\/ul><\/div><\/div><br \/>\n<div  class='av-buildercomment av-38b039-ba197630ffaa7be0e4cebf152043ec37'><\/div><\/p><\/div>\n","protected":false},"excerpt":{"rendered":"","protected":false},"author":1,"featured_media":1875,"comment_status":"open","ping_status":"closed","sticky":false,"template":"","format":"standard","meta":{"footnotes":""},"categories":[18,2],"tags":[161,455,456,166,453],"class_list":["post-8789","post","type-post","status-publish","format-standard","has-post-thumbnail","hentry","category-alte-veranstaltungen","category-news","tag-flachgau","tag-gauobmann","tag-landesobmann","tag-landesverband","tag-obleutebesprechung"],"yoast_head":"<!-- This site is optimized with the Yoast SEO plugin v27.4 - https:\/\/yoast.com\/product\/yoast-seo-wordpress\/ -->\n<title>Bericht \u00fcber die Obleutebesprechung der Flachgauer Imker-Obleute am 18.9.2025 - Imker Ortsgruppe Salzburg Aigen<\/title>\n<meta name=\"description\" content=\"Am 18.9.2025 fand die Obleutebesprechung f\u00fcr die Imker-Obleute aus dem Salzburger Flachgau und der Stadt Salzburg statt.\" \/>\n<meta name=\"robots\" content=\"index, follow, max-snippet:-1, max-image-preview:large, max-video-preview:-1\" \/>\n<link rel=\"canonical\" href=\"https:\/\/imker-aigen.at\/index.php\/2025\/09\/19\/bericht-ueber-die-obleutebesprechung-der-flachgauer-imker-obleute-am-18-9-2025\/\" \/>\n<meta property=\"og:locale\" content=\"de_DE\" \/>\n<meta property=\"og:type\" content=\"article\" \/>\n<meta property=\"og:title\" content=\"Bericht \u00fcber die Obleutebesprechung der Flachgauer Imker-Obleute am 18.9.2025 - Imker Ortsgruppe Salzburg Aigen\" \/>\n<meta property=\"og:description\" content=\"Am 18.9.2025 fand die Obleutebesprechung f\u00fcr die Imker-Obleute aus dem Salzburger Flachgau und der Stadt Salzburg statt.\" \/>\n<meta property=\"og:url\" content=\"https:\/\/imker-aigen.at\/index.php\/2025\/09\/19\/bericht-ueber-die-obleutebesprechung-der-flachgauer-imker-obleute-am-18-9-2025\/\" \/>\n<meta property=\"og:site_name\" content=\"Imker Ortsgruppe Salzburg Aigen\" \/>\n<meta property=\"article:published_time\" content=\"2025-09-19T07:17:36+00:00\" \/>\n<meta property=\"article:modified_time\" content=\"2025-09-20T09:04:21+00:00\" \/>\n<meta property=\"og:image\" content=\"https:\/\/imker-aigen.at\/wp-content\/uploads\/2022\/10\/imkerhof_sgb.jpg\" \/>\n\t<meta property=\"og:image:width\" content=\"170\" \/>\n\t<meta property=\"og:image:height\" content=\"88\" \/>\n\t<meta property=\"og:image:type\" content=\"image\/jpeg\" \/>\n<meta name=\"author\" content=\"admin\" \/>\n<meta name=\"twitter:card\" content=\"summary_large_image\" \/>\n<meta name=\"twitter:label1\" content=\"Verfasst von\" \/>\n\t<meta name=\"twitter:data1\" content=\"admin\" \/>\n\t<meta name=\"twitter:label2\" content=\"Gesch\u00e4tzte Lesezeit\" \/>\n\t<meta name=\"twitter:data2\" content=\"5\u00a0Minuten\" \/>\n<script type=\"application\/ld+json\" class=\"yoast-schema-graph\">{\"@context\":\"https:\\\/\\\/schema.org\",\"@graph\":[{\"@type\":\"Article\",\"@id\":\"https:\\\/\\\/imker-aigen.at\\\/index.php\\\/2025\\\/09\\\/19\\\/bericht-ueber-die-obleutebesprechung-der-flachgauer-imker-obleute-am-18-9-2025\\\/#article\",\"isPartOf\":{\"@id\":\"https:\\\/\\\/imker-aigen.at\\\/index.php\\\/2025\\\/09\\\/19\\\/bericht-ueber-die-obleutebesprechung-der-flachgauer-imker-obleute-am-18-9-2025\\\/\"},\"author\":{\"name\":\"admin\",\"@id\":\"https:\\\/\\\/imker-aigen.at\\\/#\\\/schema\\\/person\\\/d7d0c3a8ef6f051d450781218ac83077\"},\"headline\":\"Bericht \u00fcber die Obleutebesprechung der Flachgauer Imker-Obleute am 18.9.2025\",\"datePublished\":\"2025-09-19T07:17:36+00:00\",\"dateModified\":\"2025-09-20T09:04:21+00:00\",\"mainEntityOfPage\":{\"@id\":\"https:\\\/\\\/imker-aigen.at\\\/index.php\\\/2025\\\/09\\\/19\\\/bericht-ueber-die-obleutebesprechung-der-flachgauer-imker-obleute-am-18-9-2025\\\/\"},\"wordCount\":1763,\"commentCount\":0,\"publisher\":{\"@id\":\"https:\\\/\\\/imker-aigen.at\\\/#organization\"},\"image\":{\"@id\":\"https:\\\/\\\/imker-aigen.at\\\/index.php\\\/2025\\\/09\\\/19\\\/bericht-ueber-die-obleutebesprechung-der-flachgauer-imker-obleute-am-18-9-2025\\\/#primaryimage\"},\"thumbnailUrl\":\"https:\\\/\\\/imker-aigen.at\\\/wp-content\\\/uploads\\\/2022\\\/10\\\/imkerhof_sgb.jpg\",\"keywords\":[\"Flachgau\",\"Gauobmann\",\"Landesobmann\",\"Landesverband\",\"Obleutebesprechung\"],\"articleSection\":[\"Alte Veranstaltungen\",\"News\"],\"inLanguage\":\"de\",\"potentialAction\":[{\"@type\":\"CommentAction\",\"name\":\"Comment\",\"target\":[\"https:\\\/\\\/imker-aigen.at\\\/index.php\\\/2025\\\/09\\\/19\\\/bericht-ueber-die-obleutebesprechung-der-flachgauer-imker-obleute-am-18-9-2025\\\/#respond\"]}]},{\"@type\":\"WebPage\",\"@id\":\"https:\\\/\\\/imker-aigen.at\\\/index.php\\\/2025\\\/09\\\/19\\\/bericht-ueber-die-obleutebesprechung-der-flachgauer-imker-obleute-am-18-9-2025\\\/\",\"url\":\"https:\\\/\\\/imker-aigen.at\\\/index.php\\\/2025\\\/09\\\/19\\\/bericht-ueber-die-obleutebesprechung-der-flachgauer-imker-obleute-am-18-9-2025\\\/\",\"name\":\"Bericht \u00fcber die Obleutebesprechung der Flachgauer Imker-Obleute am 18.9.2025 - Imker Ortsgruppe Salzburg Aigen\",\"isPartOf\":{\"@id\":\"https:\\\/\\\/imker-aigen.at\\\/#website\"},\"primaryImageOfPage\":{\"@id\":\"https:\\\/\\\/imker-aigen.at\\\/index.php\\\/2025\\\/09\\\/19\\\/bericht-ueber-die-obleutebesprechung-der-flachgauer-imker-obleute-am-18-9-2025\\\/#primaryimage\"},\"image\":{\"@id\":\"https:\\\/\\\/imker-aigen.at\\\/index.php\\\/2025\\\/09\\\/19\\\/bericht-ueber-die-obleutebesprechung-der-flachgauer-imker-obleute-am-18-9-2025\\\/#primaryimage\"},\"thumbnailUrl\":\"https:\\\/\\\/imker-aigen.at\\\/wp-content\\\/uploads\\\/2022\\\/10\\\/imkerhof_sgb.jpg\",\"datePublished\":\"2025-09-19T07:17:36+00:00\",\"dateModified\":\"2025-09-20T09:04:21+00:00\",\"description\":\"Am 18.9.2025 fand die Obleutebesprechung f\u00fcr die Imker-Obleute aus dem Salzburger Flachgau und der Stadt Salzburg statt.\",\"breadcrumb\":{\"@id\":\"https:\\\/\\\/imker-aigen.at\\\/index.php\\\/2025\\\/09\\\/19\\\/bericht-ueber-die-obleutebesprechung-der-flachgauer-imker-obleute-am-18-9-2025\\\/#breadcrumb\"},\"inLanguage\":\"de\",\"potentialAction\":[{\"@type\":\"ReadAction\",\"target\":[\"https:\\\/\\\/imker-aigen.at\\\/index.php\\\/2025\\\/09\\\/19\\\/bericht-ueber-die-obleutebesprechung-der-flachgauer-imker-obleute-am-18-9-2025\\\/\"]}]},{\"@type\":\"ImageObject\",\"inLanguage\":\"de\",\"@id\":\"https:\\\/\\\/imker-aigen.at\\\/index.php\\\/2025\\\/09\\\/19\\\/bericht-ueber-die-obleutebesprechung-der-flachgauer-imker-obleute-am-18-9-2025\\\/#primaryimage\",\"url\":\"https:\\\/\\\/imker-aigen.at\\\/wp-content\\\/uploads\\\/2022\\\/10\\\/imkerhof_sgb.jpg\",\"contentUrl\":\"https:\\\/\\\/imker-aigen.at\\\/wp-content\\\/uploads\\\/2022\\\/10\\\/imkerhof_sgb.jpg\",\"width\":170,\"height\":88},{\"@type\":\"BreadcrumbList\",\"@id\":\"https:\\\/\\\/imker-aigen.at\\\/index.php\\\/2025\\\/09\\\/19\\\/bericht-ueber-die-obleutebesprechung-der-flachgauer-imker-obleute-am-18-9-2025\\\/#breadcrumb\",\"itemListElement\":[{\"@type\":\"ListItem\",\"position\":1,\"name\":\"Startseite\",\"item\":\"https:\\\/\\\/imker-aigen.at\\\/index.php\\\/home\\\/\"},{\"@type\":\"ListItem\",\"position\":2,\"name\":\"Bericht \u00fcber die Obleutebesprechung der Flachgauer Imker-Obleute am 18.9.2025\"}]},{\"@type\":\"WebSite\",\"@id\":\"https:\\\/\\\/imker-aigen.at\\\/#website\",\"url\":\"https:\\\/\\\/imker-aigen.at\\\/\",\"name\":\"Imker Ortsgruppe Salzburg Aigen\",\"description\":\"Homepage der Imker-Ortsgruppe Salzburg Aigen\",\"publisher\":{\"@id\":\"https:\\\/\\\/imker-aigen.at\\\/#organization\"},\"potentialAction\":[{\"@type\":\"SearchAction\",\"target\":{\"@type\":\"EntryPoint\",\"urlTemplate\":\"https:\\\/\\\/imker-aigen.at\\\/?s={search_term_string}\"},\"query-input\":{\"@type\":\"PropertyValueSpecification\",\"valueRequired\":true,\"valueName\":\"search_term_string\"}}],\"inLanguage\":\"de\"},{\"@type\":\"Organization\",\"@id\":\"https:\\\/\\\/imker-aigen.at\\\/#organization\",\"name\":\"Imker Ortsgruppe Salzburg Aigen\",\"url\":\"https:\\\/\\\/imker-aigen.at\\\/\",\"logo\":{\"@type\":\"ImageObject\",\"inLanguage\":\"de\",\"@id\":\"https:\\\/\\\/imker-aigen.at\\\/#\\\/schema\\\/logo\\\/image\\\/\",\"url\":\"https:\\\/\\\/imker-aigen.at\\\/wp-content\\\/uploads\\\/2022\\\/08\\\/logo-1.png\",\"contentUrl\":\"https:\\\/\\\/imker-aigen.at\\\/wp-content\\\/uploads\\\/2022\\\/08\\\/logo-1.png\",\"width\":392,\"height\":156,\"caption\":\"Imker Ortsgruppe Salzburg Aigen\"},\"image\":{\"@id\":\"https:\\\/\\\/imker-aigen.at\\\/#\\\/schema\\\/logo\\\/image\\\/\"}},{\"@type\":\"Person\",\"@id\":\"https:\\\/\\\/imker-aigen.at\\\/#\\\/schema\\\/person\\\/d7d0c3a8ef6f051d450781218ac83077\",\"name\":\"admin\",\"image\":{\"@type\":\"ImageObject\",\"inLanguage\":\"de\",\"@id\":\"https:\\\/\\\/secure.gravatar.com\\\/avatar\\\/925a7e918efd3cfdae29be9c0018a3ae3275cd0444a6e166241172bb6e5243c7?s=96&d=mm&r=g\",\"url\":\"https:\\\/\\\/secure.gravatar.com\\\/avatar\\\/925a7e918efd3cfdae29be9c0018a3ae3275cd0444a6e166241172bb6e5243c7?s=96&d=mm&r=g\",\"contentUrl\":\"https:\\\/\\\/secure.gravatar.com\\\/avatar\\\/925a7e918efd3cfdae29be9c0018a3ae3275cd0444a6e166241172bb6e5243c7?s=96&d=mm&r=g\",\"caption\":\"admin\"},\"sameAs\":[\"https:\\\/\\\/imker-aigen.at\",\"linkedin.com\\\/in\\\/bernd-meierhofer-5919b62\"],\"url\":\"https:\\\/\\\/imker-aigen.at\\\/index.php\\\/author\\\/bmeierhofer\\\/\"}]}<\/script>\n<!-- \/ Yoast SEO plugin. -->","yoast_head_json":{"title":"Bericht \u00fcber die Obleutebesprechung der Flachgauer Imker-Obleute am 18.9.2025 - Imker Ortsgruppe Salzburg Aigen","description":"Am 18.9.2025 fand die Obleutebesprechung f\u00fcr die Imker-Obleute aus dem Salzburger Flachgau und der Stadt Salzburg statt.","robots":{"index":"index","follow":"follow","max-snippet":"max-snippet:-1","max-image-preview":"max-image-preview:large","max-video-preview":"max-video-preview:-1"},"canonical":"https:\/\/imker-aigen.at\/index.php\/2025\/09\/19\/bericht-ueber-die-obleutebesprechung-der-flachgauer-imker-obleute-am-18-9-2025\/","og_locale":"de_DE","og_type":"article","og_title":"Bericht \u00fcber die Obleutebesprechung der Flachgauer Imker-Obleute am 18.9.2025 - Imker Ortsgruppe Salzburg Aigen","og_description":"Am 18.9.2025 fand die Obleutebesprechung f\u00fcr die Imker-Obleute aus dem Salzburger Flachgau und der Stadt Salzburg statt.","og_url":"https:\/\/imker-aigen.at\/index.php\/2025\/09\/19\/bericht-ueber-die-obleutebesprechung-der-flachgauer-imker-obleute-am-18-9-2025\/","og_site_name":"Imker Ortsgruppe Salzburg Aigen","article_published_time":"2025-09-19T07:17:36+00:00","article_modified_time":"2025-09-20T09:04:21+00:00","og_image":[{"width":170,"height":88,"url":"https:\/\/imker-aigen.at\/wp-content\/uploads\/2022\/10\/imkerhof_sgb.jpg","type":"image\/jpeg"}],"author":"admin","twitter_card":"summary_large_image","twitter_misc":{"Verfasst von":"admin","Gesch\u00e4tzte Lesezeit":"5\u00a0Minuten"},"schema":{"@context":"https:\/\/schema.org","@graph":[{"@type":"Article","@id":"https:\/\/imker-aigen.at\/index.php\/2025\/09\/19\/bericht-ueber-die-obleutebesprechung-der-flachgauer-imker-obleute-am-18-9-2025\/#article","isPartOf":{"@id":"https:\/\/imker-aigen.at\/index.php\/2025\/09\/19\/bericht-ueber-die-obleutebesprechung-der-flachgauer-imker-obleute-am-18-9-2025\/"},"author":{"name":"admin","@id":"https:\/\/imker-aigen.at\/#\/schema\/person\/d7d0c3a8ef6f051d450781218ac83077"},"headline":"Bericht \u00fcber die Obleutebesprechung der Flachgauer Imker-Obleute am 18.9.2025","datePublished":"2025-09-19T07:17:36+00:00","dateModified":"2025-09-20T09:04:21+00:00","mainEntityOfPage":{"@id":"https:\/\/imker-aigen.at\/index.php\/2025\/09\/19\/bericht-ueber-die-obleutebesprechung-der-flachgauer-imker-obleute-am-18-9-2025\/"},"wordCount":1763,"commentCount":0,"publisher":{"@id":"https:\/\/imker-aigen.at\/#organization"},"image":{"@id":"https:\/\/imker-aigen.at\/index.php\/2025\/09\/19\/bericht-ueber-die-obleutebesprechung-der-flachgauer-imker-obleute-am-18-9-2025\/#primaryimage"},"thumbnailUrl":"https:\/\/imker-aigen.at\/wp-content\/uploads\/2022\/10\/imkerhof_sgb.jpg","keywords":["Flachgau","Gauobmann","Landesobmann","Landesverband","Obleutebesprechung"],"articleSection":["Alte Veranstaltungen","News"],"inLanguage":"de","potentialAction":[{"@type":"CommentAction","name":"Comment","target":["https:\/\/imker-aigen.at\/index.php\/2025\/09\/19\/bericht-ueber-die-obleutebesprechung-der-flachgauer-imker-obleute-am-18-9-2025\/#respond"]}]},{"@type":"WebPage","@id":"https:\/\/imker-aigen.at\/index.php\/2025\/09\/19\/bericht-ueber-die-obleutebesprechung-der-flachgauer-imker-obleute-am-18-9-2025\/","url":"https:\/\/imker-aigen.at\/index.php\/2025\/09\/19\/bericht-ueber-die-obleutebesprechung-der-flachgauer-imker-obleute-am-18-9-2025\/","name":"Bericht \u00fcber die Obleutebesprechung der Flachgauer Imker-Obleute am 18.9.2025 - Imker Ortsgruppe Salzburg Aigen","isPartOf":{"@id":"https:\/\/imker-aigen.at\/#website"},"primaryImageOfPage":{"@id":"https:\/\/imker-aigen.at\/index.php\/2025\/09\/19\/bericht-ueber-die-obleutebesprechung-der-flachgauer-imker-obleute-am-18-9-2025\/#primaryimage"},"image":{"@id":"https:\/\/imker-aigen.at\/index.php\/2025\/09\/19\/bericht-ueber-die-obleutebesprechung-der-flachgauer-imker-obleute-am-18-9-2025\/#primaryimage"},"thumbnailUrl":"https:\/\/imker-aigen.at\/wp-content\/uploads\/2022\/10\/imkerhof_sgb.jpg","datePublished":"2025-09-19T07:17:36+00:00","dateModified":"2025-09-20T09:04:21+00:00","description":"Am 18.9.2025 fand die Obleutebesprechung f\u00fcr die Imker-Obleute aus dem Salzburger Flachgau und der Stadt Salzburg statt.","breadcrumb":{"@id":"https:\/\/imker-aigen.at\/index.php\/2025\/09\/19\/bericht-ueber-die-obleutebesprechung-der-flachgauer-imker-obleute-am-18-9-2025\/#breadcrumb"},"inLanguage":"de","potentialAction":[{"@type":"ReadAction","target":["https:\/\/imker-aigen.at\/index.php\/2025\/09\/19\/bericht-ueber-die-obleutebesprechung-der-flachgauer-imker-obleute-am-18-9-2025\/"]}]},{"@type":"ImageObject","inLanguage":"de","@id":"https:\/\/imker-aigen.at\/index.php\/2025\/09\/19\/bericht-ueber-die-obleutebesprechung-der-flachgauer-imker-obleute-am-18-9-2025\/#primaryimage","url":"https:\/\/imker-aigen.at\/wp-content\/uploads\/2022\/10\/imkerhof_sgb.jpg","contentUrl":"https:\/\/imker-aigen.at\/wp-content\/uploads\/2022\/10\/imkerhof_sgb.jpg","width":170,"height":88},{"@type":"BreadcrumbList","@id":"https:\/\/imker-aigen.at\/index.php\/2025\/09\/19\/bericht-ueber-die-obleutebesprechung-der-flachgauer-imker-obleute-am-18-9-2025\/#breadcrumb","itemListElement":[{"@type":"ListItem","position":1,"name":"Startseite","item":"https:\/\/imker-aigen.at\/index.php\/home\/"},{"@type":"ListItem","position":2,"name":"Bericht \u00fcber die Obleutebesprechung der Flachgauer Imker-Obleute am 18.9.2025"}]},{"@type":"WebSite","@id":"https:\/\/imker-aigen.at\/#website","url":"https:\/\/imker-aigen.at\/","name":"Imker Ortsgruppe Salzburg Aigen","description":"Homepage der Imker-Ortsgruppe Salzburg Aigen","publisher":{"@id":"https:\/\/imker-aigen.at\/#organization"},"potentialAction":[{"@type":"SearchAction","target":{"@type":"EntryPoint","urlTemplate":"https:\/\/imker-aigen.at\/?s={search_term_string}"},"query-input":{"@type":"PropertyValueSpecification","valueRequired":true,"valueName":"search_term_string"}}],"inLanguage":"de"},{"@type":"Organization","@id":"https:\/\/imker-aigen.at\/#organization","name":"Imker Ortsgruppe Salzburg Aigen","url":"https:\/\/imker-aigen.at\/","logo":{"@type":"ImageObject","inLanguage":"de","@id":"https:\/\/imker-aigen.at\/#\/schema\/logo\/image\/","url":"https:\/\/imker-aigen.at\/wp-content\/uploads\/2022\/08\/logo-1.png","contentUrl":"https:\/\/imker-aigen.at\/wp-content\/uploads\/2022\/08\/logo-1.png","width":392,"height":156,"caption":"Imker Ortsgruppe Salzburg Aigen"},"image":{"@id":"https:\/\/imker-aigen.at\/#\/schema\/logo\/image\/"}},{"@type":"Person","@id":"https:\/\/imker-aigen.at\/#\/schema\/person\/d7d0c3a8ef6f051d450781218ac83077","name":"admin","image":{"@type":"ImageObject","inLanguage":"de","@id":"https:\/\/secure.gravatar.com\/avatar\/925a7e918efd3cfdae29be9c0018a3ae3275cd0444a6e166241172bb6e5243c7?s=96&d=mm&r=g","url":"https:\/\/secure.gravatar.com\/avatar\/925a7e918efd3cfdae29be9c0018a3ae3275cd0444a6e166241172bb6e5243c7?s=96&d=mm&r=g","contentUrl":"https:\/\/secure.gravatar.com\/avatar\/925a7e918efd3cfdae29be9c0018a3ae3275cd0444a6e166241172bb6e5243c7?s=96&d=mm&r=g","caption":"admin"},"sameAs":["https:\/\/imker-aigen.at","linkedin.com\/in\/bernd-meierhofer-5919b62"],"url":"https:\/\/imker-aigen.at\/index.php\/author\/bmeierhofer\/"}]}},"_links":{"self":[{"href":"https:\/\/imker-aigen.at\/index.php\/wp-json\/wp\/v2\/posts\/8789","targetHints":{"allow":["GET"]}}],"collection":[{"href":"https:\/\/imker-aigen.at\/index.php\/wp-json\/wp\/v2\/posts"}],"about":[{"href":"https:\/\/imker-aigen.at\/index.php\/wp-json\/wp\/v2\/types\/post"}],"author":[{"embeddable":true,"href":"https:\/\/imker-aigen.at\/index.php\/wp-json\/wp\/v2\/users\/1"}],"replies":[{"embeddable":true,"href":"https:\/\/imker-aigen.at\/index.php\/wp-json\/wp\/v2\/comments?post=8789"}],"version-history":[{"count":9,"href":"https:\/\/imker-aigen.at\/index.php\/wp-json\/wp\/v2\/posts\/8789\/revisions"}],"predecessor-version":[{"id":8802,"href":"https:\/\/imker-aigen.at\/index.php\/wp-json\/wp\/v2\/posts\/8789\/revisions\/8802"}],"wp:featuredmedia":[{"embeddable":true,"href":"https:\/\/imker-aigen.at\/index.php\/wp-json\/wp\/v2\/media\/1875"}],"wp:attachment":[{"href":"https:\/\/imker-aigen.at\/index.php\/wp-json\/wp\/v2\/media?parent=8789"}],"wp:term":[{"taxonomy":"category","embeddable":true,"href":"https:\/\/imker-aigen.at\/index.php\/wp-json\/wp\/v2\/categories?post=8789"},{"taxonomy":"post_tag","embeddable":true,"href":"https:\/\/imker-aigen.at\/index.php\/wp-json\/wp\/v2\/tags?post=8789"}],"curies":[{"name":"wp","href":"https:\/\/api.w.org\/{rel}","templated":true}]}}