{"id":8848,"date":"2025-10-07T19:00:37","date_gmt":"2025-10-07T17:00:37","guid":{"rendered":"https:\/\/imker-aigen.at\/?p=8848"},"modified":"2025-10-09T10:55:08","modified_gmt":"2025-10-09T08:55:08","slug":"protokoll-vom-stammtisch-am-7-10-2025","status":"publish","type":"post","link":"https:\/\/imker-aigen.at\/index.php\/2025\/10\/07\/protokoll-vom-stammtisch-am-7-10-2025\/","title":{"rendered":"Protokoll vom Stammtisch am 7.10.2025"},"content":{"rendered":"<div  class='flex_column av-63vctc-126d5e2a685996716bc5d8f550319451 av_one_full  avia-builder-el-0  avia-builder-el-no-sibling  first flex_column_div  '     ><p>\n<style type=\"text\/css\" data-created_by=\"avia_inline_auto\" id=\"style-css-av-mghmrgt3-f73eea57fe21d8def50ae7e0bb8505c2\">\n#top .av-special-heading.av-mghmrgt3-f73eea57fe21d8def50ae7e0bb8505c2{\npadding-bottom:10px;\n}\nbody .av-special-heading.av-mghmrgt3-f73eea57fe21d8def50ae7e0bb8505c2 .av-special-heading-tag .heading-char{\nfont-size:25px;\n}\n.av-special-heading.av-mghmrgt3-f73eea57fe21d8def50ae7e0bb8505c2 .av-subheading{\nfont-size:15px;\n}\n<\/style>\n<div  class='av-special-heading av-mghmrgt3-f73eea57fe21d8def50ae7e0bb8505c2 av-special-heading-h3 blockquote modern-quote modern-centered  avia-builder-el-1  el_before_av_hr  avia-builder-el-first '><h3 class='av-special-heading-tag '  itemprop=\"headline\"  >Protokoll vom Stammtisch am 7.10.2025<\/h3><div class=\"special-heading-border\"><div class=\"special-heading-inner-border\"><\/div><\/div><\/div><br \/>\n\n<style type=\"text\/css\" data-created_by=\"avia_inline_auto\" id=\"style-css-av-mghmq2qa-4bc3cb80b220d6efdbeedf2acbe678a0\">\n#top .hr.av-mghmq2qa-4bc3cb80b220d6efdbeedf2acbe678a0{\nmargin-top:30px;\nmargin-bottom:30px;\n}\n.hr.av-mghmq2qa-4bc3cb80b220d6efdbeedf2acbe678a0 .hr-inner{\nwidth:50px;\nmax-width:45%;\n}\n<\/style>\n<div  class='hr av-mghmq2qa-4bc3cb80b220d6efdbeedf2acbe678a0 hr-custom  avia-builder-el-2  el_after_av_heading  el_before_av_textblock  hr-center hr-icon-yes'><span class='hr-inner inner-border-av-border-thin'><span class=\"hr-inner-style\"><\/span><\/span><span class='av-seperator-icon avia-svg-icon avia-font-svg_entypo-fontello' data-av_svg_icon='dot-3' data-av_iconset='svg_entypo-fontello'><svg version=\"1.1\" xmlns=\"http:\/\/www.w3.org\/2000\/svg\" width=\"29\" height=\"32\" viewBox=\"0 0 29 32\" preserveAspectRatio=\"xMidYMid meet\" aria-labelledby='av-svg-title-1' aria-describedby='av-svg-desc-1' role=\"graphics-symbol\">\n<title id='av-svg-title-1'>Dot-3<\/title>\n<desc id='av-svg-desc-1'>Dot-3<\/desc>\n<path d=\"M3.52 12.48q1.472 0 2.496 1.024t1.024 2.496q0 1.408-1.024 2.464t-2.496 1.056-2.496-1.056-1.024-2.464q0-1.472 1.024-2.496t2.496-1.024zM14.72 12.48q1.472 0 2.496 1.024t1.024 2.496q0 1.408-1.056 2.464t-2.464 1.056-2.464-1.056-1.056-2.464q0-1.472 1.024-2.496t2.496-1.024zM25.92 12.48q1.472 0 2.496 1.024t1.024 2.496q0 1.408-1.024 2.464t-2.496 1.056-2.496-1.056-1.024-2.464q0-1.472 1.024-2.496t2.496-1.024z\"><\/path>\n<\/svg><\/span><span class='hr-inner inner-border-av-border-thin'><span class=\"hr-inner-style\"><\/span><\/span><\/div><br \/>\n<section  class='av_textblock_section av-mghmr7dn-1b293e2ded25fc02f19897738f6c386d '   itemscope=\"itemscope\" itemtype=\"https:\/\/schema.org\/BlogPosting\" itemprop=\"blogPost\" ><div class='avia_textblock'  itemprop=\"text\" ><p><span style=\"color: #999999;\">Ort: <a style=\"color: #999999;\" href=\"http:\/\/www.pliemgut.at\/\">Gasthaus Pliemgut<\/a><\/span><br \/>\n<span style=\"color: #999999;\">Beginn: 19:15 Uhr<\/span><br \/>\n<span style=\"color: #999999;\">Protokollf\u00fchrerin: Elisabeth Karl<\/span><\/p>\n<h3>Begr\u00fc\u00dfung<\/h3>\n<p>Trotz zahlreicher krankheitsbedingter Absagen war der Stammtisch wieder sehr gut besucht.<\/p>\n<h3>Neuigkeiten<\/h3>\n<ul>\n<li><strong>Alte Termine<\/strong><br \/>\n11.9\u00a0Baumpflanz-Challenge \u2013 <a href=\"https:\/\/imker-aigen.at\/index.php\/2025\/09\/12\/unsere-teilnahme-an-der-baumpflanz-challenge-2025\/\">Bericht auf der Homepage<\/a><br \/>\n18.9 Obleutebesprechung Flachgau \u2013 <a href=\"https:\/\/imker-aigen.at\/index.php\/2025\/09\/19\/bericht-ueber-die-obleutebesprechung-der-flachgauer-imker-obleute-am-18-9-2025\/\">Bericht auf der Homepage<\/a><br \/>\n23-27.9 Apimondia in Kopenhagen \u2013 Thomas Renner und Chris Steube waren dort. Die n\u00e4chste Apimondia findet 2027 in Dubai statt, 2029 findet sie in Leipzig statt.<br \/>\n27.9 ACA-Tagung in Filzmoos \u2013 Josef P\u00f6lzleitner \u2013 Gewinner des ACA Z\u00fcchterpreises 2025 &#8211; <a href=\"https:\/\/carnica-zuchtgruppe-salzburg.at\/index.php\/2025\/09\/29\/gewinner-des-aca-zuechterpreises-2025-josef-poelzleitner\/\">Bericht auf der Homepage der Carnica Zuchtgruppe Salzburg<\/a><br \/>\n3.10 Oxymel-Kurs im Imkerhof<br \/>\n5.10 ACA SMR-Kurs<strong><br \/>\n<\/strong><\/li>\n<li><strong>Obleutebesprechung Flachgau<\/strong><br \/>\nErh\u00f6hung des Mitgliedsbeitrages von derzeit 14,5 auf 25 \u20ac. Die Flachgauer Obleute sprachen sich f\u00fcr eine Beibehaltung des derzeitigen Mitgliedsbeitrages bis 2028 aus.<\/li>\n<li><strong>Vereinsh\u00fctte am Egelsee 2025<br \/>\n<\/strong>20 Liter Futter wurde bereits in die Vereinsv\u00f6lker eingef\u00fcttert. Die F\u00fctterung ist nun abgeschlossen<br \/>\nDie V\u00f6lker wurden zweimal mit Oxals\u00e4ure-Verdampfung behandelt. Viele Milben sind abgefallen.<br \/>\n<strong>N\u00e4chste T\u00e4tigkeiten:<\/strong><br \/>\n&#8211; Futtergeschirr abr\u00e4umen und Beutendeckeln isolieren (mit Schafwolle und Stroh\/Heu)<br \/>\n&#8211; nach den ersten Frostn\u00e4chten Schieden auf die Wintertraube<br \/>\n&#8211; Planung der Reparaturen im kommenden Jahr: Sanierung des Bodens<br \/>\n&#8211; ein Messingschild mit der VIS-Nummer + QR-Code vom Verein muss erst gekauft werden. Dies sollte erst gemacht werden, sobald klar ist, dass die Vereinsh\u00fctte auch n\u00e4chstes Jahr gen\u00fctzt wird und klar ist, wie das neue Vereinslogo aussehen wird<br \/>\n&#8211; Honig der Vereinsh\u00fctte zur Untersuchung bringen<br \/>\n&#8211; Versicherung der Vereinsh\u00fctte zuk\u00fcnftig vermutlich \u00fcber den Landesverband und nicht mehr direkt \u00fcber den \u00d6IB<br \/>\n&#8211; der Vertrag mit der Forstverwaltung f\u00fcr die kommende Saison<br \/>\n&#8211; Team f\u00fcr die kommende Saison &#8211; wer Interesse hat, bitte melden!<\/li>\n<li><strong>Wachsspendenaktion (RefuBees-Projekt)<br \/>\n<\/strong>Das gespendete Wachs wird nun im Oktober umgearbeitet. Dank der heutigen, gro\u00dfz\u00fcgigen Spende von Elisabeth und Eugen sind es nun etwas mehr als 50 kg, die von unserem Verein gespendet wurden.<\/li>\n<li><strong>Fachtagung des <a href=\"https:\/\/naturschutzbund.at\/salzburg.html\">Salzburger Naturschutzbundes<\/a><br \/>\n<\/strong>Der Vortrag ist fertig ausgearbeitet. Chris und Bernd werden die Imker hoffentlich w\u00fcrdig vertreten.<\/li>\n<li><strong>Adventmarkt 2025 in Elsbethen (29.11.2025 und 6.12.2025)<br \/>\n<\/strong>Wer hilft mit? Wer will eigene Produkte verkaufen?<br \/>\nBisher haben sich gemeldet: Karin, Michi, Pauli und Bernd<\/li>\n<li><strong>Wachs schmelzen und R\u00e4hmchen reinigen<br \/>\n<\/strong>Ende November gibt es eine R\u00e4hmchen-Waschaktion am Imkerhof<\/li>\n<li><strong>Baumpflanz-Challenge<br \/>\n<\/strong>Am 11. September wurde von gemeinsam mit dem OGV Elsbethen unter Anleitung von Andreas Salzlechner ein Apfelbaum im Schlossgarten von Goldenstein gepflanzt. Auch der von uns nominierte OGV Gro\u00dfgmain hat bereits seinen Baum gepflanzt und nun den Imkerverein Salzburg Stadt &amp; Umgebung\/Maxglan nominiert.<\/li>\n<li><strong>Honiguntersuchung<\/strong> \u2013 wichtig auch f\u00fcr F\u00f6rderungen<br \/>\nLast euren Honig untersuchen. Komplette Honiguntersuchung (20 \u20ac f\u00fcr LV-Mitglieder, ben\u00f6tigt 500g Honig) bzw. kleine Honiguntersuchung (11,5 \u20ac f\u00fcr LV-Mitglieder, ben\u00f6tigt 250g Honig)<\/li>\n<li><strong>Ukraine-Hilfe<\/strong><br \/>\nIngrid Schmaranzer organisiert wieder einen LKW Transport in die Ukraine. Ben\u00f6tigt werden noch: Rollst\u00fchle, Rolatoren, Decken, Wintersachen, Schlafs\u00e4cke, Feuerl\u00f6scher, Kindergarten_ und Schulm\u00f6bel, Musikinstrumente, Geld!!!<br \/>\nNeues Spendenkonto bei der easy-Bank: AT081420020093021437 \u2013 Verwendungszweck: Ukrainehilfe<\/li>\n<\/ul>\n<h3>Langl\u00e4ufer (wurden nicht besprochen)<\/h3>\n<ul>\n<li><strong>Bestellung einer Info-Tafel anl\u00e4sslich der 100-Jahr-Feier der <a href=\"https:\/\/www.imker-maxglan.at\/\">Ortsgruppe Maxglan<\/a><\/strong><br \/>\nLaut Information von Sepp Huztinger verz\u00f6gern sich die Tafeln<\/li>\n<li><strong>Imker-Ortsgruppe Salzburg Stadt\/Umgebung alias Imker-Ortsgruppe Maxglan<\/strong><br \/>\nIst in Kl\u00e4rung. Eigentlich soll sich der Landesverband um das Thema k\u00fcmmern. Nicht unsere Baustelle. Laut Landesverband (Andy Brieger) wird dies bei einer der n\u00e4chsten Sitzungen besprochen.<\/li>\n<li><strong>Zucht\u00a0<\/strong><br \/>\nPexa-K\u00f6rprogramm wurde bestellt. Bisher aber noch keine R\u00fcckmeldung.<\/li>\n<li><strong>Zucht varroaresistenter Bienen<\/strong> (<a href=\"https:\/\/salzburg.orf.at\/stories\/3303397\/\">ORF-Schlagzeile vom 30.4.2025<\/a> und <a href=\"https:\/\/on.orf.at\/video\/14274460\/salzburg-heute-vom-04052025\">Bundesland heute Beitrag vom 4.5.2025<\/a>) \u2013 Unser Vereinsmitglied Christina H\u00f6tzinger, welche auch in der <a href=\"https:\/\/bienenzuchtgruppe.at\/\">O\u00d6-S-Zuchtgruppe<\/a> mitarbeitet, k\u00f6nnte n\u00e4here Hintergrundinformationen liefern, sofern Interesse besteht. Geplant ist ein Impulsvortrag bei einem Stammtisch im Herbst\/Winter und dann ein Folgetermin f\u00fcr Details und Diskussionen f\u00fcr alle, die sich intensiver mit der Materie besch\u00e4ftigen wollen oder bereits besch\u00e4ftigen.\u00a0Christina kann jetzt im Herbst diesen Vortrag nicht halten, m\u00f6glich ist er eventuell an einem der Stammtische im Fr\u00fchling.<\/li>\n<li><strong>Logo und Corporate Design<\/strong><\/li>\n<li><strong>Anfrage eines Salzburger Wohnbautr\u00e4gers<\/strong><br \/>\nEin Wohnbautr\u00e4ger will m\u00f6glicherweise Fl\u00e4chen in den Wohnanlagen f\u00fcr Bienenst\u00f6cke und\/oder Bienenweiden zur Verf\u00fcgung stellen. Wir werden da beratend unterst\u00fctzen und vielleicht auch den einen oder anderen Bienenstand vermitteln.<\/li>\n<li><strong>Zwei Bienenstandorte in der Stadt Salzburg von einem ehemaligen Stadt-Imker<\/strong><br \/>\ndiese werden von Paul Freh-Deutschmann und der Fam. Taxacher \u00fcbernommen<\/li>\n<\/ul>\n<h3>Kommende Termine bis zum n\u00e4chsten Stammtisch (siehe auch <a href=\"https:\/\/imker-aigen.at\/index.php\/events\/list\/\">Veranstaltungskalender<\/a>)<\/h3>\n<ul>\n<li><a href=\"https:\/\/imker-aigen.at\/index.php\/event\/tagung-des-salzburger-naturschutzbundes-anlage-und-pflege-von-blumenwiesen\/\">9.10 Fachtagung des Salzburger Naturschutzbundes<\/a><\/li>\n<li><a href=\"https:\/\/imker-aigen.at\/index.php\/event\/vis-meldeverpflichtung-oktober-stichtag-4\/\">31.10 VIS-Meldeverpflichtung Oktober-Stichtag<\/a><\/li>\n<li><a href=\"https:\/\/imker-aigen.at\/index.php\/event\/stammtisch-4-november-2025\/\">4.11 Stammtisch<\/a><\/li>\n<\/ul>\n<h3>Diverses, Diskussion, Allf\u00e4lliges<\/h3>\n<ul>\n<li><strong>Ausfl\u00fcge bzw. Standbesuche (Ideensammlung)<\/strong><br \/>\n&#8211; St. Veiter Stadtmuseum \u2013 130 Jahre Bienenzucht (2.4-31.10). 45 Millionen Jahre alte Biene in einem Bernsteintropfen<br \/>\n&#8211; Imkerei Sonderausstellung im Heimatmuseum in Altenmarkt (bis April 2026)<br \/>\n&#8211; Kr\u00e4utergarten in Hollersbach<\/li>\n<li><a href=\"https:\/\/imkerhof-salzburg.at\/2025\/07\/29\/pilger-und-studienreise-hier-anmelden\/\"><strong>Pilger und Studienreise<\/strong> nach Padua, Assisi, Rom und Modena am 7-15.3.2026<\/a><\/li>\n<li><strong>Vortr\u00e4ge im Winter<\/strong>.<br \/>\nChris Steube zur Jahreshauptversammlung am 3.2.2026 &#8211; bereits fixiert<br \/>\nWeitere m\u00f6gliche Vortr\u00e4ge:<br \/>\nChristina H\u00f6tzinger \u2013 Zuchtarbeit der O\u00d6-S-Zuchtgruppe<br \/>\nIngrid Schmaranzer \u2013 ihre Arbeit (Carnica-Zucht, Vize-Pr\u00e4sidentin des Erwerbsimkerbundes, Gosauerin) &#8211; in Planung<\/li>\n<\/ul>\n<h3>Imkern im Oktober &#8211; siehe auch <a href=\"https:\/\/imker-aigen.at\/index.php\/about\/monthly_todos\/\">Monatsbetrachtungen<\/a><\/h3>\n<ul>\n<li>Imkern in Zeiten des Klimawandels<\/li>\n<li>F\u00fctterung abschlie\u00dfen, sofern die Bienen das Futter \u00fcberhaupt noch annehmen<\/li>\n<li>Varroabehandlung<\/li>\n<li>Schwache V\u00f6lker aufl\u00f6sen<\/li>\n<\/ul>\n<\/div><\/section><br \/>\n<div  class='av-social-sharing-box av-ef3ds-5bdecefa72f7a41f9b0ef4b4c3d191c7 av-social-sharing-box-default  avia-builder-el-4  el_after_av_textblock  el_before_av_comments_list  av-social-sharing-box-fullwidth'><div class=\"av-share-box\"><h5 class='av-share-link-description av-no-toc '>Eintrag teilen<\/h5><ul class=\"av-share-box-list noLightbox\"><li class='av-share-link av-social-link-facebook avia_social_iconfont' ><a target=\"_blank\" aria-label=\"Teilen auf Facebook\" href='https:\/\/www.facebook.com\/sharer.php?u=https:\/\/imker-aigen.at\/index.php\/2025\/10\/07\/protokoll-vom-stammtisch-am-7-10-2025\/&#038;t=Protokoll%20vom%20Stammtisch%20am%207.10.2025' data-av_icon='\ue8f3' data-av_iconfont='entypo-fontello'  title='' data-avia-related-tooltip='Teilen auf Facebook'><span class='avia_hidden_link_text'>Teilen auf Facebook<\/span><\/a><\/li><li class='av-share-link av-social-link-twitter avia_social_iconfont' ><a target=\"_blank\" aria-label=\"Teilen auf X\" href='https:\/\/twitter.com\/share?text=Protokoll%20vom%20Stammtisch%20am%207.10.2025&#038;url=https:\/\/imker-aigen.at\/?p=8848' data-av_icon='\ue932' data-av_iconfont='entypo-fontello'  title='' data-avia-related-tooltip='Teilen auf X'><span class='avia_hidden_link_text'>Teilen auf X<\/span><\/a><\/li><li class='av-share-link av-social-link-whatsapp avia_social_iconfont' ><a target=\"_blank\" aria-label=\"Teilen auf WhatsApp\" href='https:\/\/api.whatsapp.com\/send?text=https:\/\/imker-aigen.at\/index.php\/2025\/10\/07\/protokoll-vom-stammtisch-am-7-10-2025\/' data-av_icon='\uf232' data-av_iconfont='entypo-fontello'  title='' data-avia-related-tooltip='Teilen auf WhatsApp'><span class='avia_hidden_link_text'>Teilen auf WhatsApp<\/span><\/a><\/li><li class='av-share-link av-social-link-pinterest avia_social_iconfont' ><a target=\"_blank\" aria-label=\"Teilen auf Pinterest\" href='https:\/\/pinterest.com\/pin\/create\/button\/?url=https%3A%2F%2Fimker-aigen.at%2Findex.php%2F2025%2F10%2F07%2Fprotokoll-vom-stammtisch-am-7-10-2025%2F&#038;description=Protokoll%20vom%20Stammtisch%20am%207.10.2025&#038;media=https%3A%2F%2Fimker-aigen.at%2Fwp-content%2Fuploads%2F2022%2F08%2Fglasses-beer-1.jpg' data-av_icon='\ue8f8' data-av_iconfont='entypo-fontello'  title='' data-avia-related-tooltip='Teilen auf Pinterest'><span class='avia_hidden_link_text'>Teilen auf Pinterest<\/span><\/a><\/li><li class='av-share-link av-social-link-linkedin avia_social_iconfont' ><a target=\"_blank\" aria-label=\"Teilen auf LinkedIn\" href='https:\/\/linkedin.com\/shareArticle?mini=true&#038;title=Protokoll%20vom%20Stammtisch%20am%207.10.2025&#038;url=https:\/\/imker-aigen.at\/index.php\/2025\/10\/07\/protokoll-vom-stammtisch-am-7-10-2025\/' data-av_icon='\ue8fc' data-av_iconfont='entypo-fontello'  title='' data-avia-related-tooltip='Teilen auf LinkedIn'><span class='avia_hidden_link_text'>Teilen auf LinkedIn<\/span><\/a><\/li><li class='av-share-link av-social-link-reddit avia_social_iconfont' ><a target=\"_blank\" aria-label=\"Teilen auf Reddit\" href='https:\/\/reddit.com\/submit?url=https:\/\/imker-aigen.at\/index.php\/2025\/10\/07\/protokoll-vom-stammtisch-am-7-10-2025\/&#038;title=Protokoll%20vom%20Stammtisch%20am%207.10.2025' data-av_icon='\ue927' data-av_iconfont='entypo-fontello'  title='' data-avia-related-tooltip='Teilen auf Reddit'><span class='avia_hidden_link_text'>Teilen auf Reddit<\/span><\/a><\/li><li class='av-share-link av-social-link-mail avia_social_iconfont' ><a  aria-label=\"Per E-Mail teilen\" href='mailto:?subject=Protokoll%20vom%20Stammtisch%20am%207.10.2025&#038;body=https:\/\/imker-aigen.at\/index.php\/2025\/10\/07\/protokoll-vom-stammtisch-am-7-10-2025\/' data-av_icon='\ue805' data-av_iconfont='entypo-fontello'  title='' data-avia-related-tooltip='Per E-Mail teilen'><span class='avia_hidden_link_text'>Per E-Mail teilen<\/span><\/a><\/li><\/ul><\/div><\/div><br \/>\n<div  class='av-buildercomment av-240674-ea0d014149d5d3896fb67f048967aa55'><\/div><\/p><\/div>\n","protected":false},"excerpt":{"rendered":"","protected":false},"author":1,"featured_media":621,"comment_status":"open","ping_status":"closed","sticky":false,"template":"","format":"standard","meta":{"footnotes":""},"categories":[18,2],"tags":[35],"class_list":["post-8848","post","type-post","status-publish","format-standard","has-post-thumbnail","hentry","category-alte-veranstaltungen","category-news","tag-stammtisch"],"yoast_head":"<!-- This site is optimized with the Yoast SEO plugin v27.4 - https:\/\/yoast.com\/product\/yoast-seo-wordpress\/ -->\n<title>Protokoll vom Stammtisch am 7.10.2025 - Imker Ortsgruppe Salzburg Aigen<\/title>\n<meta name=\"description\" content=\"Am 7. Oktober 2025 fand der monatliche Stammtisch des Imkervereins Sazburg Aigen im Gasthaus Pliemgut statt.\" \/>\n<meta name=\"robots\" content=\"index, follow, max-snippet:-1, max-image-preview:large, max-video-preview:-1\" \/>\n<link rel=\"canonical\" href=\"https:\/\/imker-aigen.at\/index.php\/2025\/10\/07\/protokoll-vom-stammtisch-am-7-10-2025\/\" \/>\n<meta property=\"og:locale\" content=\"de_DE\" \/>\n<meta property=\"og:type\" content=\"article\" \/>\n<meta property=\"og:title\" content=\"Protokoll vom Stammtisch am 7.10.2025 - Imker Ortsgruppe Salzburg Aigen\" \/>\n<meta property=\"og:description\" content=\"Am 7. Oktober 2025 fand der monatliche Stammtisch des Imkervereins Sazburg Aigen im Gasthaus Pliemgut statt.\" \/>\n<meta property=\"og:url\" content=\"https:\/\/imker-aigen.at\/index.php\/2025\/10\/07\/protokoll-vom-stammtisch-am-7-10-2025\/\" \/>\n<meta property=\"og:site_name\" content=\"Imker Ortsgruppe Salzburg Aigen\" \/>\n<meta property=\"article:published_time\" content=\"2025-10-07T17:00:37+00:00\" \/>\n<meta property=\"article:modified_time\" content=\"2025-10-09T08:55:08+00:00\" \/>\n<meta property=\"og:image\" content=\"https:\/\/imker-aigen.at\/wp-content\/uploads\/2022\/08\/glasses-beer-1.jpg\" \/>\n\t<meta property=\"og:image:width\" content=\"180\" \/>\n\t<meta property=\"og:image:height\" content=\"241\" \/>\n\t<meta property=\"og:image:type\" content=\"image\/jpeg\" \/>\n<meta name=\"author\" content=\"admin\" \/>\n<meta name=\"twitter:card\" content=\"summary_large_image\" \/>\n<meta name=\"twitter:label1\" content=\"Verfasst von\" \/>\n\t<meta name=\"twitter:data1\" content=\"admin\" \/>\n\t<meta name=\"twitter:label2\" content=\"Gesch\u00e4tzte Lesezeit\" \/>\n\t<meta name=\"twitter:data2\" content=\"5\u00a0Minuten\" \/>\n<script type=\"application\/ld+json\" class=\"yoast-schema-graph\">{\"@context\":\"https:\\\/\\\/schema.org\",\"@graph\":[{\"@type\":\"Article\",\"@id\":\"https:\\\/\\\/imker-aigen.at\\\/index.php\\\/2025\\\/10\\\/07\\\/protokoll-vom-stammtisch-am-7-10-2025\\\/#article\",\"isPartOf\":{\"@id\":\"https:\\\/\\\/imker-aigen.at\\\/index.php\\\/2025\\\/10\\\/07\\\/protokoll-vom-stammtisch-am-7-10-2025\\\/\"},\"author\":{\"name\":\"admin\",\"@id\":\"https:\\\/\\\/imker-aigen.at\\\/#\\\/schema\\\/person\\\/d7d0c3a8ef6f051d450781218ac83077\"},\"headline\":\"Protokoll vom Stammtisch am 7.10.2025\",\"datePublished\":\"2025-10-07T17:00:37+00:00\",\"dateModified\":\"2025-10-09T08:55:08+00:00\",\"mainEntityOfPage\":{\"@id\":\"https:\\\/\\\/imker-aigen.at\\\/index.php\\\/2025\\\/10\\\/07\\\/protokoll-vom-stammtisch-am-7-10-2025\\\/\"},\"wordCount\":1759,\"commentCount\":0,\"publisher\":{\"@id\":\"https:\\\/\\\/imker-aigen.at\\\/#organization\"},\"image\":{\"@id\":\"https:\\\/\\\/imker-aigen.at\\\/index.php\\\/2025\\\/10\\\/07\\\/protokoll-vom-stammtisch-am-7-10-2025\\\/#primaryimage\"},\"thumbnailUrl\":\"https:\\\/\\\/imker-aigen.at\\\/wp-content\\\/uploads\\\/2022\\\/08\\\/glasses-beer-1.jpg\",\"keywords\":[\"Stammtisch\"],\"articleSection\":[\"Alte Veranstaltungen\",\"News\"],\"inLanguage\":\"de\",\"potentialAction\":[{\"@type\":\"CommentAction\",\"name\":\"Comment\",\"target\":[\"https:\\\/\\\/imker-aigen.at\\\/index.php\\\/2025\\\/10\\\/07\\\/protokoll-vom-stammtisch-am-7-10-2025\\\/#respond\"]}]},{\"@type\":\"WebPage\",\"@id\":\"https:\\\/\\\/imker-aigen.at\\\/index.php\\\/2025\\\/10\\\/07\\\/protokoll-vom-stammtisch-am-7-10-2025\\\/\",\"url\":\"https:\\\/\\\/imker-aigen.at\\\/index.php\\\/2025\\\/10\\\/07\\\/protokoll-vom-stammtisch-am-7-10-2025\\\/\",\"name\":\"Protokoll vom Stammtisch am 7.10.2025 - Imker Ortsgruppe Salzburg Aigen\",\"isPartOf\":{\"@id\":\"https:\\\/\\\/imker-aigen.at\\\/#website\"},\"primaryImageOfPage\":{\"@id\":\"https:\\\/\\\/imker-aigen.at\\\/index.php\\\/2025\\\/10\\\/07\\\/protokoll-vom-stammtisch-am-7-10-2025\\\/#primaryimage\"},\"image\":{\"@id\":\"https:\\\/\\\/imker-aigen.at\\\/index.php\\\/2025\\\/10\\\/07\\\/protokoll-vom-stammtisch-am-7-10-2025\\\/#primaryimage\"},\"thumbnailUrl\":\"https:\\\/\\\/imker-aigen.at\\\/wp-content\\\/uploads\\\/2022\\\/08\\\/glasses-beer-1.jpg\",\"datePublished\":\"2025-10-07T17:00:37+00:00\",\"dateModified\":\"2025-10-09T08:55:08+00:00\",\"description\":\"Am 7. Oktober 2025 fand der monatliche Stammtisch des Imkervereins Sazburg Aigen im Gasthaus Pliemgut statt.\",\"breadcrumb\":{\"@id\":\"https:\\\/\\\/imker-aigen.at\\\/index.php\\\/2025\\\/10\\\/07\\\/protokoll-vom-stammtisch-am-7-10-2025\\\/#breadcrumb\"},\"inLanguage\":\"de\",\"potentialAction\":[{\"@type\":\"ReadAction\",\"target\":[\"https:\\\/\\\/imker-aigen.at\\\/index.php\\\/2025\\\/10\\\/07\\\/protokoll-vom-stammtisch-am-7-10-2025\\\/\"]}]},{\"@type\":\"ImageObject\",\"inLanguage\":\"de\",\"@id\":\"https:\\\/\\\/imker-aigen.at\\\/index.php\\\/2025\\\/10\\\/07\\\/protokoll-vom-stammtisch-am-7-10-2025\\\/#primaryimage\",\"url\":\"https:\\\/\\\/imker-aigen.at\\\/wp-content\\\/uploads\\\/2022\\\/08\\\/glasses-beer-1.jpg\",\"contentUrl\":\"https:\\\/\\\/imker-aigen.at\\\/wp-content\\\/uploads\\\/2022\\\/08\\\/glasses-beer-1.jpg\",\"width\":180,\"height\":241,\"caption\":\"Bier\"},{\"@type\":\"BreadcrumbList\",\"@id\":\"https:\\\/\\\/imker-aigen.at\\\/index.php\\\/2025\\\/10\\\/07\\\/protokoll-vom-stammtisch-am-7-10-2025\\\/#breadcrumb\",\"itemListElement\":[{\"@type\":\"ListItem\",\"position\":1,\"name\":\"Startseite\",\"item\":\"https:\\\/\\\/imker-aigen.at\\\/index.php\\\/home\\\/\"},{\"@type\":\"ListItem\",\"position\":2,\"name\":\"Protokoll vom Stammtisch am 7.10.2025\"}]},{\"@type\":\"WebSite\",\"@id\":\"https:\\\/\\\/imker-aigen.at\\\/#website\",\"url\":\"https:\\\/\\\/imker-aigen.at\\\/\",\"name\":\"Imker Ortsgruppe Salzburg Aigen\",\"description\":\"Homepage der Imker-Ortsgruppe Salzburg Aigen\",\"publisher\":{\"@id\":\"https:\\\/\\\/imker-aigen.at\\\/#organization\"},\"potentialAction\":[{\"@type\":\"SearchAction\",\"target\":{\"@type\":\"EntryPoint\",\"urlTemplate\":\"https:\\\/\\\/imker-aigen.at\\\/?s={search_term_string}\"},\"query-input\":{\"@type\":\"PropertyValueSpecification\",\"valueRequired\":true,\"valueName\":\"search_term_string\"}}],\"inLanguage\":\"de\"},{\"@type\":\"Organization\",\"@id\":\"https:\\\/\\\/imker-aigen.at\\\/#organization\",\"name\":\"Imker Ortsgruppe Salzburg Aigen\",\"url\":\"https:\\\/\\\/imker-aigen.at\\\/\",\"logo\":{\"@type\":\"ImageObject\",\"inLanguage\":\"de\",\"@id\":\"https:\\\/\\\/imker-aigen.at\\\/#\\\/schema\\\/logo\\\/image\\\/\",\"url\":\"https:\\\/\\\/imker-aigen.at\\\/wp-content\\\/uploads\\\/2022\\\/08\\\/logo-1.png\",\"contentUrl\":\"https:\\\/\\\/imker-aigen.at\\\/wp-content\\\/uploads\\\/2022\\\/08\\\/logo-1.png\",\"width\":392,\"height\":156,\"caption\":\"Imker Ortsgruppe Salzburg Aigen\"},\"image\":{\"@id\":\"https:\\\/\\\/imker-aigen.at\\\/#\\\/schema\\\/logo\\\/image\\\/\"}},{\"@type\":\"Person\",\"@id\":\"https:\\\/\\\/imker-aigen.at\\\/#\\\/schema\\\/person\\\/d7d0c3a8ef6f051d450781218ac83077\",\"name\":\"admin\",\"image\":{\"@type\":\"ImageObject\",\"inLanguage\":\"de\",\"@id\":\"https:\\\/\\\/secure.gravatar.com\\\/avatar\\\/925a7e918efd3cfdae29be9c0018a3ae3275cd0444a6e166241172bb6e5243c7?s=96&d=mm&r=g\",\"url\":\"https:\\\/\\\/secure.gravatar.com\\\/avatar\\\/925a7e918efd3cfdae29be9c0018a3ae3275cd0444a6e166241172bb6e5243c7?s=96&d=mm&r=g\",\"contentUrl\":\"https:\\\/\\\/secure.gravatar.com\\\/avatar\\\/925a7e918efd3cfdae29be9c0018a3ae3275cd0444a6e166241172bb6e5243c7?s=96&d=mm&r=g\",\"caption\":\"admin\"},\"sameAs\":[\"https:\\\/\\\/imker-aigen.at\",\"linkedin.com\\\/in\\\/bernd-meierhofer-5919b62\"],\"url\":\"https:\\\/\\\/imker-aigen.at\\\/index.php\\\/author\\\/bmeierhofer\\\/\"}]}<\/script>\n<!-- \/ Yoast SEO plugin. -->","yoast_head_json":{"title":"Protokoll vom Stammtisch am 7.10.2025 - Imker Ortsgruppe Salzburg Aigen","description":"Am 7. Oktober 2025 fand der monatliche Stammtisch des Imkervereins Sazburg Aigen im Gasthaus Pliemgut statt.","robots":{"index":"index","follow":"follow","max-snippet":"max-snippet:-1","max-image-preview":"max-image-preview:large","max-video-preview":"max-video-preview:-1"},"canonical":"https:\/\/imker-aigen.at\/index.php\/2025\/10\/07\/protokoll-vom-stammtisch-am-7-10-2025\/","og_locale":"de_DE","og_type":"article","og_title":"Protokoll vom Stammtisch am 7.10.2025 - Imker Ortsgruppe Salzburg Aigen","og_description":"Am 7. Oktober 2025 fand der monatliche Stammtisch des Imkervereins Sazburg Aigen im Gasthaus Pliemgut statt.","og_url":"https:\/\/imker-aigen.at\/index.php\/2025\/10\/07\/protokoll-vom-stammtisch-am-7-10-2025\/","og_site_name":"Imker Ortsgruppe Salzburg Aigen","article_published_time":"2025-10-07T17:00:37+00:00","article_modified_time":"2025-10-09T08:55:08+00:00","og_image":[{"width":180,"height":241,"url":"https:\/\/imker-aigen.at\/wp-content\/uploads\/2022\/08\/glasses-beer-1.jpg","type":"image\/jpeg"}],"author":"admin","twitter_card":"summary_large_image","twitter_misc":{"Verfasst von":"admin","Gesch\u00e4tzte Lesezeit":"5\u00a0Minuten"},"schema":{"@context":"https:\/\/schema.org","@graph":[{"@type":"Article","@id":"https:\/\/imker-aigen.at\/index.php\/2025\/10\/07\/protokoll-vom-stammtisch-am-7-10-2025\/#article","isPartOf":{"@id":"https:\/\/imker-aigen.at\/index.php\/2025\/10\/07\/protokoll-vom-stammtisch-am-7-10-2025\/"},"author":{"name":"admin","@id":"https:\/\/imker-aigen.at\/#\/schema\/person\/d7d0c3a8ef6f051d450781218ac83077"},"headline":"Protokoll vom Stammtisch am 7.10.2025","datePublished":"2025-10-07T17:00:37+00:00","dateModified":"2025-10-09T08:55:08+00:00","mainEntityOfPage":{"@id":"https:\/\/imker-aigen.at\/index.php\/2025\/10\/07\/protokoll-vom-stammtisch-am-7-10-2025\/"},"wordCount":1759,"commentCount":0,"publisher":{"@id":"https:\/\/imker-aigen.at\/#organization"},"image":{"@id":"https:\/\/imker-aigen.at\/index.php\/2025\/10\/07\/protokoll-vom-stammtisch-am-7-10-2025\/#primaryimage"},"thumbnailUrl":"https:\/\/imker-aigen.at\/wp-content\/uploads\/2022\/08\/glasses-beer-1.jpg","keywords":["Stammtisch"],"articleSection":["Alte Veranstaltungen","News"],"inLanguage":"de","potentialAction":[{"@type":"CommentAction","name":"Comment","target":["https:\/\/imker-aigen.at\/index.php\/2025\/10\/07\/protokoll-vom-stammtisch-am-7-10-2025\/#respond"]}]},{"@type":"WebPage","@id":"https:\/\/imker-aigen.at\/index.php\/2025\/10\/07\/protokoll-vom-stammtisch-am-7-10-2025\/","url":"https:\/\/imker-aigen.at\/index.php\/2025\/10\/07\/protokoll-vom-stammtisch-am-7-10-2025\/","name":"Protokoll vom Stammtisch am 7.10.2025 - Imker Ortsgruppe Salzburg Aigen","isPartOf":{"@id":"https:\/\/imker-aigen.at\/#website"},"primaryImageOfPage":{"@id":"https:\/\/imker-aigen.at\/index.php\/2025\/10\/07\/protokoll-vom-stammtisch-am-7-10-2025\/#primaryimage"},"image":{"@id":"https:\/\/imker-aigen.at\/index.php\/2025\/10\/07\/protokoll-vom-stammtisch-am-7-10-2025\/#primaryimage"},"thumbnailUrl":"https:\/\/imker-aigen.at\/wp-content\/uploads\/2022\/08\/glasses-beer-1.jpg","datePublished":"2025-10-07T17:00:37+00:00","dateModified":"2025-10-09T08:55:08+00:00","description":"Am 7. Oktober 2025 fand der monatliche Stammtisch des Imkervereins Sazburg Aigen im Gasthaus Pliemgut statt.","breadcrumb":{"@id":"https:\/\/imker-aigen.at\/index.php\/2025\/10\/07\/protokoll-vom-stammtisch-am-7-10-2025\/#breadcrumb"},"inLanguage":"de","potentialAction":[{"@type":"ReadAction","target":["https:\/\/imker-aigen.at\/index.php\/2025\/10\/07\/protokoll-vom-stammtisch-am-7-10-2025\/"]}]},{"@type":"ImageObject","inLanguage":"de","@id":"https:\/\/imker-aigen.at\/index.php\/2025\/10\/07\/protokoll-vom-stammtisch-am-7-10-2025\/#primaryimage","url":"https:\/\/imker-aigen.at\/wp-content\/uploads\/2022\/08\/glasses-beer-1.jpg","contentUrl":"https:\/\/imker-aigen.at\/wp-content\/uploads\/2022\/08\/glasses-beer-1.jpg","width":180,"height":241,"caption":"Bier"},{"@type":"BreadcrumbList","@id":"https:\/\/imker-aigen.at\/index.php\/2025\/10\/07\/protokoll-vom-stammtisch-am-7-10-2025\/#breadcrumb","itemListElement":[{"@type":"ListItem","position":1,"name":"Startseite","item":"https:\/\/imker-aigen.at\/index.php\/home\/"},{"@type":"ListItem","position":2,"name":"Protokoll vom Stammtisch am 7.10.2025"}]},{"@type":"WebSite","@id":"https:\/\/imker-aigen.at\/#website","url":"https:\/\/imker-aigen.at\/","name":"Imker Ortsgruppe Salzburg Aigen","description":"Homepage der Imker-Ortsgruppe Salzburg Aigen","publisher":{"@id":"https:\/\/imker-aigen.at\/#organization"},"potentialAction":[{"@type":"SearchAction","target":{"@type":"EntryPoint","urlTemplate":"https:\/\/imker-aigen.at\/?s={search_term_string}"},"query-input":{"@type":"PropertyValueSpecification","valueRequired":true,"valueName":"search_term_string"}}],"inLanguage":"de"},{"@type":"Organization","@id":"https:\/\/imker-aigen.at\/#organization","name":"Imker Ortsgruppe Salzburg Aigen","url":"https:\/\/imker-aigen.at\/","logo":{"@type":"ImageObject","inLanguage":"de","@id":"https:\/\/imker-aigen.at\/#\/schema\/logo\/image\/","url":"https:\/\/imker-aigen.at\/wp-content\/uploads\/2022\/08\/logo-1.png","contentUrl":"https:\/\/imker-aigen.at\/wp-content\/uploads\/2022\/08\/logo-1.png","width":392,"height":156,"caption":"Imker Ortsgruppe Salzburg Aigen"},"image":{"@id":"https:\/\/imker-aigen.at\/#\/schema\/logo\/image\/"}},{"@type":"Person","@id":"https:\/\/imker-aigen.at\/#\/schema\/person\/d7d0c3a8ef6f051d450781218ac83077","name":"admin","image":{"@type":"ImageObject","inLanguage":"de","@id":"https:\/\/secure.gravatar.com\/avatar\/925a7e918efd3cfdae29be9c0018a3ae3275cd0444a6e166241172bb6e5243c7?s=96&d=mm&r=g","url":"https:\/\/secure.gravatar.com\/avatar\/925a7e918efd3cfdae29be9c0018a3ae3275cd0444a6e166241172bb6e5243c7?s=96&d=mm&r=g","contentUrl":"https:\/\/secure.gravatar.com\/avatar\/925a7e918efd3cfdae29be9c0018a3ae3275cd0444a6e166241172bb6e5243c7?s=96&d=mm&r=g","caption":"admin"},"sameAs":["https:\/\/imker-aigen.at","linkedin.com\/in\/bernd-meierhofer-5919b62"],"url":"https:\/\/imker-aigen.at\/index.php\/author\/bmeierhofer\/"}]}},"_links":{"self":[{"href":"https:\/\/imker-aigen.at\/index.php\/wp-json\/wp\/v2\/posts\/8848","targetHints":{"allow":["GET"]}}],"collection":[{"href":"https:\/\/imker-aigen.at\/index.php\/wp-json\/wp\/v2\/posts"}],"about":[{"href":"https:\/\/imker-aigen.at\/index.php\/wp-json\/wp\/v2\/types\/post"}],"author":[{"embeddable":true,"href":"https:\/\/imker-aigen.at\/index.php\/wp-json\/wp\/v2\/users\/1"}],"replies":[{"embeddable":true,"href":"https:\/\/imker-aigen.at\/index.php\/wp-json\/wp\/v2\/comments?post=8848"}],"version-history":[{"count":6,"href":"https:\/\/imker-aigen.at\/index.php\/wp-json\/wp\/v2\/posts\/8848\/revisions"}],"predecessor-version":[{"id":8982,"href":"https:\/\/imker-aigen.at\/index.php\/wp-json\/wp\/v2\/posts\/8848\/revisions\/8982"}],"wp:featuredmedia":[{"embeddable":true,"href":"https:\/\/imker-aigen.at\/index.php\/wp-json\/wp\/v2\/media\/621"}],"wp:attachment":[{"href":"https:\/\/imker-aigen.at\/index.php\/wp-json\/wp\/v2\/media?parent=8848"}],"wp:term":[{"taxonomy":"category","embeddable":true,"href":"https:\/\/imker-aigen.at\/index.php\/wp-json\/wp\/v2\/categories?post=8848"},{"taxonomy":"post_tag","embeddable":true,"href":"https:\/\/imker-aigen.at\/index.php\/wp-json\/wp\/v2\/tags?post=8848"}],"curies":[{"name":"wp","href":"https:\/\/api.w.org\/{rel}","templated":true}]}}