{"id":8873,"date":"2025-10-09T16:00:35","date_gmt":"2025-10-09T14:00:35","guid":{"rendered":"https:\/\/imker-aigen.at\/?p=8873"},"modified":"2025-10-11T10:34:02","modified_gmt":"2025-10-11T08:34:02","slug":"bericht-ueber-die-fachtagung-anlage-und-pflege-von-bluehflaechen","status":"publish","type":"post","link":"https:\/\/imker-aigen.at\/index.php\/2025\/10\/09\/bericht-ueber-die-fachtagung-anlage-und-pflege-von-bluehflaechen\/","title":{"rendered":"Bericht \u00fcber die Fachtagung &#8222;Anlage und Pflege von Bl\u00fchfl\u00e4chen&#8220;"},"content":{"rendered":"<div  class='flex_column av-7f9oax-c72523043c0ac53b65cabbfd5c7775e5 av_one_full  avia-builder-el-0  avia-builder-el-no-sibling  first flex_column_div  '     ><p>\n<style type=\"text\/css\" data-created_by=\"avia_inline_auto\" id=\"style-css-av-mgl3lu5w-825e3cd00edaae0ee31180ae1c073f01\">\n#top .av-special-heading.av-mgl3lu5w-825e3cd00edaae0ee31180ae1c073f01{\npadding-bottom:10px;\n}\nbody .av-special-heading.av-mgl3lu5w-825e3cd00edaae0ee31180ae1c073f01 .av-special-heading-tag .heading-char{\nfont-size:25px;\n}\n.av-special-heading.av-mgl3lu5w-825e3cd00edaae0ee31180ae1c073f01 .av-subheading{\nfont-size:15px;\n}\n<\/style>\n<div  class='av-special-heading av-mgl3lu5w-825e3cd00edaae0ee31180ae1c073f01 av-special-heading-h3 blockquote modern-quote modern-centered  avia-builder-el-1  el_before_av_horizontal_gallery  avia-builder-el-no-sibling '><h3 class='av-special-heading-tag '  itemprop=\"headline\"  >Bericht \u00fcber die Fachtagung <span class='special_amp'>&#8222;<\/span>Anlage und Pflege von Bl\u00fchfl\u00e4chen<span class='special_amp'>&#8220;<\/span><\/h3><div class='av-subheading av-subheading_below'><p>veranstaltet vom Salzburger Naturschutzbund<\/p>\n<\/div><div class=\"special-heading-border\"><div class=\"special-heading-inner-border\"><\/div><\/div><\/div><br \/>\n\n<style type=\"text\/css\" data-created_by=\"avia_inline_auto\" id=\"style-css-av-mgm0qfkh-5758d1961e5699e8ee0d778e3a39b4ce\">\n.av-horizontal-gallery.av-mgm0qfkh-5758d1961e5699e8ee0d778e3a39b4ce{\npadding:3.75% 0px;;\n}\n.av-horizontal-gallery.av-mgm0qfkh-5758d1961e5699e8ee0d778e3a39b4ce .av-horizontal-gallery-inner{\npadding-bottom:25%;\n}\n<\/style>\n<div  class='av-horizontal-gallery av-mgm0qfkh-5758d1961e5699e8ee0d778e3a39b4ce av-horizontal-gallery-large-gap av-horizontal-gallery-enlarge-effect  avia-builder-el-2  el_after_av_heading  el_before_av_hr  av-slideshow-ui av-control-default av-slideshow-manual av-loop-once av-loop-manual-once av-horizontal-gallery-1' data-slideshow-data=\"{&quot;enlarge&quot;:1.3,&quot;animation&quot;:&quot;slide&quot;,&quot;autoplay&quot;:false,&quot;loop_autoplay&quot;:&quot;once&quot;,&quot;interval&quot;:5,&quot;loop_manual&quot;:&quot;manual-once&quot;,&quot;autoplay_stopper&quot;:false,&quot;noNavigation&quot;:false,&quot;bg_slider&quot;:false,&quot;keep_padding&quot;:&quot;&quot;,&quot;hoverpause&quot;:false,&quot;show_slide_delay&quot;:0}\"  itemprop=\"image\" itemscope=\"itemscope\" itemtype=\"https:\/\/schema.org\/ImageObject\" ><div class='avia-slideshow-arrows avia-slideshow-controls' ><a href='#prev' class='prev-slide av-horizontal-gallery-prev avia-svg-icon avia-font-svg_entypo-fontello' data-av_svg_icon='left-open-big' data-av_iconset='svg_entypo-fontello' tabindex='-1' title=\"Zur\u00fcck\"><svg version=\"1.1\" xmlns=\"http:\/\/www.w3.org\/2000\/svg\" width=\"15\" height=\"32\" viewBox=\"0 0 15 32\" preserveAspectRatio=\"xMidYMid meet\" aria-labelledby='av-svg-title-1' aria-describedby='av-svg-desc-1' role=\"graphics-symbol\" aria-hidden=\"true\">\n<title id='av-svg-title-1'>Zur\u00fcck<\/title>\n<desc id='av-svg-desc-1'>Zur\u00fcck<\/desc>\n<path d=\"M14.464 27.84q0.832 0.832 0 1.536-0.832 0.832-1.536 0l-12.544-12.608q-0.768-0.768 0-1.6l12.544-12.608q0.704-0.832 1.536 0 0.832 0.704 0 1.536l-11.456 11.904z\"><\/path>\n<\/svg><span class='avia_hidden_link_text'>Zur\u00fcck<\/span><\/a><a href='#next' class='next-slide av-horizontal-gallery-next avia-svg-icon avia-font-svg_entypo-fontello' data-av_svg_icon='right-open-big' data-av_iconset='svg_entypo-fontello' tabindex='-1' title=\"Weiter\"><svg version=\"1.1\" xmlns=\"http:\/\/www.w3.org\/2000\/svg\" width=\"15\" height=\"32\" viewBox=\"0 0 15 32\" preserveAspectRatio=\"xMidYMid meet\" aria-labelledby='av-svg-title-2' aria-describedby='av-svg-desc-2' role=\"graphics-symbol\" aria-hidden=\"true\">\n<title id='av-svg-title-2'>Weiter<\/title>\n<desc id='av-svg-desc-2'>Weiter<\/desc>\n<path d=\"M0.416 27.84l11.456-11.84-11.456-11.904q-0.832-0.832 0-1.536 0.832-0.832 1.536 0l12.544 12.608q0.768 0.832 0 1.6l-12.544 12.608q-0.704 0.832-1.536 0-0.832-0.704 0-1.536z\"><\/path>\n<\/svg><span class='avia_hidden_link_text'>Weiter<\/span><\/a><\/div><div class='avia-slideshow-dots avia-slideshow-controls av-horizontal-gallery-dots fade-in'><a href='#1' class='goto-slide active' >1<\/a><a href='#2' class='goto-slide ' >2<\/a><a href='#3' class='goto-slide ' >3<\/a><\/div><div class='av-horizontal-gallery-inner' data-av-height='25'><div class=\"av-horizontal-gallery-slider\"><div class=\"av-horizontal-gallery-wrap noHover\"><img decoding=\"async\" fetchpriority=\"high\" class='wp-image-8907 avia-img-lazy-loading-not-8907 av-horizontal-gallery-img' width=\"768\" height=\"1024\" src=\"https:\/\/imker-aigen.at\/wp-content\/uploads\/2025\/10\/fachtagung_bluehflaechen_3_1024_768.jpg\" title='Einladung zur Fachtagung \u00fcber die Anlage und Pflege von Bl\u00fchfl\u00e4chen' alt='' srcset=\"https:\/\/imker-aigen.at\/wp-content\/uploads\/2025\/10\/fachtagung_bluehflaechen_3_1024_768.jpg 768w, https:\/\/imker-aigen.at\/wp-content\/uploads\/2025\/10\/fachtagung_bluehflaechen_3_1024_768-225x300.jpg 225w, https:\/\/imker-aigen.at\/wp-content\/uploads\/2025\/10\/fachtagung_bluehflaechen_3_1024_768-529x705.jpg 529w\" sizes=\"(max-width: 768px) 100vw, 768px\" \/><a href=\"https:\/\/imker-aigen.at\/wp-content\/uploads\/2025\/10\/fachtagung_bluehflaechen_3_1024_768.jpg\" data-srcset=\"https:\/\/imker-aigen.at\/wp-content\/uploads\/2025\/10\/fachtagung_bluehflaechen_3_1024_768.jpg 768w, https:\/\/imker-aigen.at\/wp-content\/uploads\/2025\/10\/fachtagung_bluehflaechen_3_1024_768-225x300.jpg 225w, https:\/\/imker-aigen.at\/wp-content\/uploads\/2025\/10\/fachtagung_bluehflaechen_3_1024_768-529x705.jpg 529w\" data-sizes=\"(max-width: 768px) 100vw, 768px\" class='av-horizontal-gallery-link avia-svg-icon avia-font-svg_entypo-fontello' data-av_svg_icon='resize-full' data-av_iconset='svg_entypo-fontello' title='Einladung zur Fachtagung \u00fcber die Anlage und Pflege von Bl\u00fchfl\u00e4chen' alt='' aria-label='Open image in lightbox: Einladung zur Fachtagung \u00fcber die Anlage und Pflege von Bl\u00fchfl\u00e4chen'><svg version=\"1.1\" xmlns=\"http:\/\/www.w3.org\/2000\/svg\" width=\"25\" height=\"32\" viewBox=\"0 0 25 32\" preserveAspectRatio=\"xMidYMid meet\" aria-labelledby='av-svg-title-3' aria-describedby='av-svg-desc-3' role=\"graphics-symbol\" aria-hidden=\"true\">\n<title id='av-svg-title-3'>Open image in lightbox: Einladung zur Fachtagung \u00fcber die Anlage und Pflege von Bl\u00fchfl\u00e4chen<\/title>\n<desc id='av-svg-desc-3'>Open image in lightbox: Einladung zur Fachtagung \u00fcber die Anlage und Pflege von Bl\u00fchfl\u00e4chen<\/desc>\n<path d=\"M15.232 3.328h10.112v10.112l-3.2-3.968-4.672 4.864-3.2-3.2 4.864-4.672zM7.872 17.536l3.2 3.2-4.864 4.672 3.904 3.2h-10.112v-10.112l3.2 3.904z\"><\/path>\n<\/svg><\/a><\/div><div class=\"av-horizontal-gallery-wrap noHover\"><img decoding=\"async\" fetchpriority=\"high\" class='wp-image-8905 avia-img-lazy-loading-not-8905 av-horizontal-gallery-img' width=\"1024\" height=\"768\" src=\"https:\/\/imker-aigen.at\/wp-content\/uploads\/2025\/10\/fachtagung_bluehflaechen_1_1024_768.jpg\" title='Podiumsdiskussion (Ingrid Eichberger (M.Sc), Jan Habel (Univ.-Prof. Dr.), Robert Siller (Dr.), Bernd Meierhofer, Johann Neumayer (MMag. Dr.), Lisa Fichtenbauer (Dipl.-Ing.), Robert Siller (Dr.) - von links nach rechts' alt='' srcset=\"https:\/\/imker-aigen.at\/wp-content\/uploads\/2025\/10\/fachtagung_bluehflaechen_1_1024_768.jpg 1024w, https:\/\/imker-aigen.at\/wp-content\/uploads\/2025\/10\/fachtagung_bluehflaechen_1_1024_768-300x225.jpg 300w, https:\/\/imker-aigen.at\/wp-content\/uploads\/2025\/10\/fachtagung_bluehflaechen_1_1024_768-768x576.jpg 768w, https:\/\/imker-aigen.at\/wp-content\/uploads\/2025\/10\/fachtagung_bluehflaechen_1_1024_768-705x529.jpg 705w\" sizes=\"(max-width: 1024px) 100vw, 1024px\" \/><a href=\"https:\/\/imker-aigen.at\/wp-content\/uploads\/2025\/10\/fachtagung_bluehflaechen_1_1024_768.jpg\" data-srcset=\"https:\/\/imker-aigen.at\/wp-content\/uploads\/2025\/10\/fachtagung_bluehflaechen_1_1024_768.jpg 1024w, https:\/\/imker-aigen.at\/wp-content\/uploads\/2025\/10\/fachtagung_bluehflaechen_1_1024_768-300x225.jpg 300w, https:\/\/imker-aigen.at\/wp-content\/uploads\/2025\/10\/fachtagung_bluehflaechen_1_1024_768-768x576.jpg 768w, https:\/\/imker-aigen.at\/wp-content\/uploads\/2025\/10\/fachtagung_bluehflaechen_1_1024_768-705x529.jpg 705w\" data-sizes=\"(max-width: 1024px) 100vw, 1024px\" class='av-horizontal-gallery-link avia-svg-icon avia-font-svg_entypo-fontello' data-av_svg_icon='resize-full' data-av_iconset='svg_entypo-fontello' title='Podiumsdiskussion (Ingrid Eichberger (M.Sc), Jan Habel (Univ.-Prof. Dr.), Robert Siller (Dr.), Bernd Meierhofer, Johann Neumayer (MMag. Dr.), Lisa Fichtenbauer (Dipl.-Ing.), Robert Siller (Dr.) - von links nach rechts' alt='' aria-label='Open image in lightbox: Podiumsdiskussion (Ingrid Eichberger (M.Sc), Jan Habel (Univ.-Prof. Dr.), Robert Siller (Dr.), Bernd Meierhofer, Johann Neumayer (MMag. Dr.), Lisa Fichtenbauer (Dipl.-Ing.), Robert Siller (Dr.) - von links nach rechts'><svg version=\"1.1\" xmlns=\"http:\/\/www.w3.org\/2000\/svg\" width=\"25\" height=\"32\" viewBox=\"0 0 25 32\" preserveAspectRatio=\"xMidYMid meet\" aria-labelledby='av-svg-title-4' aria-describedby='av-svg-desc-4' role=\"graphics-symbol\" aria-hidden=\"true\">\n<title id='av-svg-title-4'>Open image in lightbox: Podiumsdiskussion (Ingrid Eichberger (M.Sc), Jan Habel (Univ.-Prof. Dr.), Robert Siller (Dr.), Bernd Meierhofer, Johann Neumayer (MMag. Dr.), Lisa Fichtenbauer (Dipl.-Ing.), Robert Siller (Dr.) - von links nach rechts<\/title>\n<desc id='av-svg-desc-4'>Open image in lightbox: Podiumsdiskussion (Ingrid Eichberger (M.Sc), Jan Habel (Univ.-Prof. Dr.), Robert Siller (Dr.), Bernd Meierhofer, Johann Neumayer (MMag. Dr.), Lisa Fichtenbauer (Dipl.-Ing.), Robert Siller (Dr.) - von links nach rechts<\/desc>\n<path d=\"M15.232 3.328h10.112v10.112l-3.2-3.968-4.672 4.864-3.2-3.2 4.864-4.672zM7.872 17.536l3.2 3.2-4.864 4.672 3.904 3.2h-10.112v-10.112l3.2 3.904z\"><\/path>\n<\/svg><\/a><\/div><div class=\"av-horizontal-gallery-wrap noHover\"><img decoding=\"async\" fetchpriority=\"high\" class='wp-image-8906 avia-img-lazy-loading-not-8906 av-horizontal-gallery-img' width=\"768\" height=\"1024\" src=\"https:\/\/imker-aigen.at\/wp-content\/uploads\/2025\/10\/fachtagung_bluehflaechen_2_1024_768.jpg\" title='Bl\u00fchfl\u00e4chen-Anlage aus der Sicht der Imker - Bernd Meierhofer - Imkerverein Salzburg Aigen' alt='' srcset=\"https:\/\/imker-aigen.at\/wp-content\/uploads\/2025\/10\/fachtagung_bluehflaechen_2_1024_768.jpg 768w, https:\/\/imker-aigen.at\/wp-content\/uploads\/2025\/10\/fachtagung_bluehflaechen_2_1024_768-225x300.jpg 225w, https:\/\/imker-aigen.at\/wp-content\/uploads\/2025\/10\/fachtagung_bluehflaechen_2_1024_768-529x705.jpg 529w\" sizes=\"(max-width: 768px) 100vw, 768px\" \/><a href=\"https:\/\/imker-aigen.at\/wp-content\/uploads\/2025\/10\/fachtagung_bluehflaechen_2_1024_768.jpg\" data-srcset=\"https:\/\/imker-aigen.at\/wp-content\/uploads\/2025\/10\/fachtagung_bluehflaechen_2_1024_768.jpg 768w, https:\/\/imker-aigen.at\/wp-content\/uploads\/2025\/10\/fachtagung_bluehflaechen_2_1024_768-225x300.jpg 225w, https:\/\/imker-aigen.at\/wp-content\/uploads\/2025\/10\/fachtagung_bluehflaechen_2_1024_768-529x705.jpg 529w\" data-sizes=\"(max-width: 768px) 100vw, 768px\" class='av-horizontal-gallery-link avia-svg-icon avia-font-svg_entypo-fontello' data-av_svg_icon='resize-full' data-av_iconset='svg_entypo-fontello' title='Bl\u00fchfl\u00e4chen-Anlage aus der Sicht der Imker - Bernd Meierhofer - Imkerverein Salzburg Aigen' alt='' aria-label='Open image in lightbox: Bl\u00fchfl\u00e4chen-Anlage aus der Sicht der Imker - Bernd Meierhofer - Imkerverein Salzburg Aigen'><svg version=\"1.1\" xmlns=\"http:\/\/www.w3.org\/2000\/svg\" width=\"25\" height=\"32\" viewBox=\"0 0 25 32\" preserveAspectRatio=\"xMidYMid meet\" aria-labelledby='av-svg-title-5' aria-describedby='av-svg-desc-5' role=\"graphics-symbol\" aria-hidden=\"true\">\n<title id='av-svg-title-5'>Open image in lightbox: Bl\u00fchfl\u00e4chen-Anlage aus der Sicht der Imker - Bernd Meierhofer - Imkerverein Salzburg Aigen<\/title>\n<desc id='av-svg-desc-5'>Open image in lightbox: Bl\u00fchfl\u00e4chen-Anlage aus der Sicht der Imker - Bernd Meierhofer - Imkerverein Salzburg Aigen<\/desc>\n<path d=\"M15.232 3.328h10.112v10.112l-3.2-3.968-4.672 4.864-3.2-3.2 4.864-4.672zM7.872 17.536l3.2 3.2-4.864 4.672 3.904 3.2h-10.112v-10.112l3.2 3.904z\"><\/path>\n<\/svg><\/a><\/div><\/div><\/div><\/div><br \/>\n\n<style type=\"text\/css\" data-created_by=\"avia_inline_auto\" id=\"style-css-av-mgl3jqk3-7d02d114bd3f5ea04b77a2323d6e590b\">\n#top .hr.av-mgl3jqk3-7d02d114bd3f5ea04b77a2323d6e590b{\nmargin-top:30px;\nmargin-bottom:30px;\n}\n.hr.av-mgl3jqk3-7d02d114bd3f5ea04b77a2323d6e590b .hr-inner{\nwidth:50px;\nmax-width:45%;\n}\n<\/style>\n<div  class='hr av-mgl3jqk3-7d02d114bd3f5ea04b77a2323d6e590b hr-custom  avia-builder-el-3  el_after_av_horizontal_gallery  el_before_av_textblock  avia-builder-el-first  hr-center hr-icon-yes'><span class='hr-inner inner-border-av-border-thin'><span class=\"hr-inner-style\"><\/span><\/span><span class='av-seperator-icon avia-svg-icon avia-font-svg_entypo-fontello' data-av_svg_icon='dot-3' data-av_iconset='svg_entypo-fontello'><svg version=\"1.1\" xmlns=\"http:\/\/www.w3.org\/2000\/svg\" width=\"29\" height=\"32\" viewBox=\"0 0 29 32\" preserveAspectRatio=\"xMidYMid meet\" aria-labelledby='av-svg-title-6' aria-describedby='av-svg-desc-6' role=\"graphics-symbol\">\n<title id='av-svg-title-6'>Dot-3<\/title>\n<desc id='av-svg-desc-6'>Dot-3<\/desc>\n<path d=\"M3.52 12.48q1.472 0 2.496 1.024t1.024 2.496q0 1.408-1.024 2.464t-2.496 1.056-2.496-1.056-1.024-2.464q0-1.472 1.024-2.496t2.496-1.024zM14.72 12.48q1.472 0 2.496 1.024t1.024 2.496q0 1.408-1.056 2.464t-2.464 1.056-2.464-1.056-1.056-2.464q0-1.472 1.024-2.496t2.496-1.024zM25.92 12.48q1.472 0 2.496 1.024t1.024 2.496q0 1.408-1.024 2.464t-2.496 1.056-2.496-1.056-1.024-2.464q0-1.472 1.024-2.496t2.496-1.024z\"><\/path>\n<\/svg><\/span><span class='hr-inner inner-border-av-border-thin'><span class=\"hr-inner-style\"><\/span><\/span><\/div><br \/>\n<section  class='av_textblock_section av-61dc3d-dd1f6cf67533fc9305a2403d446aeb34 '   itemscope=\"itemscope\" itemtype=\"https:\/\/schema.org\/BlogPosting\" itemprop=\"blogPost\" ><div class='avia_textblock'  itemprop=\"text\" ><p><span style=\"color: #999999;\">Autoren: Elisabeth Karl, Bernd Meierhofer<\/span><\/p>\n<p>Am 9. Oktober 2025 fand im <a href=\"https:\/\/kolpinghaus-salzburg.at\/de\/\">Kolpinghaus Salzburg<\/a> die Fachtagung des <a href=\"https:\/\/naturschutzbund.at\/salzburg.html\">Salzburger Naturschutzbundes<\/a> zum Thema <em>\u201e<\/em>Anlage und Pflege von Bl\u00fchfl\u00e4chen<em>\u201c<\/em> statt. Zahlreiche Interessierte aus den Bereichen Naturschutz, Landwirtschaft und Imkerei nahmen an der Veranstaltung teil.<\/p>\n<p>Im Mittelpunkt standen Fachvortr\u00e4ge renommierter Expertinnen und Experten, die unterschiedliche Perspektiven auf das Thema Bl\u00fchfl\u00e4chen aufzeigten.<\/p>\n<p>Die Veranstaltung wurde von der Biologin Ingrid Eichberger, M.SC geleitet und moderiert. Sie wird ab November 2025 die Gesch\u00e4ftsf\u00fchrung vom Salzburger Naturschutzbund \u00fcbernehmen.<\/p>\n<h3>Das Potenzial von Bl\u00fchfl\u00e4chen zur Steigerung von Vielfalt und H\u00e4ufigkeit von Insekten<\/h3>\n<p><a href=\"https:\/\/www.plus.ac.at\/umwelt-und-biodiversitaet\/forschung\/fachgebiete-der-zoologie\/ag-habel\/team-11\/habel-2\/\">Univ.-Prof. Dr. Jan Christian Habel von der Universit\u00e4t Salzburg<\/a> berichtete \u00fcber das Potenzial von Bl\u00fchfl\u00e4chen zur Steigerung der Vielfalt und H\u00e4ufigkeit von Insekten. Er zeigte eindr\u00fccklich, wie alarmierend der R\u00fcckgang vieler Schmetterlingsarten in Salzburg bereits ist \u2013 so gilt beispielsweise der Alexis-Bl\u00e4uling in der Region als ausgestorben.<\/p>\n<blockquote>\n<p>Als Hauptursachen f\u00fcr diesen Artenschwund nannte Dr. Habel den Verlust geeigneter Lebensr\u00e4ume sowie die Degradierung der Lebensraumqualit\u00e4ten.<\/p>\n<\/blockquote>\n<p>Besonders betonte er, dass es dringend Schutzgebiete nicht nur in den unbebauten Bergregionen, sondern vor allem auch in den Tallagen brauche, wo Freifl\u00e4chen zunehmend landwirtschaftlich intensiv genutzt oder f\u00fcr Bauprojekte beansprucht werden. Er hat zudem angemerkt, dass es auch in kleinen Naturschutzgebieten zu Artenschwund kommen kann. Hier spielt der Barriereeffekt eine wesentliche Rolle: Angrenzend an das Naturschutzgebiet herrschen dann keine optimalen Lebensbedingungen mehr, beispielsweise weil zu h\u00e4ufig gem\u00e4ht wird.<\/p>\n<p>Dar\u00fcber hinaus sprach sich Dr. Habel f\u00fcr eine angepasste Bewirtschaftung aus: In den Sommermonaten werden derzeit bei g\u00fcnstigen Wetterbedingungen rund 80 % der Gr\u00fcnfl\u00e4chen in Salzburg innerhalb von zwei Wochen gem\u00e4ht, was zu einem pl\u00f6tzlichen Verlust an Bl\u00fchangeboten f\u00fchrt. Untersuchungen zeigten, dass die Artenvielfalt auf Bl\u00fchfl\u00e4chen mit zunehmender Dauer steigt \u2013 daher sollten einmal angelegte Fl\u00e4chen langfristig erhalten bleiben. Er lobte in diesem Zusammenhang auch die Schmetterlingssammlung vom Salzburger <a href=\"https:\/\/www.hausdernatur.at\/de\/\">Haus der Natur<\/a>, die eine umfangreiche und bereits vollst\u00e4ndig digitalisierte Sammlung darstellt und damit einen wertvollen Beitrag zur Forschung und Dokumentation der heimischen Artenvielfalt leistet.<\/p>\n<h3>Bl\u00fchfl\u00e4chen-Anlagen aus der Sicht von Wildbienen: Was ist zu beachten?<\/h3>\n<p>Dr. Neumayer beleuchtete in seinem Vortrag die Bedeutung von Bl\u00fchfl\u00e4chen aus Sicht der Wildbienen und zeigte auf, wie vielf\u00e4ltige und standortangepasste Pflanzungen zum Erhalt der heimischen Wildbienenarten beitragen bzw. zu einer neuerlichen Ansiedlung von bereits verschwundenen Arten f\u00fchren k\u00f6nnen. Auch die Klimaver\u00e4nderung wirkt sich auf Wildbienen aus. Einige Arten wie die blauschwarze Holzbiene profitieren von der Erw\u00e4rmung, w\u00e4hrend andere wie die Alpen- oder die Samt-Hummel bedroht sind, weil sich ihr Lebensraum zu schnell erw\u00e4rmt oder weil bestimmte Nahrungsangebote nicht mehr vorhanden sind.<\/p>\n<h3>Bl\u00fchfl\u00e4chen-Anlagen aus der Sicht von Imkern<\/h3>\n<p>Zun\u00e4chst entschuldigte unser Obmann Bernd Meierhofer bei seinem Vortrag Dipl.-Biol. Christian Steube, Laborleiter vom Imkerhof Salzburg, der gemeinsam mit ihm den Vortrag halten sollte, aber krankheitsbedingt leider ausgefallen ist.<\/p>\n<blockquote>\n<p>Bernd Meierhofer zeigte in seinem Vortrag, dass auch die Imkerei vor gro\u00dfen Herausforderungen steht.<\/p>\n<\/blockquote>\n<p>Der Klimawandel f\u00fchrt zu starken Ver\u00e4nderungen im ph\u00e4nologischen Jahreskreislauf, wodurch sich Bl\u00fchzeiten und Trachtverl\u00e4ufe verschieben. Die Globalisierung bringt zudem neue Bienen-Sch\u00e4dlinge und invasive Pflanzenarten mit sich. Die heimische Flora wird zunehmend von Neophyten verdr\u00e4ngt. In unserer Region machen Bl\u00fchfl\u00e4chen aber nur einen Teil der Bienennahrung aus. Honigbienen nutzen zus\u00e4tzlich die Bl\u00fcten von Obst- und Laubb\u00e4umen sowie den Honigtau von Bauml\u00e4usen (insbesondere Lecanien und Lachniden) als wichtige Nahrungsquellen.<\/p>\n<p>Auch wenn h\u00e4ufig von einer Konkurrenzsituation zwischen Wild- und Honigbienen die Rede ist, sollte beachtet werden, dass Honigbienen einerseits mit ihrer Best\u00e4ubungsleistung wesentlich zur Ern\u00e4hrungssicherheit beitragen, da sie als staatenbildende Insekten zur ben\u00f6tigten Zeit auch in gro\u00dfer Menge f\u00fcr eine ausreichende Best\u00e4ubung zur Verf\u00fcgung stehen. Andererseits k\u00f6nnten sie auch als Indikatoren f\u00fcr Umweltprobleme eingesetzt werden. Durch ihre Best\u00e4ubung k\u00f6nnten Honigbienen die Ansiedlung von Pflanzen unterst\u00fctzen und somit die Lebensgrundlage f\u00fcr andere Insekten schaffen. Man sollte daher stets das Verbindende \u00fcber das Trennende stellen und davon ausgehen, dass eine optimale Best\u00e4ubung der Pflanzen nur durch die Zusammenarbeit von Wildbienen, Honigbienen und allen anderen Best\u00e4uberinsekten erreicht wird.<\/p>\n<h3>Wildblumen aus der Packung: Gut gemeint, aber schlecht gemacht.<\/h3>\n<p>Dipl.-Ing. G\u00fcnter Jaritz vom Land Salzburg ging in seinem Vortrag auf die Bedeutung von regionalem Saatgut ein. Das Land Salzburg sammelt bereits regionales Saatgut, das f\u00fcr verschiedene Renaturierungsprojekte im Bundesland eingesetzt wird. Zu diesem Zweck wurde eine Datenbank mit Spenderfl\u00e4chen aufgebaut, in der bereits 180 Spenderfl\u00e4chen von \u00fcber 160 landwirtschaftlichen Betrieben erfasst sind. Das Saatgut wird in artenreichen Wiesen in sechs Regionen im Land Salzburg gesammelt und kann regional zur Neuanlage von artenreichen Wiesen und Bl\u00fchfl\u00e4chen eingesetzt werden. Es tr\u00e4gt das Qualit\u00e4tssiegel <a href=\"https:\/\/www.wildundkultiviert.at\/\">\u201eWild &#038; Kultiviert\u201c (wildundkultiviert.at)<\/a>.<\/p>\n<p>Herr Jaritz wies darauf hin, dass das von Biene \u00d6sterreich empfohlene <a href=\"https:\/\/gzert.at\/\">Gumpensteiner Herkunftszertifikat (G-Zert)<\/a> f\u00fcr Saatgutmischungen zwar ein Schritt in die richtige Richtung sei, da es zumindest eine gesicherte Herkunft ausweist, doch sei regionales Saatgut aus \u00f6kologischer Sicht noch deutlich wertvoller.<\/p>\n<blockquote>\n<p>Er betonte: <em>\u201eEine Margarite im Salzburger Flachgau ist genetisch nicht mit einer Margarite im Salzburger Lungau vergleichbar.\u201c<\/em><\/p>\n<\/blockquote>\n<p>Diese Unterschiede zeigten sich auch im Wachstums- und Bl\u00fchverhalten der Pflanzen, weshalb die Verwendung standorttypischer, regionaler Herk\u00fcnfte beim Saatgut entscheidend f\u00fcr den Erfolg von Bl\u00fchfl\u00e4chen sei.<\/p>\n<h3>Wie die Pflege von Bl\u00fchfl\u00e4chen die Artenvielfalt beeinflusst<\/h3>\n<p>Der Botaniker Dr. Christian Eichberger widmete sich in seinem Vortrag den M\u00e4htechniken und deren Auswirkungen auf die Wiesenbewohner. Er machte deutlich, dass die Art und Weise der Mahd einen entscheidenden Einfluss auf die Insektenvielfalt hat. Besonders kritisch bewertete er den Einsatz von Saugm\u00e4hern, da eine angelegte Bl\u00fchfl\u00e4che so schnell zur Todesfalle f\u00fcr Insekten werden kann: Viele Tiere, die sich nach dem Abm\u00e4hen noch in der Vegetation aufhalten, werden dabei einfach abgesaugt. Da sich im M\u00e4hgut von Verkehrsfl\u00e4chen h\u00e4ufig auch weggeworfener M\u00fcll befindet, wird dieses meist einfach zusammen mit dem M\u00fcll entsorgt. Interessant ist, dass der Balkenm\u00e4her am besten von allen M\u00e4hger\u00e4ten abschneidet, noch vor der Sense, da durch die M\u00e4hweise des Balkenm\u00e4hers die meisten Lebewesen im Gras und im Boden \u00fcberleben.<\/p>\n<blockquote>\n<p>Aus Sicht von Herrn Eichberger ist die richtige M\u00e4htechnik ein weiteres R\u00e4dchen, an dem gedreht werden kann, um die Artenvielfalt wieder zu erh\u00f6hen.<\/p>\n<\/blockquote>\n<h3>Anlegen naturnaher Bl\u00fchfl\u00e4chen \u2013 Wie gelingt der Spagat zwischen Wildnis und \u00c4sthetik?<\/h3>\n<p>Dr. Robert Siller, Garten- und Gr\u00fcnfl\u00e4chengestalter, sowie Dipl.-Ing. Lisa Fichtenbauer vom <a href=\"https:\/\/www.sir.at\/\">Salzburger Institut f\u00fcr Raumordnung und Planung GmbH (SIR)<\/a> gingen in ihren Vortr\u00e4gen auf die Gestaltung und richtige Anlage von Bl\u00fchfl\u00e4chen ein. Sie zeigten auf, dass Bl\u00fchfl\u00e4chen nicht nur \u00f6kologisch, sondern auch gestalterisch sorgf\u00e4ltig geplant werden m\u00fcssen. Dabei wurde deutlich, dass in unserer Kulturlandschaft praktisch alle Fl\u00e4chen bewirtschaftet sind \u2013 und somit stets eine Frage der Wahrnehmung bleibt, was als naturfreundlich gestaltete Fl\u00e4che oder als \u201eSaustall\u201c gilt. Eine bewusste, naturnahe Gestaltung kann hier entscheidend dazu beitragen, Akzeptanz in der Bev\u00f6lkerung zu schaffen und den \u00f6kologischen Nutzen sichtbar zu machen. F\u00fcr das langfristige Gelingen eines derartigen Projektes ist eine intensive Pflege im ersten Jahr entscheidend: Unerw\u00fcnschte Samen- und Wurzelkr\u00e4uter m\u00fcssen entfernt oder zumindest kleingehalten werden. In den folgenden Jahren sollte nur ein- bis zweimal im Jahr gem\u00e4ht werden, am besten immer abschnittsweise mit Sense, Balkenm\u00e4her oder Motorsense.<\/p>\n<h3>Podiumsdiskussion und Fragerunde<\/h3>\n<p>In der abschlie\u00dfenden Podiumsdiskussion hatten die Teilnehmenden Gelegenheit, Fragen an die Vortragenden zu stellen und offene Themen zu vertiefen. Dr. Neumayer regte dabei an, bei der Neuanlage von Bl\u00fchfl\u00e4chen zun\u00e4chst eine gezielte Bewertung der bestehenden Fl\u00e4chen vorzunehmen und nur dann aktiv einzugreifen, wenn dies wirklich notwendig ist. H\u00e4ufig, so Neumayer, m\u00fcsse man Fl\u00e4chen einfach \u201ein Ruhe lassen\u201c, damit sich diese von selbst zu wertvollen, naturfreundlichen Bl\u00fchfl\u00e4chen entwickeln k\u00f6nnen. Bei exzessiv verwendeten Fl\u00e4chen gelingt das allerdings nicht mehr, da der Boden zu stark belastet ist (zu viel Stickstoff im Boden). Dann w\u00e4chst nur noch Gras.<\/p>\n<p>Aus dem Publikum kam der kritische Kommentar, dass es sich bei den im Rahmen von <a href=\"https:\/\/www.sir.at\/schwerpunkte\/nachhaltigkeit-ressourcen\/natur-in-der-gemeinde\/\">\u201eNatur in den Gemeinden\u201d<\/a> gezeigten Fl\u00e4chen meist um Stra\u00dfenr\u00e4nder oder Verkehrsinseln handele und es dann Anschein hat, dass die einzelnen Gemeinden bereits mit dem Kreisverkehr bei der Ortseinfahrt die Einhaltung ihrer \u00d6ko-Ziele unter Beweis stellen wollen. F\u00fcr den Erhalt der Artenvielfalt gilt sicherlich, dass das Hauptaugenmerk weiterhin auf die landwirtschaftlichen <a href=\"https:\/\/www.bmluk.gv.at\/themen\/landwirtschaft\/gemeinsame-agrarpolitik-foerderungen\/nationaler-strategieplan\/oepul-landingpage.html\">\u00d6PUL-Fl\u00e4chen (\u00d6sterreichisches Programm zur F\u00f6rderung einer umweltgerechten, extensiven und den nat\u00fcrlichen Lebensraum sch\u00fctzenden Landwirtschaft)<\/a> gelegt werden muss.<\/p>\n<h3>Danksagung<\/h3>\n<p>Die Tagung bot eine wertvolle Plattform f\u00fcr den fachlichen Austausch und machte deutlich, wie wichtig eine enge Zusammenarbeit zwischen Wissenschaft, Naturschutz und Landwirtschaft (Imkerei als integraler Bestandteil der Landwirtschaft) ist, um die Biodiversit\u00e4t nachhaltig zu f\u00f6rdern und die Lebensgrundlagen best\u00e4ubender Insekten zu sichern.<br \/>\nAn dieser Stelle m\u00f6chten wir uns sehr herzlich beim Salzburger Naturschutzbund f\u00fcr die Einladung und die offene Diskussion bedanken. Dadurch wurde es uns erm\u00f6glicht, auch die Perspektive der Imker einzubringen. Unser Dank gilt auch Ingrid Eichberger f\u00fcr die gelungene Moderation der Veranstaltung.<\/p>\n<p>Wir freuen uns, dass wir als Imkerverein Salzburg Aigen Partner des Salzburger Naturschutzbundes sind, und freuen uns auf eine weiterhin gute Zusammenarbeit!<\/p>\n<h3>Weiterf\u00fchrende Links<\/h3>\n<ul>\n<li><a href=\"https:\/\/imker-aigen.at\/wp-content\/uploads\/2025\/10\/Fachtagung_Anlage_Bluehflaechen_R2.pdf\">Der Foliensatz zum Vortrag von Christian Steube und Bernd Meierhofer<\/a><\/li>\n<li><a href=\"https:\/\/imker-aigen.at\/index.php\/2025\/09\/15\/bedrohung-nimmt-zu\/\">Die Bedrohung durch gebietsfremde Arten nimmt zu<\/a><\/li>\n<li><a href=\"https:\/\/imker-aigen.at\/index.php\/2022\/11\/07\/trachtpflanzen-fuer-honig-und-wildbienen\/\">Trachtpflanzen f\u00fcr Wild- und Honigbienen<\/a><\/li>\n<li><a href=\"https:\/\/www.biene-oesterreich.at\/broschuere-wiesenpflanzen-fuer-honigbienen-und-wilde-bestaeuber+2500+1144851\">Brosch\u00fcre der Biene \u00d6sterreich \u00fcber Wiesenpflanzen f\u00fcr Honigbienen und wilde Best\u00e4uber<\/a><\/li>\n<\/ul>\n<\/div><\/section><br \/>\n<div  class='av-social-sharing-box av-48t395-51460ef98178d27c6bfe8fbeac889040 av-social-sharing-box-default  avia-builder-el-5  el_after_av_textblock  el_before_av_comments_list  av-social-sharing-box-fullwidth'><div class=\"av-share-box\"><h5 class='av-share-link-description av-no-toc '>Eintrag teilen<\/h5><ul class=\"av-share-box-list noLightbox\"><li class='av-share-link av-social-link-facebook avia_social_iconfont' ><a target=\"_blank\" aria-label=\"Teilen auf Facebook\" href='https:\/\/www.facebook.com\/sharer.php?u=https:\/\/imker-aigen.at\/index.php\/2025\/10\/09\/bericht-ueber-die-fachtagung-anlage-und-pflege-von-bluehflaechen\/&#038;t=Bericht%20%C3%BCber%20die%20Fachtagung%20%E2%80%9EAnlage%20und%20Pflege%20von%20Bl%C3%BChfl%C3%A4chen%E2%80%9C' data-av_icon='\ue8f3' data-av_iconfont='entypo-fontello'  title='' data-avia-related-tooltip='Teilen auf Facebook'><span class='avia_hidden_link_text'>Teilen auf Facebook<\/span><\/a><\/li><li class='av-share-link av-social-link-twitter avia_social_iconfont' ><a target=\"_blank\" aria-label=\"Teilen auf X\" href='https:\/\/twitter.com\/share?text=Bericht%20%C3%BCber%20die%20Fachtagung%20%E2%80%9EAnlage%20und%20Pflege%20von%20Bl%C3%BChfl%C3%A4chen%E2%80%9C&#038;url=https:\/\/imker-aigen.at\/?p=8873' data-av_icon='\ue932' data-av_iconfont='entypo-fontello'  title='' data-avia-related-tooltip='Teilen auf X'><span class='avia_hidden_link_text'>Teilen auf X<\/span><\/a><\/li><li class='av-share-link av-social-link-whatsapp avia_social_iconfont' ><a target=\"_blank\" aria-label=\"Teilen auf WhatsApp\" href='https:\/\/api.whatsapp.com\/send?text=https:\/\/imker-aigen.at\/index.php\/2025\/10\/09\/bericht-ueber-die-fachtagung-anlage-und-pflege-von-bluehflaechen\/' data-av_icon='\uf232' data-av_iconfont='entypo-fontello'  title='' data-avia-related-tooltip='Teilen auf WhatsApp'><span class='avia_hidden_link_text'>Teilen auf WhatsApp<\/span><\/a><\/li><li class='av-share-link av-social-link-pinterest avia_social_iconfont' ><a target=\"_blank\" aria-label=\"Teilen auf Pinterest\" href='https:\/\/pinterest.com\/pin\/create\/button\/?url=https%3A%2F%2Fimker-aigen.at%2Findex.php%2F2025%2F10%2F09%2Fbericht-ueber-die-fachtagung-anlage-und-pflege-von-bluehflaechen%2F&#038;description=Bericht%20%C3%BCber%20die%20Fachtagung%20%E2%80%9EAnlage%20und%20Pflege%20von%20Bl%C3%BChfl%C3%A4chen%E2%80%9C&#038;media=https%3A%2F%2Fimker-aigen.at%2Fwp-content%2Fuploads%2F2025%2F10%2Fwildflower_1024_768-705x529.jpg' data-av_icon='\ue8f8' data-av_iconfont='entypo-fontello'  title='' data-avia-related-tooltip='Teilen auf Pinterest'><span class='avia_hidden_link_text'>Teilen auf Pinterest<\/span><\/a><\/li><li class='av-share-link av-social-link-linkedin avia_social_iconfont' ><a target=\"_blank\" aria-label=\"Teilen auf LinkedIn\" href='https:\/\/linkedin.com\/shareArticle?mini=true&#038;title=Bericht%20%C3%BCber%20die%20Fachtagung%20%E2%80%9EAnlage%20und%20Pflege%20von%20Bl%C3%BChfl%C3%A4chen%E2%80%9C&#038;url=https:\/\/imker-aigen.at\/index.php\/2025\/10\/09\/bericht-ueber-die-fachtagung-anlage-und-pflege-von-bluehflaechen\/' data-av_icon='\ue8fc' data-av_iconfont='entypo-fontello'  title='' data-avia-related-tooltip='Teilen auf LinkedIn'><span class='avia_hidden_link_text'>Teilen auf LinkedIn<\/span><\/a><\/li><li class='av-share-link av-social-link-reddit avia_social_iconfont' ><a target=\"_blank\" aria-label=\"Teilen auf Reddit\" href='https:\/\/reddit.com\/submit?url=https:\/\/imker-aigen.at\/index.php\/2025\/10\/09\/bericht-ueber-die-fachtagung-anlage-und-pflege-von-bluehflaechen\/&#038;title=Bericht%20%C3%BCber%20die%20Fachtagung%20%E2%80%9EAnlage%20und%20Pflege%20von%20Bl%C3%BChfl%C3%A4chen%E2%80%9C' data-av_icon='\ue927' data-av_iconfont='entypo-fontello'  title='' data-avia-related-tooltip='Teilen auf Reddit'><span class='avia_hidden_link_text'>Teilen auf Reddit<\/span><\/a><\/li><li class='av-share-link av-social-link-mail avia_social_iconfont' ><a  aria-label=\"Per E-Mail teilen\" href='mailto:?subject=Bericht%20%C3%BCber%20die%20Fachtagung%20%E2%80%9EAnlage%20und%20Pflege%20von%20Bl%C3%BChfl%C3%A4chen%E2%80%9C&#038;body=https:\/\/imker-aigen.at\/index.php\/2025\/10\/09\/bericht-ueber-die-fachtagung-anlage-und-pflege-von-bluehflaechen\/' data-av_icon='\ue805' data-av_iconfont='entypo-fontello'  title='' data-avia-related-tooltip='Per E-Mail teilen'><span class='avia_hidden_link_text'>Per E-Mail teilen<\/span><\/a><\/li><\/ul><\/div><\/div><br \/>\n<div  class='av-buildercomment av-343gwp-51ff27abebc86031b4e70f4989040f37'><\/div><\/p><\/div>\n","protected":false},"excerpt":{"rendered":"","protected":false},"author":1,"featured_media":8903,"comment_status":"open","ping_status":"closed","sticky":false,"template":"","format":"standard","meta":{"footnotes":""},"categories":[18,2],"tags":[458,457,460,75,461,418,77],"class_list":["post-8873","post","type-post","status-publish","format-standard","has-post-thumbnail","hentry","category-alte-veranstaltungen","category-news","tag-artenvielfalt","tag-bluehflaechen","tag-maehtechnik","tag-naturschutzbund","tag-oepul","tag-saatgut","tag-wildbienen"],"yoast_head":"<!-- This site is optimized with the Yoast SEO plugin v27.4 - https:\/\/yoast.com\/product\/yoast-seo-wordpress\/ -->\n<title>Bericht \u00fcber die Fachtagung &quot;Anlage und Pflege von Bl\u00fchfl\u00e4chen&quot; - Imker Ortsgruppe Salzburg Aigen<\/title>\n<meta name=\"description\" content=\"Bericht \u00fcber die Fachtagung des Salzburger Naturschutzbundes zum Thema &quot;Anlage und Pflege von Bl\u00fchfl\u00e4chen&quot; am 9. Oktober 2025\" \/>\n<meta name=\"robots\" content=\"index, follow, max-snippet:-1, max-image-preview:large, max-video-preview:-1\" \/>\n<link rel=\"canonical\" href=\"https:\/\/imker-aigen.at\/index.php\/2025\/10\/09\/bericht-ueber-die-fachtagung-anlage-und-pflege-von-bluehflaechen\/\" \/>\n<meta property=\"og:locale\" content=\"de_DE\" \/>\n<meta property=\"og:type\" content=\"article\" \/>\n<meta property=\"og:title\" content=\"Bericht \u00fcber die Fachtagung &quot;Anlage und Pflege von Bl\u00fchfl\u00e4chen&quot; - Imker Ortsgruppe Salzburg Aigen\" \/>\n<meta property=\"og:description\" content=\"Bericht \u00fcber die Fachtagung des Salzburger Naturschutzbundes zum Thema &quot;Anlage und Pflege von Bl\u00fchfl\u00e4chen&quot; am 9. Oktober 2025\" \/>\n<meta property=\"og:url\" content=\"https:\/\/imker-aigen.at\/index.php\/2025\/10\/09\/bericht-ueber-die-fachtagung-anlage-und-pflege-von-bluehflaechen\/\" \/>\n<meta property=\"og:site_name\" content=\"Imker Ortsgruppe Salzburg Aigen\" \/>\n<meta property=\"article:published_time\" content=\"2025-10-09T14:00:35+00:00\" \/>\n<meta property=\"article:modified_time\" content=\"2025-10-11T08:34:02+00:00\" \/>\n<meta property=\"og:image\" content=\"https:\/\/imker-aigen.at\/wp-content\/uploads\/2025\/10\/wildflower_1024_768.jpg\" \/>\n\t<meta property=\"og:image:width\" content=\"1024\" \/>\n\t<meta property=\"og:image:height\" content=\"768\" \/>\n\t<meta property=\"og:image:type\" content=\"image\/jpeg\" \/>\n<meta name=\"author\" content=\"admin\" \/>\n<meta name=\"twitter:card\" content=\"summary_large_image\" \/>\n<meta name=\"twitter:label1\" content=\"Verfasst von\" \/>\n\t<meta name=\"twitter:data1\" content=\"admin\" \/>\n\t<meta name=\"twitter:label2\" content=\"Gesch\u00e4tzte Lesezeit\" \/>\n\t<meta name=\"twitter:data2\" content=\"10\u00a0Minuten\" \/>\n<script type=\"application\/ld+json\" class=\"yoast-schema-graph\">{\"@context\":\"https:\\\/\\\/schema.org\",\"@graph\":[{\"@type\":\"Article\",\"@id\":\"https:\\\/\\\/imker-aigen.at\\\/index.php\\\/2025\\\/10\\\/09\\\/bericht-ueber-die-fachtagung-anlage-und-pflege-von-bluehflaechen\\\/#article\",\"isPartOf\":{\"@id\":\"https:\\\/\\\/imker-aigen.at\\\/index.php\\\/2025\\\/10\\\/09\\\/bericht-ueber-die-fachtagung-anlage-und-pflege-von-bluehflaechen\\\/\"},\"author\":{\"name\":\"admin\",\"@id\":\"https:\\\/\\\/imker-aigen.at\\\/#\\\/schema\\\/person\\\/d7d0c3a8ef6f051d450781218ac83077\"},\"headline\":\"Bericht \u00fcber die Fachtagung &#8222;Anlage und Pflege von Bl\u00fchfl\u00e4chen&#8220;\",\"datePublished\":\"2025-10-09T14:00:35+00:00\",\"dateModified\":\"2025-10-11T08:34:02+00:00\",\"mainEntityOfPage\":{\"@id\":\"https:\\\/\\\/imker-aigen.at\\\/index.php\\\/2025\\\/10\\\/09\\\/bericht-ueber-die-fachtagung-anlage-und-pflege-von-bluehflaechen\\\/\"},\"wordCount\":2669,\"commentCount\":0,\"publisher\":{\"@id\":\"https:\\\/\\\/imker-aigen.at\\\/#organization\"},\"image\":{\"@id\":\"https:\\\/\\\/imker-aigen.at\\\/index.php\\\/2025\\\/10\\\/09\\\/bericht-ueber-die-fachtagung-anlage-und-pflege-von-bluehflaechen\\\/#primaryimage\"},\"thumbnailUrl\":\"https:\\\/\\\/imker-aigen.at\\\/wp-content\\\/uploads\\\/2025\\\/10\\\/wildflower_1024_768.jpg\",\"keywords\":[\"Artenvielfalt\",\"Bl\u00fchfl\u00e4chen\",\"M\u00e4htechnik\",\"Naturschutzbund\",\"\u00d6PUL\",\"Saatgut\",\"Wildbienen\"],\"articleSection\":[\"Alte Veranstaltungen\",\"News\"],\"inLanguage\":\"de\",\"potentialAction\":[{\"@type\":\"CommentAction\",\"name\":\"Comment\",\"target\":[\"https:\\\/\\\/imker-aigen.at\\\/index.php\\\/2025\\\/10\\\/09\\\/bericht-ueber-die-fachtagung-anlage-und-pflege-von-bluehflaechen\\\/#respond\"]}]},{\"@type\":\"WebPage\",\"@id\":\"https:\\\/\\\/imker-aigen.at\\\/index.php\\\/2025\\\/10\\\/09\\\/bericht-ueber-die-fachtagung-anlage-und-pflege-von-bluehflaechen\\\/\",\"url\":\"https:\\\/\\\/imker-aigen.at\\\/index.php\\\/2025\\\/10\\\/09\\\/bericht-ueber-die-fachtagung-anlage-und-pflege-von-bluehflaechen\\\/\",\"name\":\"Bericht \u00fcber die Fachtagung \\\"Anlage und Pflege von Bl\u00fchfl\u00e4chen\\\" - Imker Ortsgruppe Salzburg Aigen\",\"isPartOf\":{\"@id\":\"https:\\\/\\\/imker-aigen.at\\\/#website\"},\"primaryImageOfPage\":{\"@id\":\"https:\\\/\\\/imker-aigen.at\\\/index.php\\\/2025\\\/10\\\/09\\\/bericht-ueber-die-fachtagung-anlage-und-pflege-von-bluehflaechen\\\/#primaryimage\"},\"image\":{\"@id\":\"https:\\\/\\\/imker-aigen.at\\\/index.php\\\/2025\\\/10\\\/09\\\/bericht-ueber-die-fachtagung-anlage-und-pflege-von-bluehflaechen\\\/#primaryimage\"},\"thumbnailUrl\":\"https:\\\/\\\/imker-aigen.at\\\/wp-content\\\/uploads\\\/2025\\\/10\\\/wildflower_1024_768.jpg\",\"datePublished\":\"2025-10-09T14:00:35+00:00\",\"dateModified\":\"2025-10-11T08:34:02+00:00\",\"description\":\"Bericht \u00fcber die Fachtagung des Salzburger Naturschutzbundes zum Thema \\\"Anlage und Pflege von Bl\u00fchfl\u00e4chen\\\" am 9. Oktober 2025\",\"breadcrumb\":{\"@id\":\"https:\\\/\\\/imker-aigen.at\\\/index.php\\\/2025\\\/10\\\/09\\\/bericht-ueber-die-fachtagung-anlage-und-pflege-von-bluehflaechen\\\/#breadcrumb\"},\"inLanguage\":\"de\",\"potentialAction\":[{\"@type\":\"ReadAction\",\"target\":[\"https:\\\/\\\/imker-aigen.at\\\/index.php\\\/2025\\\/10\\\/09\\\/bericht-ueber-die-fachtagung-anlage-und-pflege-von-bluehflaechen\\\/\"]}]},{\"@type\":\"ImageObject\",\"inLanguage\":\"de\",\"@id\":\"https:\\\/\\\/imker-aigen.at\\\/index.php\\\/2025\\\/10\\\/09\\\/bericht-ueber-die-fachtagung-anlage-und-pflege-von-bluehflaechen\\\/#primaryimage\",\"url\":\"https:\\\/\\\/imker-aigen.at\\\/wp-content\\\/uploads\\\/2025\\\/10\\\/wildflower_1024_768.jpg\",\"contentUrl\":\"https:\\\/\\\/imker-aigen.at\\\/wp-content\\\/uploads\\\/2025\\\/10\\\/wildflower_1024_768.jpg\",\"width\":1024,\"height\":768},{\"@type\":\"BreadcrumbList\",\"@id\":\"https:\\\/\\\/imker-aigen.at\\\/index.php\\\/2025\\\/10\\\/09\\\/bericht-ueber-die-fachtagung-anlage-und-pflege-von-bluehflaechen\\\/#breadcrumb\",\"itemListElement\":[{\"@type\":\"ListItem\",\"position\":1,\"name\":\"Startseite\",\"item\":\"https:\\\/\\\/imker-aigen.at\\\/index.php\\\/home\\\/\"},{\"@type\":\"ListItem\",\"position\":2,\"name\":\"Bericht \u00fcber die Fachtagung &#8222;Anlage und Pflege von Bl\u00fchfl\u00e4chen&#8220;\"}]},{\"@type\":\"WebSite\",\"@id\":\"https:\\\/\\\/imker-aigen.at\\\/#website\",\"url\":\"https:\\\/\\\/imker-aigen.at\\\/\",\"name\":\"Imker Ortsgruppe Salzburg Aigen\",\"description\":\"Homepage der Imker-Ortsgruppe Salzburg Aigen\",\"publisher\":{\"@id\":\"https:\\\/\\\/imker-aigen.at\\\/#organization\"},\"potentialAction\":[{\"@type\":\"SearchAction\",\"target\":{\"@type\":\"EntryPoint\",\"urlTemplate\":\"https:\\\/\\\/imker-aigen.at\\\/?s={search_term_string}\"},\"query-input\":{\"@type\":\"PropertyValueSpecification\",\"valueRequired\":true,\"valueName\":\"search_term_string\"}}],\"inLanguage\":\"de\"},{\"@type\":\"Organization\",\"@id\":\"https:\\\/\\\/imker-aigen.at\\\/#organization\",\"name\":\"Imker Ortsgruppe Salzburg Aigen\",\"url\":\"https:\\\/\\\/imker-aigen.at\\\/\",\"logo\":{\"@type\":\"ImageObject\",\"inLanguage\":\"de\",\"@id\":\"https:\\\/\\\/imker-aigen.at\\\/#\\\/schema\\\/logo\\\/image\\\/\",\"url\":\"https:\\\/\\\/imker-aigen.at\\\/wp-content\\\/uploads\\\/2022\\\/08\\\/logo-1.png\",\"contentUrl\":\"https:\\\/\\\/imker-aigen.at\\\/wp-content\\\/uploads\\\/2022\\\/08\\\/logo-1.png\",\"width\":392,\"height\":156,\"caption\":\"Imker Ortsgruppe Salzburg Aigen\"},\"image\":{\"@id\":\"https:\\\/\\\/imker-aigen.at\\\/#\\\/schema\\\/logo\\\/image\\\/\"}},{\"@type\":\"Person\",\"@id\":\"https:\\\/\\\/imker-aigen.at\\\/#\\\/schema\\\/person\\\/d7d0c3a8ef6f051d450781218ac83077\",\"name\":\"admin\",\"image\":{\"@type\":\"ImageObject\",\"inLanguage\":\"de\",\"@id\":\"https:\\\/\\\/secure.gravatar.com\\\/avatar\\\/925a7e918efd3cfdae29be9c0018a3ae3275cd0444a6e166241172bb6e5243c7?s=96&d=mm&r=g\",\"url\":\"https:\\\/\\\/secure.gravatar.com\\\/avatar\\\/925a7e918efd3cfdae29be9c0018a3ae3275cd0444a6e166241172bb6e5243c7?s=96&d=mm&r=g\",\"contentUrl\":\"https:\\\/\\\/secure.gravatar.com\\\/avatar\\\/925a7e918efd3cfdae29be9c0018a3ae3275cd0444a6e166241172bb6e5243c7?s=96&d=mm&r=g\",\"caption\":\"admin\"},\"sameAs\":[\"https:\\\/\\\/imker-aigen.at\",\"linkedin.com\\\/in\\\/bernd-meierhofer-5919b62\"],\"url\":\"https:\\\/\\\/imker-aigen.at\\\/index.php\\\/author\\\/bmeierhofer\\\/\"}]}<\/script>\n<!-- \/ Yoast SEO plugin. -->","yoast_head_json":{"title":"Bericht \u00fcber die Fachtagung \"Anlage und Pflege von Bl\u00fchfl\u00e4chen\" - Imker Ortsgruppe Salzburg Aigen","description":"Bericht \u00fcber die Fachtagung des Salzburger Naturschutzbundes zum Thema \"Anlage und Pflege von Bl\u00fchfl\u00e4chen\" am 9. Oktober 2025","robots":{"index":"index","follow":"follow","max-snippet":"max-snippet:-1","max-image-preview":"max-image-preview:large","max-video-preview":"max-video-preview:-1"},"canonical":"https:\/\/imker-aigen.at\/index.php\/2025\/10\/09\/bericht-ueber-die-fachtagung-anlage-und-pflege-von-bluehflaechen\/","og_locale":"de_DE","og_type":"article","og_title":"Bericht \u00fcber die Fachtagung \"Anlage und Pflege von Bl\u00fchfl\u00e4chen\" - Imker Ortsgruppe Salzburg Aigen","og_description":"Bericht \u00fcber die Fachtagung des Salzburger Naturschutzbundes zum Thema \"Anlage und Pflege von Bl\u00fchfl\u00e4chen\" am 9. Oktober 2025","og_url":"https:\/\/imker-aigen.at\/index.php\/2025\/10\/09\/bericht-ueber-die-fachtagung-anlage-und-pflege-von-bluehflaechen\/","og_site_name":"Imker Ortsgruppe Salzburg Aigen","article_published_time":"2025-10-09T14:00:35+00:00","article_modified_time":"2025-10-11T08:34:02+00:00","og_image":[{"width":1024,"height":768,"url":"https:\/\/imker-aigen.at\/wp-content\/uploads\/2025\/10\/wildflower_1024_768.jpg","type":"image\/jpeg"}],"author":"admin","twitter_card":"summary_large_image","twitter_misc":{"Verfasst von":"admin","Gesch\u00e4tzte Lesezeit":"10\u00a0Minuten"},"schema":{"@context":"https:\/\/schema.org","@graph":[{"@type":"Article","@id":"https:\/\/imker-aigen.at\/index.php\/2025\/10\/09\/bericht-ueber-die-fachtagung-anlage-und-pflege-von-bluehflaechen\/#article","isPartOf":{"@id":"https:\/\/imker-aigen.at\/index.php\/2025\/10\/09\/bericht-ueber-die-fachtagung-anlage-und-pflege-von-bluehflaechen\/"},"author":{"name":"admin","@id":"https:\/\/imker-aigen.at\/#\/schema\/person\/d7d0c3a8ef6f051d450781218ac83077"},"headline":"Bericht \u00fcber die Fachtagung &#8222;Anlage und Pflege von Bl\u00fchfl\u00e4chen&#8220;","datePublished":"2025-10-09T14:00:35+00:00","dateModified":"2025-10-11T08:34:02+00:00","mainEntityOfPage":{"@id":"https:\/\/imker-aigen.at\/index.php\/2025\/10\/09\/bericht-ueber-die-fachtagung-anlage-und-pflege-von-bluehflaechen\/"},"wordCount":2669,"commentCount":0,"publisher":{"@id":"https:\/\/imker-aigen.at\/#organization"},"image":{"@id":"https:\/\/imker-aigen.at\/index.php\/2025\/10\/09\/bericht-ueber-die-fachtagung-anlage-und-pflege-von-bluehflaechen\/#primaryimage"},"thumbnailUrl":"https:\/\/imker-aigen.at\/wp-content\/uploads\/2025\/10\/wildflower_1024_768.jpg","keywords":["Artenvielfalt","Bl\u00fchfl\u00e4chen","M\u00e4htechnik","Naturschutzbund","\u00d6PUL","Saatgut","Wildbienen"],"articleSection":["Alte Veranstaltungen","News"],"inLanguage":"de","potentialAction":[{"@type":"CommentAction","name":"Comment","target":["https:\/\/imker-aigen.at\/index.php\/2025\/10\/09\/bericht-ueber-die-fachtagung-anlage-und-pflege-von-bluehflaechen\/#respond"]}]},{"@type":"WebPage","@id":"https:\/\/imker-aigen.at\/index.php\/2025\/10\/09\/bericht-ueber-die-fachtagung-anlage-und-pflege-von-bluehflaechen\/","url":"https:\/\/imker-aigen.at\/index.php\/2025\/10\/09\/bericht-ueber-die-fachtagung-anlage-und-pflege-von-bluehflaechen\/","name":"Bericht \u00fcber die Fachtagung \"Anlage und Pflege von Bl\u00fchfl\u00e4chen\" - Imker Ortsgruppe Salzburg Aigen","isPartOf":{"@id":"https:\/\/imker-aigen.at\/#website"},"primaryImageOfPage":{"@id":"https:\/\/imker-aigen.at\/index.php\/2025\/10\/09\/bericht-ueber-die-fachtagung-anlage-und-pflege-von-bluehflaechen\/#primaryimage"},"image":{"@id":"https:\/\/imker-aigen.at\/index.php\/2025\/10\/09\/bericht-ueber-die-fachtagung-anlage-und-pflege-von-bluehflaechen\/#primaryimage"},"thumbnailUrl":"https:\/\/imker-aigen.at\/wp-content\/uploads\/2025\/10\/wildflower_1024_768.jpg","datePublished":"2025-10-09T14:00:35+00:00","dateModified":"2025-10-11T08:34:02+00:00","description":"Bericht \u00fcber die Fachtagung des Salzburger Naturschutzbundes zum Thema \"Anlage und Pflege von Bl\u00fchfl\u00e4chen\" am 9. Oktober 2025","breadcrumb":{"@id":"https:\/\/imker-aigen.at\/index.php\/2025\/10\/09\/bericht-ueber-die-fachtagung-anlage-und-pflege-von-bluehflaechen\/#breadcrumb"},"inLanguage":"de","potentialAction":[{"@type":"ReadAction","target":["https:\/\/imker-aigen.at\/index.php\/2025\/10\/09\/bericht-ueber-die-fachtagung-anlage-und-pflege-von-bluehflaechen\/"]}]},{"@type":"ImageObject","inLanguage":"de","@id":"https:\/\/imker-aigen.at\/index.php\/2025\/10\/09\/bericht-ueber-die-fachtagung-anlage-und-pflege-von-bluehflaechen\/#primaryimage","url":"https:\/\/imker-aigen.at\/wp-content\/uploads\/2025\/10\/wildflower_1024_768.jpg","contentUrl":"https:\/\/imker-aigen.at\/wp-content\/uploads\/2025\/10\/wildflower_1024_768.jpg","width":1024,"height":768},{"@type":"BreadcrumbList","@id":"https:\/\/imker-aigen.at\/index.php\/2025\/10\/09\/bericht-ueber-die-fachtagung-anlage-und-pflege-von-bluehflaechen\/#breadcrumb","itemListElement":[{"@type":"ListItem","position":1,"name":"Startseite","item":"https:\/\/imker-aigen.at\/index.php\/home\/"},{"@type":"ListItem","position":2,"name":"Bericht \u00fcber die Fachtagung &#8222;Anlage und Pflege von Bl\u00fchfl\u00e4chen&#8220;"}]},{"@type":"WebSite","@id":"https:\/\/imker-aigen.at\/#website","url":"https:\/\/imker-aigen.at\/","name":"Imker Ortsgruppe Salzburg Aigen","description":"Homepage der Imker-Ortsgruppe Salzburg Aigen","publisher":{"@id":"https:\/\/imker-aigen.at\/#organization"},"potentialAction":[{"@type":"SearchAction","target":{"@type":"EntryPoint","urlTemplate":"https:\/\/imker-aigen.at\/?s={search_term_string}"},"query-input":{"@type":"PropertyValueSpecification","valueRequired":true,"valueName":"search_term_string"}}],"inLanguage":"de"},{"@type":"Organization","@id":"https:\/\/imker-aigen.at\/#organization","name":"Imker Ortsgruppe Salzburg Aigen","url":"https:\/\/imker-aigen.at\/","logo":{"@type":"ImageObject","inLanguage":"de","@id":"https:\/\/imker-aigen.at\/#\/schema\/logo\/image\/","url":"https:\/\/imker-aigen.at\/wp-content\/uploads\/2022\/08\/logo-1.png","contentUrl":"https:\/\/imker-aigen.at\/wp-content\/uploads\/2022\/08\/logo-1.png","width":392,"height":156,"caption":"Imker Ortsgruppe Salzburg Aigen"},"image":{"@id":"https:\/\/imker-aigen.at\/#\/schema\/logo\/image\/"}},{"@type":"Person","@id":"https:\/\/imker-aigen.at\/#\/schema\/person\/d7d0c3a8ef6f051d450781218ac83077","name":"admin","image":{"@type":"ImageObject","inLanguage":"de","@id":"https:\/\/secure.gravatar.com\/avatar\/925a7e918efd3cfdae29be9c0018a3ae3275cd0444a6e166241172bb6e5243c7?s=96&d=mm&r=g","url":"https:\/\/secure.gravatar.com\/avatar\/925a7e918efd3cfdae29be9c0018a3ae3275cd0444a6e166241172bb6e5243c7?s=96&d=mm&r=g","contentUrl":"https:\/\/secure.gravatar.com\/avatar\/925a7e918efd3cfdae29be9c0018a3ae3275cd0444a6e166241172bb6e5243c7?s=96&d=mm&r=g","caption":"admin"},"sameAs":["https:\/\/imker-aigen.at","linkedin.com\/in\/bernd-meierhofer-5919b62"],"url":"https:\/\/imker-aigen.at\/index.php\/author\/bmeierhofer\/"}]}},"_links":{"self":[{"href":"https:\/\/imker-aigen.at\/index.php\/wp-json\/wp\/v2\/posts\/8873","targetHints":{"allow":["GET"]}}],"collection":[{"href":"https:\/\/imker-aigen.at\/index.php\/wp-json\/wp\/v2\/posts"}],"about":[{"href":"https:\/\/imker-aigen.at\/index.php\/wp-json\/wp\/v2\/types\/post"}],"author":[{"embeddable":true,"href":"https:\/\/imker-aigen.at\/index.php\/wp-json\/wp\/v2\/users\/1"}],"replies":[{"embeddable":true,"href":"https:\/\/imker-aigen.at\/index.php\/wp-json\/wp\/v2\/comments?post=8873"}],"version-history":[{"count":25,"href":"https:\/\/imker-aigen.at\/index.php\/wp-json\/wp\/v2\/posts\/8873\/revisions"}],"predecessor-version":[{"id":8908,"href":"https:\/\/imker-aigen.at\/index.php\/wp-json\/wp\/v2\/posts\/8873\/revisions\/8908"}],"wp:featuredmedia":[{"embeddable":true,"href":"https:\/\/imker-aigen.at\/index.php\/wp-json\/wp\/v2\/media\/8903"}],"wp:attachment":[{"href":"https:\/\/imker-aigen.at\/index.php\/wp-json\/wp\/v2\/media?parent=8873"}],"wp:term":[{"taxonomy":"category","embeddable":true,"href":"https:\/\/imker-aigen.at\/index.php\/wp-json\/wp\/v2\/categories?post=8873"},{"taxonomy":"post_tag","embeddable":true,"href":"https:\/\/imker-aigen.at\/index.php\/wp-json\/wp\/v2\/tags?post=8873"}],"curies":[{"name":"wp","href":"https:\/\/api.w.org\/{rel}","templated":true}]}}