{"id":9030,"date":"2025-11-16T10:59:28","date_gmt":"2025-11-16T09:59:28","guid":{"rendered":"https:\/\/imker-aigen.at\/?p=9030"},"modified":"2025-11-17T09:25:57","modified_gmt":"2025-11-17T08:25:57","slug":"imkeradvent-2025-im-imkerhof-salzburg","status":"publish","type":"post","link":"https:\/\/imker-aigen.at\/index.php\/2025\/11\/16\/imkeradvent-2025-im-imkerhof-salzburg\/","title":{"rendered":"Imkeradvent 2025 im Imkerhof Salzburg"},"content":{"rendered":"<div  class='flex_column av-7quzkm-689d7f34a962b521597c1e9187ddb4b7 av_one_full  avia-builder-el-0  avia-builder-el-no-sibling  first flex_column_div  '     ><p>\n<style type=\"text\/css\" data-created_by=\"avia_inline_auto\" id=\"style-css-av-mi1jn6se-6bb560e5dacf00079ce3160c213c06ad\">\n#top .av-special-heading.av-mi1jn6se-6bb560e5dacf00079ce3160c213c06ad{\npadding-bottom:10px;\n}\nbody .av-special-heading.av-mi1jn6se-6bb560e5dacf00079ce3160c213c06ad .av-special-heading-tag .heading-char{\nfont-size:25px;\n}\n.av-special-heading.av-mi1jn6se-6bb560e5dacf00079ce3160c213c06ad .av-subheading{\nfont-size:15px;\n}\n<\/style>\n<div  class='av-special-heading av-mi1jn6se-6bb560e5dacf00079ce3160c213c06ad av-special-heading-h3 blockquote modern-quote modern-centered  avia-builder-el-1  el_before_av_horizontal_gallery  avia-builder-el-no-sibling '><h3 class='av-special-heading-tag '  itemprop=\"headline\"  >Imkeradvent 2025 im Imkerhof Salzburg<\/h3><div class=\"special-heading-border\"><div class=\"special-heading-inner-border\"><\/div><\/div><\/div><br \/>\n\n<style type=\"text\/css\" data-created_by=\"avia_inline_auto\" id=\"style-css-av-mi1kcako-34c97ba00e53d719f8402604005175a8\">\n.av-horizontal-gallery.av-mi1kcako-34c97ba00e53d719f8402604005175a8{\npadding:3.75% 0px;;\n}\n.av-horizontal-gallery.av-mi1kcako-34c97ba00e53d719f8402604005175a8 .av-horizontal-gallery-inner{\npadding-bottom:25%;\n}\n<\/style>\n<div  class='av-horizontal-gallery av-mi1kcako-34c97ba00e53d719f8402604005175a8 av-horizontal-gallery-large-gap av-horizontal-gallery-enlarge-effect  avia-builder-el-2  el_after_av_heading  el_before_av_hr  av-slideshow-ui av-control-default av-slideshow-manual av-loop-once av-loop-manual-once av-horizontal-gallery-1' data-slideshow-data=\"{&quot;enlarge&quot;:1.3,&quot;animation&quot;:&quot;slide&quot;,&quot;autoplay&quot;:false,&quot;loop_autoplay&quot;:&quot;once&quot;,&quot;interval&quot;:5,&quot;loop_manual&quot;:&quot;manual-once&quot;,&quot;autoplay_stopper&quot;:false,&quot;noNavigation&quot;:false,&quot;bg_slider&quot;:false,&quot;keep_padding&quot;:&quot;&quot;,&quot;hoverpause&quot;:false,&quot;show_slide_delay&quot;:0}\"  itemprop=\"image\" itemscope=\"itemscope\" itemtype=\"https:\/\/schema.org\/ImageObject\" ><div class='avia-slideshow-arrows avia-slideshow-controls' ><a href='#prev' class='prev-slide av-horizontal-gallery-prev avia-svg-icon avia-font-svg_entypo-fontello' data-av_svg_icon='left-open-big' data-av_iconset='svg_entypo-fontello' tabindex='-1' title=\"Zur\u00fcck\"><svg version=\"1.1\" xmlns=\"http:\/\/www.w3.org\/2000\/svg\" width=\"15\" height=\"32\" viewBox=\"0 0 15 32\" preserveAspectRatio=\"xMidYMid meet\" aria-labelledby='av-svg-title-1' aria-describedby='av-svg-desc-1' role=\"graphics-symbol\" aria-hidden=\"true\">\n<title id='av-svg-title-1'>Zur\u00fcck<\/title>\n<desc id='av-svg-desc-1'>Zur\u00fcck<\/desc>\n<path d=\"M14.464 27.84q0.832 0.832 0 1.536-0.832 0.832-1.536 0l-12.544-12.608q-0.768-0.768 0-1.6l12.544-12.608q0.704-0.832 1.536 0 0.832 0.704 0 1.536l-11.456 11.904z\"><\/path>\n<\/svg><span class='avia_hidden_link_text'>Zur\u00fcck<\/span><\/a><a href='#next' class='next-slide av-horizontal-gallery-next avia-svg-icon avia-font-svg_entypo-fontello' data-av_svg_icon='right-open-big' data-av_iconset='svg_entypo-fontello' tabindex='-1' title=\"Weiter\"><svg version=\"1.1\" xmlns=\"http:\/\/www.w3.org\/2000\/svg\" width=\"15\" height=\"32\" viewBox=\"0 0 15 32\" preserveAspectRatio=\"xMidYMid meet\" aria-labelledby='av-svg-title-2' aria-describedby='av-svg-desc-2' role=\"graphics-symbol\" aria-hidden=\"true\">\n<title id='av-svg-title-2'>Weiter<\/title>\n<desc id='av-svg-desc-2'>Weiter<\/desc>\n<path d=\"M0.416 27.84l11.456-11.84-11.456-11.904q-0.832-0.832 0-1.536 0.832-0.832 1.536 0l12.544 12.608q0.768 0.832 0 1.6l-12.544 12.608q-0.704 0.832-1.536 0-0.832-0.704 0-1.536z\"><\/path>\n<\/svg><span class='avia_hidden_link_text'>Weiter<\/span><\/a><\/div><div class='avia-slideshow-dots avia-slideshow-controls av-horizontal-gallery-dots fade-in'><a href='#1' class='goto-slide active' >1<\/a><a href='#2' class='goto-slide ' >2<\/a><a href='#3' class='goto-slide ' >3<\/a><a href='#4' class='goto-slide ' >4<\/a><\/div><div class='av-horizontal-gallery-inner' data-av-height='25'><div class=\"av-horizontal-gallery-slider\"><div class=\"av-horizontal-gallery-wrap noHover\"><img decoding=\"async\" fetchpriority=\"high\" class='wp-image-9034 avia-img-lazy-loading-not-9034 av-horizontal-gallery-img' width=\"768\" height=\"1024\" src=\"https:\/\/imker-aigen.at\/wp-content\/uploads\/2025\/11\/imkeradvent_2025_3.jpg\" title='Thomas Renner pr\u00e4sentiert die Herstellung von Mittelw\u00e4nden sowie die verschiedenen Verfahren zur Produktion von Bienenwachskerzen.' alt='' srcset=\"https:\/\/imker-aigen.at\/wp-content\/uploads\/2025\/11\/imkeradvent_2025_3.jpg 768w, https:\/\/imker-aigen.at\/wp-content\/uploads\/2025\/11\/imkeradvent_2025_3-225x300.jpg 225w, https:\/\/imker-aigen.at\/wp-content\/uploads\/2025\/11\/imkeradvent_2025_3-529x705.jpg 529w\" sizes=\"(max-width: 768px) 100vw, 768px\" \/><a href=\"https:\/\/imker-aigen.at\/wp-content\/uploads\/2025\/11\/imkeradvent_2025_3.jpg\" data-srcset=\"https:\/\/imker-aigen.at\/wp-content\/uploads\/2025\/11\/imkeradvent_2025_3.jpg 768w, https:\/\/imker-aigen.at\/wp-content\/uploads\/2025\/11\/imkeradvent_2025_3-225x300.jpg 225w, https:\/\/imker-aigen.at\/wp-content\/uploads\/2025\/11\/imkeradvent_2025_3-529x705.jpg 529w\" data-sizes=\"(max-width: 768px) 100vw, 768px\" class='av-horizontal-gallery-link avia-svg-icon avia-font-svg_entypo-fontello' data-av_svg_icon='resize-full' data-av_iconset='svg_entypo-fontello' title='Thomas Renner pr\u00e4sentiert die Herstellung von Mittelw\u00e4nden sowie die verschiedenen Verfahren zur Produktion von Bienenwachskerzen.' alt='' aria-label='Open image in lightbox: Thomas Renner pr\u00e4sentiert die Herstellung von Mittelw\u00e4nden sowie die verschiedenen Verfahren zur Produktion von Bienenwachskerzen.'><svg version=\"1.1\" xmlns=\"http:\/\/www.w3.org\/2000\/svg\" width=\"25\" height=\"32\" viewBox=\"0 0 25 32\" preserveAspectRatio=\"xMidYMid meet\" aria-labelledby='av-svg-title-3' aria-describedby='av-svg-desc-3' role=\"graphics-symbol\" aria-hidden=\"true\">\n<title id='av-svg-title-3'>Open image in lightbox: Thomas Renner pr\u00e4sentiert die Herstellung von Mittelw\u00e4nden sowie die verschiedenen Verfahren zur Produktion von Bienenwachskerzen.<\/title>\n<desc id='av-svg-desc-3'>Open image in lightbox: Thomas Renner pr\u00e4sentiert die Herstellung von Mittelw\u00e4nden sowie die verschiedenen Verfahren zur Produktion von Bienenwachskerzen.<\/desc>\n<path d=\"M15.232 3.328h10.112v10.112l-3.2-3.968-4.672 4.864-3.2-3.2 4.864-4.672zM7.872 17.536l3.2 3.2-4.864 4.672 3.904 3.2h-10.112v-10.112l3.2 3.904z\"><\/path>\n<\/svg><\/a><\/div><div class=\"av-horizontal-gallery-wrap noHover\"><img decoding=\"async\" fetchpriority=\"high\" class='wp-image-9032 avia-img-lazy-loading-not-9032 av-horizontal-gallery-img' width=\"768\" height=\"1024\" src=\"https:\/\/imker-aigen.at\/wp-content\/uploads\/2025\/11\/imkeradvent_2025_1.jpg\" title='Los geht es mit dem Waschen der R\u00e4hmchen' alt='' srcset=\"https:\/\/imker-aigen.at\/wp-content\/uploads\/2025\/11\/imkeradvent_2025_1.jpg 768w, https:\/\/imker-aigen.at\/wp-content\/uploads\/2025\/11\/imkeradvent_2025_1-225x300.jpg 225w, https:\/\/imker-aigen.at\/wp-content\/uploads\/2025\/11\/imkeradvent_2025_1-529x705.jpg 529w\" sizes=\"(max-width: 768px) 100vw, 768px\" \/><a href=\"https:\/\/imker-aigen.at\/wp-content\/uploads\/2025\/11\/imkeradvent_2025_1.jpg\" data-srcset=\"https:\/\/imker-aigen.at\/wp-content\/uploads\/2025\/11\/imkeradvent_2025_1.jpg 768w, https:\/\/imker-aigen.at\/wp-content\/uploads\/2025\/11\/imkeradvent_2025_1-225x300.jpg 225w, https:\/\/imker-aigen.at\/wp-content\/uploads\/2025\/11\/imkeradvent_2025_1-529x705.jpg 529w\" data-sizes=\"(max-width: 768px) 100vw, 768px\" class='av-horizontal-gallery-link avia-svg-icon avia-font-svg_entypo-fontello' data-av_svg_icon='resize-full' data-av_iconset='svg_entypo-fontello' title='Los geht es mit dem Waschen der R\u00e4hmchen' alt='' aria-label='Open image in lightbox: Los geht es mit dem Waschen der R\u00e4hmchen'><svg version=\"1.1\" xmlns=\"http:\/\/www.w3.org\/2000\/svg\" width=\"25\" height=\"32\" viewBox=\"0 0 25 32\" preserveAspectRatio=\"xMidYMid meet\" aria-labelledby='av-svg-title-4' aria-describedby='av-svg-desc-4' role=\"graphics-symbol\" aria-hidden=\"true\">\n<title id='av-svg-title-4'>Open image in lightbox: Los geht es mit dem Waschen der R\u00e4hmchen<\/title>\n<desc id='av-svg-desc-4'>Open image in lightbox: Los geht es mit dem Waschen der R\u00e4hmchen<\/desc>\n<path d=\"M15.232 3.328h10.112v10.112l-3.2-3.968-4.672 4.864-3.2-3.2 4.864-4.672zM7.872 17.536l3.2 3.2-4.864 4.672 3.904 3.2h-10.112v-10.112l3.2 3.904z\"><\/path>\n<\/svg><\/a><\/div><div class=\"av-horizontal-gallery-wrap noHover\"><img decoding=\"async\" fetchpriority=\"high\" class='wp-image-9033 avia-img-lazy-loading-not-9033 av-horizontal-gallery-img' width=\"768\" height=\"1024\" src=\"https:\/\/imker-aigen.at\/wp-content\/uploads\/2025\/11\/imkeradvent_2025_2.jpg\" title='Gibt es etwas Sch\u00f6neres als das Waschen der R\u00e4hmchen? ;-)' alt='' srcset=\"https:\/\/imker-aigen.at\/wp-content\/uploads\/2025\/11\/imkeradvent_2025_2.jpg 768w, https:\/\/imker-aigen.at\/wp-content\/uploads\/2025\/11\/imkeradvent_2025_2-225x300.jpg 225w, https:\/\/imker-aigen.at\/wp-content\/uploads\/2025\/11\/imkeradvent_2025_2-529x705.jpg 529w\" sizes=\"(max-width: 768px) 100vw, 768px\" \/><a href=\"https:\/\/imker-aigen.at\/wp-content\/uploads\/2025\/11\/imkeradvent_2025_2.jpg\" data-srcset=\"https:\/\/imker-aigen.at\/wp-content\/uploads\/2025\/11\/imkeradvent_2025_2.jpg 768w, https:\/\/imker-aigen.at\/wp-content\/uploads\/2025\/11\/imkeradvent_2025_2-225x300.jpg 225w, https:\/\/imker-aigen.at\/wp-content\/uploads\/2025\/11\/imkeradvent_2025_2-529x705.jpg 529w\" data-sizes=\"(max-width: 768px) 100vw, 768px\" class='av-horizontal-gallery-link avia-svg-icon avia-font-svg_entypo-fontello' data-av_svg_icon='resize-full' data-av_iconset='svg_entypo-fontello' title='Gibt es etwas Sch\u00f6neres als das Waschen der R\u00e4hmchen? ;-)' alt='' aria-label='Open image in lightbox: Gibt es etwas Sch\u00f6neres als das Waschen der R\u00e4hmchen? ;-)'><svg version=\"1.1\" xmlns=\"http:\/\/www.w3.org\/2000\/svg\" width=\"25\" height=\"32\" viewBox=\"0 0 25 32\" preserveAspectRatio=\"xMidYMid meet\" aria-labelledby='av-svg-title-5' aria-describedby='av-svg-desc-5' role=\"graphics-symbol\" aria-hidden=\"true\">\n<title id='av-svg-title-5'>Open image in lightbox: Gibt es etwas Sch\u00f6neres als das Waschen der R\u00e4hmchen? \ud83d\ude09<\/title>\n<desc id='av-svg-desc-5'>Open image in lightbox: Gibt es etwas Sch\u00f6neres als das Waschen der R\u00e4hmchen? \ud83d\ude09<\/desc>\n<path d=\"M15.232 3.328h10.112v10.112l-3.2-3.968-4.672 4.864-3.2-3.2 4.864-4.672zM7.872 17.536l3.2 3.2-4.864 4.672 3.904 3.2h-10.112v-10.112l3.2 3.904z\"><\/path>\n<\/svg><\/a><\/div><div class=\"av-horizontal-gallery-wrap noHover\"><img decoding=\"async\" fetchpriority=\"high\" class='wp-image-9035 avia-img-lazy-loading-not-9035 av-horizontal-gallery-img' width=\"768\" height=\"1024\" src=\"https:\/\/imker-aigen.at\/wp-content\/uploads\/2025\/11\/imkeradvent_2025_4.jpg\" title='Mit viel Freude geht es weiter' alt='' srcset=\"https:\/\/imker-aigen.at\/wp-content\/uploads\/2025\/11\/imkeradvent_2025_4.jpg 768w, https:\/\/imker-aigen.at\/wp-content\/uploads\/2025\/11\/imkeradvent_2025_4-225x300.jpg 225w, https:\/\/imker-aigen.at\/wp-content\/uploads\/2025\/11\/imkeradvent_2025_4-529x705.jpg 529w\" sizes=\"(max-width: 768px) 100vw, 768px\" \/><a href=\"https:\/\/imker-aigen.at\/wp-content\/uploads\/2025\/11\/imkeradvent_2025_4.jpg\" data-srcset=\"https:\/\/imker-aigen.at\/wp-content\/uploads\/2025\/11\/imkeradvent_2025_4.jpg 768w, https:\/\/imker-aigen.at\/wp-content\/uploads\/2025\/11\/imkeradvent_2025_4-225x300.jpg 225w, https:\/\/imker-aigen.at\/wp-content\/uploads\/2025\/11\/imkeradvent_2025_4-529x705.jpg 529w\" data-sizes=\"(max-width: 768px) 100vw, 768px\" class='av-horizontal-gallery-link avia-svg-icon avia-font-svg_entypo-fontello' data-av_svg_icon='resize-full' data-av_iconset='svg_entypo-fontello' title='Mit viel Freude geht es weiter' alt='' aria-label='Open image in lightbox: Mit viel Freude geht es weiter'><svg version=\"1.1\" xmlns=\"http:\/\/www.w3.org\/2000\/svg\" width=\"25\" height=\"32\" viewBox=\"0 0 25 32\" preserveAspectRatio=\"xMidYMid meet\" aria-labelledby='av-svg-title-6' aria-describedby='av-svg-desc-6' role=\"graphics-symbol\" aria-hidden=\"true\">\n<title id='av-svg-title-6'>Open image in lightbox: Mit viel Freude geht es weiter<\/title>\n<desc id='av-svg-desc-6'>Open image in lightbox: Mit viel Freude geht es weiter<\/desc>\n<path d=\"M15.232 3.328h10.112v10.112l-3.2-3.968-4.672 4.864-3.2-3.2 4.864-4.672zM7.872 17.536l3.2 3.2-4.864 4.672 3.904 3.2h-10.112v-10.112l3.2 3.904z\"><\/path>\n<\/svg><\/a><\/div><\/div><\/div><\/div><br \/>\n\n<style type=\"text\/css\" data-created_by=\"avia_inline_auto\" id=\"style-css-av-mi1jni1n-fa3c4956291f31dad98f7df4e833acba\">\n#top .hr.av-mi1jni1n-fa3c4956291f31dad98f7df4e833acba{\nmargin-top:30px;\nmargin-bottom:30px;\n}\n.hr.av-mi1jni1n-fa3c4956291f31dad98f7df4e833acba .hr-inner{\nwidth:50px;\nmax-width:45%;\n}\n<\/style>\n<div  class='hr av-mi1jni1n-fa3c4956291f31dad98f7df4e833acba hr-custom  avia-builder-el-3  el_after_av_horizontal_gallery  el_before_av_textblock  avia-builder-el-first  hr-center hr-icon-yes'><span class='hr-inner inner-border-av-border-thin'><span class=\"hr-inner-style\"><\/span><\/span><span class='av-seperator-icon avia-svg-icon avia-font-svg_entypo-fontello' data-av_svg_icon='dot-3' data-av_iconset='svg_entypo-fontello'><svg version=\"1.1\" xmlns=\"http:\/\/www.w3.org\/2000\/svg\" width=\"29\" height=\"32\" viewBox=\"0 0 29 32\" preserveAspectRatio=\"xMidYMid meet\" aria-labelledby='av-svg-title-7' aria-describedby='av-svg-desc-7' role=\"graphics-symbol\">\n<title id='av-svg-title-7'>Dot-3<\/title>\n<desc id='av-svg-desc-7'>Dot-3<\/desc>\n<path d=\"M3.52 12.48q1.472 0 2.496 1.024t1.024 2.496q0 1.408-1.024 2.464t-2.496 1.056-2.496-1.056-1.024-2.464q0-1.472 1.024-2.496t2.496-1.024zM14.72 12.48q1.472 0 2.496 1.024t1.024 2.496q0 1.408-1.056 2.464t-2.464 1.056-2.464-1.056-1.056-2.464q0-1.472 1.024-2.496t2.496-1.024zM25.92 12.48q1.472 0 2.496 1.024t1.024 2.496q0 1.408-1.024 2.464t-2.496 1.056-2.496-1.056-1.024-2.464q0-1.472 1.024-2.496t2.496-1.024z\"><\/path>\n<\/svg><\/span><span class='hr-inner inner-border-av-border-thin'><span class=\"hr-inner-style\"><\/span><\/span><\/div><br \/>\n<section  class='av_textblock_section av-67wgpy-21dfb30a3be7f69bec6924195a4b1735 '   itemscope=\"itemscope\" itemtype=\"https:\/\/schema.org\/BlogPosting\" itemprop=\"blogPost\" ><div class='avia_textblock'  itemprop=\"text\" ><p><span style=\"color: #999999;\">Autor: Bernd Meierhofer<\/span><\/p>\n<p>Am 15. November 2025 fand im <a href=\"https:\/\/www.imkerhof-salzburg.at\/\">Imkerhof Salzburg<\/a> der diesj\u00e4hrige Imkeradvent statt. Die Veranstaltung lockte zahlreiche Imkerinnen und Imker aus der gesamten Region an. Neben der gem\u00fctlichen, vorweihnachtlichen Atmosph\u00e4re bot die Veranstaltung vor allem praktische und spannende Vorf\u00fchrungen rund um die Imkerei und die Verarbeitung von Bienenprodukten.<\/p>\n<h3>Die R\u00e4hmchenwaschanlage<\/h3>\n<p>Ein besonderes Highlight war die Demonstration der R\u00e4hmchenwaschanlage, an der Besucherinnen und Besucher ihre eigenen R\u00e4hmchen reinigen konnten. Aufgrund des sehr positiven Feedbacks wird bereits ein Folgetermin f\u00fcr diese Aktion angedacht. Sollte gen\u00fcgend Interesse aus den Ortsgruppen bestehen, plant Gesch\u00e4ftsf\u00fchrer Thomas Renner, noch in diesem Winter einen weiteren Waschtag zu organisieren. Da die Arbeiten im Freien stattfinden, wird dabei selbstverst\u00e4ndlich darauf geachtet, dass die Temperaturen niedrig genug bleiben, damit die Bienen nicht fliegen und durch die Ger\u00fcche angelockt werden.<br \/>\nDer gemeinsame R\u00e4hmchenwaschtag ist vor allem f\u00fcr Imkerinnen und Imker mit wenigen Bienenst\u00f6cken und ohne der notwendigen Ausr\u00fcstung eine ideale Gelegenheit, alte R\u00e4hmchen gr\u00fcndlich zu reinigen. Da von altem, herumliegendem Wabenmaterial auch Krankheiten ausgehen k\u00f6nnen, ist dies eine sehr sinnvolle Hygienema\u00dfnahme. Nutzt bitte diese M\u00f6glichkeit!<\/p>\n<h3>Verarbeitung von Bienenwachs<\/h3>\n<p>Ebenso wurde die Verarbeitung von Bienenwachs demonstriert. Von der Herstellung von Mittelw\u00e4nden bis zur Produktion von dekorativen Kerzen. Thomas Renner nutzte die Gelegenheit, um auf die Bedeutung hochwertiger Mittelw\u00e4nde im Bienenstock hinzuweisen. Das Wabenwerk dient nicht nur der Brut und Honiglagerung, sondern auch als Kommunikationsnetzwerk innerhalb des Volkes. \u00dcber feine Schwingungen in den Waben werden Informationen zwischen den Bienen weitergegeben. Besonders d\u00fcnne, gegossene Mittelw\u00e4nde unterst\u00fctzen diese nat\u00fcrliche Struktur optimal, auch wenn in der Praxis oft dickere, gewalzte Mittelw\u00e4nde bevorzugt werden, da sie stabiler und beim Einl\u00f6ten weniger empfindlich sind. Ein guter Kompromiss besteht darin, zus\u00e4tzlich Bereiche f\u00fcr nat\u00fcrlichen Wabenbau freizuhalten.<\/p>\n<h3>Besuch vom Facharbeiterkurs<\/h3>\n<p>Parallel zum Imkeradvent fand im Imkerhof ein Imker-Facharbeiterkurs statt. In den Pausen mischten sich die Kursteilnehmerinnen und Kursteilnehmer unter die Adventbesucher, was zu einem besonders regen Austausch f\u00fchrte. Es war erfreulich zu sehen, dass sich erneut gen\u00fcgend Interessierte f\u00fcr eine Fachausbildung gefunden haben \u2013 ein starkes Zeichen f\u00fcr die Zukunft der regionalen Imkerei.<\/p>\n<h3>Kulinarisches<\/h3>\n<p>Auch die kulinarische Seite kam nicht zu kurz: Feines Geb\u00e4ck, Weihnachtskekse, Gl\u00fchwein, Bockbier vom <a href=\"https:\/\/www.augustinerbier.at\">M\u00fcllnerbr\u00e4u<\/a> und Met der <a href=\"https:\/\/www.bio-austria.at\/biobauer\/bio-imkerei-rindberger\/\">Bio-Imkerei Rindberger aus Zell am Moos<\/a> sorgten f\u00fcr Genuss und festliche Stimmung. Der Met der Bio-Imkerei Rindberger zeichnet sich durch seine Nachreifung in Eichenf\u00e4ssern aus, was ihm einen au\u00dfergew\u00f6hnlichen und vollmundigen Geschmack verleiht.<\/p>\n<p>Die Bio-Imkerei Rindberger ist \u00fcbrigens jede zweite Woche am <a href=\"https:\/\/www.salzburg.info\/de\/kulinarik-shopping\/maerkte\/schrannenmarkt\">Salzburger Wochenmarkt <em>\u201e<\/em>Die Schranne\u201c<\/a> vertreten. Im Wechsel mit der <a href=\"https:\/\/biokocher.at\/\">Bio-Imkerei von Ernst Kocher aus Radstadt<\/a> besteht somit f\u00fcr die Besucher der Schranne das ganze Jahr \u00fcber die M\u00f6glichkeit, regionale und hochwertige Bienenprodukte direkt vom Produzenten zu erwerben.<\/p>\n<h3>Danksagung<\/h3>\n<p>Ein herzlicher Dank gilt dem gesamten Team des Imkerhofes Salzburg f\u00fcr diese gelungene, informative und stimmungsvolle Veranstaltung!\u00a0 Wir freuen uns bereits jetzt auf die Wiederholung im kommenden Jahr.<\/p>\n<\/div><\/section><br \/>\n<div  class='av-social-sharing-box av-3qjati-4e8bffb3982b8d8c9db489097df1acbb av-social-sharing-box-default  avia-builder-el-5  el_after_av_textblock  el_before_av_comments_list  av-social-sharing-box-fullwidth'><div class=\"av-share-box\"><h5 class='av-share-link-description av-no-toc '>Eintrag teilen<\/h5><ul class=\"av-share-box-list noLightbox\"><li class='av-share-link av-social-link-facebook avia_social_iconfont' ><a target=\"_blank\" aria-label=\"Teilen auf Facebook\" href='https:\/\/www.facebook.com\/sharer.php?u=https:\/\/imker-aigen.at\/index.php\/2025\/11\/16\/imkeradvent-2025-im-imkerhof-salzburg\/&#038;t=Imkeradvent%202025%20im%20Imkerhof%20Salzburg' data-av_icon='\ue8f3' data-av_iconfont='entypo-fontello'  title='' data-avia-related-tooltip='Teilen auf Facebook'><span class='avia_hidden_link_text'>Teilen auf Facebook<\/span><\/a><\/li><li class='av-share-link av-social-link-twitter avia_social_iconfont' ><a target=\"_blank\" aria-label=\"Teilen auf X\" href='https:\/\/twitter.com\/share?text=Imkeradvent%202025%20im%20Imkerhof%20Salzburg&#038;url=https:\/\/imker-aigen.at\/?p=9030' data-av_icon='\ue932' data-av_iconfont='entypo-fontello'  title='' data-avia-related-tooltip='Teilen auf X'><span class='avia_hidden_link_text'>Teilen auf X<\/span><\/a><\/li><li class='av-share-link av-social-link-whatsapp avia_social_iconfont' ><a target=\"_blank\" aria-label=\"Teilen auf WhatsApp\" href='https:\/\/api.whatsapp.com\/send?text=https:\/\/imker-aigen.at\/index.php\/2025\/11\/16\/imkeradvent-2025-im-imkerhof-salzburg\/' data-av_icon='\uf232' data-av_iconfont='entypo-fontello'  title='' data-avia-related-tooltip='Teilen auf WhatsApp'><span class='avia_hidden_link_text'>Teilen auf WhatsApp<\/span><\/a><\/li><li class='av-share-link av-social-link-pinterest avia_social_iconfont' ><a target=\"_blank\" aria-label=\"Teilen auf Pinterest\" href='https:\/\/pinterest.com\/pin\/create\/button\/?url=https%3A%2F%2Fimker-aigen.at%2Findex.php%2F2025%2F11%2F16%2Fimkeradvent-2025-im-imkerhof-salzburg%2F&#038;description=Imkeradvent%202025%20im%20Imkerhof%20Salzburg&#038;media=https%3A%2F%2Fimker-aigen.at%2Fwp-content%2Fuploads%2F2025%2F11%2Fadventmarkt2025_500_450.jpg' data-av_icon='\ue8f8' data-av_iconfont='entypo-fontello'  title='' data-avia-related-tooltip='Teilen auf Pinterest'><span class='avia_hidden_link_text'>Teilen auf Pinterest<\/span><\/a><\/li><li class='av-share-link av-social-link-linkedin avia_social_iconfont' ><a target=\"_blank\" aria-label=\"Teilen auf LinkedIn\" href='https:\/\/linkedin.com\/shareArticle?mini=true&#038;title=Imkeradvent%202025%20im%20Imkerhof%20Salzburg&#038;url=https:\/\/imker-aigen.at\/index.php\/2025\/11\/16\/imkeradvent-2025-im-imkerhof-salzburg\/' data-av_icon='\ue8fc' data-av_iconfont='entypo-fontello'  title='' data-avia-related-tooltip='Teilen auf LinkedIn'><span class='avia_hidden_link_text'>Teilen auf LinkedIn<\/span><\/a><\/li><li class='av-share-link av-social-link-reddit avia_social_iconfont' ><a target=\"_blank\" aria-label=\"Teilen auf Reddit\" href='https:\/\/reddit.com\/submit?url=https:\/\/imker-aigen.at\/index.php\/2025\/11\/16\/imkeradvent-2025-im-imkerhof-salzburg\/&#038;title=Imkeradvent%202025%20im%20Imkerhof%20Salzburg' data-av_icon='\ue927' data-av_iconfont='entypo-fontello'  title='' data-avia-related-tooltip='Teilen auf Reddit'><span class='avia_hidden_link_text'>Teilen auf Reddit<\/span><\/a><\/li><li class='av-share-link av-social-link-mail avia_social_iconfont' ><a  aria-label=\"Per E-Mail teilen\" href='mailto:?subject=Imkeradvent%202025%20im%20Imkerhof%20Salzburg&#038;body=https:\/\/imker-aigen.at\/index.php\/2025\/11\/16\/imkeradvent-2025-im-imkerhof-salzburg\/' data-av_icon='\ue805' data-av_iconfont='entypo-fontello'  title='' data-avia-related-tooltip='Per E-Mail teilen'><span class='avia_hidden_link_text'>Per E-Mail teilen<\/span><\/a><\/li><\/ul><\/div><\/div><br \/>\n<div  class='av-buildercomment av-2qfkp2-692da72b575e97eb14ea02bf4b1fca2d'><\/div><\/p><\/div>\n","protected":false},"excerpt":{"rendered":"","protected":false},"author":1,"featured_media":9046,"comment_status":"open","ping_status":"closed","sticky":false,"template":"","format":"standard","meta":{"footnotes":""},"categories":[18,2],"tags":[289,468,56,469,299,467,470],"class_list":["post-9030","post","type-post","status-publish","format-standard","has-post-thumbnail","hentry","category-alte-veranstaltungen","category-news","tag-imkeradvent","tag-kocher","tag-met","tag-mittelwaende","tag-raehmchenwaschanlage","tag-rindberger","tag-schranne"],"yoast_head":"<!-- This site is optimized with the Yoast SEO plugin v27.4 - https:\/\/yoast.com\/product\/yoast-seo-wordpress\/ -->\n<title>Imkeradvent 2025 im Imkerhof Salzburg - Imker Ortsgruppe Salzburg Aigen<\/title>\n<meta name=\"description\" content=\"Am 15.11.2025 fand im Imkerhof Salzburg wieder der traditionelle Imkeradvent statt.\" \/>\n<meta name=\"robots\" content=\"index, follow, max-snippet:-1, max-image-preview:large, max-video-preview:-1\" \/>\n<link rel=\"canonical\" href=\"https:\/\/imker-aigen.at\/index.php\/2025\/11\/16\/imkeradvent-2025-im-imkerhof-salzburg\/\" \/>\n<meta property=\"og:locale\" content=\"de_DE\" \/>\n<meta property=\"og:type\" content=\"article\" \/>\n<meta property=\"og:title\" content=\"Imkeradvent 2025 im Imkerhof Salzburg - Imker Ortsgruppe Salzburg Aigen\" \/>\n<meta property=\"og:description\" content=\"Am 15.11.2025 fand im Imkerhof Salzburg wieder der traditionelle Imkeradvent statt.\" \/>\n<meta property=\"og:url\" content=\"https:\/\/imker-aigen.at\/index.php\/2025\/11\/16\/imkeradvent-2025-im-imkerhof-salzburg\/\" \/>\n<meta property=\"og:site_name\" content=\"Imker Ortsgruppe Salzburg Aigen\" \/>\n<meta property=\"article:published_time\" content=\"2025-11-16T09:59:28+00:00\" \/>\n<meta property=\"article:modified_time\" content=\"2025-11-17T08:25:57+00:00\" \/>\n<meta property=\"og:image\" content=\"https:\/\/imker-aigen.at\/wp-content\/uploads\/2025\/11\/adventmarkt2025_500_450.jpg\" \/>\n\t<meta property=\"og:image:width\" content=\"500\" \/>\n\t<meta property=\"og:image:height\" content=\"450\" \/>\n\t<meta property=\"og:image:type\" content=\"image\/jpeg\" \/>\n<meta name=\"author\" content=\"admin\" \/>\n<meta name=\"twitter:card\" content=\"summary_large_image\" \/>\n<meta name=\"twitter:label1\" content=\"Verfasst von\" \/>\n\t<meta name=\"twitter:data1\" content=\"admin\" \/>\n\t<meta name=\"twitter:label2\" content=\"Gesch\u00e4tzte Lesezeit\" \/>\n\t<meta name=\"twitter:data2\" content=\"5\u00a0Minuten\" \/>\n<script type=\"application\/ld+json\" class=\"yoast-schema-graph\">{\"@context\":\"https:\\\/\\\/schema.org\",\"@graph\":[{\"@type\":\"Article\",\"@id\":\"https:\\\/\\\/imker-aigen.at\\\/index.php\\\/2025\\\/11\\\/16\\\/imkeradvent-2025-im-imkerhof-salzburg\\\/#article\",\"isPartOf\":{\"@id\":\"https:\\\/\\\/imker-aigen.at\\\/index.php\\\/2025\\\/11\\\/16\\\/imkeradvent-2025-im-imkerhof-salzburg\\\/\"},\"author\":{\"name\":\"admin\",\"@id\":\"https:\\\/\\\/imker-aigen.at\\\/#\\\/schema\\\/person\\\/d7d0c3a8ef6f051d450781218ac83077\"},\"headline\":\"Imkeradvent 2025 im Imkerhof Salzburg\",\"datePublished\":\"2025-11-16T09:59:28+00:00\",\"dateModified\":\"2025-11-17T08:25:57+00:00\",\"mainEntityOfPage\":{\"@id\":\"https:\\\/\\\/imker-aigen.at\\\/index.php\\\/2025\\\/11\\\/16\\\/imkeradvent-2025-im-imkerhof-salzburg\\\/\"},\"wordCount\":1548,\"commentCount\":0,\"publisher\":{\"@id\":\"https:\\\/\\\/imker-aigen.at\\\/#organization\"},\"image\":{\"@id\":\"https:\\\/\\\/imker-aigen.at\\\/index.php\\\/2025\\\/11\\\/16\\\/imkeradvent-2025-im-imkerhof-salzburg\\\/#primaryimage\"},\"thumbnailUrl\":\"https:\\\/\\\/imker-aigen.at\\\/wp-content\\\/uploads\\\/2025\\\/11\\\/adventmarkt2025_500_450.jpg\",\"keywords\":[\"Imkeradvent\",\"Kocher\",\"Met\",\"Mittelw\u00e4nde\",\"R\u00e4hmchenwaschanlage\",\"Rindberger\",\"Schranne\"],\"articleSection\":[\"Alte Veranstaltungen\",\"News\"],\"inLanguage\":\"de\",\"potentialAction\":[{\"@type\":\"CommentAction\",\"name\":\"Comment\",\"target\":[\"https:\\\/\\\/imker-aigen.at\\\/index.php\\\/2025\\\/11\\\/16\\\/imkeradvent-2025-im-imkerhof-salzburg\\\/#respond\"]}]},{\"@type\":\"WebPage\",\"@id\":\"https:\\\/\\\/imker-aigen.at\\\/index.php\\\/2025\\\/11\\\/16\\\/imkeradvent-2025-im-imkerhof-salzburg\\\/\",\"url\":\"https:\\\/\\\/imker-aigen.at\\\/index.php\\\/2025\\\/11\\\/16\\\/imkeradvent-2025-im-imkerhof-salzburg\\\/\",\"name\":\"Imkeradvent 2025 im Imkerhof Salzburg - Imker Ortsgruppe Salzburg Aigen\",\"isPartOf\":{\"@id\":\"https:\\\/\\\/imker-aigen.at\\\/#website\"},\"primaryImageOfPage\":{\"@id\":\"https:\\\/\\\/imker-aigen.at\\\/index.php\\\/2025\\\/11\\\/16\\\/imkeradvent-2025-im-imkerhof-salzburg\\\/#primaryimage\"},\"image\":{\"@id\":\"https:\\\/\\\/imker-aigen.at\\\/index.php\\\/2025\\\/11\\\/16\\\/imkeradvent-2025-im-imkerhof-salzburg\\\/#primaryimage\"},\"thumbnailUrl\":\"https:\\\/\\\/imker-aigen.at\\\/wp-content\\\/uploads\\\/2025\\\/11\\\/adventmarkt2025_500_450.jpg\",\"datePublished\":\"2025-11-16T09:59:28+00:00\",\"dateModified\":\"2025-11-17T08:25:57+00:00\",\"description\":\"Am 15.11.2025 fand im Imkerhof Salzburg wieder der traditionelle Imkeradvent statt.\",\"breadcrumb\":{\"@id\":\"https:\\\/\\\/imker-aigen.at\\\/index.php\\\/2025\\\/11\\\/16\\\/imkeradvent-2025-im-imkerhof-salzburg\\\/#breadcrumb\"},\"inLanguage\":\"de\",\"potentialAction\":[{\"@type\":\"ReadAction\",\"target\":[\"https:\\\/\\\/imker-aigen.at\\\/index.php\\\/2025\\\/11\\\/16\\\/imkeradvent-2025-im-imkerhof-salzburg\\\/\"]}]},{\"@type\":\"ImageObject\",\"inLanguage\":\"de\",\"@id\":\"https:\\\/\\\/imker-aigen.at\\\/index.php\\\/2025\\\/11\\\/16\\\/imkeradvent-2025-im-imkerhof-salzburg\\\/#primaryimage\",\"url\":\"https:\\\/\\\/imker-aigen.at\\\/wp-content\\\/uploads\\\/2025\\\/11\\\/adventmarkt2025_500_450.jpg\",\"contentUrl\":\"https:\\\/\\\/imker-aigen.at\\\/wp-content\\\/uploads\\\/2025\\\/11\\\/adventmarkt2025_500_450.jpg\",\"width\":500,\"height\":450},{\"@type\":\"BreadcrumbList\",\"@id\":\"https:\\\/\\\/imker-aigen.at\\\/index.php\\\/2025\\\/11\\\/16\\\/imkeradvent-2025-im-imkerhof-salzburg\\\/#breadcrumb\",\"itemListElement\":[{\"@type\":\"ListItem\",\"position\":1,\"name\":\"Startseite\",\"item\":\"https:\\\/\\\/imker-aigen.at\\\/index.php\\\/home\\\/\"},{\"@type\":\"ListItem\",\"position\":2,\"name\":\"Imkeradvent 2025 im Imkerhof Salzburg\"}]},{\"@type\":\"WebSite\",\"@id\":\"https:\\\/\\\/imker-aigen.at\\\/#website\",\"url\":\"https:\\\/\\\/imker-aigen.at\\\/\",\"name\":\"Imker Ortsgruppe Salzburg Aigen\",\"description\":\"Homepage der Imker-Ortsgruppe Salzburg Aigen\",\"publisher\":{\"@id\":\"https:\\\/\\\/imker-aigen.at\\\/#organization\"},\"potentialAction\":[{\"@type\":\"SearchAction\",\"target\":{\"@type\":\"EntryPoint\",\"urlTemplate\":\"https:\\\/\\\/imker-aigen.at\\\/?s={search_term_string}\"},\"query-input\":{\"@type\":\"PropertyValueSpecification\",\"valueRequired\":true,\"valueName\":\"search_term_string\"}}],\"inLanguage\":\"de\"},{\"@type\":\"Organization\",\"@id\":\"https:\\\/\\\/imker-aigen.at\\\/#organization\",\"name\":\"Imker Ortsgruppe Salzburg Aigen\",\"url\":\"https:\\\/\\\/imker-aigen.at\\\/\",\"logo\":{\"@type\":\"ImageObject\",\"inLanguage\":\"de\",\"@id\":\"https:\\\/\\\/imker-aigen.at\\\/#\\\/schema\\\/logo\\\/image\\\/\",\"url\":\"https:\\\/\\\/imker-aigen.at\\\/wp-content\\\/uploads\\\/2022\\\/08\\\/logo-1.png\",\"contentUrl\":\"https:\\\/\\\/imker-aigen.at\\\/wp-content\\\/uploads\\\/2022\\\/08\\\/logo-1.png\",\"width\":392,\"height\":156,\"caption\":\"Imker Ortsgruppe Salzburg Aigen\"},\"image\":{\"@id\":\"https:\\\/\\\/imker-aigen.at\\\/#\\\/schema\\\/logo\\\/image\\\/\"}},{\"@type\":\"Person\",\"@id\":\"https:\\\/\\\/imker-aigen.at\\\/#\\\/schema\\\/person\\\/d7d0c3a8ef6f051d450781218ac83077\",\"name\":\"admin\",\"image\":{\"@type\":\"ImageObject\",\"inLanguage\":\"de\",\"@id\":\"https:\\\/\\\/secure.gravatar.com\\\/avatar\\\/925a7e918efd3cfdae29be9c0018a3ae3275cd0444a6e166241172bb6e5243c7?s=96&d=mm&r=g\",\"url\":\"https:\\\/\\\/secure.gravatar.com\\\/avatar\\\/925a7e918efd3cfdae29be9c0018a3ae3275cd0444a6e166241172bb6e5243c7?s=96&d=mm&r=g\",\"contentUrl\":\"https:\\\/\\\/secure.gravatar.com\\\/avatar\\\/925a7e918efd3cfdae29be9c0018a3ae3275cd0444a6e166241172bb6e5243c7?s=96&d=mm&r=g\",\"caption\":\"admin\"},\"sameAs\":[\"https:\\\/\\\/imker-aigen.at\",\"linkedin.com\\\/in\\\/bernd-meierhofer-5919b62\"],\"url\":\"https:\\\/\\\/imker-aigen.at\\\/index.php\\\/author\\\/bmeierhofer\\\/\"}]}<\/script>\n<!-- \/ Yoast SEO plugin. -->","yoast_head_json":{"title":"Imkeradvent 2025 im Imkerhof Salzburg - Imker Ortsgruppe Salzburg Aigen","description":"Am 15.11.2025 fand im Imkerhof Salzburg wieder der traditionelle Imkeradvent statt.","robots":{"index":"index","follow":"follow","max-snippet":"max-snippet:-1","max-image-preview":"max-image-preview:large","max-video-preview":"max-video-preview:-1"},"canonical":"https:\/\/imker-aigen.at\/index.php\/2025\/11\/16\/imkeradvent-2025-im-imkerhof-salzburg\/","og_locale":"de_DE","og_type":"article","og_title":"Imkeradvent 2025 im Imkerhof Salzburg - Imker Ortsgruppe Salzburg Aigen","og_description":"Am 15.11.2025 fand im Imkerhof Salzburg wieder der traditionelle Imkeradvent statt.","og_url":"https:\/\/imker-aigen.at\/index.php\/2025\/11\/16\/imkeradvent-2025-im-imkerhof-salzburg\/","og_site_name":"Imker Ortsgruppe Salzburg Aigen","article_published_time":"2025-11-16T09:59:28+00:00","article_modified_time":"2025-11-17T08:25:57+00:00","og_image":[{"width":500,"height":450,"url":"https:\/\/imker-aigen.at\/wp-content\/uploads\/2025\/11\/adventmarkt2025_500_450.jpg","type":"image\/jpeg"}],"author":"admin","twitter_card":"summary_large_image","twitter_misc":{"Verfasst von":"admin","Gesch\u00e4tzte Lesezeit":"5\u00a0Minuten"},"schema":{"@context":"https:\/\/schema.org","@graph":[{"@type":"Article","@id":"https:\/\/imker-aigen.at\/index.php\/2025\/11\/16\/imkeradvent-2025-im-imkerhof-salzburg\/#article","isPartOf":{"@id":"https:\/\/imker-aigen.at\/index.php\/2025\/11\/16\/imkeradvent-2025-im-imkerhof-salzburg\/"},"author":{"name":"admin","@id":"https:\/\/imker-aigen.at\/#\/schema\/person\/d7d0c3a8ef6f051d450781218ac83077"},"headline":"Imkeradvent 2025 im Imkerhof Salzburg","datePublished":"2025-11-16T09:59:28+00:00","dateModified":"2025-11-17T08:25:57+00:00","mainEntityOfPage":{"@id":"https:\/\/imker-aigen.at\/index.php\/2025\/11\/16\/imkeradvent-2025-im-imkerhof-salzburg\/"},"wordCount":1548,"commentCount":0,"publisher":{"@id":"https:\/\/imker-aigen.at\/#organization"},"image":{"@id":"https:\/\/imker-aigen.at\/index.php\/2025\/11\/16\/imkeradvent-2025-im-imkerhof-salzburg\/#primaryimage"},"thumbnailUrl":"https:\/\/imker-aigen.at\/wp-content\/uploads\/2025\/11\/adventmarkt2025_500_450.jpg","keywords":["Imkeradvent","Kocher","Met","Mittelw\u00e4nde","R\u00e4hmchenwaschanlage","Rindberger","Schranne"],"articleSection":["Alte Veranstaltungen","News"],"inLanguage":"de","potentialAction":[{"@type":"CommentAction","name":"Comment","target":["https:\/\/imker-aigen.at\/index.php\/2025\/11\/16\/imkeradvent-2025-im-imkerhof-salzburg\/#respond"]}]},{"@type":"WebPage","@id":"https:\/\/imker-aigen.at\/index.php\/2025\/11\/16\/imkeradvent-2025-im-imkerhof-salzburg\/","url":"https:\/\/imker-aigen.at\/index.php\/2025\/11\/16\/imkeradvent-2025-im-imkerhof-salzburg\/","name":"Imkeradvent 2025 im Imkerhof Salzburg - Imker Ortsgruppe Salzburg Aigen","isPartOf":{"@id":"https:\/\/imker-aigen.at\/#website"},"primaryImageOfPage":{"@id":"https:\/\/imker-aigen.at\/index.php\/2025\/11\/16\/imkeradvent-2025-im-imkerhof-salzburg\/#primaryimage"},"image":{"@id":"https:\/\/imker-aigen.at\/index.php\/2025\/11\/16\/imkeradvent-2025-im-imkerhof-salzburg\/#primaryimage"},"thumbnailUrl":"https:\/\/imker-aigen.at\/wp-content\/uploads\/2025\/11\/adventmarkt2025_500_450.jpg","datePublished":"2025-11-16T09:59:28+00:00","dateModified":"2025-11-17T08:25:57+00:00","description":"Am 15.11.2025 fand im Imkerhof Salzburg wieder der traditionelle Imkeradvent statt.","breadcrumb":{"@id":"https:\/\/imker-aigen.at\/index.php\/2025\/11\/16\/imkeradvent-2025-im-imkerhof-salzburg\/#breadcrumb"},"inLanguage":"de","potentialAction":[{"@type":"ReadAction","target":["https:\/\/imker-aigen.at\/index.php\/2025\/11\/16\/imkeradvent-2025-im-imkerhof-salzburg\/"]}]},{"@type":"ImageObject","inLanguage":"de","@id":"https:\/\/imker-aigen.at\/index.php\/2025\/11\/16\/imkeradvent-2025-im-imkerhof-salzburg\/#primaryimage","url":"https:\/\/imker-aigen.at\/wp-content\/uploads\/2025\/11\/adventmarkt2025_500_450.jpg","contentUrl":"https:\/\/imker-aigen.at\/wp-content\/uploads\/2025\/11\/adventmarkt2025_500_450.jpg","width":500,"height":450},{"@type":"BreadcrumbList","@id":"https:\/\/imker-aigen.at\/index.php\/2025\/11\/16\/imkeradvent-2025-im-imkerhof-salzburg\/#breadcrumb","itemListElement":[{"@type":"ListItem","position":1,"name":"Startseite","item":"https:\/\/imker-aigen.at\/index.php\/home\/"},{"@type":"ListItem","position":2,"name":"Imkeradvent 2025 im Imkerhof Salzburg"}]},{"@type":"WebSite","@id":"https:\/\/imker-aigen.at\/#website","url":"https:\/\/imker-aigen.at\/","name":"Imker Ortsgruppe Salzburg Aigen","description":"Homepage der Imker-Ortsgruppe Salzburg Aigen","publisher":{"@id":"https:\/\/imker-aigen.at\/#organization"},"potentialAction":[{"@type":"SearchAction","target":{"@type":"EntryPoint","urlTemplate":"https:\/\/imker-aigen.at\/?s={search_term_string}"},"query-input":{"@type":"PropertyValueSpecification","valueRequired":true,"valueName":"search_term_string"}}],"inLanguage":"de"},{"@type":"Organization","@id":"https:\/\/imker-aigen.at\/#organization","name":"Imker Ortsgruppe Salzburg Aigen","url":"https:\/\/imker-aigen.at\/","logo":{"@type":"ImageObject","inLanguage":"de","@id":"https:\/\/imker-aigen.at\/#\/schema\/logo\/image\/","url":"https:\/\/imker-aigen.at\/wp-content\/uploads\/2022\/08\/logo-1.png","contentUrl":"https:\/\/imker-aigen.at\/wp-content\/uploads\/2022\/08\/logo-1.png","width":392,"height":156,"caption":"Imker Ortsgruppe Salzburg Aigen"},"image":{"@id":"https:\/\/imker-aigen.at\/#\/schema\/logo\/image\/"}},{"@type":"Person","@id":"https:\/\/imker-aigen.at\/#\/schema\/person\/d7d0c3a8ef6f051d450781218ac83077","name":"admin","image":{"@type":"ImageObject","inLanguage":"de","@id":"https:\/\/secure.gravatar.com\/avatar\/925a7e918efd3cfdae29be9c0018a3ae3275cd0444a6e166241172bb6e5243c7?s=96&d=mm&r=g","url":"https:\/\/secure.gravatar.com\/avatar\/925a7e918efd3cfdae29be9c0018a3ae3275cd0444a6e166241172bb6e5243c7?s=96&d=mm&r=g","contentUrl":"https:\/\/secure.gravatar.com\/avatar\/925a7e918efd3cfdae29be9c0018a3ae3275cd0444a6e166241172bb6e5243c7?s=96&d=mm&r=g","caption":"admin"},"sameAs":["https:\/\/imker-aigen.at","linkedin.com\/in\/bernd-meierhofer-5919b62"],"url":"https:\/\/imker-aigen.at\/index.php\/author\/bmeierhofer\/"}]}},"_links":{"self":[{"href":"https:\/\/imker-aigen.at\/index.php\/wp-json\/wp\/v2\/posts\/9030","targetHints":{"allow":["GET"]}}],"collection":[{"href":"https:\/\/imker-aigen.at\/index.php\/wp-json\/wp\/v2\/posts"}],"about":[{"href":"https:\/\/imker-aigen.at\/index.php\/wp-json\/wp\/v2\/types\/post"}],"author":[{"embeddable":true,"href":"https:\/\/imker-aigen.at\/index.php\/wp-json\/wp\/v2\/users\/1"}],"replies":[{"embeddable":true,"href":"https:\/\/imker-aigen.at\/index.php\/wp-json\/wp\/v2\/comments?post=9030"}],"version-history":[{"count":4,"href":"https:\/\/imker-aigen.at\/index.php\/wp-json\/wp\/v2\/posts\/9030\/revisions"}],"predecessor-version":[{"id":9039,"href":"https:\/\/imker-aigen.at\/index.php\/wp-json\/wp\/v2\/posts\/9030\/revisions\/9039"}],"wp:featuredmedia":[{"embeddable":true,"href":"https:\/\/imker-aigen.at\/index.php\/wp-json\/wp\/v2\/media\/9046"}],"wp:attachment":[{"href":"https:\/\/imker-aigen.at\/index.php\/wp-json\/wp\/v2\/media?parent=9030"}],"wp:term":[{"taxonomy":"category","embeddable":true,"href":"https:\/\/imker-aigen.at\/index.php\/wp-json\/wp\/v2\/categories?post=9030"},{"taxonomy":"post_tag","embeddable":true,"href":"https:\/\/imker-aigen.at\/index.php\/wp-json\/wp\/v2\/tags?post=9030"}],"curies":[{"name":"wp","href":"https:\/\/api.w.org\/{rel}","templated":true}]}}