{"id":9047,"date":"2025-11-21T08:38:08","date_gmt":"2025-11-21T07:38:08","guid":{"rendered":"https:\/\/imker-aigen.at\/?p=9047"},"modified":"2025-11-21T13:35:44","modified_gmt":"2025-11-21T12:35:44","slug":"schulbesuch-bei-der-der-praxismittelschule-der-paedagogischen-hochschule-stefan-zweig","status":"publish","type":"post","link":"https:\/\/imker-aigen.at\/index.php\/2025\/11\/21\/schulbesuch-bei-der-der-praxismittelschule-der-paedagogischen-hochschule-stefan-zweig\/","title":{"rendered":"Schulbesuch bei der der Praxismittelschule der P\u00e4dagogischen Hochschule Stefan Zweig"},"content":{"rendered":"<div  class='flex_column av-66mlhz-cd546d094ba4df1387b0ff34a6b08542 av_one_full  avia-builder-el-0  avia-builder-el-no-sibling  first flex_column_div  '     ><p>\n<style type=\"text\/css\" data-created_by=\"avia_inline_auto\" id=\"style-css-av-mi8jswib-99fa9661c1a79e5e19d32274ae0b9d0e\">\n#top .av-special-heading.av-mi8jswib-99fa9661c1a79e5e19d32274ae0b9d0e{\npadding-bottom:10px;\n}\nbody .av-special-heading.av-mi8jswib-99fa9661c1a79e5e19d32274ae0b9d0e .av-special-heading-tag .heading-char{\nfont-size:25px;\n}\n.av-special-heading.av-mi8jswib-99fa9661c1a79e5e19d32274ae0b9d0e .av-subheading{\nfont-size:15px;\n}\n<\/style>\n<div  class='av-special-heading av-mi8jswib-99fa9661c1a79e5e19d32274ae0b9d0e av-special-heading-h3 blockquote modern-quote modern-centered  avia-builder-el-1  el_before_av_hr  avia-builder-el-first '><h3 class='av-special-heading-tag '  itemprop=\"headline\"  >Schulbesuch bei der der Praxismittelschule der P\u00e4dagogischen Hochschule Stefan Zweig<\/h3><div class='av-subheading av-subheading_below'><p>Beuten, Waben und der Bien<\/p>\n<\/div><div class=\"special-heading-border\"><div class=\"special-heading-inner-border\"><\/div><\/div><\/div><br \/>\n\n<style type=\"text\/css\" data-created_by=\"avia_inline_auto\" id=\"style-css-av-mi8js95q-b8fc8ac412687158e08ff4735c75a17e\">\n#top .hr.av-mi8js95q-b8fc8ac412687158e08ff4735c75a17e{\nmargin-top:30px;\nmargin-bottom:30px;\n}\n.hr.av-mi8js95q-b8fc8ac412687158e08ff4735c75a17e .hr-inner{\nwidth:50px;\nmax-width:45%;\n}\n<\/style>\n<div  class='hr av-mi8js95q-b8fc8ac412687158e08ff4735c75a17e hr-custom  avia-builder-el-2  el_after_av_heading  el_before_av_textblock  hr-center hr-icon-yes'><span class='hr-inner inner-border-av-border-thin'><span class=\"hr-inner-style\"><\/span><\/span><span class='av-seperator-icon avia-svg-icon avia-font-svg_entypo-fontello' data-av_svg_icon='dot-3' data-av_iconset='svg_entypo-fontello'><svg version=\"1.1\" xmlns=\"http:\/\/www.w3.org\/2000\/svg\" width=\"29\" height=\"32\" viewBox=\"0 0 29 32\" preserveAspectRatio=\"xMidYMid meet\" aria-labelledby='av-svg-title-1' aria-describedby='av-svg-desc-1' role=\"graphics-symbol\">\n<title id='av-svg-title-1'>Dot-3<\/title>\n<desc id='av-svg-desc-1'>Dot-3<\/desc>\n<path d=\"M3.52 12.48q1.472 0 2.496 1.024t1.024 2.496q0 1.408-1.024 2.464t-2.496 1.056-2.496-1.056-1.024-2.464q0-1.472 1.024-2.496t2.496-1.024zM14.72 12.48q1.472 0 2.496 1.024t1.024 2.496q0 1.408-1.056 2.464t-2.464 1.056-2.464-1.056-1.056-2.464q0-1.472 1.024-2.496t2.496-1.024zM25.92 12.48q1.472 0 2.496 1.024t1.024 2.496q0 1.408-1.024 2.464t-2.496 1.056-2.496-1.056-1.024-2.464q0-1.472 1.024-2.496t2.496-1.024z\"><\/path>\n<\/svg><\/span><span class='hr-inner inner-border-av-border-thin'><span class=\"hr-inner-style\"><\/span><\/span><\/div><br \/>\n<section  class='av_textblock_section av-mi8k119b-e0f35c4bd62dfa25db57e3c17216fdb1 '   itemscope=\"itemscope\" itemtype=\"https:\/\/schema.org\/BlogPosting\" itemprop=\"blogPost\" ><div class='avia_textblock'  itemprop=\"text\" ><p><span style=\"color: #999999;\">Autorin: Elisabeth Karl<\/span><\/p>\n<h3>Vorgeschichte<\/h3>\n<p>Thomas Kornfeind, Lehrer an der <a href=\"https:\/\/praxismittelschule.at\/\">Praxismittelschule der P\u00e4dagogischen Hochschule Stefan Zweig<\/a>, plant mit seiner Klasse im Schuljahr 2025\/26 ein Projekt, bei dem voraussichtlich Bienenprodukte eine Rolle spielen werden. Derzeit l\u00e4sst sich das noch nicht genauer sagen, da es von den Ideen und dem Interesse der Kinder abh\u00e4ngt, was im n\u00e4chsten Jahr umgesetzt wird. Im Vorfeld ist es ihm wichtig, dass sich die Kinder grunds\u00e4tzlich mit Bienen auseinandersetzen. Dies steht auch im Biologie-Lehrplan der zweiten Klasse. Unser Imkerverein wurde gebeten, ihn bei diesem Vorhaben zu unterst\u00fctzen. Diesem Wunsch sind wir selbstverst\u00e4ndlich gerne nachgekommen.<\/p>\n<h3>Der Schulbesuch<\/h3>\n<p>Nach einem ersten Abstimmungstreffen wurde am 12. November 2025 mit der 2B Klasse gearbeitet. Es waren 23 Sch\u00fclerinnen und Sch\u00fcler sowie zwei Studentinnen anwesend. Die Schule ist eine Ausbildungsst\u00e4tte f\u00fcr Lehramtsstudierende. Das Lehrerteam war an diesem Tag interessierter Zuh\u00f6rer und Zuschauer. Bei meinen Schulbesuchen zeige ich den Kindern und dem Lehrpersonal zun\u00e4chst immer das Imkerwerkzeug \u2013 vom Stockmei\u00dfel bis zum Smoker. Den Schleier d\u00fcrfen alle, die m\u00f6chten, probieren. Au\u00dferdem habe ich immer Mittelw\u00e4nde, ausgebaute Rahmen und Honigrahmen dabei, die jedes Kind in die Hand nehmen darf.<\/p>\n<p>Die Kinder der 2B konnten die Rahmen mit denen aus der mitgebrachten Fotobeute vergleichen. Interessant ist, dass ihnen eine gezeichnete, etwas gr\u00f6\u00dfere Biene immer sehr schnell auff\u00e4llt. Auch unter den \u201eechten\u201d Bienen, die ich dabei hatte \u2013 sie waren nat\u00fcrlich bereits tot \u2013 fiel ihnen rasch die markierte K\u00f6nigin auf. Gr\u00f6\u00dfer und markiert, die muss etwas Besonderes sein. Gr\u00f6\u00dfer, plumper und mit gro\u00dfen Augen ist auch nicht allt\u00e4glich. So erfuhren die Kinder auch einiges \u00fcber die Drohnen. Die Arbeitsteilung der Arbeiterinnen im Bienenstock sollten sie dann in einer Internetrecherche selbst erarbeiten und ihre Ergebnisse kurz vorstellen.\u00a0 Die noch offenen Fragen der Kinder habe ich dann versucht bestm\u00f6glich zu beantworten.<\/p>\n<p>Die toten Bienen hatte ich im Sommer gesammelt und f\u00fcr derartige Gelegenheiten eingefroren. Auch eine blauschwarze Holzbiene konnte ich \u201ekonserviert\u201c vorzeigen, was gleich f\u00fcr Aufregung sorgte. Somit gab es dann auch einen kurzen Exkurs zu den Wildbienen.<\/p>\n<h3>Res\u00fcmee<\/h3>\n<p>Alles in allem hatte ich selbst viel Spa\u00df bei der Arbeit mit den Kindern. Ihre R\u00fcckmeldungen waren durchweg positiv. Ich denke, sie haben im Rahmen dieses Schulbesuchs einen ersten Einblick in die Bienenwelt und die Arbeit des Imkers bekommen. Wenn sich die Kinder im Rahmen ihres Projekts nun n\u00e4her mit den verschiedenen Bienenprodukten auseinandersetzen, werden sie sicher noch tiefer in die Materie eintauchen. Den Abschluss wird voraussichtlich im Fr\u00fchling ein Besuch des neuen Lehrbienenstands am <a href=\"https:\/\/imkerhof-salzburg.at\/\">Imkerhof in Koppl<\/a> bilden. Dieses Schulprojekt ist sicherlich eine tolle Sache, um Kindern die faszinierende Welt der Bienen n\u00e4herzubringen.<\/p>\n<\/div><\/section><br \/>\n<div  class='av-social-sharing-box av-3y5fnr-455fc30701a99e4e058cb89add66cec8 av-social-sharing-box-default  avia-builder-el-4  el_after_av_textblock  el_before_av_comments_list  av-social-sharing-box-fullwidth'><div class=\"av-share-box\"><h5 class='av-share-link-description av-no-toc '>Eintrag teilen<\/h5><ul class=\"av-share-box-list noLightbox\"><li class='av-share-link av-social-link-facebook avia_social_iconfont' ><a target=\"_blank\" aria-label=\"Teilen auf Facebook\" href='https:\/\/www.facebook.com\/sharer.php?u=https:\/\/imker-aigen.at\/index.php\/2025\/11\/21\/schulbesuch-bei-der-der-praxismittelschule-der-paedagogischen-hochschule-stefan-zweig\/&#038;t=Schulbesuch%20bei%20der%20der%20Praxismittelschule%20der%20P%C3%A4dagogischen%20Hochschule%20Stefan%20Zweig' data-av_icon='\ue8f3' data-av_iconfont='entypo-fontello'  title='' data-avia-related-tooltip='Teilen auf Facebook'><span class='avia_hidden_link_text'>Teilen auf Facebook<\/span><\/a><\/li><li class='av-share-link av-social-link-twitter avia_social_iconfont' ><a target=\"_blank\" aria-label=\"Teilen auf X\" href='https:\/\/twitter.com\/share?text=Schulbesuch%20bei%20der%20der%20Praxismittelschule%20der%20P%C3%A4dagogischen%20Hochschule%20Stefan%20Zweig&#038;url=https:\/\/imker-aigen.at\/?p=9047' data-av_icon='\ue932' data-av_iconfont='entypo-fontello'  title='' data-avia-related-tooltip='Teilen auf X'><span class='avia_hidden_link_text'>Teilen auf X<\/span><\/a><\/li><li class='av-share-link av-social-link-whatsapp avia_social_iconfont' ><a target=\"_blank\" aria-label=\"Teilen auf WhatsApp\" href='https:\/\/api.whatsapp.com\/send?text=https:\/\/imker-aigen.at\/index.php\/2025\/11\/21\/schulbesuch-bei-der-der-praxismittelschule-der-paedagogischen-hochschule-stefan-zweig\/' data-av_icon='\uf232' data-av_iconfont='entypo-fontello'  title='' data-avia-related-tooltip='Teilen auf WhatsApp'><span class='avia_hidden_link_text'>Teilen auf WhatsApp<\/span><\/a><\/li><li class='av-share-link av-social-link-pinterest avia_social_iconfont' ><a target=\"_blank\" aria-label=\"Teilen auf Pinterest\" href='https:\/\/pinterest.com\/pin\/create\/button\/?url=https%3A%2F%2Fimker-aigen.at%2Findex.php%2F2025%2F11%2F21%2Fschulbesuch-bei-der-der-praxismittelschule-der-paedagogischen-hochschule-stefan-zweig%2F&#038;description=Schulbesuch%20bei%20der%20der%20Praxismittelschule%20der%20P%C3%A4dagogischen%20Hochschule%20Stefan%20Zweig&#038;media=https%3A%2F%2Fimker-aigen.at%2Fwp-content%2Fuploads%2F2025%2F11%2Fbienen_paedagogik.jpg' data-av_icon='\ue8f8' data-av_iconfont='entypo-fontello'  title='' data-avia-related-tooltip='Teilen auf Pinterest'><span class='avia_hidden_link_text'>Teilen auf Pinterest<\/span><\/a><\/li><li class='av-share-link av-social-link-linkedin avia_social_iconfont' ><a target=\"_blank\" aria-label=\"Teilen auf LinkedIn\" href='https:\/\/linkedin.com\/shareArticle?mini=true&#038;title=Schulbesuch%20bei%20der%20der%20Praxismittelschule%20der%20P%C3%A4dagogischen%20Hochschule%20Stefan%20Zweig&#038;url=https:\/\/imker-aigen.at\/index.php\/2025\/11\/21\/schulbesuch-bei-der-der-praxismittelschule-der-paedagogischen-hochschule-stefan-zweig\/' data-av_icon='\ue8fc' data-av_iconfont='entypo-fontello'  title='' data-avia-related-tooltip='Teilen auf LinkedIn'><span class='avia_hidden_link_text'>Teilen auf LinkedIn<\/span><\/a><\/li><li class='av-share-link av-social-link-reddit avia_social_iconfont' ><a target=\"_blank\" aria-label=\"Teilen auf Reddit\" href='https:\/\/reddit.com\/submit?url=https:\/\/imker-aigen.at\/index.php\/2025\/11\/21\/schulbesuch-bei-der-der-praxismittelschule-der-paedagogischen-hochschule-stefan-zweig\/&#038;title=Schulbesuch%20bei%20der%20der%20Praxismittelschule%20der%20P%C3%A4dagogischen%20Hochschule%20Stefan%20Zweig' data-av_icon='\ue927' data-av_iconfont='entypo-fontello'  title='' data-avia-related-tooltip='Teilen auf Reddit'><span class='avia_hidden_link_text'>Teilen auf Reddit<\/span><\/a><\/li><li class='av-share-link av-social-link-mail avia_social_iconfont' ><a  aria-label=\"Per E-Mail teilen\" href='mailto:?subject=Schulbesuch%20bei%20der%20der%20Praxismittelschule%20der%20P%C3%A4dagogischen%20Hochschule%20Stefan%20Zweig&#038;body=https:\/\/imker-aigen.at\/index.php\/2025\/11\/21\/schulbesuch-bei-der-der-praxismittelschule-der-paedagogischen-hochschule-stefan-zweig\/' data-av_icon='\ue805' data-av_iconfont='entypo-fontello'  title='' data-avia-related-tooltip='Per E-Mail teilen'><span class='avia_hidden_link_text'>Per E-Mail teilen<\/span><\/a><\/li><\/ul><\/div><\/div><br \/>\n<div  class='av-buildercomment av-2iv5lz-0a8c27897d5b2811a72c7dea13b21396'><\/div><\/p><\/div>\n","protected":false},"excerpt":{"rendered":"","protected":false},"author":1,"featured_media":9061,"comment_status":"open","ping_status":"closed","sticky":false,"template":"","format":"standard","meta":{"footnotes":""},"categories":[18,2],"tags":[362,57,472,471],"class_list":["post-9047","post","type-post","status-publish","format-standard","has-post-thumbnail","hentry","category-alte-veranstaltungen","category-news","tag-bienenpaedagogik","tag-jugendarbeit","tag-praxismittelschule","tag-stefan-zweig"],"yoast_head":"<!-- This site is optimized with the Yoast SEO plugin v27.4 - https:\/\/yoast.com\/product\/yoast-seo-wordpress\/ -->\n<title>Schulbesuch bei der der Praxismittelschule der P\u00e4dagogischen Hochschule Stefan Zweig - Imker Ortsgruppe Salzburg Aigen<\/title>\n<meta name=\"description\" content=\"Schulbesuch unserer Bienenp\u00e4dagogin Elisabeth Karl bei der Praxismittelschule der P\u00e4dagogischen Hochschule Stefan Zweig.\" \/>\n<meta name=\"robots\" content=\"index, follow, max-snippet:-1, max-image-preview:large, max-video-preview:-1\" \/>\n<link rel=\"canonical\" href=\"https:\/\/imker-aigen.at\/index.php\/2025\/11\/21\/schulbesuch-bei-der-der-praxismittelschule-der-paedagogischen-hochschule-stefan-zweig\/\" \/>\n<meta property=\"og:locale\" content=\"de_DE\" \/>\n<meta property=\"og:type\" content=\"article\" \/>\n<meta property=\"og:title\" content=\"Schulbesuch bei der der Praxismittelschule der P\u00e4dagogischen Hochschule Stefan Zweig - Imker Ortsgruppe Salzburg Aigen\" \/>\n<meta property=\"og:description\" content=\"Schulbesuch unserer Bienenp\u00e4dagogin Elisabeth Karl bei der Praxismittelschule der P\u00e4dagogischen Hochschule Stefan Zweig.\" \/>\n<meta property=\"og:url\" content=\"https:\/\/imker-aigen.at\/index.php\/2025\/11\/21\/schulbesuch-bei-der-der-praxismittelschule-der-paedagogischen-hochschule-stefan-zweig\/\" \/>\n<meta property=\"og:site_name\" content=\"Imker Ortsgruppe Salzburg Aigen\" \/>\n<meta property=\"article:published_time\" content=\"2025-11-21T07:38:08+00:00\" \/>\n<meta property=\"article:modified_time\" content=\"2025-11-21T12:35:44+00:00\" \/>\n<meta property=\"og:image\" content=\"https:\/\/imker-aigen.at\/wp-content\/uploads\/2025\/11\/bienen_paedagogik.jpg\" \/>\n\t<meta property=\"og:image:width\" content=\"336\" \/>\n\t<meta property=\"og:image:height\" content=\"206\" \/>\n\t<meta property=\"og:image:type\" content=\"image\/jpeg\" \/>\n<meta name=\"author\" content=\"admin\" \/>\n<meta name=\"twitter:card\" content=\"summary_large_image\" \/>\n<meta name=\"twitter:label1\" content=\"Verfasst von\" \/>\n\t<meta name=\"twitter:data1\" content=\"admin\" \/>\n\t<meta name=\"twitter:label2\" content=\"Gesch\u00e4tzte Lesezeit\" \/>\n\t<meta name=\"twitter:data2\" content=\"3\u00a0Minuten\" \/>\n<script type=\"application\/ld+json\" class=\"yoast-schema-graph\">{\"@context\":\"https:\\\/\\\/schema.org\",\"@graph\":[{\"@type\":\"Article\",\"@id\":\"https:\\\/\\\/imker-aigen.at\\\/index.php\\\/2025\\\/11\\\/21\\\/schulbesuch-bei-der-der-praxismittelschule-der-paedagogischen-hochschule-stefan-zweig\\\/#article\",\"isPartOf\":{\"@id\":\"https:\\\/\\\/imker-aigen.at\\\/index.php\\\/2025\\\/11\\\/21\\\/schulbesuch-bei-der-der-praxismittelschule-der-paedagogischen-hochschule-stefan-zweig\\\/\"},\"author\":{\"name\":\"admin\",\"@id\":\"https:\\\/\\\/imker-aigen.at\\\/#\\\/schema\\\/person\\\/d7d0c3a8ef6f051d450781218ac83077\"},\"headline\":\"Schulbesuch bei der der Praxismittelschule der P\u00e4dagogischen Hochschule Stefan Zweig\",\"datePublished\":\"2025-11-21T07:38:08+00:00\",\"dateModified\":\"2025-11-21T12:35:44+00:00\",\"mainEntityOfPage\":{\"@id\":\"https:\\\/\\\/imker-aigen.at\\\/index.php\\\/2025\\\/11\\\/21\\\/schulbesuch-bei-der-der-praxismittelschule-der-paedagogischen-hochschule-stefan-zweig\\\/\"},\"wordCount\":1412,\"commentCount\":0,\"publisher\":{\"@id\":\"https:\\\/\\\/imker-aigen.at\\\/#organization\"},\"image\":{\"@id\":\"https:\\\/\\\/imker-aigen.at\\\/index.php\\\/2025\\\/11\\\/21\\\/schulbesuch-bei-der-der-praxismittelschule-der-paedagogischen-hochschule-stefan-zweig\\\/#primaryimage\"},\"thumbnailUrl\":\"https:\\\/\\\/imker-aigen.at\\\/wp-content\\\/uploads\\\/2025\\\/11\\\/bienen_paedagogik.jpg\",\"keywords\":[\"Bienenp\u00e4dagogik\",\"Jugendarbeit\",\"Praxismittelschule\",\"Stefan Zweig\"],\"articleSection\":[\"Alte Veranstaltungen\",\"News\"],\"inLanguage\":\"de\",\"potentialAction\":[{\"@type\":\"CommentAction\",\"name\":\"Comment\",\"target\":[\"https:\\\/\\\/imker-aigen.at\\\/index.php\\\/2025\\\/11\\\/21\\\/schulbesuch-bei-der-der-praxismittelschule-der-paedagogischen-hochschule-stefan-zweig\\\/#respond\"]}]},{\"@type\":\"WebPage\",\"@id\":\"https:\\\/\\\/imker-aigen.at\\\/index.php\\\/2025\\\/11\\\/21\\\/schulbesuch-bei-der-der-praxismittelschule-der-paedagogischen-hochschule-stefan-zweig\\\/\",\"url\":\"https:\\\/\\\/imker-aigen.at\\\/index.php\\\/2025\\\/11\\\/21\\\/schulbesuch-bei-der-der-praxismittelschule-der-paedagogischen-hochschule-stefan-zweig\\\/\",\"name\":\"Schulbesuch bei der der Praxismittelschule der P\u00e4dagogischen Hochschule Stefan Zweig - Imker Ortsgruppe Salzburg Aigen\",\"isPartOf\":{\"@id\":\"https:\\\/\\\/imker-aigen.at\\\/#website\"},\"primaryImageOfPage\":{\"@id\":\"https:\\\/\\\/imker-aigen.at\\\/index.php\\\/2025\\\/11\\\/21\\\/schulbesuch-bei-der-der-praxismittelschule-der-paedagogischen-hochschule-stefan-zweig\\\/#primaryimage\"},\"image\":{\"@id\":\"https:\\\/\\\/imker-aigen.at\\\/index.php\\\/2025\\\/11\\\/21\\\/schulbesuch-bei-der-der-praxismittelschule-der-paedagogischen-hochschule-stefan-zweig\\\/#primaryimage\"},\"thumbnailUrl\":\"https:\\\/\\\/imker-aigen.at\\\/wp-content\\\/uploads\\\/2025\\\/11\\\/bienen_paedagogik.jpg\",\"datePublished\":\"2025-11-21T07:38:08+00:00\",\"dateModified\":\"2025-11-21T12:35:44+00:00\",\"description\":\"Schulbesuch unserer Bienenp\u00e4dagogin Elisabeth Karl bei der Praxismittelschule der P\u00e4dagogischen Hochschule Stefan Zweig.\",\"breadcrumb\":{\"@id\":\"https:\\\/\\\/imker-aigen.at\\\/index.php\\\/2025\\\/11\\\/21\\\/schulbesuch-bei-der-der-praxismittelschule-der-paedagogischen-hochschule-stefan-zweig\\\/#breadcrumb\"},\"inLanguage\":\"de\",\"potentialAction\":[{\"@type\":\"ReadAction\",\"target\":[\"https:\\\/\\\/imker-aigen.at\\\/index.php\\\/2025\\\/11\\\/21\\\/schulbesuch-bei-der-der-praxismittelschule-der-paedagogischen-hochschule-stefan-zweig\\\/\"]}]},{\"@type\":\"ImageObject\",\"inLanguage\":\"de\",\"@id\":\"https:\\\/\\\/imker-aigen.at\\\/index.php\\\/2025\\\/11\\\/21\\\/schulbesuch-bei-der-der-praxismittelschule-der-paedagogischen-hochschule-stefan-zweig\\\/#primaryimage\",\"url\":\"https:\\\/\\\/imker-aigen.at\\\/wp-content\\\/uploads\\\/2025\\\/11\\\/bienen_paedagogik.jpg\",\"contentUrl\":\"https:\\\/\\\/imker-aigen.at\\\/wp-content\\\/uploads\\\/2025\\\/11\\\/bienen_paedagogik.jpg\",\"width\":336,\"height\":206},{\"@type\":\"BreadcrumbList\",\"@id\":\"https:\\\/\\\/imker-aigen.at\\\/index.php\\\/2025\\\/11\\\/21\\\/schulbesuch-bei-der-der-praxismittelschule-der-paedagogischen-hochschule-stefan-zweig\\\/#breadcrumb\",\"itemListElement\":[{\"@type\":\"ListItem\",\"position\":1,\"name\":\"Startseite\",\"item\":\"https:\\\/\\\/imker-aigen.at\\\/index.php\\\/home\\\/\"},{\"@type\":\"ListItem\",\"position\":2,\"name\":\"Schulbesuch bei der der Praxismittelschule der P\u00e4dagogischen Hochschule Stefan Zweig\"}]},{\"@type\":\"WebSite\",\"@id\":\"https:\\\/\\\/imker-aigen.at\\\/#website\",\"url\":\"https:\\\/\\\/imker-aigen.at\\\/\",\"name\":\"Imker Ortsgruppe Salzburg Aigen\",\"description\":\"Homepage der Imker-Ortsgruppe Salzburg Aigen\",\"publisher\":{\"@id\":\"https:\\\/\\\/imker-aigen.at\\\/#organization\"},\"potentialAction\":[{\"@type\":\"SearchAction\",\"target\":{\"@type\":\"EntryPoint\",\"urlTemplate\":\"https:\\\/\\\/imker-aigen.at\\\/?s={search_term_string}\"},\"query-input\":{\"@type\":\"PropertyValueSpecification\",\"valueRequired\":true,\"valueName\":\"search_term_string\"}}],\"inLanguage\":\"de\"},{\"@type\":\"Organization\",\"@id\":\"https:\\\/\\\/imker-aigen.at\\\/#organization\",\"name\":\"Imker Ortsgruppe Salzburg Aigen\",\"url\":\"https:\\\/\\\/imker-aigen.at\\\/\",\"logo\":{\"@type\":\"ImageObject\",\"inLanguage\":\"de\",\"@id\":\"https:\\\/\\\/imker-aigen.at\\\/#\\\/schema\\\/logo\\\/image\\\/\",\"url\":\"https:\\\/\\\/imker-aigen.at\\\/wp-content\\\/uploads\\\/2022\\\/08\\\/logo-1.png\",\"contentUrl\":\"https:\\\/\\\/imker-aigen.at\\\/wp-content\\\/uploads\\\/2022\\\/08\\\/logo-1.png\",\"width\":392,\"height\":156,\"caption\":\"Imker Ortsgruppe Salzburg Aigen\"},\"image\":{\"@id\":\"https:\\\/\\\/imker-aigen.at\\\/#\\\/schema\\\/logo\\\/image\\\/\"}},{\"@type\":\"Person\",\"@id\":\"https:\\\/\\\/imker-aigen.at\\\/#\\\/schema\\\/person\\\/d7d0c3a8ef6f051d450781218ac83077\",\"name\":\"admin\",\"image\":{\"@type\":\"ImageObject\",\"inLanguage\":\"de\",\"@id\":\"https:\\\/\\\/secure.gravatar.com\\\/avatar\\\/925a7e918efd3cfdae29be9c0018a3ae3275cd0444a6e166241172bb6e5243c7?s=96&d=mm&r=g\",\"url\":\"https:\\\/\\\/secure.gravatar.com\\\/avatar\\\/925a7e918efd3cfdae29be9c0018a3ae3275cd0444a6e166241172bb6e5243c7?s=96&d=mm&r=g\",\"contentUrl\":\"https:\\\/\\\/secure.gravatar.com\\\/avatar\\\/925a7e918efd3cfdae29be9c0018a3ae3275cd0444a6e166241172bb6e5243c7?s=96&d=mm&r=g\",\"caption\":\"admin\"},\"sameAs\":[\"https:\\\/\\\/imker-aigen.at\",\"linkedin.com\\\/in\\\/bernd-meierhofer-5919b62\"],\"url\":\"https:\\\/\\\/imker-aigen.at\\\/index.php\\\/author\\\/bmeierhofer\\\/\"}]}<\/script>\n<!-- \/ Yoast SEO plugin. -->","yoast_head_json":{"title":"Schulbesuch bei der der Praxismittelschule der P\u00e4dagogischen Hochschule Stefan Zweig - Imker Ortsgruppe Salzburg Aigen","description":"Schulbesuch unserer Bienenp\u00e4dagogin Elisabeth Karl bei der Praxismittelschule der P\u00e4dagogischen Hochschule Stefan Zweig.","robots":{"index":"index","follow":"follow","max-snippet":"max-snippet:-1","max-image-preview":"max-image-preview:large","max-video-preview":"max-video-preview:-1"},"canonical":"https:\/\/imker-aigen.at\/index.php\/2025\/11\/21\/schulbesuch-bei-der-der-praxismittelschule-der-paedagogischen-hochschule-stefan-zweig\/","og_locale":"de_DE","og_type":"article","og_title":"Schulbesuch bei der der Praxismittelschule der P\u00e4dagogischen Hochschule Stefan Zweig - Imker Ortsgruppe Salzburg Aigen","og_description":"Schulbesuch unserer Bienenp\u00e4dagogin Elisabeth Karl bei der Praxismittelschule der P\u00e4dagogischen Hochschule Stefan Zweig.","og_url":"https:\/\/imker-aigen.at\/index.php\/2025\/11\/21\/schulbesuch-bei-der-der-praxismittelschule-der-paedagogischen-hochschule-stefan-zweig\/","og_site_name":"Imker Ortsgruppe Salzburg Aigen","article_published_time":"2025-11-21T07:38:08+00:00","article_modified_time":"2025-11-21T12:35:44+00:00","og_image":[{"width":336,"height":206,"url":"https:\/\/imker-aigen.at\/wp-content\/uploads\/2025\/11\/bienen_paedagogik.jpg","type":"image\/jpeg"}],"author":"admin","twitter_card":"summary_large_image","twitter_misc":{"Verfasst von":"admin","Gesch\u00e4tzte Lesezeit":"3\u00a0Minuten"},"schema":{"@context":"https:\/\/schema.org","@graph":[{"@type":"Article","@id":"https:\/\/imker-aigen.at\/index.php\/2025\/11\/21\/schulbesuch-bei-der-der-praxismittelschule-der-paedagogischen-hochschule-stefan-zweig\/#article","isPartOf":{"@id":"https:\/\/imker-aigen.at\/index.php\/2025\/11\/21\/schulbesuch-bei-der-der-praxismittelschule-der-paedagogischen-hochschule-stefan-zweig\/"},"author":{"name":"admin","@id":"https:\/\/imker-aigen.at\/#\/schema\/person\/d7d0c3a8ef6f051d450781218ac83077"},"headline":"Schulbesuch bei der der Praxismittelschule der P\u00e4dagogischen Hochschule Stefan Zweig","datePublished":"2025-11-21T07:38:08+00:00","dateModified":"2025-11-21T12:35:44+00:00","mainEntityOfPage":{"@id":"https:\/\/imker-aigen.at\/index.php\/2025\/11\/21\/schulbesuch-bei-der-der-praxismittelschule-der-paedagogischen-hochschule-stefan-zweig\/"},"wordCount":1412,"commentCount":0,"publisher":{"@id":"https:\/\/imker-aigen.at\/#organization"},"image":{"@id":"https:\/\/imker-aigen.at\/index.php\/2025\/11\/21\/schulbesuch-bei-der-der-praxismittelschule-der-paedagogischen-hochschule-stefan-zweig\/#primaryimage"},"thumbnailUrl":"https:\/\/imker-aigen.at\/wp-content\/uploads\/2025\/11\/bienen_paedagogik.jpg","keywords":["Bienenp\u00e4dagogik","Jugendarbeit","Praxismittelschule","Stefan Zweig"],"articleSection":["Alte Veranstaltungen","News"],"inLanguage":"de","potentialAction":[{"@type":"CommentAction","name":"Comment","target":["https:\/\/imker-aigen.at\/index.php\/2025\/11\/21\/schulbesuch-bei-der-der-praxismittelschule-der-paedagogischen-hochschule-stefan-zweig\/#respond"]}]},{"@type":"WebPage","@id":"https:\/\/imker-aigen.at\/index.php\/2025\/11\/21\/schulbesuch-bei-der-der-praxismittelschule-der-paedagogischen-hochschule-stefan-zweig\/","url":"https:\/\/imker-aigen.at\/index.php\/2025\/11\/21\/schulbesuch-bei-der-der-praxismittelschule-der-paedagogischen-hochschule-stefan-zweig\/","name":"Schulbesuch bei der der Praxismittelschule der P\u00e4dagogischen Hochschule Stefan Zweig - Imker Ortsgruppe Salzburg Aigen","isPartOf":{"@id":"https:\/\/imker-aigen.at\/#website"},"primaryImageOfPage":{"@id":"https:\/\/imker-aigen.at\/index.php\/2025\/11\/21\/schulbesuch-bei-der-der-praxismittelschule-der-paedagogischen-hochschule-stefan-zweig\/#primaryimage"},"image":{"@id":"https:\/\/imker-aigen.at\/index.php\/2025\/11\/21\/schulbesuch-bei-der-der-praxismittelschule-der-paedagogischen-hochschule-stefan-zweig\/#primaryimage"},"thumbnailUrl":"https:\/\/imker-aigen.at\/wp-content\/uploads\/2025\/11\/bienen_paedagogik.jpg","datePublished":"2025-11-21T07:38:08+00:00","dateModified":"2025-11-21T12:35:44+00:00","description":"Schulbesuch unserer Bienenp\u00e4dagogin Elisabeth Karl bei der Praxismittelschule der P\u00e4dagogischen Hochschule Stefan Zweig.","breadcrumb":{"@id":"https:\/\/imker-aigen.at\/index.php\/2025\/11\/21\/schulbesuch-bei-der-der-praxismittelschule-der-paedagogischen-hochschule-stefan-zweig\/#breadcrumb"},"inLanguage":"de","potentialAction":[{"@type":"ReadAction","target":["https:\/\/imker-aigen.at\/index.php\/2025\/11\/21\/schulbesuch-bei-der-der-praxismittelschule-der-paedagogischen-hochschule-stefan-zweig\/"]}]},{"@type":"ImageObject","inLanguage":"de","@id":"https:\/\/imker-aigen.at\/index.php\/2025\/11\/21\/schulbesuch-bei-der-der-praxismittelschule-der-paedagogischen-hochschule-stefan-zweig\/#primaryimage","url":"https:\/\/imker-aigen.at\/wp-content\/uploads\/2025\/11\/bienen_paedagogik.jpg","contentUrl":"https:\/\/imker-aigen.at\/wp-content\/uploads\/2025\/11\/bienen_paedagogik.jpg","width":336,"height":206},{"@type":"BreadcrumbList","@id":"https:\/\/imker-aigen.at\/index.php\/2025\/11\/21\/schulbesuch-bei-der-der-praxismittelschule-der-paedagogischen-hochschule-stefan-zweig\/#breadcrumb","itemListElement":[{"@type":"ListItem","position":1,"name":"Startseite","item":"https:\/\/imker-aigen.at\/index.php\/home\/"},{"@type":"ListItem","position":2,"name":"Schulbesuch bei der der Praxismittelschule der P\u00e4dagogischen Hochschule Stefan Zweig"}]},{"@type":"WebSite","@id":"https:\/\/imker-aigen.at\/#website","url":"https:\/\/imker-aigen.at\/","name":"Imker Ortsgruppe Salzburg Aigen","description":"Homepage der Imker-Ortsgruppe Salzburg Aigen","publisher":{"@id":"https:\/\/imker-aigen.at\/#organization"},"potentialAction":[{"@type":"SearchAction","target":{"@type":"EntryPoint","urlTemplate":"https:\/\/imker-aigen.at\/?s={search_term_string}"},"query-input":{"@type":"PropertyValueSpecification","valueRequired":true,"valueName":"search_term_string"}}],"inLanguage":"de"},{"@type":"Organization","@id":"https:\/\/imker-aigen.at\/#organization","name":"Imker Ortsgruppe Salzburg Aigen","url":"https:\/\/imker-aigen.at\/","logo":{"@type":"ImageObject","inLanguage":"de","@id":"https:\/\/imker-aigen.at\/#\/schema\/logo\/image\/","url":"https:\/\/imker-aigen.at\/wp-content\/uploads\/2022\/08\/logo-1.png","contentUrl":"https:\/\/imker-aigen.at\/wp-content\/uploads\/2022\/08\/logo-1.png","width":392,"height":156,"caption":"Imker Ortsgruppe Salzburg Aigen"},"image":{"@id":"https:\/\/imker-aigen.at\/#\/schema\/logo\/image\/"}},{"@type":"Person","@id":"https:\/\/imker-aigen.at\/#\/schema\/person\/d7d0c3a8ef6f051d450781218ac83077","name":"admin","image":{"@type":"ImageObject","inLanguage":"de","@id":"https:\/\/secure.gravatar.com\/avatar\/925a7e918efd3cfdae29be9c0018a3ae3275cd0444a6e166241172bb6e5243c7?s=96&d=mm&r=g","url":"https:\/\/secure.gravatar.com\/avatar\/925a7e918efd3cfdae29be9c0018a3ae3275cd0444a6e166241172bb6e5243c7?s=96&d=mm&r=g","contentUrl":"https:\/\/secure.gravatar.com\/avatar\/925a7e918efd3cfdae29be9c0018a3ae3275cd0444a6e166241172bb6e5243c7?s=96&d=mm&r=g","caption":"admin"},"sameAs":["https:\/\/imker-aigen.at","linkedin.com\/in\/bernd-meierhofer-5919b62"],"url":"https:\/\/imker-aigen.at\/index.php\/author\/bmeierhofer\/"}]}},"_links":{"self":[{"href":"https:\/\/imker-aigen.at\/index.php\/wp-json\/wp\/v2\/posts\/9047","targetHints":{"allow":["GET"]}}],"collection":[{"href":"https:\/\/imker-aigen.at\/index.php\/wp-json\/wp\/v2\/posts"}],"about":[{"href":"https:\/\/imker-aigen.at\/index.php\/wp-json\/wp\/v2\/types\/post"}],"author":[{"embeddable":true,"href":"https:\/\/imker-aigen.at\/index.php\/wp-json\/wp\/v2\/users\/1"}],"replies":[{"embeddable":true,"href":"https:\/\/imker-aigen.at\/index.php\/wp-json\/wp\/v2\/comments?post=9047"}],"version-history":[{"count":13,"href":"https:\/\/imker-aigen.at\/index.php\/wp-json\/wp\/v2\/posts\/9047\/revisions"}],"predecessor-version":[{"id":9063,"href":"https:\/\/imker-aigen.at\/index.php\/wp-json\/wp\/v2\/posts\/9047\/revisions\/9063"}],"wp:featuredmedia":[{"embeddable":true,"href":"https:\/\/imker-aigen.at\/index.php\/wp-json\/wp\/v2\/media\/9061"}],"wp:attachment":[{"href":"https:\/\/imker-aigen.at\/index.php\/wp-json\/wp\/v2\/media?parent=9047"}],"wp:term":[{"taxonomy":"category","embeddable":true,"href":"https:\/\/imker-aigen.at\/index.php\/wp-json\/wp\/v2\/categories?post=9047"},{"taxonomy":"post_tag","embeddable":true,"href":"https:\/\/imker-aigen.at\/index.php\/wp-json\/wp\/v2\/tags?post=9047"}],"curies":[{"name":"wp","href":"https:\/\/api.w.org\/{rel}","templated":true}]}}