{"id":9076,"date":"2025-12-05T16:55:20","date_gmt":"2025-12-05T15:55:20","guid":{"rendered":"https:\/\/imker-aigen.at\/?p=9076"},"modified":"2025-12-22T09:08:17","modified_gmt":"2025-12-22T08:08:17","slug":"spendenaktion-fuer-die-ukraine","status":"publish","type":"post","link":"https:\/\/imker-aigen.at\/index.php\/2025\/12\/05\/spendenaktion-fuer-die-ukraine\/","title":{"rendered":"Spendenaktion f\u00fcr die Ukraine"},"content":{"rendered":"<div  class='flex_column av-68t9b8-7e07a384be5694406a366448f35fc656 av_one_full  avia-builder-el-0  avia-builder-el-no-sibling  first flex_column_div  '     ><p>\n<style type=\"text\/css\" data-created_by=\"avia_inline_auto\" id=\"style-css-av-mit1klk7-4b3b6f94fd32195102a21b588dc546c5\">\n#top .av-special-heading.av-mit1klk7-4b3b6f94fd32195102a21b588dc546c5{\npadding-bottom:10px;\n}\nbody .av-special-heading.av-mit1klk7-4b3b6f94fd32195102a21b588dc546c5 .av-special-heading-tag .heading-char{\nfont-size:25px;\n}\n.av-special-heading.av-mit1klk7-4b3b6f94fd32195102a21b588dc546c5 .av-subheading{\nfont-size:15px;\n}\n<\/style>\n<div  class='av-special-heading av-mit1klk7-4b3b6f94fd32195102a21b588dc546c5 av-special-heading-h3 blockquote modern-quote modern-centered  avia-builder-el-1  el_before_av_horizontal_gallery  avia-builder-el-no-sibling '><h3 class='av-special-heading-tag '  itemprop=\"headline\"  >Spendenaktion f\u00fcr die Ukraine<\/h3><div class='av-subheading av-subheading_below'><p>Gro\u00dfes Engagement einer Imkerin aus Gosau<\/p>\n<\/div><div class=\"special-heading-border\"><div class=\"special-heading-inner-border\"><\/div><\/div><\/div><br \/>\n\n<style type=\"text\/css\" data-created_by=\"avia_inline_auto\" id=\"style-css-av-mit2tqud-28e3ca08f87483a0edab7d9dc8c8a36d\">\n.av-horizontal-gallery.av-mit2tqud-28e3ca08f87483a0edab7d9dc8c8a36d{\npadding:3.75% 0px;;\n}\n.av-horizontal-gallery.av-mit2tqud-28e3ca08f87483a0edab7d9dc8c8a36d .av-horizontal-gallery-inner{\npadding-bottom:25%;\n}\n<\/style>\n<div  class='av-horizontal-gallery av-mit2tqud-28e3ca08f87483a0edab7d9dc8c8a36d av-horizontal-gallery-large-gap av-horizontal-gallery-enlarge-effect  avia-builder-el-2  el_after_av_heading  el_before_av_hr  av-slideshow-ui av-control-default av-slideshow-manual av-loop-once av-loop-manual-once av-horizontal-gallery-1' data-slideshow-data=\"{&quot;enlarge&quot;:1.3,&quot;animation&quot;:&quot;slide&quot;,&quot;autoplay&quot;:false,&quot;loop_autoplay&quot;:&quot;once&quot;,&quot;interval&quot;:5,&quot;loop_manual&quot;:&quot;manual-once&quot;,&quot;autoplay_stopper&quot;:false,&quot;noNavigation&quot;:false,&quot;bg_slider&quot;:false,&quot;keep_padding&quot;:&quot;&quot;,&quot;hoverpause&quot;:false,&quot;show_slide_delay&quot;:0}\"  itemprop=\"image\" itemscope=\"itemscope\" itemtype=\"https:\/\/schema.org\/ImageObject\" ><div class='avia-slideshow-arrows avia-slideshow-controls' ><a href='#prev' class='prev-slide av-horizontal-gallery-prev avia-svg-icon avia-font-svg_entypo-fontello' data-av_svg_icon='left-open-big' data-av_iconset='svg_entypo-fontello' tabindex='-1' title=\"Zur\u00fcck\"><svg version=\"1.1\" xmlns=\"http:\/\/www.w3.org\/2000\/svg\" width=\"15\" height=\"32\" viewBox=\"0 0 15 32\" preserveAspectRatio=\"xMidYMid meet\" aria-labelledby='av-svg-title-1' aria-describedby='av-svg-desc-1' role=\"graphics-symbol\" aria-hidden=\"true\">\n<title id='av-svg-title-1'>Zur\u00fcck<\/title>\n<desc id='av-svg-desc-1'>Zur\u00fcck<\/desc>\n<path d=\"M14.464 27.84q0.832 0.832 0 1.536-0.832 0.832-1.536 0l-12.544-12.608q-0.768-0.768 0-1.6l12.544-12.608q0.704-0.832 1.536 0 0.832 0.704 0 1.536l-11.456 11.904z\"><\/path>\n<\/svg><span class='avia_hidden_link_text'>Zur\u00fcck<\/span><\/a><a href='#next' class='next-slide av-horizontal-gallery-next avia-svg-icon avia-font-svg_entypo-fontello' data-av_svg_icon='right-open-big' data-av_iconset='svg_entypo-fontello' tabindex='-1' title=\"Weiter\"><svg version=\"1.1\" xmlns=\"http:\/\/www.w3.org\/2000\/svg\" width=\"15\" height=\"32\" viewBox=\"0 0 15 32\" preserveAspectRatio=\"xMidYMid meet\" aria-labelledby='av-svg-title-2' aria-describedby='av-svg-desc-2' role=\"graphics-symbol\" aria-hidden=\"true\">\n<title id='av-svg-title-2'>Weiter<\/title>\n<desc id='av-svg-desc-2'>Weiter<\/desc>\n<path d=\"M0.416 27.84l11.456-11.84-11.456-11.904q-0.832-0.832 0-1.536 0.832-0.832 1.536 0l12.544 12.608q0.768 0.832 0 1.6l-12.544 12.608q-0.704 0.832-1.536 0-0.832-0.704 0-1.536z\"><\/path>\n<\/svg><span class='avia_hidden_link_text'>Weiter<\/span><\/a><\/div><div class='avia-slideshow-dots avia-slideshow-controls av-horizontal-gallery-dots fade-in'><a href='#1' class='goto-slide active' >1<\/a><a href='#2' class='goto-slide ' >2<\/a><a href='#3' class='goto-slide ' >3<\/a><a href='#4' class='goto-slide ' >4<\/a><a href='#5' class='goto-slide ' >5<\/a><\/div><div class='av-horizontal-gallery-inner' data-av-height='25'><div class=\"av-horizontal-gallery-slider\"><div class=\"av-horizontal-gallery-wrap noHover\"><img decoding=\"async\" fetchpriority=\"high\" class='wp-image-9084 avia-img-lazy-loading-not-9084 av-horizontal-gallery-img' width=\"1024\" height=\"768\" src=\"https:\/\/imker-aigen.at\/wp-content\/uploads\/2025\/12\/ukraine_help_2025_6.jpg\" title='Notstromaggregate werden in der Ukraine immer ben\u00f6tigt' alt='' srcset=\"https:\/\/imker-aigen.at\/wp-content\/uploads\/2025\/12\/ukraine_help_2025_6.jpg 1024w, https:\/\/imker-aigen.at\/wp-content\/uploads\/2025\/12\/ukraine_help_2025_6-300x225.jpg 300w, https:\/\/imker-aigen.at\/wp-content\/uploads\/2025\/12\/ukraine_help_2025_6-768x576.jpg 768w, https:\/\/imker-aigen.at\/wp-content\/uploads\/2025\/12\/ukraine_help_2025_6-705x529.jpg 705w\" sizes=\"(max-width: 1024px) 100vw, 1024px\" \/><a href=\"https:\/\/imker-aigen.at\/wp-content\/uploads\/2025\/12\/ukraine_help_2025_6.jpg\" data-srcset=\"https:\/\/imker-aigen.at\/wp-content\/uploads\/2025\/12\/ukraine_help_2025_6.jpg 1024w, https:\/\/imker-aigen.at\/wp-content\/uploads\/2025\/12\/ukraine_help_2025_6-300x225.jpg 300w, https:\/\/imker-aigen.at\/wp-content\/uploads\/2025\/12\/ukraine_help_2025_6-768x576.jpg 768w, https:\/\/imker-aigen.at\/wp-content\/uploads\/2025\/12\/ukraine_help_2025_6-705x529.jpg 705w\" data-sizes=\"(max-width: 1024px) 100vw, 1024px\" class='av-horizontal-gallery-link avia-svg-icon avia-font-svg_entypo-fontello' data-av_svg_icon='resize-full' data-av_iconset='svg_entypo-fontello' title='Notstromaggregate werden in der Ukraine immer ben\u00f6tigt' alt='' aria-label='Open image in lightbox: Notstromaggregate werden in der Ukraine immer ben\u00f6tigt'><svg version=\"1.1\" xmlns=\"http:\/\/www.w3.org\/2000\/svg\" width=\"25\" height=\"32\" viewBox=\"0 0 25 32\" preserveAspectRatio=\"xMidYMid meet\" aria-labelledby='av-svg-title-3' aria-describedby='av-svg-desc-3' role=\"graphics-symbol\" aria-hidden=\"true\">\n<title id='av-svg-title-3'>Open image in lightbox: Notstromaggregate werden in der Ukraine immer ben\u00f6tigt<\/title>\n<desc id='av-svg-desc-3'>Open image in lightbox: Notstromaggregate werden in der Ukraine immer ben\u00f6tigt<\/desc>\n<path d=\"M15.232 3.328h10.112v10.112l-3.2-3.968-4.672 4.864-3.2-3.2 4.864-4.672zM7.872 17.536l3.2 3.2-4.864 4.672 3.904 3.2h-10.112v-10.112l3.2 3.904z\"><\/path>\n<\/svg><\/a><\/div><div class=\"av-horizontal-gallery-wrap noHover\"><img decoding=\"async\" fetchpriority=\"high\" class='wp-image-9083 avia-img-lazy-loading-not-9083 av-horizontal-gallery-img' width=\"1024\" height=\"768\" src=\"https:\/\/imker-aigen.at\/wp-content\/uploads\/2025\/12\/ukraine_help_2025_5.jpg\" title='Der Lkw wird bestm\u00f6glich beladen' alt='' srcset=\"https:\/\/imker-aigen.at\/wp-content\/uploads\/2025\/12\/ukraine_help_2025_5.jpg 1024w, https:\/\/imker-aigen.at\/wp-content\/uploads\/2025\/12\/ukraine_help_2025_5-300x225.jpg 300w, https:\/\/imker-aigen.at\/wp-content\/uploads\/2025\/12\/ukraine_help_2025_5-768x576.jpg 768w, https:\/\/imker-aigen.at\/wp-content\/uploads\/2025\/12\/ukraine_help_2025_5-705x529.jpg 705w\" sizes=\"(max-width: 1024px) 100vw, 1024px\" \/><a href=\"https:\/\/imker-aigen.at\/wp-content\/uploads\/2025\/12\/ukraine_help_2025_5.jpg\" data-srcset=\"https:\/\/imker-aigen.at\/wp-content\/uploads\/2025\/12\/ukraine_help_2025_5.jpg 1024w, https:\/\/imker-aigen.at\/wp-content\/uploads\/2025\/12\/ukraine_help_2025_5-300x225.jpg 300w, https:\/\/imker-aigen.at\/wp-content\/uploads\/2025\/12\/ukraine_help_2025_5-768x576.jpg 768w, https:\/\/imker-aigen.at\/wp-content\/uploads\/2025\/12\/ukraine_help_2025_5-705x529.jpg 705w\" data-sizes=\"(max-width: 1024px) 100vw, 1024px\" class='av-horizontal-gallery-link avia-svg-icon avia-font-svg_entypo-fontello' data-av_svg_icon='resize-full' data-av_iconset='svg_entypo-fontello' title='Der Lkw wird bestm\u00f6glich beladen' alt='' aria-label='Open image in lightbox: Der Lkw wird bestm\u00f6glich beladen'><svg version=\"1.1\" xmlns=\"http:\/\/www.w3.org\/2000\/svg\" width=\"25\" height=\"32\" viewBox=\"0 0 25 32\" preserveAspectRatio=\"xMidYMid meet\" aria-labelledby='av-svg-title-4' aria-describedby='av-svg-desc-4' role=\"graphics-symbol\" aria-hidden=\"true\">\n<title id='av-svg-title-4'>Open image in lightbox: Der Lkw wird bestm\u00f6glich beladen<\/title>\n<desc id='av-svg-desc-4'>Open image in lightbox: Der Lkw wird bestm\u00f6glich beladen<\/desc>\n<path d=\"M15.232 3.328h10.112v10.112l-3.2-3.968-4.672 4.864-3.2-3.2 4.864-4.672zM7.872 17.536l3.2 3.2-4.864 4.672 3.904 3.2h-10.112v-10.112l3.2 3.904z\"><\/path>\n<\/svg><\/a><\/div><div class=\"av-horizontal-gallery-wrap noHover\"><img decoding=\"async\" fetchpriority=\"high\" class='wp-image-9082 avia-img-lazy-loading-not-9082 av-horizontal-gallery-img' width=\"1024\" height=\"768\" src=\"https:\/\/imker-aigen.at\/wp-content\/uploads\/2025\/12\/ukraine_help_2025_4.jpg\" title='Krankenbetten f\u00fcr die Ukraine' alt='' srcset=\"https:\/\/imker-aigen.at\/wp-content\/uploads\/2025\/12\/ukraine_help_2025_4.jpg 1024w, https:\/\/imker-aigen.at\/wp-content\/uploads\/2025\/12\/ukraine_help_2025_4-300x225.jpg 300w, https:\/\/imker-aigen.at\/wp-content\/uploads\/2025\/12\/ukraine_help_2025_4-768x576.jpg 768w, https:\/\/imker-aigen.at\/wp-content\/uploads\/2025\/12\/ukraine_help_2025_4-705x529.jpg 705w\" sizes=\"(max-width: 1024px) 100vw, 1024px\" \/><a href=\"https:\/\/imker-aigen.at\/wp-content\/uploads\/2025\/12\/ukraine_help_2025_4.jpg\" data-srcset=\"https:\/\/imker-aigen.at\/wp-content\/uploads\/2025\/12\/ukraine_help_2025_4.jpg 1024w, https:\/\/imker-aigen.at\/wp-content\/uploads\/2025\/12\/ukraine_help_2025_4-300x225.jpg 300w, https:\/\/imker-aigen.at\/wp-content\/uploads\/2025\/12\/ukraine_help_2025_4-768x576.jpg 768w, https:\/\/imker-aigen.at\/wp-content\/uploads\/2025\/12\/ukraine_help_2025_4-705x529.jpg 705w\" data-sizes=\"(max-width: 1024px) 100vw, 1024px\" class='av-horizontal-gallery-link avia-svg-icon avia-font-svg_entypo-fontello' data-av_svg_icon='resize-full' data-av_iconset='svg_entypo-fontello' title='Krankenbetten f\u00fcr die Ukraine' alt='' aria-label='Open image in lightbox: Krankenbetten f\u00fcr die Ukraine'><svg version=\"1.1\" xmlns=\"http:\/\/www.w3.org\/2000\/svg\" width=\"25\" height=\"32\" viewBox=\"0 0 25 32\" preserveAspectRatio=\"xMidYMid meet\" aria-labelledby='av-svg-title-5' aria-describedby='av-svg-desc-5' role=\"graphics-symbol\" aria-hidden=\"true\">\n<title id='av-svg-title-5'>Open image in lightbox: Krankenbetten f\u00fcr die Ukraine<\/title>\n<desc id='av-svg-desc-5'>Open image in lightbox: Krankenbetten f\u00fcr die Ukraine<\/desc>\n<path d=\"M15.232 3.328h10.112v10.112l-3.2-3.968-4.672 4.864-3.2-3.2 4.864-4.672zM7.872 17.536l3.2 3.2-4.864 4.672 3.904 3.2h-10.112v-10.112l3.2 3.904z\"><\/path>\n<\/svg><\/a><\/div><div class=\"av-horizontal-gallery-wrap noHover\"><img decoding=\"async\" fetchpriority=\"high\" class='wp-image-9081 avia-img-lazy-loading-not-9081 av-horizontal-gallery-img' width=\"768\" height=\"1024\" src=\"https:\/\/imker-aigen.at\/wp-content\/uploads\/2025\/12\/ukraine_help_2025_3.jpg\" title='Beim Beladen des LKWs waren viele Helfer beteiligt' alt='' srcset=\"https:\/\/imker-aigen.at\/wp-content\/uploads\/2025\/12\/ukraine_help_2025_3.jpg 768w, https:\/\/imker-aigen.at\/wp-content\/uploads\/2025\/12\/ukraine_help_2025_3-225x300.jpg 225w, https:\/\/imker-aigen.at\/wp-content\/uploads\/2025\/12\/ukraine_help_2025_3-529x705.jpg 529w\" sizes=\"(max-width: 768px) 100vw, 768px\" \/><a href=\"https:\/\/imker-aigen.at\/wp-content\/uploads\/2025\/12\/ukraine_help_2025_3.jpg\" data-srcset=\"https:\/\/imker-aigen.at\/wp-content\/uploads\/2025\/12\/ukraine_help_2025_3.jpg 768w, https:\/\/imker-aigen.at\/wp-content\/uploads\/2025\/12\/ukraine_help_2025_3-225x300.jpg 225w, https:\/\/imker-aigen.at\/wp-content\/uploads\/2025\/12\/ukraine_help_2025_3-529x705.jpg 529w\" data-sizes=\"(max-width: 768px) 100vw, 768px\" class='av-horizontal-gallery-link avia-svg-icon avia-font-svg_entypo-fontello' data-av_svg_icon='resize-full' data-av_iconset='svg_entypo-fontello' title='Beim Beladen des LKWs waren viele Helfer beteiligt' alt='' aria-label='Open image in lightbox: Beim Beladen des LKWs waren viele Helfer beteiligt'><svg version=\"1.1\" xmlns=\"http:\/\/www.w3.org\/2000\/svg\" width=\"25\" height=\"32\" viewBox=\"0 0 25 32\" preserveAspectRatio=\"xMidYMid meet\" aria-labelledby='av-svg-title-6' aria-describedby='av-svg-desc-6' role=\"graphics-symbol\" aria-hidden=\"true\">\n<title id='av-svg-title-6'>Open image in lightbox: Beim Beladen des LKWs waren viele Helfer beteiligt<\/title>\n<desc id='av-svg-desc-6'>Open image in lightbox: Beim Beladen des LKWs waren viele Helfer beteiligt<\/desc>\n<path d=\"M15.232 3.328h10.112v10.112l-3.2-3.968-4.672 4.864-3.2-3.2 4.864-4.672zM7.872 17.536l3.2 3.2-4.864 4.672 3.904 3.2h-10.112v-10.112l3.2 3.904z\"><\/path>\n<\/svg><\/a><\/div><div class=\"av-horizontal-gallery-wrap noHover\"><img decoding=\"async\" fetchpriority=\"high\" class='wp-image-9079 avia-img-lazy-loading-not-9079 av-horizontal-gallery-img' width=\"768\" height=\"1024\" src=\"https:\/\/imker-aigen.at\/wp-content\/uploads\/2025\/12\/ukraine_help_2025_1.jpg\" title='Es ist sch\u00f6n zu sehen, dass immer wieder Menschen aktiv werden um Menschen in Not zu helfen!' alt='' srcset=\"https:\/\/imker-aigen.at\/wp-content\/uploads\/2025\/12\/ukraine_help_2025_1.jpg 768w, https:\/\/imker-aigen.at\/wp-content\/uploads\/2025\/12\/ukraine_help_2025_1-225x300.jpg 225w, https:\/\/imker-aigen.at\/wp-content\/uploads\/2025\/12\/ukraine_help_2025_1-529x705.jpg 529w\" sizes=\"(max-width: 768px) 100vw, 768px\" \/><a href=\"https:\/\/imker-aigen.at\/wp-content\/uploads\/2025\/12\/ukraine_help_2025_1.jpg\" data-srcset=\"https:\/\/imker-aigen.at\/wp-content\/uploads\/2025\/12\/ukraine_help_2025_1.jpg 768w, https:\/\/imker-aigen.at\/wp-content\/uploads\/2025\/12\/ukraine_help_2025_1-225x300.jpg 225w, https:\/\/imker-aigen.at\/wp-content\/uploads\/2025\/12\/ukraine_help_2025_1-529x705.jpg 529w\" data-sizes=\"(max-width: 768px) 100vw, 768px\" class='av-horizontal-gallery-link avia-svg-icon avia-font-svg_entypo-fontello' data-av_svg_icon='resize-full' data-av_iconset='svg_entypo-fontello' title='Es ist sch\u00f6n zu sehen, dass immer wieder Menschen aktiv werden um Menschen in Not zu helfen!' alt='' aria-label='Open image in lightbox: Es ist sch\u00f6n zu sehen, dass immer wieder Menschen aktiv werden um Menschen in Not zu helfen!'><svg version=\"1.1\" xmlns=\"http:\/\/www.w3.org\/2000\/svg\" width=\"25\" height=\"32\" viewBox=\"0 0 25 32\" preserveAspectRatio=\"xMidYMid meet\" aria-labelledby='av-svg-title-7' aria-describedby='av-svg-desc-7' role=\"graphics-symbol\" aria-hidden=\"true\">\n<title id='av-svg-title-7'>Open image in lightbox: Es ist sch\u00f6n zu sehen, dass immer wieder Menschen aktiv werden um Menschen in Not zu helfen!<\/title>\n<desc id='av-svg-desc-7'>Open image in lightbox: Es ist sch\u00f6n zu sehen, dass immer wieder Menschen aktiv werden um Menschen in Not zu helfen!<\/desc>\n<path d=\"M15.232 3.328h10.112v10.112l-3.2-3.968-4.672 4.864-3.2-3.2 4.864-4.672zM7.872 17.536l3.2 3.2-4.864 4.672 3.904 3.2h-10.112v-10.112l3.2 3.904z\"><\/path>\n<\/svg><\/a><\/div><\/div><\/div><\/div><br \/>\n\n<style type=\"text\/css\" data-created_by=\"avia_inline_auto\" id=\"style-css-av-mit1kvlk-aeb60f02370b915bad12d88c753d0013\">\n#top .hr.av-mit1kvlk-aeb60f02370b915bad12d88c753d0013{\nmargin-top:30px;\nmargin-bottom:30px;\n}\n.hr.av-mit1kvlk-aeb60f02370b915bad12d88c753d0013 .hr-inner{\nwidth:50px;\nmax-width:45%;\n}\n<\/style>\n<div  class='hr av-mit1kvlk-aeb60f02370b915bad12d88c753d0013 hr-custom  avia-builder-el-3  el_after_av_horizontal_gallery  el_before_av_textblock  avia-builder-el-first  hr-center hr-icon-yes'><span class='hr-inner inner-border-av-border-thin'><span class=\"hr-inner-style\"><\/span><\/span><span class='av-seperator-icon avia-svg-icon avia-font-svg_entypo-fontello' data-av_svg_icon='dot-3' data-av_iconset='svg_entypo-fontello'><svg version=\"1.1\" xmlns=\"http:\/\/www.w3.org\/2000\/svg\" width=\"29\" height=\"32\" viewBox=\"0 0 29 32\" preserveAspectRatio=\"xMidYMid meet\" aria-labelledby='av-svg-title-8' aria-describedby='av-svg-desc-8' role=\"graphics-symbol\">\n<title id='av-svg-title-8'>Dot-3<\/title>\n<desc id='av-svg-desc-8'>Dot-3<\/desc>\n<path d=\"M3.52 12.48q1.472 0 2.496 1.024t1.024 2.496q0 1.408-1.024 2.464t-2.496 1.056-2.496-1.056-1.024-2.464q0-1.472 1.024-2.496t2.496-1.024zM14.72 12.48q1.472 0 2.496 1.024t1.024 2.496q0 1.408-1.056 2.464t-2.464 1.056-2.464-1.056-1.056-2.464q0-1.472 1.024-2.496t2.496-1.024zM25.92 12.48q1.472 0 2.496 1.024t1.024 2.496q0 1.408-1.024 2.464t-2.496 1.056-2.496-1.056-1.024-2.464q0-1.472 1.024-2.496t2.496-1.024z\"><\/path>\n<\/svg><\/span><span class='hr-inner inner-border-av-border-thin'><span class=\"hr-inner-style\"><\/span><\/span><\/div><br \/>\n<section  class='av_textblock_section av-mit1li7v-02c97fb911771c42b84742ad2b7952fd '   itemscope=\"itemscope\" itemtype=\"https:\/\/schema.org\/BlogPosting\" itemprop=\"blogPost\" ><div class='avia_textblock'  itemprop=\"text\" ><p>Auch in diesem Jahr organisierte die Gosauerin Ingrid Schmaranzer (<a href=\"https:\/\/www.imego.at\/\">Bienenz\u00fcchterin im Haupterwerb<\/a> und engagiertes <a href=\"https:\/\/www.erwerbsimkerbund.at\/vorstand\">Vorstandsmitglied im \u00f6sterreichischen Erwerbsimkerbund<\/a>) erneut eine umfangreiche Hilfsaktion, um die notleidende Bev\u00f6lkerung in der Ukraine mit dringend ben\u00f6tigten Sach- und Geldspenden zu unterst\u00fctzen. Wie schon in den vergangenen Jahren konnte wieder ein mit Hilfsg\u00fctern voll beladener Sattelschlepper auf die Reise in die Ukraine geschickt werden.<\/p>\n<p>Auch unser Imkerverein beteiligte sich wieder aktiv an dieser Sammlung. Besonders erfreulich war heuer die gro\u00dfz\u00fcgige Unterst\u00fctzung der <a href=\"http:\/\/pfarre-gnigl.at\/\">Pfarre Salzburg Gnigl<\/a>, die 14 gut erhaltene Drehsessel zur Verf\u00fcgung stellte. Diese wurden von Mitgliedern unseres Vereins von Salzburg nach Gosau transportiert und dort f\u00fcr den Weitertransport in die Ukraine vorbereitet.<\/p>\n<p>Neben den Drehsesseln fanden auch in diesem Jahr wieder mehrere Krankenbetten, Notstromaggregate, Gehhilfen und weitere dringend ben\u00f6tigte Hilfsg\u00fcter im Sattelschlepper Platz. Diese Hilfsmittel sind in der Ukraine von gro\u00dfer Bedeutung, um die Menschen dort in ihren schwierigen Lebenslagen zu versorgen.<\/p>\n<p>Taten sagen bekanntlich mehr als Worte. Ingrid und ihr Mann Stefan stellen jedes Jahr erneut unter Beweis, dass sie das Herz am rechten Fleck haben und das Gesagte auch in die Tat umsetzen.<\/p>\n<p>Es bleibt zu hoffen, dass der Krieg in der Ukraine bald ein Ende findet und die ukrainische Bev\u00f6lkerung wieder in Frieden und Sicherheit leben kann.<\/p>\n<p>An dieser Stelle noch einmal ein herzliches Dankesch\u00f6n an Ingrid und Stefan f\u00fcr ihr gro\u00dfes Engagement und ihren unerm\u00fcdlichen Einsatz bei der humanit\u00e4ren Hilfe f\u00fcr die Ukraine! Danke auch an alle helfenden H\u00e4nde sowie Unterst\u00fctzerinnen und Unterst\u00fctzer dieses Projekts!<\/p>\n<p>Wer bei dieser Hilfsaktion helfen m\u00f6chte, kann sich jederzeit beteiligen.\u00a0Der IBAN f\u00fcr das Spendenkonto lautet: \u201eAT08 1420 0200 9302 1437\u201c. Bitte beim Verwendungszweck \u201eUkrainehilfe\u201d angeben. Weitere Unterst\u00fctzung bitte direkt mit Ingrid abstimmen (Tel.: +43 664 73853342).<\/p>\n<blockquote>\n<p>\u201eWie wunderbar es ist, dass niemand einen Moment warten muss, bevor er anf\u00e4ngt, die Welt zu verbessern.\u201d (Anne Frank)<\/p>\n<\/blockquote>\n<h3>Update vom 19.12.2025<\/h3>\n<p>Wir haben gerade die Nachricht erhalten, dass der LKW mit der Hilfslieferung unbeschadet in der Ukraine angekommen ist und die Sachspenden bereits verteilt werden.<\/p>\n<\/div><\/section><br \/>\n<div  class='av-social-sharing-box av-47odd0-b307ff1db53b86b97ba7cb371047b95f av-social-sharing-box-default  avia-builder-el-5  el_after_av_textblock  el_before_av_comments_list  av-social-sharing-box-fullwidth'><div class=\"av-share-box\"><h5 class='av-share-link-description av-no-toc '>Eintrag teilen<\/h5><ul class=\"av-share-box-list noLightbox\"><li class='av-share-link av-social-link-facebook avia_social_iconfont' ><a target=\"_blank\" aria-label=\"Teilen auf Facebook\" href='https:\/\/www.facebook.com\/sharer.php?u=https:\/\/imker-aigen.at\/index.php\/2025\/12\/05\/spendenaktion-fuer-die-ukraine\/&#038;t=Spendenaktion%20f%C3%BCr%20die%20Ukraine' data-av_icon='\ue8f3' data-av_iconfont='entypo-fontello'  title='' data-avia-related-tooltip='Teilen auf Facebook'><span class='avia_hidden_link_text'>Teilen auf Facebook<\/span><\/a><\/li><li class='av-share-link av-social-link-twitter avia_social_iconfont' ><a target=\"_blank\" aria-label=\"Teilen auf X\" href='https:\/\/twitter.com\/share?text=Spendenaktion%20f%C3%BCr%20die%20Ukraine&#038;url=https:\/\/imker-aigen.at\/?p=9076' data-av_icon='\ue932' data-av_iconfont='entypo-fontello'  title='' data-avia-related-tooltip='Teilen auf X'><span class='avia_hidden_link_text'>Teilen auf X<\/span><\/a><\/li><li class='av-share-link av-social-link-whatsapp avia_social_iconfont' ><a target=\"_blank\" aria-label=\"Teilen auf WhatsApp\" href='https:\/\/api.whatsapp.com\/send?text=https:\/\/imker-aigen.at\/index.php\/2025\/12\/05\/spendenaktion-fuer-die-ukraine\/' data-av_icon='\uf232' data-av_iconfont='entypo-fontello'  title='' data-avia-related-tooltip='Teilen auf WhatsApp'><span class='avia_hidden_link_text'>Teilen auf WhatsApp<\/span><\/a><\/li><li class='av-share-link av-social-link-pinterest avia_social_iconfont' ><a target=\"_blank\" aria-label=\"Teilen auf Pinterest\" href='https:\/\/pinterest.com\/pin\/create\/button\/?url=https%3A%2F%2Fimker-aigen.at%2Findex.php%2F2025%2F12%2F05%2Fspendenaktion-fuer-die-ukraine%2F&#038;description=Spendenaktion%20f%C3%BCr%20die%20Ukraine&#038;media=https%3A%2F%2Fimker-aigen.at%2Fwp-content%2Fuploads%2F2025%2F12%2Fukraine_help_2025_small.jpg' data-av_icon='\ue8f8' data-av_iconfont='entypo-fontello'  title='' data-avia-related-tooltip='Teilen auf Pinterest'><span class='avia_hidden_link_text'>Teilen auf Pinterest<\/span><\/a><\/li><li class='av-share-link av-social-link-linkedin avia_social_iconfont' ><a target=\"_blank\" aria-label=\"Teilen auf LinkedIn\" href='https:\/\/linkedin.com\/shareArticle?mini=true&#038;title=Spendenaktion%20f%C3%BCr%20die%20Ukraine&#038;url=https:\/\/imker-aigen.at\/index.php\/2025\/12\/05\/spendenaktion-fuer-die-ukraine\/' data-av_icon='\ue8fc' data-av_iconfont='entypo-fontello'  title='' data-avia-related-tooltip='Teilen auf LinkedIn'><span class='avia_hidden_link_text'>Teilen auf LinkedIn<\/span><\/a><\/li><li class='av-share-link av-social-link-reddit avia_social_iconfont' ><a target=\"_blank\" aria-label=\"Teilen auf Reddit\" href='https:\/\/reddit.com\/submit?url=https:\/\/imker-aigen.at\/index.php\/2025\/12\/05\/spendenaktion-fuer-die-ukraine\/&#038;title=Spendenaktion%20f%C3%BCr%20die%20Ukraine' data-av_icon='\ue927' data-av_iconfont='entypo-fontello'  title='' data-avia-related-tooltip='Teilen auf Reddit'><span class='avia_hidden_link_text'>Teilen auf Reddit<\/span><\/a><\/li><li class='av-share-link av-social-link-mail avia_social_iconfont' ><a  aria-label=\"Per E-Mail teilen\" href='mailto:?subject=Spendenaktion%20f%C3%BCr%20die%20Ukraine&#038;body=https:\/\/imker-aigen.at\/index.php\/2025\/12\/05\/spendenaktion-fuer-die-ukraine\/' data-av_icon='\ue805' data-av_iconfont='entypo-fontello'  title='' data-avia-related-tooltip='Per E-Mail teilen'><span class='avia_hidden_link_text'>Per E-Mail teilen<\/span><\/a><\/li><\/ul><\/div><\/div><br \/>\n<div  class='av-buildercomment av-2xuf7o-235358e31d6b0c169bf399aad7b4d1c0'><\/div><\/p><\/div>\n","protected":false},"excerpt":{"rendered":"","protected":false},"author":1,"featured_media":9090,"comment_status":"open","ping_status":"closed","sticky":false,"template":"","format":"standard","meta":{"footnotes":""},"categories":[2],"tags":[476,475,459],"class_list":["post-9076","post","type-post","status-publish","format-standard","has-post-thumbnail","hentry","category-news","tag-pfarre-gnigl","tag-schmaranzer","tag-ukrainehilfe"],"yoast_head":"<!-- This site is optimized with the Yoast SEO plugin v27.4 - https:\/\/yoast.com\/product\/yoast-seo-wordpress\/ -->\n<title>Spendenaktion f\u00fcr die Ukraine - Imker Ortsgruppe Salzburg Aigen<\/title>\n<meta name=\"description\" content=\"Auch 2025 wurden von Ingrid Schmaranzer und ihrem Team wieder Geld- und Sachspenden f\u00fcr die Ukraine gesammelt. Danke!\" \/>\n<meta name=\"robots\" content=\"index, follow, max-snippet:-1, max-image-preview:large, max-video-preview:-1\" \/>\n<link rel=\"canonical\" href=\"https:\/\/imker-aigen.at\/index.php\/2025\/12\/05\/spendenaktion-fuer-die-ukraine\/\" \/>\n<meta property=\"og:locale\" content=\"de_DE\" \/>\n<meta property=\"og:type\" content=\"article\" \/>\n<meta property=\"og:title\" content=\"Spendenaktion f\u00fcr die Ukraine - Imker Ortsgruppe Salzburg Aigen\" \/>\n<meta property=\"og:description\" content=\"Auch 2025 wurden von Ingrid Schmaranzer und ihrem Team wieder Geld- und Sachspenden f\u00fcr die Ukraine gesammelt. Danke!\" \/>\n<meta property=\"og:url\" content=\"https:\/\/imker-aigen.at\/index.php\/2025\/12\/05\/spendenaktion-fuer-die-ukraine\/\" \/>\n<meta property=\"og:site_name\" content=\"Imker Ortsgruppe Salzburg Aigen\" \/>\n<meta property=\"article:published_time\" content=\"2025-12-05T15:55:20+00:00\" \/>\n<meta property=\"article:modified_time\" content=\"2025-12-22T08:08:17+00:00\" \/>\n<meta property=\"og:image\" content=\"https:\/\/imker-aigen.at\/wp-content\/uploads\/2025\/12\/ukraine_help_2025_small.jpg\" \/>\n\t<meta property=\"og:image:width\" content=\"600\" \/>\n\t<meta property=\"og:image:height\" content=\"600\" \/>\n\t<meta property=\"og:image:type\" content=\"image\/jpeg\" \/>\n<meta name=\"author\" content=\"admin\" \/>\n<meta name=\"twitter:card\" content=\"summary_large_image\" \/>\n<meta name=\"twitter:label1\" content=\"Verfasst von\" \/>\n\t<meta name=\"twitter:data1\" content=\"admin\" \/>\n\t<meta name=\"twitter:label2\" content=\"Gesch\u00e4tzte Lesezeit\" \/>\n\t<meta name=\"twitter:data2\" content=\"4\u00a0Minuten\" \/>\n<script type=\"application\/ld+json\" class=\"yoast-schema-graph\">{\"@context\":\"https:\\\/\\\/schema.org\",\"@graph\":[{\"@type\":\"Article\",\"@id\":\"https:\\\/\\\/imker-aigen.at\\\/index.php\\\/2025\\\/12\\\/05\\\/spendenaktion-fuer-die-ukraine\\\/#article\",\"isPartOf\":{\"@id\":\"https:\\\/\\\/imker-aigen.at\\\/index.php\\\/2025\\\/12\\\/05\\\/spendenaktion-fuer-die-ukraine\\\/\"},\"author\":{\"name\":\"admin\",\"@id\":\"https:\\\/\\\/imker-aigen.at\\\/#\\\/schema\\\/person\\\/d7d0c3a8ef6f051d450781218ac83077\"},\"headline\":\"Spendenaktion f\u00fcr die Ukraine\",\"datePublished\":\"2025-12-05T15:55:20+00:00\",\"dateModified\":\"2025-12-22T08:08:17+00:00\",\"mainEntityOfPage\":{\"@id\":\"https:\\\/\\\/imker-aigen.at\\\/index.php\\\/2025\\\/12\\\/05\\\/spendenaktion-fuer-die-ukraine\\\/\"},\"wordCount\":1399,\"commentCount\":1,\"publisher\":{\"@id\":\"https:\\\/\\\/imker-aigen.at\\\/#organization\"},\"image\":{\"@id\":\"https:\\\/\\\/imker-aigen.at\\\/index.php\\\/2025\\\/12\\\/05\\\/spendenaktion-fuer-die-ukraine\\\/#primaryimage\"},\"thumbnailUrl\":\"https:\\\/\\\/imker-aigen.at\\\/wp-content\\\/uploads\\\/2025\\\/12\\\/ukraine_help_2025_small.jpg\",\"keywords\":[\"Pfarre Gnigl\",\"Schmaranzer\",\"Ukrainehilfe\"],\"articleSection\":[\"News\"],\"inLanguage\":\"de\",\"potentialAction\":[{\"@type\":\"CommentAction\",\"name\":\"Comment\",\"target\":[\"https:\\\/\\\/imker-aigen.at\\\/index.php\\\/2025\\\/12\\\/05\\\/spendenaktion-fuer-die-ukraine\\\/#respond\"]}]},{\"@type\":\"WebPage\",\"@id\":\"https:\\\/\\\/imker-aigen.at\\\/index.php\\\/2025\\\/12\\\/05\\\/spendenaktion-fuer-die-ukraine\\\/\",\"url\":\"https:\\\/\\\/imker-aigen.at\\\/index.php\\\/2025\\\/12\\\/05\\\/spendenaktion-fuer-die-ukraine\\\/\",\"name\":\"Spendenaktion f\u00fcr die Ukraine - Imker Ortsgruppe Salzburg Aigen\",\"isPartOf\":{\"@id\":\"https:\\\/\\\/imker-aigen.at\\\/#website\"},\"primaryImageOfPage\":{\"@id\":\"https:\\\/\\\/imker-aigen.at\\\/index.php\\\/2025\\\/12\\\/05\\\/spendenaktion-fuer-die-ukraine\\\/#primaryimage\"},\"image\":{\"@id\":\"https:\\\/\\\/imker-aigen.at\\\/index.php\\\/2025\\\/12\\\/05\\\/spendenaktion-fuer-die-ukraine\\\/#primaryimage\"},\"thumbnailUrl\":\"https:\\\/\\\/imker-aigen.at\\\/wp-content\\\/uploads\\\/2025\\\/12\\\/ukraine_help_2025_small.jpg\",\"datePublished\":\"2025-12-05T15:55:20+00:00\",\"dateModified\":\"2025-12-22T08:08:17+00:00\",\"description\":\"Auch 2025 wurden von Ingrid Schmaranzer und ihrem Team wieder Geld- und Sachspenden f\u00fcr die Ukraine gesammelt. Danke!\",\"breadcrumb\":{\"@id\":\"https:\\\/\\\/imker-aigen.at\\\/index.php\\\/2025\\\/12\\\/05\\\/spendenaktion-fuer-die-ukraine\\\/#breadcrumb\"},\"inLanguage\":\"de\",\"potentialAction\":[{\"@type\":\"ReadAction\",\"target\":[\"https:\\\/\\\/imker-aigen.at\\\/index.php\\\/2025\\\/12\\\/05\\\/spendenaktion-fuer-die-ukraine\\\/\"]}]},{\"@type\":\"ImageObject\",\"inLanguage\":\"de\",\"@id\":\"https:\\\/\\\/imker-aigen.at\\\/index.php\\\/2025\\\/12\\\/05\\\/spendenaktion-fuer-die-ukraine\\\/#primaryimage\",\"url\":\"https:\\\/\\\/imker-aigen.at\\\/wp-content\\\/uploads\\\/2025\\\/12\\\/ukraine_help_2025_small.jpg\",\"contentUrl\":\"https:\\\/\\\/imker-aigen.at\\\/wp-content\\\/uploads\\\/2025\\\/12\\\/ukraine_help_2025_small.jpg\",\"width\":600,\"height\":600},{\"@type\":\"BreadcrumbList\",\"@id\":\"https:\\\/\\\/imker-aigen.at\\\/index.php\\\/2025\\\/12\\\/05\\\/spendenaktion-fuer-die-ukraine\\\/#breadcrumb\",\"itemListElement\":[{\"@type\":\"ListItem\",\"position\":1,\"name\":\"Startseite\",\"item\":\"https:\\\/\\\/imker-aigen.at\\\/index.php\\\/home\\\/\"},{\"@type\":\"ListItem\",\"position\":2,\"name\":\"Spendenaktion f\u00fcr die Ukraine\"}]},{\"@type\":\"WebSite\",\"@id\":\"https:\\\/\\\/imker-aigen.at\\\/#website\",\"url\":\"https:\\\/\\\/imker-aigen.at\\\/\",\"name\":\"Imker Ortsgruppe Salzburg Aigen\",\"description\":\"Homepage der Imker-Ortsgruppe Salzburg Aigen\",\"publisher\":{\"@id\":\"https:\\\/\\\/imker-aigen.at\\\/#organization\"},\"potentialAction\":[{\"@type\":\"SearchAction\",\"target\":{\"@type\":\"EntryPoint\",\"urlTemplate\":\"https:\\\/\\\/imker-aigen.at\\\/?s={search_term_string}\"},\"query-input\":{\"@type\":\"PropertyValueSpecification\",\"valueRequired\":true,\"valueName\":\"search_term_string\"}}],\"inLanguage\":\"de\"},{\"@type\":\"Organization\",\"@id\":\"https:\\\/\\\/imker-aigen.at\\\/#organization\",\"name\":\"Imker Ortsgruppe Salzburg Aigen\",\"url\":\"https:\\\/\\\/imker-aigen.at\\\/\",\"logo\":{\"@type\":\"ImageObject\",\"inLanguage\":\"de\",\"@id\":\"https:\\\/\\\/imker-aigen.at\\\/#\\\/schema\\\/logo\\\/image\\\/\",\"url\":\"https:\\\/\\\/imker-aigen.at\\\/wp-content\\\/uploads\\\/2022\\\/08\\\/logo-1.png\",\"contentUrl\":\"https:\\\/\\\/imker-aigen.at\\\/wp-content\\\/uploads\\\/2022\\\/08\\\/logo-1.png\",\"width\":392,\"height\":156,\"caption\":\"Imker Ortsgruppe Salzburg Aigen\"},\"image\":{\"@id\":\"https:\\\/\\\/imker-aigen.at\\\/#\\\/schema\\\/logo\\\/image\\\/\"}},{\"@type\":\"Person\",\"@id\":\"https:\\\/\\\/imker-aigen.at\\\/#\\\/schema\\\/person\\\/d7d0c3a8ef6f051d450781218ac83077\",\"name\":\"admin\",\"image\":{\"@type\":\"ImageObject\",\"inLanguage\":\"de\",\"@id\":\"https:\\\/\\\/secure.gravatar.com\\\/avatar\\\/925a7e918efd3cfdae29be9c0018a3ae3275cd0444a6e166241172bb6e5243c7?s=96&d=mm&r=g\",\"url\":\"https:\\\/\\\/secure.gravatar.com\\\/avatar\\\/925a7e918efd3cfdae29be9c0018a3ae3275cd0444a6e166241172bb6e5243c7?s=96&d=mm&r=g\",\"contentUrl\":\"https:\\\/\\\/secure.gravatar.com\\\/avatar\\\/925a7e918efd3cfdae29be9c0018a3ae3275cd0444a6e166241172bb6e5243c7?s=96&d=mm&r=g\",\"caption\":\"admin\"},\"sameAs\":[\"https:\\\/\\\/imker-aigen.at\",\"linkedin.com\\\/in\\\/bernd-meierhofer-5919b62\"],\"url\":\"https:\\\/\\\/imker-aigen.at\\\/index.php\\\/author\\\/bmeierhofer\\\/\"}]}<\/script>\n<!-- \/ Yoast SEO plugin. -->","yoast_head_json":{"title":"Spendenaktion f\u00fcr die Ukraine - Imker Ortsgruppe Salzburg Aigen","description":"Auch 2025 wurden von Ingrid Schmaranzer und ihrem Team wieder Geld- und Sachspenden f\u00fcr die Ukraine gesammelt. Danke!","robots":{"index":"index","follow":"follow","max-snippet":"max-snippet:-1","max-image-preview":"max-image-preview:large","max-video-preview":"max-video-preview:-1"},"canonical":"https:\/\/imker-aigen.at\/index.php\/2025\/12\/05\/spendenaktion-fuer-die-ukraine\/","og_locale":"de_DE","og_type":"article","og_title":"Spendenaktion f\u00fcr die Ukraine - Imker Ortsgruppe Salzburg Aigen","og_description":"Auch 2025 wurden von Ingrid Schmaranzer und ihrem Team wieder Geld- und Sachspenden f\u00fcr die Ukraine gesammelt. Danke!","og_url":"https:\/\/imker-aigen.at\/index.php\/2025\/12\/05\/spendenaktion-fuer-die-ukraine\/","og_site_name":"Imker Ortsgruppe Salzburg Aigen","article_published_time":"2025-12-05T15:55:20+00:00","article_modified_time":"2025-12-22T08:08:17+00:00","og_image":[{"width":600,"height":600,"url":"https:\/\/imker-aigen.at\/wp-content\/uploads\/2025\/12\/ukraine_help_2025_small.jpg","type":"image\/jpeg"}],"author":"admin","twitter_card":"summary_large_image","twitter_misc":{"Verfasst von":"admin","Gesch\u00e4tzte Lesezeit":"4\u00a0Minuten"},"schema":{"@context":"https:\/\/schema.org","@graph":[{"@type":"Article","@id":"https:\/\/imker-aigen.at\/index.php\/2025\/12\/05\/spendenaktion-fuer-die-ukraine\/#article","isPartOf":{"@id":"https:\/\/imker-aigen.at\/index.php\/2025\/12\/05\/spendenaktion-fuer-die-ukraine\/"},"author":{"name":"admin","@id":"https:\/\/imker-aigen.at\/#\/schema\/person\/d7d0c3a8ef6f051d450781218ac83077"},"headline":"Spendenaktion f\u00fcr die Ukraine","datePublished":"2025-12-05T15:55:20+00:00","dateModified":"2025-12-22T08:08:17+00:00","mainEntityOfPage":{"@id":"https:\/\/imker-aigen.at\/index.php\/2025\/12\/05\/spendenaktion-fuer-die-ukraine\/"},"wordCount":1399,"commentCount":1,"publisher":{"@id":"https:\/\/imker-aigen.at\/#organization"},"image":{"@id":"https:\/\/imker-aigen.at\/index.php\/2025\/12\/05\/spendenaktion-fuer-die-ukraine\/#primaryimage"},"thumbnailUrl":"https:\/\/imker-aigen.at\/wp-content\/uploads\/2025\/12\/ukraine_help_2025_small.jpg","keywords":["Pfarre Gnigl","Schmaranzer","Ukrainehilfe"],"articleSection":["News"],"inLanguage":"de","potentialAction":[{"@type":"CommentAction","name":"Comment","target":["https:\/\/imker-aigen.at\/index.php\/2025\/12\/05\/spendenaktion-fuer-die-ukraine\/#respond"]}]},{"@type":"WebPage","@id":"https:\/\/imker-aigen.at\/index.php\/2025\/12\/05\/spendenaktion-fuer-die-ukraine\/","url":"https:\/\/imker-aigen.at\/index.php\/2025\/12\/05\/spendenaktion-fuer-die-ukraine\/","name":"Spendenaktion f\u00fcr die Ukraine - Imker Ortsgruppe Salzburg Aigen","isPartOf":{"@id":"https:\/\/imker-aigen.at\/#website"},"primaryImageOfPage":{"@id":"https:\/\/imker-aigen.at\/index.php\/2025\/12\/05\/spendenaktion-fuer-die-ukraine\/#primaryimage"},"image":{"@id":"https:\/\/imker-aigen.at\/index.php\/2025\/12\/05\/spendenaktion-fuer-die-ukraine\/#primaryimage"},"thumbnailUrl":"https:\/\/imker-aigen.at\/wp-content\/uploads\/2025\/12\/ukraine_help_2025_small.jpg","datePublished":"2025-12-05T15:55:20+00:00","dateModified":"2025-12-22T08:08:17+00:00","description":"Auch 2025 wurden von Ingrid Schmaranzer und ihrem Team wieder Geld- und Sachspenden f\u00fcr die Ukraine gesammelt. Danke!","breadcrumb":{"@id":"https:\/\/imker-aigen.at\/index.php\/2025\/12\/05\/spendenaktion-fuer-die-ukraine\/#breadcrumb"},"inLanguage":"de","potentialAction":[{"@type":"ReadAction","target":["https:\/\/imker-aigen.at\/index.php\/2025\/12\/05\/spendenaktion-fuer-die-ukraine\/"]}]},{"@type":"ImageObject","inLanguage":"de","@id":"https:\/\/imker-aigen.at\/index.php\/2025\/12\/05\/spendenaktion-fuer-die-ukraine\/#primaryimage","url":"https:\/\/imker-aigen.at\/wp-content\/uploads\/2025\/12\/ukraine_help_2025_small.jpg","contentUrl":"https:\/\/imker-aigen.at\/wp-content\/uploads\/2025\/12\/ukraine_help_2025_small.jpg","width":600,"height":600},{"@type":"BreadcrumbList","@id":"https:\/\/imker-aigen.at\/index.php\/2025\/12\/05\/spendenaktion-fuer-die-ukraine\/#breadcrumb","itemListElement":[{"@type":"ListItem","position":1,"name":"Startseite","item":"https:\/\/imker-aigen.at\/index.php\/home\/"},{"@type":"ListItem","position":2,"name":"Spendenaktion f\u00fcr die Ukraine"}]},{"@type":"WebSite","@id":"https:\/\/imker-aigen.at\/#website","url":"https:\/\/imker-aigen.at\/","name":"Imker Ortsgruppe Salzburg Aigen","description":"Homepage der Imker-Ortsgruppe Salzburg Aigen","publisher":{"@id":"https:\/\/imker-aigen.at\/#organization"},"potentialAction":[{"@type":"SearchAction","target":{"@type":"EntryPoint","urlTemplate":"https:\/\/imker-aigen.at\/?s={search_term_string}"},"query-input":{"@type":"PropertyValueSpecification","valueRequired":true,"valueName":"search_term_string"}}],"inLanguage":"de"},{"@type":"Organization","@id":"https:\/\/imker-aigen.at\/#organization","name":"Imker Ortsgruppe Salzburg Aigen","url":"https:\/\/imker-aigen.at\/","logo":{"@type":"ImageObject","inLanguage":"de","@id":"https:\/\/imker-aigen.at\/#\/schema\/logo\/image\/","url":"https:\/\/imker-aigen.at\/wp-content\/uploads\/2022\/08\/logo-1.png","contentUrl":"https:\/\/imker-aigen.at\/wp-content\/uploads\/2022\/08\/logo-1.png","width":392,"height":156,"caption":"Imker Ortsgruppe Salzburg Aigen"},"image":{"@id":"https:\/\/imker-aigen.at\/#\/schema\/logo\/image\/"}},{"@type":"Person","@id":"https:\/\/imker-aigen.at\/#\/schema\/person\/d7d0c3a8ef6f051d450781218ac83077","name":"admin","image":{"@type":"ImageObject","inLanguage":"de","@id":"https:\/\/secure.gravatar.com\/avatar\/925a7e918efd3cfdae29be9c0018a3ae3275cd0444a6e166241172bb6e5243c7?s=96&d=mm&r=g","url":"https:\/\/secure.gravatar.com\/avatar\/925a7e918efd3cfdae29be9c0018a3ae3275cd0444a6e166241172bb6e5243c7?s=96&d=mm&r=g","contentUrl":"https:\/\/secure.gravatar.com\/avatar\/925a7e918efd3cfdae29be9c0018a3ae3275cd0444a6e166241172bb6e5243c7?s=96&d=mm&r=g","caption":"admin"},"sameAs":["https:\/\/imker-aigen.at","linkedin.com\/in\/bernd-meierhofer-5919b62"],"url":"https:\/\/imker-aigen.at\/index.php\/author\/bmeierhofer\/"}]}},"_links":{"self":[{"href":"https:\/\/imker-aigen.at\/index.php\/wp-json\/wp\/v2\/posts\/9076","targetHints":{"allow":["GET"]}}],"collection":[{"href":"https:\/\/imker-aigen.at\/index.php\/wp-json\/wp\/v2\/posts"}],"about":[{"href":"https:\/\/imker-aigen.at\/index.php\/wp-json\/wp\/v2\/types\/post"}],"author":[{"embeddable":true,"href":"https:\/\/imker-aigen.at\/index.php\/wp-json\/wp\/v2\/users\/1"}],"replies":[{"embeddable":true,"href":"https:\/\/imker-aigen.at\/index.php\/wp-json\/wp\/v2\/comments?post=9076"}],"version-history":[{"count":6,"href":"https:\/\/imker-aigen.at\/index.php\/wp-json\/wp\/v2\/posts\/9076\/revisions"}],"predecessor-version":[{"id":9177,"href":"https:\/\/imker-aigen.at\/index.php\/wp-json\/wp\/v2\/posts\/9076\/revisions\/9177"}],"wp:featuredmedia":[{"embeddable":true,"href":"https:\/\/imker-aigen.at\/index.php\/wp-json\/wp\/v2\/media\/9090"}],"wp:attachment":[{"href":"https:\/\/imker-aigen.at\/index.php\/wp-json\/wp\/v2\/media?parent=9076"}],"wp:term":[{"taxonomy":"category","embeddable":true,"href":"https:\/\/imker-aigen.at\/index.php\/wp-json\/wp\/v2\/categories?post=9076"},{"taxonomy":"post_tag","embeddable":true,"href":"https:\/\/imker-aigen.at\/index.php\/wp-json\/wp\/v2\/tags?post=9076"}],"curies":[{"name":"wp","href":"https:\/\/api.w.org\/{rel}","templated":true}]}}