{"id":9097,"date":"2025-12-11T13:35:08","date_gmt":"2025-12-11T12:35:08","guid":{"rendered":"https:\/\/imker-aigen.at\/?p=9097"},"modified":"2025-12-22T08:59:23","modified_gmt":"2025-12-22T07:59:23","slug":"s-pass-online-adventkalender-2025","status":"publish","type":"post","link":"https:\/\/imker-aigen.at\/index.php\/2025\/12\/11\/s-pass-online-adventkalender-2025\/","title":{"rendered":"S-Pass Online-Adventkalender 2025"},"content":{"rendered":"<div  class='flex_column av-8xu9s9-3534a68205545b6c2bca18ba02dfb46a av_one_full  avia-builder-el-0  avia-builder-el-no-sibling  first flex_column_div  '     ><p>\n<style type=\"text\/css\" data-created_by=\"avia_inline_auto\" id=\"style-css-av-mj1f7uv6-871dddce142e792fc25a4f76fd720102\">\n#top .av-special-heading.av-mj1f7uv6-871dddce142e792fc25a4f76fd720102{\npadding-bottom:10px;\n}\nbody .av-special-heading.av-mj1f7uv6-871dddce142e792fc25a4f76fd720102 .av-special-heading-tag .heading-char{\nfont-size:25px;\n}\n.av-special-heading.av-mj1f7uv6-871dddce142e792fc25a4f76fd720102 .av-subheading{\nfont-size:15px;\n}\n<\/style>\n<div  class='av-special-heading av-mj1f7uv6-871dddce142e792fc25a4f76fd720102 av-special-heading-h3 blockquote modern-quote modern-centered  avia-builder-el-1  el_before_av_image  avia-builder-el-first '><h3 class='av-special-heading-tag '  itemprop=\"headline\"  >S-Pass Online-Adventkalender 2025<\/h3><div class='av-subheading av-subheading_below'><p>Wir sind wieder dabei!<\/p>\n<\/div><div class=\"special-heading-border\"><div class=\"special-heading-inner-border\"><\/div><\/div><\/div><br \/>\n\n<style type=\"text\/css\" data-created_by=\"avia_inline_auto\" id=\"style-css-av-mj1fvxjz-f6df3527c90263de0b5439afde4fb39e\">\n.avia-image-container.av-mj1fvxjz-f6df3527c90263de0b5439afde4fb39e img.avia_image{\nbox-shadow:none;\n}\n.avia-image-container.av-mj1fvxjz-f6df3527c90263de0b5439afde4fb39e .av-image-caption-overlay-center{\ncolor:#ffffff;\n}\n<\/style>\n<div  class='avia-image-container av-mj1fvxjz-f6df3527c90263de0b5439afde4fb39e av-styling- avia-align-center  avia-builder-el-2  el_after_av_heading  el_before_av_hr '   itemprop=\"image\" itemscope=\"itemscope\" itemtype=\"https:\/\/schema.org\/ImageObject\" ><div class=\"avia-image-container-inner\"><div class=\"avia-image-overlay-wrap\"><img decoding=\"async\" fetchpriority=\"high\" class='wp-image-9099 avia-img-lazy-loading-not-9099 avia_image ' src=\"https:\/\/imker-aigen.at\/wp-content\/uploads\/2025\/12\/spass_adventkalender_2025.jpg\" alt='' title='S-Pass Adventkalender 2025'  height=\"720\" width=\"904\"  itemprop=\"thumbnailUrl\" srcset=\"https:\/\/imker-aigen.at\/wp-content\/uploads\/2025\/12\/spass_adventkalender_2025.jpg 904w, https:\/\/imker-aigen.at\/wp-content\/uploads\/2025\/12\/spass_adventkalender_2025-300x239.jpg 300w, https:\/\/imker-aigen.at\/wp-content\/uploads\/2025\/12\/spass_adventkalender_2025-768x612.jpg 768w, https:\/\/imker-aigen.at\/wp-content\/uploads\/2025\/12\/spass_adventkalender_2025-705x562.jpg 705w\" sizes=\"(max-width: 904px) 100vw, 904px\" \/><\/div><\/div><\/div><br \/>\n\n<style type=\"text\/css\" data-created_by=\"avia_inline_auto\" id=\"style-css-av-sekkp-aad0d6e5c36632900f8e604de216254d\">\n#top .hr.av-sekkp-aad0d6e5c36632900f8e604de216254d{\nmargin-top:30px;\nmargin-bottom:30px;\n}\n.hr.av-sekkp-aad0d6e5c36632900f8e604de216254d .hr-inner{\nwidth:50px;\nmax-width:45%;\n}\n<\/style>\n<div  class='hr av-sekkp-aad0d6e5c36632900f8e604de216254d hr-custom  avia-builder-el-3  el_after_av_image  el_before_av_textblock  hr-center hr-icon-yes'><span class='hr-inner inner-border-av-border-thin'><span class=\"hr-inner-style\"><\/span><\/span><span class='av-seperator-icon avia-svg-icon avia-font-svg_entypo-fontello' data-av_svg_icon='dot-3' data-av_iconset='svg_entypo-fontello'><svg version=\"1.1\" xmlns=\"http:\/\/www.w3.org\/2000\/svg\" width=\"29\" height=\"32\" viewBox=\"0 0 29 32\" preserveAspectRatio=\"xMidYMid meet\" aria-labelledby='av-svg-title-1' aria-describedby='av-svg-desc-1' role=\"graphics-symbol\">\n<title id='av-svg-title-1'>Dot-3<\/title>\n<desc id='av-svg-desc-1'>Dot-3<\/desc>\n<path d=\"M3.52 12.48q1.472 0 2.496 1.024t1.024 2.496q0 1.408-1.024 2.464t-2.496 1.056-2.496-1.056-1.024-2.464q0-1.472 1.024-2.496t2.496-1.024zM14.72 12.48q1.472 0 2.496 1.024t1.024 2.496q0 1.408-1.056 2.464t-2.464 1.056-2.464-1.056-1.056-2.464q0-1.472 1.024-2.496t2.496-1.024zM25.92 12.48q1.472 0 2.496 1.024t1.024 2.496q0 1.408-1.024 2.464t-2.496 1.056-2.496-1.056-1.024-2.464q0-1.472 1.024-2.496t2.496-1.024z\"><\/path>\n<\/svg><\/span><span class='hr-inner inner-border-av-border-thin'><span class=\"hr-inner-style\"><\/span><\/span><\/div><br \/>\n<section  class='av_textblock_section av-5ubs6h-93aaf4655f2c697649d2e5bed2487f80 '   itemscope=\"itemscope\" itemtype=\"https:\/\/schema.org\/BlogPosting\" itemprop=\"blogPost\" ><div class='avia_textblock'  itemprop=\"text\" ><h3>Teilnahme am S-Pass Online Adventkalender<\/h3>\n<p>Auch in diesem Jahr ist der Imkerverein Salzburg Aigen wieder mit einem T\u00fcrchen im <a href=\"https:\/\/adventskalender.s-pass.at\/\">S-Pass Online-Adventkalender<\/a> vertreten. Der S-Pass ist ein Altersnachweis nach dem Salzburger Jugendgesetz und &#8222;die Jugendkarte&#8220; in Salzburg.\u00a0 Wie auch im letzten Jahr werden wir dieses T\u00fcrchen gemeinsam mit dem <a href=\"https:\/\/naturschutzbund.at\/salzburg.html\">Salzburger Naturschutzbund<\/a> bef\u00fcllen.<\/p>\n<h3>Honig &#8211; ein kostbares Geschenk<\/h3>\n<p>In \u00d6sterreich liegt der j\u00e4hrliche Pro-Kopf-Verbrauch bei etwas \u00fcber einem Kilogramm Honig. Honig ist aber nicht gleich Honig. Es gibt gewaltige qualitative Unterschiede. In den Superm\u00e4rkten findet man oftmals Billigprodukte sowie Importware. Leider gelangen auch immer wieder gef\u00e4lschte Produkte in den Handel. Daher ist es sehr zu empfehlen, seinen Honig stets beim \u00f6rtlichen Imker seines Vertrauens zu kaufen.<\/p>\n<h4>Ein Streifzug durch die Salzburger Honige<\/h4>\n<p>Wir haben uns daher f\u00fcr dieses Jahr eine besondere \u00dcberraschung einfallen lassen. Neben seinem j\u00e4hrlichen Honigbedarf bekommt die gl\u00fcckliche Gewinnerin bzw. der gl\u00fcckliche Gewinner Honige in Topqualit\u00e4t von verschiedenen Salzburger Imkern und damit einen Streifzug durch die Salzburger Honiglandschaft.<\/p>\n<p>Schon beim Betrachten wird die Vielfalt der Salzburger Honige deutlich. Beim Verkosten zeigt sich dann, welche geschmacklichen Kostbarkeiten die unterschiedlichen Salzburger Regionen zu bieten haben.<\/p>\n<p>Unser diesj\u00e4hriges Honigpaket enth\u00e4lt:<\/p>\n<ul>\n<li>250g Gebirgshonig von der <a href=\"https:\/\/biokocher.at\/\">Bio-Imkerei Kocher<\/a> in Radstadt<\/li>\n<li>500g Bio-Honig aus Elsbethen von unserem Vereinsmitglied <a href=\"https:\/\/imker-aigen.at\/index.php\/2023\/04\/18\/bio-imkerei-paul-haslauer\/\">Paul Haslauer<\/a><\/li>\n<li>Drei Salzburger Honige vom <a href=\"https:\/\/imkerhof-salzburg.at\/\">Imkerhof Salzburg<\/a> (250g) aus drei unterschiedlichen Regionen<\/li>\n<\/ul>\n<p>Abgerundet wird das diesj\u00e4hrige Geschenk durch:<\/p>\n<ul>\n<li>einen Regenschirm \u201eAufbl\u00fchen\u201c vom Salzburger Naturschutzbund<\/li>\n<li>einen Pl\u00fcsch-Fischotter vom Salzburger Naturschutzbund<\/li>\n<li>einen Buff-Schlauschal vom Salzburger Naturschutzbund<\/li>\n<li>ein Bienenwachs-Kerzenbastelset<\/li>\n<li>eine Packung Honig-Doppelb\u00e4rchen<\/li>\n<\/ul>\n<p>Der Pl\u00fcsch-Fischotter ist \u00fcbrigens auch ein symboltr\u00e4chtiges Geschenk: Der Fischotter gilt als Indikator f\u00fcr gesunde Gew\u00e4sser und seine R\u00fcckkehr zeigt, dass sich die Umweltqualit\u00e4t verbessert hat. Deshalb ist er auch mit gutem Grund das Wappentier des Naturschutzbundes.<\/p>\n<h3>Gratulation der Gewinnerin\/dem Gewinner<\/h3>\n<p>Wir hoffen, dass wir der Gewinnerin bzw. dem Gewinner mit diesem T\u00fcrchen im S-Pass Adventkalender viel Freude bereiten konnten. Wir w\u00fcrden uns auch sehr freuen, die Gewinnerin bzw. den Gewinner einmal pers\u00f6nlich kennenzulernen. Bei unseren imkerlichen Treffen und Veranstaltungen sind Besucher jederzeit willkommen! Gerne organisieren wir auch Besuche an unseren Bienenv\u00f6lkern.<\/p>\n<\/div><\/section><br \/>\n\n<style type=\"text\/css\" data-created_by=\"avia_inline_auto\" id=\"style-css-sub-av-mj1fsvif-0b540a639dc2926828ba831cc8a9ed5b\">\n.av-hotspot-image-container .av-image-hotspot.av-mj1fo031-9aba89bbd00f4ef5217166be4a673fff{\ntop:55.1%;\nleft:86.4%;\n}\n.av-hotspot-image-container .av-image-hotspot.av-mj1fp43s-d3324311fa6bf2eac9e7bf04324c16f3{\ntop:61.1%;\nleft:56.3%;\n}\n.av-hotspot-image-container .av-image-hotspot.av-mj1fqj37-7abc1487f602d8393ecdd68b82afb870{\ntop:63.7%;\nleft:18.9%;\n}\n.av-hotspot-image-container .av-image-hotspot.av-mj1fr2bl-ef537e9abbef8bf4af6148d73d8b4cad{\ntop:51.7%;\nleft:21.8%;\n}\n.av-hotspot-image-container .av-image-hotspot.av-mj1frikn-ab115c36f090dbfb86fc74da6da6a8c3{\ntop:41.5%;\nleft:73.3%;\n}\n.av-hotspot-image-container .av-image-hotspot.av-mj1fs6e8-49beb3834ce8386aafac5f1f231eb680{\ntop:51.7%;\nleft:54.4%;\n}\n.av-hotspot-image-container .av-image-hotspot.av-mj1fsuly-fd1f5044f44cd5babb6a8e2d10346001{\ntop:71.3%;\nleft:69.4%;\n}\n<\/style>\n<div  class='av-hotspot-image-container av-mj1fsvif-0b540a639dc2926828ba831cc8a9ed5b  avia-builder-el-5  el_after_av_textblock  el_before_av_hr  av-hotspot-numbered av-mobile-fallback-active  av-non-fullwidth-hotspot-image'  itemprop=\"image\" itemscope=\"itemscope\" itemtype=\"https:\/\/schema.org\/ImageObject\" ><div class='av-hotspot-container'><div class='av-hotspot-container-inner-cell'><div class='av-hotspot-container-inner-wrap'><div class='av-image-hotspot av-mj1fo031-9aba89bbd00f4ef5217166be4a673fff av-image-hotspot-1 ' data-avia-tooltip-position='top' data-avia-tooltip-alignment='left' data-avia-tooltip-class='av-tt-default-width av-tt-pos-above av-tt-align-left  av-mobile-fallback-active  main_color av-tt-hotspot' data-avia-tooltip='&lt;p&gt;Bio-Honig von Paul Haslauer (Elsbethen)&lt;\/p&gt;\n'><div class='av-image-hotspot_inner'>1<\/div><div class='av-image-hotspot-pulse'><\/div><\/div><div class='av-image-hotspot av-mj1fp43s-d3324311fa6bf2eac9e7bf04324c16f3 av-image-hotspot-2 ' data-avia-tooltip-position='top' data-avia-tooltip-alignment='left' data-avia-tooltip-class='av-tt-default-width av-tt-pos-above av-tt-align-left  av-mobile-fallback-active  main_color av-tt-hotspot' data-avia-tooltip='&lt;p&gt;Bio-Honig von Ernst Kocher (Radstadt)&lt;\/p&gt;\n'><div class='av-image-hotspot_inner'>2<\/div><div class='av-image-hotspot-pulse'><\/div><\/div><div class='av-image-hotspot av-mj1fqj37-7abc1487f602d8393ecdd68b82afb870 av-image-hotspot-3 ' data-avia-tooltip-position='top' data-avia-tooltip-alignment='left' data-avia-tooltip-class='av-tt-default-width av-tt-pos-above av-tt-align-left  av-mobile-fallback-active  main_color av-tt-hotspot' data-avia-tooltip='&lt;p&gt;Honig vom Imkerhof Salzburg aus verschiedenen Salzburger Regionen&lt;\/p&gt;\n'><div class='av-image-hotspot_inner'>3<\/div><div class='av-image-hotspot-pulse'><\/div><\/div><div class='av-image-hotspot av-mj1fr2bl-ef537e9abbef8bf4af6148d73d8b4cad av-image-hotspot-4 ' data-avia-tooltip-position='top' data-avia-tooltip-alignment='left' data-avia-tooltip-class='av-tt-default-width av-tt-pos-above av-tt-align-left  av-mobile-fallback-active  main_color av-tt-hotspot' data-avia-tooltip='&lt;p&gt;Pl\u00fcsch-Fischotter vom Naturschutzbund Salzburg&lt;\/p&gt;\n'><div class='av-image-hotspot_inner'>4<\/div><div class='av-image-hotspot-pulse'><\/div><\/div><div class='av-image-hotspot av-mj1frikn-ab115c36f090dbfb86fc74da6da6a8c3 av-image-hotspot-5 ' data-avia-tooltip-position='top' data-avia-tooltip-alignment='left' data-avia-tooltip-class='av-tt-default-width av-tt-pos-above av-tt-align-left  av-mobile-fallback-active  main_color av-tt-hotspot' data-avia-tooltip='&lt;p&gt;Kerzen-Bastelstet&lt;\/p&gt;\n'><div class='av-image-hotspot_inner'>5<\/div><div class='av-image-hotspot-pulse'><\/div><\/div><div class='av-image-hotspot av-mj1fs6e8-49beb3834ce8386aafac5f1f231eb680 av-image-hotspot-6 ' data-avia-tooltip-position='top' data-avia-tooltip-alignment='left' data-avia-tooltip-class='av-tt-default-width av-tt-pos-above av-tt-align-left  av-mobile-fallback-active  main_color av-tt-hotspot' data-avia-tooltip='&lt;p&gt;Buff-Schlauchschal vom Naturschutzbund Salzburg&lt;\/p&gt;\n'><div class='av-image-hotspot_inner'>6<\/div><div class='av-image-hotspot-pulse'><\/div><\/div><div class='av-image-hotspot av-mj1fsuly-fd1f5044f44cd5babb6a8e2d10346001 av-image-hotspot-7 ' data-avia-tooltip-position='top' data-avia-tooltip-alignment='left' data-avia-tooltip-class='av-tt-default-width av-tt-pos-above av-tt-align-left  av-mobile-fallback-active  main_color av-tt-hotspot' data-avia-tooltip='&lt;p&gt;Aufbl\u00fchn-Regenschirm vom Naturschutzbund Salzburg&lt;\/p&gt;\n'><div class='av-image-hotspot_inner'>7<\/div><div class='av-image-hotspot-pulse'><\/div><\/div><img decoding=\"async\" fetchpriority=\"high\" class='wp-image-9102 avia-img-lazy-loading-not-9102 avia_image' src=\"https:\/\/imker-aigen.at\/wp-content\/uploads\/2025\/12\/spass_adventkalender_2025_1-1030x586.jpg\" alt='' title='Unser Inhalt im S.Pass Adventkalender 2025'  height=\"586\" width=\"1030\"  itemprop=\"thumbnailUrl\" srcset=\"https:\/\/imker-aigen.at\/wp-content\/uploads\/2025\/12\/spass_adventkalender_2025_1-1030x586.jpg 1030w, https:\/\/imker-aigen.at\/wp-content\/uploads\/2025\/12\/spass_adventkalender_2025_1-300x171.jpg 300w, https:\/\/imker-aigen.at\/wp-content\/uploads\/2025\/12\/spass_adventkalender_2025_1-768x437.jpg 768w, https:\/\/imker-aigen.at\/wp-content\/uploads\/2025\/12\/spass_adventkalender_2025_1-705x401.jpg 705w, https:\/\/imker-aigen.at\/wp-content\/uploads\/2025\/12\/spass_adventkalender_2025_1.jpg 1350w\" sizes=\"(max-width: 1030px) 100vw, 1030px\" \/><\/div><\/div><\/div><div class='av-hotspot-fallback-tooltip av-image-hotspot-1 '><div class=\"av-hotspot-fallback-tooltip-count\">1<div class=\"avia-arrow\"><\/div><\/div><div class=\"av-hotspot-fallback-tooltip-inner clearfix\"><p>\nBio-Honig von Paul Haslauer (Elsbethen)<\/p>\n<\/div><\/div><div class='av-hotspot-fallback-tooltip av-image-hotspot-2 '><div class=\"av-hotspot-fallback-tooltip-count\">2<div class=\"avia-arrow\"><\/div><\/div><div class=\"av-hotspot-fallback-tooltip-inner clearfix\"><p>\nBio-Honig von Ernst Kocher (Radstadt)<\/p>\n<\/div><\/div><div class='av-hotspot-fallback-tooltip av-image-hotspot-3 '><div class=\"av-hotspot-fallback-tooltip-count\">3<div class=\"avia-arrow\"><\/div><\/div><div class=\"av-hotspot-fallback-tooltip-inner clearfix\"><p>\nHonig vom Imkerhof Salzburg aus verschiedenen Salzburger Regionen<\/p>\n<\/div><\/div><div class='av-hotspot-fallback-tooltip av-image-hotspot-4 '><div class=\"av-hotspot-fallback-tooltip-count\">4<div class=\"avia-arrow\"><\/div><\/div><div class=\"av-hotspot-fallback-tooltip-inner clearfix\"><p>\nPl\u00fcsch-Fischotter vom Naturschutzbund Salzburg<\/p>\n<\/div><\/div><div class='av-hotspot-fallback-tooltip av-image-hotspot-5 '><div class=\"av-hotspot-fallback-tooltip-count\">5<div class=\"avia-arrow\"><\/div><\/div><div class=\"av-hotspot-fallback-tooltip-inner clearfix\"><p>\nKerzen-Bastelstet<\/p>\n<\/div><\/div><div class='av-hotspot-fallback-tooltip av-image-hotspot-6 '><div class=\"av-hotspot-fallback-tooltip-count\">6<div class=\"avia-arrow\"><\/div><\/div><div class=\"av-hotspot-fallback-tooltip-inner clearfix\"><p>\nBuff-Schlauchschal vom Naturschutzbund Salzburg<\/p>\n<\/div><\/div><div class='av-hotspot-fallback-tooltip av-image-hotspot-7 '><div class=\"av-hotspot-fallback-tooltip-count\">7<div class=\"avia-arrow\"><\/div><\/div><div class=\"av-hotspot-fallback-tooltip-inner clearfix\"><p>\nAufbl\u00fchn-Regenschirm vom Naturschutzbund Salzburg<\/p>\n<\/div><\/div><\/div><br \/>\n\n<style type=\"text\/css\" data-created_by=\"avia_inline_auto\" id=\"style-css-av-mjgv67ve-1aa51c880d2415eafe7520fc4357f37b\">\n#top .hr.hr-invisible.av-mjgv67ve-1aa51c880d2415eafe7520fc4357f37b{\nheight:50px;\n}\n<\/style>\n<div  class='hr av-mjgv67ve-1aa51c880d2415eafe7520fc4357f37b hr-invisible  avia-builder-el-6  el_after_av_image_hotspot  el_before_av_textblock  avia-builder-el-first '><span class='hr-inner '><span class=\"hr-inner-style\"><\/span><\/span><\/div><br \/>\n<section  class='av_textblock_section av-mjgv1wx2-c3c75024844a360c9e6d112cd5d2c742 '   itemscope=\"itemscope\" itemtype=\"https:\/\/schema.org\/BlogPosting\" itemprop=\"blogPost\" ><div class='avia_textblock'  itemprop=\"text\" ><h3>Update vom 21.12.2025<\/h3>\n<p>Am 21. Dezember war es soweit. Hinter dem T\u00fcrchen vom 21. Dezember 2025 steckten die Geschenke vom Salzburger Naturschutzbund und von unserem Verein. Wir gratulieren der Gewinnerin bzw. dem Gewinner nochmals ganz herzlich!<\/p>\n<\/div><\/section><br \/>\n\n<style type=\"text\/css\" data-created_by=\"avia_inline_auto\" id=\"style-css-av-mjgv37u4-3fce7642ec4aa9a1a68142fef30d8fd2\">\n.avia-image-container.av-mjgv37u4-3fce7642ec4aa9a1a68142fef30d8fd2 img.avia_image{\nbox-shadow:none;\n}\n.avia-image-container.av-mjgv37u4-3fce7642ec4aa9a1a68142fef30d8fd2 .av-image-caption-overlay-center{\ncolor:#ffffff;\n}\n<\/style>\n<div  class='avia-image-container av-mjgv37u4-3fce7642ec4aa9a1a68142fef30d8fd2 av-styling- av-img-linked avia-align-center  avia-builder-el-8  el_after_av_textblock  el_before_av_social_share '   itemprop=\"image\" itemscope=\"itemscope\" itemtype=\"https:\/\/schema.org\/ImageObject\" ><div class=\"avia-image-container-inner\"><div class=\"avia-image-overlay-wrap\"><a href=\"https:\/\/adventskalender.s-pass.at\/details.php?id=950\" class='avia_image '  target=\"_blank\"  rel=\"noopener noreferrer\" aria-label='Hinter dem T\u00fcrchen vom 21. Dezember 2025 steckten die Geschenke vom Salzburger Naturschutzbund und von unserem Verein'><img decoding=\"async\" fetchpriority=\"high\" class='wp-image-9166 avia-img-lazy-loading-not-9166 avia_image ' src=\"https:\/\/imker-aigen.at\/wp-content\/uploads\/2025\/12\/spass_adventkalender_2025_2-257x300.jpg\" alt='' title='Hinter dem T\u00fcrchen vom 21. Dezember 2025 steckten die Geschenke vom Salzburger Naturschutzbund und von unserem Verein'  height=\"300\" width=\"257\"  itemprop=\"thumbnailUrl\" srcset=\"https:\/\/imker-aigen.at\/wp-content\/uploads\/2025\/12\/spass_adventkalender_2025_2-257x300.jpg 257w, https:\/\/imker-aigen.at\/wp-content\/uploads\/2025\/12\/spass_adventkalender_2025_2.jpg 600w\" sizes=\"(max-width: 257px) 100vw, 257px\" \/><\/a><\/div><\/div><\/div><br \/>\n<div  class='av-social-sharing-box av-45fzux-99bdebec0b909332bcb65666cbf12288 av-social-sharing-box-default  avia-builder-el-9  el_after_av_image  el_before_av_comments_list  av-social-sharing-box-fullwidth'><div class=\"av-share-box\"><h5 class='av-share-link-description av-no-toc '>Eintrag teilen<\/h5><ul class=\"av-share-box-list noLightbox\"><li class='av-share-link av-social-link-facebook avia_social_iconfont' ><a target=\"_blank\" aria-label=\"Teilen auf Facebook\" href='https:\/\/www.facebook.com\/sharer.php?u=https:\/\/imker-aigen.at\/index.php\/2025\/12\/11\/s-pass-online-adventkalender-2025\/&#038;t=S-Pass%20Online-Adventkalender%202025' data-av_icon='\ue8f3' data-av_iconfont='entypo-fontello'  title='' data-avia-related-tooltip='Teilen auf Facebook'><span class='avia_hidden_link_text'>Teilen auf Facebook<\/span><\/a><\/li><li class='av-share-link av-social-link-twitter avia_social_iconfont' ><a target=\"_blank\" aria-label=\"Teilen auf X\" href='https:\/\/twitter.com\/share?text=S-Pass%20Online-Adventkalender%202025&#038;url=https:\/\/imker-aigen.at\/?p=9097' data-av_icon='\ue932' data-av_iconfont='entypo-fontello'  title='' data-avia-related-tooltip='Teilen auf X'><span class='avia_hidden_link_text'>Teilen auf X<\/span><\/a><\/li><li class='av-share-link av-social-link-whatsapp avia_social_iconfont' ><a target=\"_blank\" aria-label=\"Teilen auf WhatsApp\" href='https:\/\/api.whatsapp.com\/send?text=https:\/\/imker-aigen.at\/index.php\/2025\/12\/11\/s-pass-online-adventkalender-2025\/' data-av_icon='\uf232' data-av_iconfont='entypo-fontello'  title='' data-avia-related-tooltip='Teilen auf WhatsApp'><span class='avia_hidden_link_text'>Teilen auf WhatsApp<\/span><\/a><\/li><li class='av-share-link av-social-link-pinterest avia_social_iconfont' ><a target=\"_blank\" aria-label=\"Teilen auf Pinterest\" href='https:\/\/pinterest.com\/pin\/create\/button\/?url=https%3A%2F%2Fimker-aigen.at%2Findex.php%2F2025%2F12%2F11%2Fs-pass-online-adventkalender-2025%2F&#038;description=S-Pass%20Online-Adventkalender%202025&#038;media=https%3A%2F%2Fimker-aigen.at%2Fwp-content%2Fuploads%2F2025%2F12%2Fspass_adventkalender_2025_small.jpg' data-av_icon='\ue8f8' data-av_iconfont='entypo-fontello'  title='' data-avia-related-tooltip='Teilen auf Pinterest'><span class='avia_hidden_link_text'>Teilen auf Pinterest<\/span><\/a><\/li><li class='av-share-link av-social-link-linkedin avia_social_iconfont' ><a target=\"_blank\" aria-label=\"Teilen auf LinkedIn\" href='https:\/\/linkedin.com\/shareArticle?mini=true&#038;title=S-Pass%20Online-Adventkalender%202025&#038;url=https:\/\/imker-aigen.at\/index.php\/2025\/12\/11\/s-pass-online-adventkalender-2025\/' data-av_icon='\ue8fc' data-av_iconfont='entypo-fontello'  title='' data-avia-related-tooltip='Teilen auf LinkedIn'><span class='avia_hidden_link_text'>Teilen auf LinkedIn<\/span><\/a><\/li><li class='av-share-link av-social-link-reddit avia_social_iconfont' ><a target=\"_blank\" aria-label=\"Teilen auf Reddit\" href='https:\/\/reddit.com\/submit?url=https:\/\/imker-aigen.at\/index.php\/2025\/12\/11\/s-pass-online-adventkalender-2025\/&#038;title=S-Pass%20Online-Adventkalender%202025' data-av_icon='\ue927' data-av_iconfont='entypo-fontello'  title='' data-avia-related-tooltip='Teilen auf Reddit'><span class='avia_hidden_link_text'>Teilen auf Reddit<\/span><\/a><\/li><li class='av-share-link av-social-link-mail avia_social_iconfont' ><a  aria-label=\"Per E-Mail teilen\" href='mailto:?subject=S-Pass%20Online-Adventkalender%202025&#038;body=https:\/\/imker-aigen.at\/index.php\/2025\/12\/11\/s-pass-online-adventkalender-2025\/' data-av_icon='\ue805' data-av_iconfont='entypo-fontello'  title='' data-avia-related-tooltip='Per E-Mail teilen'><span class='avia_hidden_link_text'>Per E-Mail teilen<\/span><\/a><\/li><\/ul><\/div><\/div><br \/>\n<div  class='av-buildercomment av-2reigp-164c40e7aec4f108e16db04eb42294e9'><\/div><\/p><\/div>\n","protected":false},"excerpt":{"rendered":"","protected":false},"author":1,"featured_media":9100,"comment_status":"open","ping_status":"closed","sticky":false,"template":"","format":"standard","meta":{"footnotes":""},"categories":[2],"tags":[302,58,45,479,75,311,303],"class_list":["post-9097","post","type-post","status-publish","format-standard","has-post-thumbnail","hentry","category-news","tag-adventkalender","tag-akzente","tag-honig","tag-jugendkarte","tag-naturschutzbund","tag-online-adventkalender","tag-s-pass"],"yoast_head":"<!-- This site is optimized with the Yoast SEO plugin v27.4 - https:\/\/yoast.com\/product\/yoast-seo-wordpress\/ -->\n<title>S-Pass Online-Adventkalender 2025 - Imker Ortsgruppe Salzburg Aigen<\/title>\n<meta name=\"description\" content=\"Der Imkerverein Salzburg Aigen beteiligt sich auch 2025 wieder am S-Pass Online-Adventkalender\" \/>\n<meta name=\"robots\" content=\"index, follow, max-snippet:-1, max-image-preview:large, max-video-preview:-1\" \/>\n<link rel=\"canonical\" href=\"https:\/\/imker-aigen.at\/index.php\/2025\/12\/11\/s-pass-online-adventkalender-2025\/\" \/>\n<meta property=\"og:locale\" content=\"de_DE\" \/>\n<meta property=\"og:type\" content=\"article\" \/>\n<meta property=\"og:title\" content=\"S-Pass Online-Adventkalender 2025 - Imker Ortsgruppe Salzburg Aigen\" \/>\n<meta property=\"og:description\" content=\"Der Imkerverein Salzburg Aigen beteiligt sich auch 2025 wieder am S-Pass Online-Adventkalender\" \/>\n<meta property=\"og:url\" content=\"https:\/\/imker-aigen.at\/index.php\/2025\/12\/11\/s-pass-online-adventkalender-2025\/\" \/>\n<meta property=\"og:site_name\" content=\"Imker Ortsgruppe Salzburg Aigen\" \/>\n<meta property=\"article:published_time\" content=\"2025-12-11T12:35:08+00:00\" \/>\n<meta property=\"article:modified_time\" content=\"2025-12-22T07:59:23+00:00\" \/>\n<meta property=\"og:image\" content=\"https:\/\/imker-aigen.at\/wp-content\/uploads\/2025\/12\/spass_adventkalender_2025_small.jpg\" \/>\n\t<meta property=\"og:image:width\" content=\"400\" \/>\n\t<meta property=\"og:image:height\" content=\"319\" \/>\n\t<meta property=\"og:image:type\" content=\"image\/jpeg\" \/>\n<meta name=\"author\" content=\"admin\" \/>\n<meta name=\"twitter:card\" content=\"summary_large_image\" \/>\n<meta name=\"twitter:label1\" content=\"Verfasst von\" \/>\n\t<meta name=\"twitter:data1\" content=\"admin\" \/>\n\t<meta name=\"twitter:label2\" content=\"Gesch\u00e4tzte Lesezeit\" \/>\n\t<meta name=\"twitter:data2\" content=\"4\u00a0Minuten\" \/>\n<script type=\"application\/ld+json\" class=\"yoast-schema-graph\">{\"@context\":\"https:\\\/\\\/schema.org\",\"@graph\":[{\"@type\":\"Article\",\"@id\":\"https:\\\/\\\/imker-aigen.at\\\/index.php\\\/2025\\\/12\\\/11\\\/s-pass-online-adventkalender-2025\\\/#article\",\"isPartOf\":{\"@id\":\"https:\\\/\\\/imker-aigen.at\\\/index.php\\\/2025\\\/12\\\/11\\\/s-pass-online-adventkalender-2025\\\/\"},\"author\":{\"name\":\"admin\",\"@id\":\"https:\\\/\\\/imker-aigen.at\\\/#\\\/schema\\\/person\\\/d7d0c3a8ef6f051d450781218ac83077\"},\"headline\":\"S-Pass Online-Adventkalender 2025\",\"datePublished\":\"2025-12-11T12:35:08+00:00\",\"dateModified\":\"2025-12-22T07:59:23+00:00\",\"mainEntityOfPage\":{\"@id\":\"https:\\\/\\\/imker-aigen.at\\\/index.php\\\/2025\\\/12\\\/11\\\/s-pass-online-adventkalender-2025\\\/\"},\"wordCount\":2413,\"commentCount\":1,\"publisher\":{\"@id\":\"https:\\\/\\\/imker-aigen.at\\\/#organization\"},\"image\":{\"@id\":\"https:\\\/\\\/imker-aigen.at\\\/index.php\\\/2025\\\/12\\\/11\\\/s-pass-online-adventkalender-2025\\\/#primaryimage\"},\"thumbnailUrl\":\"https:\\\/\\\/imker-aigen.at\\\/wp-content\\\/uploads\\\/2025\\\/12\\\/spass_adventkalender_2025_small.jpg\",\"keywords\":[\"Adventkalender\",\"akzente\",\"Honig\",\"Jugendkarte\",\"Naturschutzbund\",\"Online-Adventkalender\",\"S-Pass\"],\"articleSection\":[\"News\"],\"inLanguage\":\"de\",\"potentialAction\":[{\"@type\":\"CommentAction\",\"name\":\"Comment\",\"target\":[\"https:\\\/\\\/imker-aigen.at\\\/index.php\\\/2025\\\/12\\\/11\\\/s-pass-online-adventkalender-2025\\\/#respond\"]}]},{\"@type\":\"WebPage\",\"@id\":\"https:\\\/\\\/imker-aigen.at\\\/index.php\\\/2025\\\/12\\\/11\\\/s-pass-online-adventkalender-2025\\\/\",\"url\":\"https:\\\/\\\/imker-aigen.at\\\/index.php\\\/2025\\\/12\\\/11\\\/s-pass-online-adventkalender-2025\\\/\",\"name\":\"S-Pass Online-Adventkalender 2025 - Imker Ortsgruppe Salzburg Aigen\",\"isPartOf\":{\"@id\":\"https:\\\/\\\/imker-aigen.at\\\/#website\"},\"primaryImageOfPage\":{\"@id\":\"https:\\\/\\\/imker-aigen.at\\\/index.php\\\/2025\\\/12\\\/11\\\/s-pass-online-adventkalender-2025\\\/#primaryimage\"},\"image\":{\"@id\":\"https:\\\/\\\/imker-aigen.at\\\/index.php\\\/2025\\\/12\\\/11\\\/s-pass-online-adventkalender-2025\\\/#primaryimage\"},\"thumbnailUrl\":\"https:\\\/\\\/imker-aigen.at\\\/wp-content\\\/uploads\\\/2025\\\/12\\\/spass_adventkalender_2025_small.jpg\",\"datePublished\":\"2025-12-11T12:35:08+00:00\",\"dateModified\":\"2025-12-22T07:59:23+00:00\",\"description\":\"Der Imkerverein Salzburg Aigen beteiligt sich auch 2025 wieder am S-Pass Online-Adventkalender\",\"breadcrumb\":{\"@id\":\"https:\\\/\\\/imker-aigen.at\\\/index.php\\\/2025\\\/12\\\/11\\\/s-pass-online-adventkalender-2025\\\/#breadcrumb\"},\"inLanguage\":\"de\",\"potentialAction\":[{\"@type\":\"ReadAction\",\"target\":[\"https:\\\/\\\/imker-aigen.at\\\/index.php\\\/2025\\\/12\\\/11\\\/s-pass-online-adventkalender-2025\\\/\"]}]},{\"@type\":\"ImageObject\",\"inLanguage\":\"de\",\"@id\":\"https:\\\/\\\/imker-aigen.at\\\/index.php\\\/2025\\\/12\\\/11\\\/s-pass-online-adventkalender-2025\\\/#primaryimage\",\"url\":\"https:\\\/\\\/imker-aigen.at\\\/wp-content\\\/uploads\\\/2025\\\/12\\\/spass_adventkalender_2025_small.jpg\",\"contentUrl\":\"https:\\\/\\\/imker-aigen.at\\\/wp-content\\\/uploads\\\/2025\\\/12\\\/spass_adventkalender_2025_small.jpg\",\"width\":400,\"height\":319},{\"@type\":\"BreadcrumbList\",\"@id\":\"https:\\\/\\\/imker-aigen.at\\\/index.php\\\/2025\\\/12\\\/11\\\/s-pass-online-adventkalender-2025\\\/#breadcrumb\",\"itemListElement\":[{\"@type\":\"ListItem\",\"position\":1,\"name\":\"Startseite\",\"item\":\"https:\\\/\\\/imker-aigen.at\\\/index.php\\\/home\\\/\"},{\"@type\":\"ListItem\",\"position\":2,\"name\":\"S-Pass Online-Adventkalender 2025\"}]},{\"@type\":\"WebSite\",\"@id\":\"https:\\\/\\\/imker-aigen.at\\\/#website\",\"url\":\"https:\\\/\\\/imker-aigen.at\\\/\",\"name\":\"Imker Ortsgruppe Salzburg Aigen\",\"description\":\"Homepage der Imker-Ortsgruppe Salzburg Aigen\",\"publisher\":{\"@id\":\"https:\\\/\\\/imker-aigen.at\\\/#organization\"},\"potentialAction\":[{\"@type\":\"SearchAction\",\"target\":{\"@type\":\"EntryPoint\",\"urlTemplate\":\"https:\\\/\\\/imker-aigen.at\\\/?s={search_term_string}\"},\"query-input\":{\"@type\":\"PropertyValueSpecification\",\"valueRequired\":true,\"valueName\":\"search_term_string\"}}],\"inLanguage\":\"de\"},{\"@type\":\"Organization\",\"@id\":\"https:\\\/\\\/imker-aigen.at\\\/#organization\",\"name\":\"Imker Ortsgruppe Salzburg Aigen\",\"url\":\"https:\\\/\\\/imker-aigen.at\\\/\",\"logo\":{\"@type\":\"ImageObject\",\"inLanguage\":\"de\",\"@id\":\"https:\\\/\\\/imker-aigen.at\\\/#\\\/schema\\\/logo\\\/image\\\/\",\"url\":\"https:\\\/\\\/imker-aigen.at\\\/wp-content\\\/uploads\\\/2022\\\/08\\\/logo-1.png\",\"contentUrl\":\"https:\\\/\\\/imker-aigen.at\\\/wp-content\\\/uploads\\\/2022\\\/08\\\/logo-1.png\",\"width\":392,\"height\":156,\"caption\":\"Imker Ortsgruppe Salzburg Aigen\"},\"image\":{\"@id\":\"https:\\\/\\\/imker-aigen.at\\\/#\\\/schema\\\/logo\\\/image\\\/\"}},{\"@type\":\"Person\",\"@id\":\"https:\\\/\\\/imker-aigen.at\\\/#\\\/schema\\\/person\\\/d7d0c3a8ef6f051d450781218ac83077\",\"name\":\"admin\",\"image\":{\"@type\":\"ImageObject\",\"inLanguage\":\"de\",\"@id\":\"https:\\\/\\\/secure.gravatar.com\\\/avatar\\\/925a7e918efd3cfdae29be9c0018a3ae3275cd0444a6e166241172bb6e5243c7?s=96&d=mm&r=g\",\"url\":\"https:\\\/\\\/secure.gravatar.com\\\/avatar\\\/925a7e918efd3cfdae29be9c0018a3ae3275cd0444a6e166241172bb6e5243c7?s=96&d=mm&r=g\",\"contentUrl\":\"https:\\\/\\\/secure.gravatar.com\\\/avatar\\\/925a7e918efd3cfdae29be9c0018a3ae3275cd0444a6e166241172bb6e5243c7?s=96&d=mm&r=g\",\"caption\":\"admin\"},\"sameAs\":[\"https:\\\/\\\/imker-aigen.at\",\"linkedin.com\\\/in\\\/bernd-meierhofer-5919b62\"],\"url\":\"https:\\\/\\\/imker-aigen.at\\\/index.php\\\/author\\\/bmeierhofer\\\/\"}]}<\/script>\n<!-- \/ Yoast SEO plugin. -->","yoast_head_json":{"title":"S-Pass Online-Adventkalender 2025 - Imker Ortsgruppe Salzburg Aigen","description":"Der Imkerverein Salzburg Aigen beteiligt sich auch 2025 wieder am S-Pass Online-Adventkalender","robots":{"index":"index","follow":"follow","max-snippet":"max-snippet:-1","max-image-preview":"max-image-preview:large","max-video-preview":"max-video-preview:-1"},"canonical":"https:\/\/imker-aigen.at\/index.php\/2025\/12\/11\/s-pass-online-adventkalender-2025\/","og_locale":"de_DE","og_type":"article","og_title":"S-Pass Online-Adventkalender 2025 - Imker Ortsgruppe Salzburg Aigen","og_description":"Der Imkerverein Salzburg Aigen beteiligt sich auch 2025 wieder am S-Pass Online-Adventkalender","og_url":"https:\/\/imker-aigen.at\/index.php\/2025\/12\/11\/s-pass-online-adventkalender-2025\/","og_site_name":"Imker Ortsgruppe Salzburg Aigen","article_published_time":"2025-12-11T12:35:08+00:00","article_modified_time":"2025-12-22T07:59:23+00:00","og_image":[{"width":400,"height":319,"url":"https:\/\/imker-aigen.at\/wp-content\/uploads\/2025\/12\/spass_adventkalender_2025_small.jpg","type":"image\/jpeg"}],"author":"admin","twitter_card":"summary_large_image","twitter_misc":{"Verfasst von":"admin","Gesch\u00e4tzte Lesezeit":"4\u00a0Minuten"},"schema":{"@context":"https:\/\/schema.org","@graph":[{"@type":"Article","@id":"https:\/\/imker-aigen.at\/index.php\/2025\/12\/11\/s-pass-online-adventkalender-2025\/#article","isPartOf":{"@id":"https:\/\/imker-aigen.at\/index.php\/2025\/12\/11\/s-pass-online-adventkalender-2025\/"},"author":{"name":"admin","@id":"https:\/\/imker-aigen.at\/#\/schema\/person\/d7d0c3a8ef6f051d450781218ac83077"},"headline":"S-Pass Online-Adventkalender 2025","datePublished":"2025-12-11T12:35:08+00:00","dateModified":"2025-12-22T07:59:23+00:00","mainEntityOfPage":{"@id":"https:\/\/imker-aigen.at\/index.php\/2025\/12\/11\/s-pass-online-adventkalender-2025\/"},"wordCount":2413,"commentCount":1,"publisher":{"@id":"https:\/\/imker-aigen.at\/#organization"},"image":{"@id":"https:\/\/imker-aigen.at\/index.php\/2025\/12\/11\/s-pass-online-adventkalender-2025\/#primaryimage"},"thumbnailUrl":"https:\/\/imker-aigen.at\/wp-content\/uploads\/2025\/12\/spass_adventkalender_2025_small.jpg","keywords":["Adventkalender","akzente","Honig","Jugendkarte","Naturschutzbund","Online-Adventkalender","S-Pass"],"articleSection":["News"],"inLanguage":"de","potentialAction":[{"@type":"CommentAction","name":"Comment","target":["https:\/\/imker-aigen.at\/index.php\/2025\/12\/11\/s-pass-online-adventkalender-2025\/#respond"]}]},{"@type":"WebPage","@id":"https:\/\/imker-aigen.at\/index.php\/2025\/12\/11\/s-pass-online-adventkalender-2025\/","url":"https:\/\/imker-aigen.at\/index.php\/2025\/12\/11\/s-pass-online-adventkalender-2025\/","name":"S-Pass Online-Adventkalender 2025 - Imker Ortsgruppe Salzburg Aigen","isPartOf":{"@id":"https:\/\/imker-aigen.at\/#website"},"primaryImageOfPage":{"@id":"https:\/\/imker-aigen.at\/index.php\/2025\/12\/11\/s-pass-online-adventkalender-2025\/#primaryimage"},"image":{"@id":"https:\/\/imker-aigen.at\/index.php\/2025\/12\/11\/s-pass-online-adventkalender-2025\/#primaryimage"},"thumbnailUrl":"https:\/\/imker-aigen.at\/wp-content\/uploads\/2025\/12\/spass_adventkalender_2025_small.jpg","datePublished":"2025-12-11T12:35:08+00:00","dateModified":"2025-12-22T07:59:23+00:00","description":"Der Imkerverein Salzburg Aigen beteiligt sich auch 2025 wieder am S-Pass Online-Adventkalender","breadcrumb":{"@id":"https:\/\/imker-aigen.at\/index.php\/2025\/12\/11\/s-pass-online-adventkalender-2025\/#breadcrumb"},"inLanguage":"de","potentialAction":[{"@type":"ReadAction","target":["https:\/\/imker-aigen.at\/index.php\/2025\/12\/11\/s-pass-online-adventkalender-2025\/"]}]},{"@type":"ImageObject","inLanguage":"de","@id":"https:\/\/imker-aigen.at\/index.php\/2025\/12\/11\/s-pass-online-adventkalender-2025\/#primaryimage","url":"https:\/\/imker-aigen.at\/wp-content\/uploads\/2025\/12\/spass_adventkalender_2025_small.jpg","contentUrl":"https:\/\/imker-aigen.at\/wp-content\/uploads\/2025\/12\/spass_adventkalender_2025_small.jpg","width":400,"height":319},{"@type":"BreadcrumbList","@id":"https:\/\/imker-aigen.at\/index.php\/2025\/12\/11\/s-pass-online-adventkalender-2025\/#breadcrumb","itemListElement":[{"@type":"ListItem","position":1,"name":"Startseite","item":"https:\/\/imker-aigen.at\/index.php\/home\/"},{"@type":"ListItem","position":2,"name":"S-Pass Online-Adventkalender 2025"}]},{"@type":"WebSite","@id":"https:\/\/imker-aigen.at\/#website","url":"https:\/\/imker-aigen.at\/","name":"Imker Ortsgruppe Salzburg Aigen","description":"Homepage der Imker-Ortsgruppe Salzburg Aigen","publisher":{"@id":"https:\/\/imker-aigen.at\/#organization"},"potentialAction":[{"@type":"SearchAction","target":{"@type":"EntryPoint","urlTemplate":"https:\/\/imker-aigen.at\/?s={search_term_string}"},"query-input":{"@type":"PropertyValueSpecification","valueRequired":true,"valueName":"search_term_string"}}],"inLanguage":"de"},{"@type":"Organization","@id":"https:\/\/imker-aigen.at\/#organization","name":"Imker Ortsgruppe Salzburg Aigen","url":"https:\/\/imker-aigen.at\/","logo":{"@type":"ImageObject","inLanguage":"de","@id":"https:\/\/imker-aigen.at\/#\/schema\/logo\/image\/","url":"https:\/\/imker-aigen.at\/wp-content\/uploads\/2022\/08\/logo-1.png","contentUrl":"https:\/\/imker-aigen.at\/wp-content\/uploads\/2022\/08\/logo-1.png","width":392,"height":156,"caption":"Imker Ortsgruppe Salzburg Aigen"},"image":{"@id":"https:\/\/imker-aigen.at\/#\/schema\/logo\/image\/"}},{"@type":"Person","@id":"https:\/\/imker-aigen.at\/#\/schema\/person\/d7d0c3a8ef6f051d450781218ac83077","name":"admin","image":{"@type":"ImageObject","inLanguage":"de","@id":"https:\/\/secure.gravatar.com\/avatar\/925a7e918efd3cfdae29be9c0018a3ae3275cd0444a6e166241172bb6e5243c7?s=96&d=mm&r=g","url":"https:\/\/secure.gravatar.com\/avatar\/925a7e918efd3cfdae29be9c0018a3ae3275cd0444a6e166241172bb6e5243c7?s=96&d=mm&r=g","contentUrl":"https:\/\/secure.gravatar.com\/avatar\/925a7e918efd3cfdae29be9c0018a3ae3275cd0444a6e166241172bb6e5243c7?s=96&d=mm&r=g","caption":"admin"},"sameAs":["https:\/\/imker-aigen.at","linkedin.com\/in\/bernd-meierhofer-5919b62"],"url":"https:\/\/imker-aigen.at\/index.php\/author\/bmeierhofer\/"}]}},"_links":{"self":[{"href":"https:\/\/imker-aigen.at\/index.php\/wp-json\/wp\/v2\/posts\/9097","targetHints":{"allow":["GET"]}}],"collection":[{"href":"https:\/\/imker-aigen.at\/index.php\/wp-json\/wp\/v2\/posts"}],"about":[{"href":"https:\/\/imker-aigen.at\/index.php\/wp-json\/wp\/v2\/types\/post"}],"author":[{"embeddable":true,"href":"https:\/\/imker-aigen.at\/index.php\/wp-json\/wp\/v2\/users\/1"}],"replies":[{"embeddable":true,"href":"https:\/\/imker-aigen.at\/index.php\/wp-json\/wp\/v2\/comments?post=9097"}],"version-history":[{"count":14,"href":"https:\/\/imker-aigen.at\/index.php\/wp-json\/wp\/v2\/posts\/9097\/revisions"}],"predecessor-version":[{"id":9170,"href":"https:\/\/imker-aigen.at\/index.php\/wp-json\/wp\/v2\/posts\/9097\/revisions\/9170"}],"wp:featuredmedia":[{"embeddable":true,"href":"https:\/\/imker-aigen.at\/index.php\/wp-json\/wp\/v2\/media\/9100"}],"wp:attachment":[{"href":"https:\/\/imker-aigen.at\/index.php\/wp-json\/wp\/v2\/media?parent=9097"}],"wp:term":[{"taxonomy":"category","embeddable":true,"href":"https:\/\/imker-aigen.at\/index.php\/wp-json\/wp\/v2\/categories?post=9097"},{"taxonomy":"post_tag","embeddable":true,"href":"https:\/\/imker-aigen.at\/index.php\/wp-json\/wp\/v2\/tags?post=9097"}],"curies":[{"name":"wp","href":"https:\/\/api.w.org\/{rel}","templated":true}]}}