{"id":9114,"date":"2025-12-11T20:00:19","date_gmt":"2025-12-11T19:00:19","guid":{"rendered":"https:\/\/imker-aigen.at\/?p=9114"},"modified":"2025-12-13T10:11:32","modified_gmt":"2025-12-13T09:11:32","slug":"winterpause-weihnachtsgruesse","status":"publish","type":"post","link":"https:\/\/imker-aigen.at\/index.php\/2025\/12\/11\/winterpause-weihnachtsgruesse\/","title":{"rendered":"Weihnachtsgr\u00fc\u00dfe 2025"},"content":{"rendered":"<div  class='flex_column av-5nldca-4af3f25c1c2eaf69a64ceee4fe75cbf1 av_one_full  avia-builder-el-0  avia-builder-el-no-sibling  first flex_column_div  '     ><p>\n<style type=\"text\/css\" data-created_by=\"avia_inline_auto\" id=\"style-css-av-mj1ovi0w-e511baa24054d89c71c9d90716502383\">\n#top .av-special-heading.av-mj1ovi0w-e511baa24054d89c71c9d90716502383{\npadding-bottom:10px;\n}\nbody .av-special-heading.av-mj1ovi0w-e511baa24054d89c71c9d90716502383 .av-special-heading-tag .heading-char{\nfont-size:25px;\n}\n.av-special-heading.av-mj1ovi0w-e511baa24054d89c71c9d90716502383 .av-subheading{\nfont-size:15px;\n}\n<\/style>\n<div  class='av-special-heading av-mj1ovi0w-e511baa24054d89c71c9d90716502383 av-special-heading-h3 blockquote modern-quote modern-centered  avia-builder-el-1  el_before_av_image  avia-builder-el-first '><h3 class='av-special-heading-tag '  itemprop=\"headline\"  >Frohe Weihnachten und einen guten Rutsch!<\/h3><div class='av-subheading av-subheading_below'><p>Wir gehen in die Winterpause<\/p>\n<\/div><div class=\"special-heading-border\"><div class=\"special-heading-inner-border\"><\/div><\/div><\/div><br \/>\n\n<style type=\"text\/css\" data-created_by=\"avia_inline_auto\" id=\"style-css-av-mj425yc3-2b742d2c4b17351a8ef1968e87f5abe7\">\n.avia-image-container.av-mj425yc3-2b742d2c4b17351a8ef1968e87f5abe7 img.avia_image{\nbox-shadow:none;\n}\n.avia-image-container.av-mj425yc3-2b742d2c4b17351a8ef1968e87f5abe7 .av-image-caption-overlay-center{\ncolor:#ffffff;\n}\n<\/style>\n<div  class='avia-image-container av-mj425yc3-2b742d2c4b17351a8ef1968e87f5abe7 av-styling- avia-align-center  avia-builder-el-2  el_after_av_heading  el_before_av_hr '   itemprop=\"image\" itemscope=\"itemscope\" itemtype=\"https:\/\/schema.org\/ImageObject\" ><div class=\"avia-image-container-inner\"><div class=\"avia-image-overlay-wrap\"><img decoding=\"async\" fetchpriority=\"high\" class='wp-image-7214 avia-img-lazy-loading-not-7214 avia_image ' src=\"https:\/\/imker-aigen.at\/wp-content\/uploads\/2024\/12\/start_bienensaison2025_1-300x205.jpg\" alt='' title='Start in die Bienensaison 2025'  height=\"205\" width=\"300\"  itemprop=\"thumbnailUrl\" srcset=\"https:\/\/imker-aigen.at\/wp-content\/uploads\/2024\/12\/start_bienensaison2025_1-300x205.jpg 300w, https:\/\/imker-aigen.at\/wp-content\/uploads\/2024\/12\/start_bienensaison2025_1.jpg 582w\" sizes=\"(max-width: 300px) 100vw, 300px\" \/><\/div><\/div><\/div><br \/>\n\n<style type=\"text\/css\" data-created_by=\"avia_inline_auto\" id=\"style-css-av-mj1ow37s-8334751a7872295f7a979eeb37aa4785\">\n#top .hr.av-mj1ow37s-8334751a7872295f7a979eeb37aa4785{\nmargin-top:30px;\nmargin-bottom:30px;\n}\n.hr.av-mj1ow37s-8334751a7872295f7a979eeb37aa4785 .hr-inner{\nwidth:50px;\nmax-width:45%;\n}\n<\/style>\n<div  class='hr av-mj1ow37s-8334751a7872295f7a979eeb37aa4785 hr-custom  avia-builder-el-3  el_after_av_image  el_before_av_textblock  hr-center hr-icon-yes'><span class='hr-inner inner-border-av-border-thin'><span class=\"hr-inner-style\"><\/span><\/span><span class='av-seperator-icon avia-svg-icon avia-font-svg_entypo-fontello' data-av_svg_icon='dot-3' data-av_iconset='svg_entypo-fontello'><svg version=\"1.1\" xmlns=\"http:\/\/www.w3.org\/2000\/svg\" width=\"29\" height=\"32\" viewBox=\"0 0 29 32\" preserveAspectRatio=\"xMidYMid meet\" aria-labelledby='av-svg-title-1' aria-describedby='av-svg-desc-1' role=\"graphics-symbol\">\n<title id='av-svg-title-1'>Dot-3<\/title>\n<desc id='av-svg-desc-1'>Dot-3<\/desc>\n<path d=\"M3.52 12.48q1.472 0 2.496 1.024t1.024 2.496q0 1.408-1.024 2.464t-2.496 1.056-2.496-1.056-1.024-2.464q0-1.472 1.024-2.496t2.496-1.024zM14.72 12.48q1.472 0 2.496 1.024t1.024 2.496q0 1.408-1.056 2.464t-2.464 1.056-2.464-1.056-1.056-2.464q0-1.472 1.024-2.496t2.496-1.024zM25.92 12.48q1.472 0 2.496 1.024t1.024 2.496q0 1.408-1.024 2.464t-2.496 1.056-2.496-1.056-1.024-2.464q0-1.472 1.024-2.496t2.496-1.024z\"><\/path>\n<\/svg><\/span><span class='hr-inner inner-border-av-border-thin'><span class=\"hr-inner-style\"><\/span><\/span><\/div><br \/>\n<section  class='av_textblock_section av-mj2kqmyf-f817ebdfbc2e767df8beb7c61bf77010 '   itemscope=\"itemscope\" itemtype=\"https:\/\/schema.org\/BlogPosting\" itemprop=\"blogPost\" ><div class='avia_textblock'  itemprop=\"text\" ><h3>Winterpause<\/h3>\n<p>Nach einem erfolgreichen Abschluss des Vereinsjahres verabschiedet sich unser Imkerverein nun in die wohlverdiente Winterpause. Mit den beiden Adventm\u00e4rkten am 29. November und 6. Dezember 2025 in Elsbethen sowie der traditionellen Ambrosiusfeier am 4. Dezember konnte der Verein noch einmal sch\u00f6ne gemeinsame Stunden erleben und gleichzeitig die Imkerei einem breiten Publikum n\u00e4herbringen. Besonders nett war auch unser gemeinsamer Besuch des Christkindlmarktes und des Imkerstandes unseres Kollegen Josef Hutzinger in Maria Plain, gefolgt von einem Bratwurstessen beim <a href=\"https:\/\/www.mariaplain.com\/\">Plainwirt<\/a>.<\/p>\n<p>Jetzt ist es an der Zeit, eine Pause einzulegen und die stille und besinnliche Zeit mehr zu genie\u00dfen. Lange bleibt ohnehin nicht Zeit zum Verschnaufen, denn mit der Wintersonnenwende am 21. Dezember startet schon wieder die Bienensaison und am 3. Februar nehmen wir mit der <a href=\"https:\/\/imker-aigen.at\/index.php\/event\/jahreshauptversammlung-2026\/\">Jahreshauptversammlung (Fachvortrag von Dipl. Biologe Chris Steube, Laborleiter des Imkerhofes Salzburg)<\/a> die Vereinst\u00e4tigkeiten wieder voll auf.<\/p>\n<\/div><\/section><br \/>\n\n<style type=\"text\/css\" data-created_by=\"avia_inline_auto\" id=\"style-css-av-mj2lkurz-6da5258fd8cd34ca920b817d7858722a\">\n.av-horizontal-gallery.av-mj2lkurz-6da5258fd8cd34ca920b817d7858722a{\npadding:3.75% 0px;;\n}\n.av-horizontal-gallery.av-mj2lkurz-6da5258fd8cd34ca920b817d7858722a .av-horizontal-gallery-inner{\npadding-bottom:25%;\n}\n<\/style>\n<div  class='av-horizontal-gallery av-mj2lkurz-6da5258fd8cd34ca920b817d7858722a av-horizontal-gallery-large-gap av-horizontal-gallery-enlarge-effect  avia-builder-el-5  el_after_av_textblock  el_before_av_textblock  av-slideshow-ui av-control-default av-slideshow-manual av-loop-once av-loop-manual-once av-horizontal-gallery-1' data-slideshow-data=\"{&quot;enlarge&quot;:1.3,&quot;animation&quot;:&quot;slide&quot;,&quot;autoplay&quot;:false,&quot;loop_autoplay&quot;:&quot;once&quot;,&quot;interval&quot;:5,&quot;loop_manual&quot;:&quot;manual-once&quot;,&quot;autoplay_stopper&quot;:false,&quot;noNavigation&quot;:false,&quot;bg_slider&quot;:false,&quot;keep_padding&quot;:&quot;&quot;,&quot;hoverpause&quot;:false,&quot;show_slide_delay&quot;:0}\"  itemprop=\"image\" itemscope=\"itemscope\" itemtype=\"https:\/\/schema.org\/ImageObject\" ><div class='avia-slideshow-arrows avia-slideshow-controls' ><a href='#prev' class='prev-slide av-horizontal-gallery-prev avia-svg-icon avia-font-svg_entypo-fontello' data-av_svg_icon='left-open-big' data-av_iconset='svg_entypo-fontello' tabindex='-1' title=\"Zur\u00fcck\"><svg version=\"1.1\" xmlns=\"http:\/\/www.w3.org\/2000\/svg\" width=\"15\" height=\"32\" viewBox=\"0 0 15 32\" preserveAspectRatio=\"xMidYMid meet\" aria-labelledby='av-svg-title-2' aria-describedby='av-svg-desc-2' role=\"graphics-symbol\" aria-hidden=\"true\">\n<title id='av-svg-title-2'>Zur\u00fcck<\/title>\n<desc id='av-svg-desc-2'>Zur\u00fcck<\/desc>\n<path d=\"M14.464 27.84q0.832 0.832 0 1.536-0.832 0.832-1.536 0l-12.544-12.608q-0.768-0.768 0-1.6l12.544-12.608q0.704-0.832 1.536 0 0.832 0.704 0 1.536l-11.456 11.904z\"><\/path>\n<\/svg><span class='avia_hidden_link_text'>Zur\u00fcck<\/span><\/a><a href='#next' class='next-slide av-horizontal-gallery-next avia-svg-icon avia-font-svg_entypo-fontello' data-av_svg_icon='right-open-big' data-av_iconset='svg_entypo-fontello' tabindex='-1' title=\"Weiter\"><svg version=\"1.1\" xmlns=\"http:\/\/www.w3.org\/2000\/svg\" width=\"15\" height=\"32\" viewBox=\"0 0 15 32\" preserveAspectRatio=\"xMidYMid meet\" aria-labelledby='av-svg-title-3' aria-describedby='av-svg-desc-3' role=\"graphics-symbol\" aria-hidden=\"true\">\n<title id='av-svg-title-3'>Weiter<\/title>\n<desc id='av-svg-desc-3'>Weiter<\/desc>\n<path d=\"M0.416 27.84l11.456-11.84-11.456-11.904q-0.832-0.832 0-1.536 0.832-0.832 1.536 0l12.544 12.608q0.768 0.832 0 1.6l-12.544 12.608q-0.704 0.832-1.536 0-0.832-0.704 0-1.536z\"><\/path>\n<\/svg><span class='avia_hidden_link_text'>Weiter<\/span><\/a><\/div><div class='avia-slideshow-dots avia-slideshow-controls av-horizontal-gallery-dots fade-in'><a href='#1' class='goto-slide active' >1<\/a><a href='#2' class='goto-slide ' >2<\/a><a href='#3' class='goto-slide ' >3<\/a><\/div><div class='av-horizontal-gallery-inner' data-av-height='25'><div class=\"av-horizontal-gallery-slider\"><div class=\"av-horizontal-gallery-wrap noHover\"><img decoding=\"async\" fetchpriority=\"high\" class='wp-image-9132 avia-img-lazy-loading-not-9132 av-horizontal-gallery-img' width=\"1024\" height=\"768\" src=\"https:\/\/imker-aigen.at\/wp-content\/uploads\/2025\/12\/ambrosiusfeier_2025_2_1024_768.jpg\" title='Ambrosiusfeier 2025: Pfarrer Walter Oberascher und Thomas Renner (Gesch\u00e4ftsf\u00fchrer vom Imkerhof Salzburg und Diakon in Ausbildung)' alt='' srcset=\"https:\/\/imker-aigen.at\/wp-content\/uploads\/2025\/12\/ambrosiusfeier_2025_2_1024_768.jpg 1024w, https:\/\/imker-aigen.at\/wp-content\/uploads\/2025\/12\/ambrosiusfeier_2025_2_1024_768-300x225.jpg 300w, https:\/\/imker-aigen.at\/wp-content\/uploads\/2025\/12\/ambrosiusfeier_2025_2_1024_768-768x576.jpg 768w, https:\/\/imker-aigen.at\/wp-content\/uploads\/2025\/12\/ambrosiusfeier_2025_2_1024_768-705x529.jpg 705w\" sizes=\"(max-width: 1024px) 100vw, 1024px\" \/><a href=\"https:\/\/imker-aigen.at\/wp-content\/uploads\/2025\/12\/ambrosiusfeier_2025_2_1024_768.jpg\" data-srcset=\"https:\/\/imker-aigen.at\/wp-content\/uploads\/2025\/12\/ambrosiusfeier_2025_2_1024_768.jpg 1024w, https:\/\/imker-aigen.at\/wp-content\/uploads\/2025\/12\/ambrosiusfeier_2025_2_1024_768-300x225.jpg 300w, https:\/\/imker-aigen.at\/wp-content\/uploads\/2025\/12\/ambrosiusfeier_2025_2_1024_768-768x576.jpg 768w, https:\/\/imker-aigen.at\/wp-content\/uploads\/2025\/12\/ambrosiusfeier_2025_2_1024_768-705x529.jpg 705w\" data-sizes=\"(max-width: 1024px) 100vw, 1024px\" class='av-horizontal-gallery-link avia-svg-icon avia-font-svg_entypo-fontello' data-av_svg_icon='resize-full' data-av_iconset='svg_entypo-fontello' title='Ambrosiusfeier 2025: Pfarrer Walter Oberascher und Thomas Renner (Gesch\u00e4ftsf\u00fchrer vom Imkerhof Salzburg und Diakon in Ausbildung)' alt='' aria-label='Open image in lightbox: Ambrosiusfeier 2025: Pfarrer Walter Oberascher und Thomas Renner (Gesch\u00e4ftsf\u00fchrer vom Imkerhof Salzburg und Diakon in Ausbildung)'><svg version=\"1.1\" xmlns=\"http:\/\/www.w3.org\/2000\/svg\" width=\"25\" height=\"32\" viewBox=\"0 0 25 32\" preserveAspectRatio=\"xMidYMid meet\" aria-labelledby='av-svg-title-4' aria-describedby='av-svg-desc-4' role=\"graphics-symbol\" aria-hidden=\"true\">\n<title id='av-svg-title-4'>Open image in lightbox: Ambrosiusfeier 2025: Pfarrer Walter Oberascher und Thomas Renner (Gesch\u00e4ftsf\u00fchrer vom Imkerhof Salzburg und Diakon in Ausbildung)<\/title>\n<desc id='av-svg-desc-4'>Open image in lightbox: Ambrosiusfeier 2025: Pfarrer Walter Oberascher und Thomas Renner (Gesch\u00e4ftsf\u00fchrer vom Imkerhof Salzburg und Diakon in Ausbildung)<\/desc>\n<path d=\"M15.232 3.328h10.112v10.112l-3.2-3.968-4.672 4.864-3.2-3.2 4.864-4.672zM7.872 17.536l3.2 3.2-4.864 4.672 3.904 3.2h-10.112v-10.112l3.2 3.904z\"><\/path>\n<\/svg><\/a><\/div><div class=\"av-horizontal-gallery-wrap noHover\"><img decoding=\"async\" fetchpriority=\"high\" class='wp-image-9133 avia-img-lazy-loading-not-9133 av-horizontal-gallery-img' width=\"1024\" height=\"768\" src=\"https:\/\/imker-aigen.at\/wp-content\/uploads\/2025\/12\/ambrosiusfeier_2025_3_1024_768.jpg\" title='Ambrosiusfeier 2025: Segnung der Imkereiprodukte und der Vereinskerze' alt='' srcset=\"https:\/\/imker-aigen.at\/wp-content\/uploads\/2025\/12\/ambrosiusfeier_2025_3_1024_768.jpg 1024w, https:\/\/imker-aigen.at\/wp-content\/uploads\/2025\/12\/ambrosiusfeier_2025_3_1024_768-300x225.jpg 300w, https:\/\/imker-aigen.at\/wp-content\/uploads\/2025\/12\/ambrosiusfeier_2025_3_1024_768-768x576.jpg 768w, https:\/\/imker-aigen.at\/wp-content\/uploads\/2025\/12\/ambrosiusfeier_2025_3_1024_768-705x529.jpg 705w\" sizes=\"(max-width: 1024px) 100vw, 1024px\" \/><a href=\"https:\/\/imker-aigen.at\/wp-content\/uploads\/2025\/12\/ambrosiusfeier_2025_3_1024_768.jpg\" data-srcset=\"https:\/\/imker-aigen.at\/wp-content\/uploads\/2025\/12\/ambrosiusfeier_2025_3_1024_768.jpg 1024w, https:\/\/imker-aigen.at\/wp-content\/uploads\/2025\/12\/ambrosiusfeier_2025_3_1024_768-300x225.jpg 300w, https:\/\/imker-aigen.at\/wp-content\/uploads\/2025\/12\/ambrosiusfeier_2025_3_1024_768-768x576.jpg 768w, https:\/\/imker-aigen.at\/wp-content\/uploads\/2025\/12\/ambrosiusfeier_2025_3_1024_768-705x529.jpg 705w\" data-sizes=\"(max-width: 1024px) 100vw, 1024px\" class='av-horizontal-gallery-link avia-svg-icon avia-font-svg_entypo-fontello' data-av_svg_icon='resize-full' data-av_iconset='svg_entypo-fontello' title='Ambrosiusfeier 2025: Segnung der Imkereiprodukte und der Vereinskerze' alt='' aria-label='Open image in lightbox: Ambrosiusfeier 2025: Segnung der Imkereiprodukte und der Vereinskerze'><svg version=\"1.1\" xmlns=\"http:\/\/www.w3.org\/2000\/svg\" width=\"25\" height=\"32\" viewBox=\"0 0 25 32\" preserveAspectRatio=\"xMidYMid meet\" aria-labelledby='av-svg-title-5' aria-describedby='av-svg-desc-5' role=\"graphics-symbol\" aria-hidden=\"true\">\n<title id='av-svg-title-5'>Open image in lightbox: Ambrosiusfeier 2025: Segnung der Imkereiprodukte und der Vereinskerze<\/title>\n<desc id='av-svg-desc-5'>Open image in lightbox: Ambrosiusfeier 2025: Segnung der Imkereiprodukte und der Vereinskerze<\/desc>\n<path d=\"M15.232 3.328h10.112v10.112l-3.2-3.968-4.672 4.864-3.2-3.2 4.864-4.672zM7.872 17.536l3.2 3.2-4.864 4.672 3.904 3.2h-10.112v-10.112l3.2 3.904z\"><\/path>\n<\/svg><\/a><\/div><div class=\"av-horizontal-gallery-wrap noHover\"><img decoding=\"async\" fetchpriority=\"high\" class='wp-image-9131 avia-img-lazy-loading-not-9131 av-horizontal-gallery-img' width=\"1024\" height=\"768\" src=\"https:\/\/imker-aigen.at\/wp-content\/uploads\/2025\/12\/ambrosiusfeier_2025_1_1024_768.jpg\" title='Ambrosiusfeier 2025: Vorderfager Saitenmusik' alt='' srcset=\"https:\/\/imker-aigen.at\/wp-content\/uploads\/2025\/12\/ambrosiusfeier_2025_1_1024_768.jpg 1024w, https:\/\/imker-aigen.at\/wp-content\/uploads\/2025\/12\/ambrosiusfeier_2025_1_1024_768-300x225.jpg 300w, https:\/\/imker-aigen.at\/wp-content\/uploads\/2025\/12\/ambrosiusfeier_2025_1_1024_768-768x576.jpg 768w, https:\/\/imker-aigen.at\/wp-content\/uploads\/2025\/12\/ambrosiusfeier_2025_1_1024_768-705x529.jpg 705w\" sizes=\"(max-width: 1024px) 100vw, 1024px\" \/><a href=\"https:\/\/imker-aigen.at\/wp-content\/uploads\/2025\/12\/ambrosiusfeier_2025_1_1024_768.jpg\" data-srcset=\"https:\/\/imker-aigen.at\/wp-content\/uploads\/2025\/12\/ambrosiusfeier_2025_1_1024_768.jpg 1024w, https:\/\/imker-aigen.at\/wp-content\/uploads\/2025\/12\/ambrosiusfeier_2025_1_1024_768-300x225.jpg 300w, https:\/\/imker-aigen.at\/wp-content\/uploads\/2025\/12\/ambrosiusfeier_2025_1_1024_768-768x576.jpg 768w, https:\/\/imker-aigen.at\/wp-content\/uploads\/2025\/12\/ambrosiusfeier_2025_1_1024_768-705x529.jpg 705w\" data-sizes=\"(max-width: 1024px) 100vw, 1024px\" class='av-horizontal-gallery-link avia-svg-icon avia-font-svg_entypo-fontello' data-av_svg_icon='resize-full' data-av_iconset='svg_entypo-fontello' title='Ambrosiusfeier 2025: Vorderfager Saitenmusik' alt='' aria-label='Open image in lightbox: Ambrosiusfeier 2025: Vorderfager Saitenmusik'><svg version=\"1.1\" xmlns=\"http:\/\/www.w3.org\/2000\/svg\" width=\"25\" height=\"32\" viewBox=\"0 0 25 32\" preserveAspectRatio=\"xMidYMid meet\" aria-labelledby='av-svg-title-6' aria-describedby='av-svg-desc-6' role=\"graphics-symbol\" aria-hidden=\"true\">\n<title id='av-svg-title-6'>Open image in lightbox: Ambrosiusfeier 2025: Vorderfager Saitenmusik<\/title>\n<desc id='av-svg-desc-6'>Open image in lightbox: Ambrosiusfeier 2025: Vorderfager Saitenmusik<\/desc>\n<path d=\"M15.232 3.328h10.112v10.112l-3.2-3.968-4.672 4.864-3.2-3.2 4.864-4.672zM7.872 17.536l3.2 3.2-4.864 4.672 3.904 3.2h-10.112v-10.112l3.2 3.904z\"><\/path>\n<\/svg><\/a><\/div><\/div><\/div><\/div><br \/>\n<section  class='av_textblock_section av-mj2kr6dg-9688450b59f95b75f2dcfac3e6eb1227 '   itemscope=\"itemscope\" itemtype=\"https:\/\/schema.org\/BlogPosting\" itemprop=\"blogPost\" ><div class='avia_textblock'  itemprop=\"text\" ><h3>Ambrosiusfeier 2025<\/h3>\n<p>Auch dieses Jahr fand die Ambrosiusfeier in der <a href=\"https:\/\/www.kirchen.net\/pfarre-aigen\/home\">Pfarrkirche Salzburg Aigen<\/a> statt, gefolgt von einem Zusammentreffen beim <a href=\"https:\/\/rechenwirt.at\/\">Rechenwirt<\/a>. Ein besonderer Dank gilt der Pfarre Salzburg Aigen mit Diakon Dino Bachmaier f\u00fcr die erneute Organisation unserer Ambrosiusfeier. F\u00fcr die Leitung der Messe bedanken wir uns sehr herzlich bei Pfarrer Walter Oberascher und Thomas Renner, dem Gesch\u00e4ftsf\u00fchrer des <a href=\"https:\/\/imkerhof-salzburg.at\/\">Imkerhofs Salzburg<\/a> und angehenden Diakon. Unser Dank gilt nat\u00fcrlich auch der Vorderfager Saitenmusik f\u00fcr die musikalische Umrahmung der Feier.<\/p>\n<p>Im kommenden Jahr k\u00f6nnte m\u00f6glicherweise wieder eine Ambrosiusfeier f\u00fcr den gesamten Salzburger Flachgau organisiert werden. In einigen Salzburger Gauen wechseln sich die Imkerortsgruppen j\u00e4hrlich mit der Ausrichtung dieser Feier ab, sodass sie jedes Mal in einer anderen Gemeinde des jeweiligen Gaues stattfinden kann \u2013 eine sch\u00f6ne Tradition, die auch im Flachgau wieder aufgenommen werden k\u00f6nnte. Diesbez\u00fcglich stehen wir bereits mit unserem Flachgauer Gauobmann Hans Eisl in Kontakt. Da die Pfarreien Itzling, Gnigl, St. Severin, St. Elisabeth, Parsch, Aigen und Elsbethen zu einem Pfarrverband zusammengeschlossen wurden, w\u00e4re vielleicht auch einmal eine Ambrosiusfeier in der sp\u00e4tbarocken Kirche von Gnigl oder in einer der anderen Kirchen des Pfarrverbandes denkbar.<\/p>\n<\/div><\/section><br \/>\n\n<style type=\"text\/css\" data-created_by=\"avia_inline_auto\" id=\"style-css-av-mj2lr58w-bf13ab952a370eeb183934a7f7adda97\">\n#top .hr.hr-invisible.av-mj2lr58w-bf13ab952a370eeb183934a7f7adda97{\nheight:25px;\n}\n<\/style>\n<div  class='hr av-mj2lr58w-bf13ab952a370eeb183934a7f7adda97 hr-invisible  avia-builder-el-7  el_after_av_textblock  el_before_av_image_hotspot  avia-builder-el-last '><span class='hr-inner '><span class=\"hr-inner-style\"><\/span><\/span><\/div><br \/>\n\n<style type=\"text\/css\" data-created_by=\"avia_inline_auto\" id=\"style-css-sub-av-mj2lq089-f87f8156619171282850d9ef59372e7d\">\n.av-hotspot-image-container .av-image-hotspot.av-mj2lpyzw-b3329a157b250211f6a7dfc96b5bdbcf{\ntop:50%;\nleft:50%;\n}\n<\/style>\n<div  class='av-hotspot-image-container av-mj2lq089-f87f8156619171282850d9ef59372e7d  avia-builder-el-8  el_after_av_hr  el_before_av_hr  av-hotspot-numbered av-mobile-fallback-active  av-non-fullwidth-hotspot-image'  itemprop=\"image\" itemscope=\"itemscope\" itemtype=\"https:\/\/schema.org\/ImageObject\" ><div class='av-hotspot-container'><div class='av-hotspot-container-inner-cell'><div class='av-hotspot-container-inner-wrap'><div class='av-image-hotspot av-mj2lpyzw-b3329a157b250211f6a7dfc96b5bdbcf av-image-hotspot-1 ' data-avia-tooltip-position='top' data-avia-tooltip-alignment='left' data-avia-tooltip-class='av-tt-default-width av-tt-pos-above av-tt-align-left  av-mobile-fallback-active  main_color av-tt-hotspot' data-avia-tooltip='&lt;p&gt;Elsbethener Adventmarkt 2025: Das Team des Imkervereins Salzburg Aigen bedankt sich und freut sich bereits auf den n\u00e4chsten Adventmarkt!&lt;\/p&gt;\n'><div class='av-image-hotspot_inner'>1<\/div><div class='av-image-hotspot-pulse'><\/div><\/div><img decoding=\"async\" fetchpriority=\"high\" class='wp-image-9130 avia-img-lazy-loading-not-9130 avia_image' src=\"https:\/\/imker-aigen.at\/wp-content\/uploads\/2025\/12\/adventmarkt2025_3_1024_768-300x225.jpg\" alt='' title='Adventmarkt 2025: Das Team des Imkervereins Salzburg Aigen bedankt sich und freut sich bereits auf den n\u00e4chsten Adventmarkt.'  height=\"225\" width=\"300\"  itemprop=\"thumbnailUrl\" srcset=\"https:\/\/imker-aigen.at\/wp-content\/uploads\/2025\/12\/adventmarkt2025_3_1024_768-300x225.jpg 300w, https:\/\/imker-aigen.at\/wp-content\/uploads\/2025\/12\/adventmarkt2025_3_1024_768-768x576.jpg 768w, https:\/\/imker-aigen.at\/wp-content\/uploads\/2025\/12\/adventmarkt2025_3_1024_768-705x529.jpg 705w, https:\/\/imker-aigen.at\/wp-content\/uploads\/2025\/12\/adventmarkt2025_3_1024_768.jpg 1024w\" sizes=\"(max-width: 300px) 100vw, 300px\" \/><\/div><\/div><\/div><div class='av-hotspot-fallback-tooltip av-image-hotspot-1 '><div class=\"av-hotspot-fallback-tooltip-count\">1<div class=\"avia-arrow\"><\/div><\/div><div class=\"av-hotspot-fallback-tooltip-inner clearfix\"><p>\nElsbethener Adventmarkt 2025: Das Team des Imkervereins Salzburg Aigen bedankt sich und freut sich bereits auf den n\u00e4chsten Adventmarkt!<\/p>\n<\/div><\/div><\/div><br \/>\n\n<style type=\"text\/css\" data-created_by=\"avia_inline_auto\" id=\"style-css-av-mj2lsv7a-425dda642537cb84d5ea0b89d6559585\">\n#top .hr.hr-invisible.av-mj2lsv7a-425dda642537cb84d5ea0b89d6559585{\nheight:10px;\n}\n<\/style>\n<div  class='hr av-mj2lsv7a-425dda642537cb84d5ea0b89d6559585 hr-invisible  avia-builder-el-9  el_after_av_image_hotspot  el_before_av_textblock  avia-builder-el-first '><span class='hr-inner '><span class=\"hr-inner-style\"><\/span><\/span><\/div><br \/>\n<section  class='av_textblock_section av-mj1sz7x4-34b5d4bbfc236fac0507defec3eadb61 '   itemscope=\"itemscope\" itemtype=\"https:\/\/schema.org\/BlogPosting\" itemprop=\"blogPost\" ><div class='avia_textblock'  itemprop=\"text\" ><h3>Elsbethener Adventmarkt 2025<\/h3>\n<p>Auch der Elsbethener Adventmarkt war dieses Jahr besonders gut besucht und erfolgreich. Gemeinsam mit dem <a href=\"https:\/\/www.bluehendes-salzburg.at\/elsbethen\/willkommen\/\">Obst- und Gartenbauverein Elsbethen<\/a> waren wir wieder mit unserem Imkerstand vertreten.<\/p>\n<p><strong>Wir m\u00f6chten uns daher recht herzlich bei allen Besucherinnen und Besuchern bedanken, die mit ihrem Kommen zum Elsbethener Adventmarkt zum Gelingen beigetragen haben.<\/strong><\/p>\n<p>Unser besonderer Dank gilt in diesem Jahr auch unserem Vereinsmitglied Paul Freh-Deutschmann. Er hat bereits im Vorfeld auf Instagram auf den Adventmarkt aufmerksam gemacht und unsere Produkte beworben. Unser <a href=\"https:\/\/www.instagram.com\/imker.aigen\">Instagram-Account<\/a> wurde in Folge ca. 2.400-mal aufgerufen und wir konnten ca. 1.000 Konten mit unserer Werbung erreichen.<\/p>\n<p>Dank des Erfolgs kann sich unser Imkerverein erneut mit einer Geldspende an der Spendenaktion des <a href=\"https:\/\/www.elsbethen.info\/\">Tourismusverbandes Elsbethen<\/a> f\u00fcr bed\u00fcrftige Familien in der Gemeinde beteiligen. Auch f\u00fcr den Verein selbst ist ein erfreulicher Betrag zusammengekommen. Dieses Geld wird wie jedes Jahr f\u00fcr gemeinn\u00fctzige Zwecke sowie f\u00fcr verschiedene Projekte im Verein \u2013 wie etwa die Renovierung der Vereinsh\u00fctte \u2013 verwendet.<\/p>\n<h3>Ausblick auf kommende Aktivit\u00e4ten<\/h3>\n<p>Auch wenn nun der Eindruck entstehen k\u00f6nnte, der Verein w\u00fcrde in der Winterpause unt\u00e4tig sein, ist das Gegenteil der Fall: es laufen bereits die Vorbereitungen f\u00fcr verschiedene Projekte des kommenden Jahres. Folgende T\u00e4tigkeiten sind bereits in Planung:<\/p>\n<ul>\n<li>Vorbereitung der <a href=\"https:\/\/imker-aigen.at\/index.php\/event\/jahreshauptversammlung-2026\/\">Jahreshauptversammlung am 3. Februar 2026<\/a><\/li>\n<li>Vorbereitung der Jugendarbeit 2026 (diverse Schulbesuche, die Bienentage bei akzente Salzburg &#8230;)<\/li>\n<li>Zusammenarbeit mit dem <a href=\"https:\/\/naturschutzbund.at\/salzburg.html\">Naturschutzbund<\/a><\/li>\n<li>Planung der Renovierungsarbeiten an der Vereinsh\u00fctte am Egelsee<\/li>\n<li>Einsatz unserer Geldmittel f\u00fcr gemeinn\u00fctzige Zwecke<\/li>\n<li>&#8230;<\/li>\n<\/ul>\n<p>Im Fr\u00fchjahr 2025 wurden f\u00fcr den Verein eigene Bienenv\u00f6lker angeschafft und aufgebaut. Wir durften auch eine kleine Menge Honig ernten. Vier Vereinsv\u00f6lker wurden nun in der Vereinsh\u00fctte eingewintert. Da der Verein im Vereinsregister eingetragen ist, gilt er als eigenst\u00e4ndige juristische Person. Somit hat er auch eine eigene Betriebsnummer f\u00fcr die Vereinsv\u00f6lker und kann auch die \u00fcblichen Imkereif\u00f6rderungen in Anspruch nehmen. F\u00fcr das Jahr 2026 werden wir \u00fcberlegen, ob eine eigene Bio-Zertifizierung denkbar und angestrebt werden sollte.<\/p>\n<p>Wie ihr seht, gehen uns weder die Arbeit noch die Ideen aus. Dadurch bleibt es auch weiterhin spannend und herausfordernd.<\/p>\n<h3>Weihnachtsgr\u00fc\u00dfe<\/h3>\n<p>Der Imkerverein Salzburg Aigen w\u00fcnscht seinen Mitgliedern und allen Freunden des Vereins eine besinnliche Adventszeit, frohe Weihnachten und einen guten Rutsch ins neue Jahr!<\/p>\n<p>Bleibt gesund, achtet gegenseitig aufeinander und haltet eure Bienen gesund! Habt au\u00dferdem stets ein wachsames Auge auf unsere Natur!<\/p>\n<\/div><\/section><br \/>\n<div  class='av-social-sharing-box av-3q3vbu-e482d20dda213c2fd719c290778a8852 av-social-sharing-box-default  avia-builder-el-11  el_after_av_textblock  el_before_av_comments_list  av-social-sharing-box-fullwidth'><div class=\"av-share-box\"><h5 class='av-share-link-description av-no-toc '>Eintrag teilen<\/h5><ul class=\"av-share-box-list noLightbox\"><li class='av-share-link av-social-link-facebook avia_social_iconfont' ><a target=\"_blank\" aria-label=\"Teilen auf Facebook\" href='https:\/\/www.facebook.com\/sharer.php?u=https:\/\/imker-aigen.at\/index.php\/2025\/12\/11\/winterpause-weihnachtsgruesse\/&#038;t=Weihnachtsgr%C3%BC%C3%9Fe%202025' data-av_icon='\ue8f3' data-av_iconfont='entypo-fontello'  title='' data-avia-related-tooltip='Teilen auf Facebook'><span class='avia_hidden_link_text'>Teilen auf Facebook<\/span><\/a><\/li><li class='av-share-link av-social-link-twitter avia_social_iconfont' ><a target=\"_blank\" aria-label=\"Teilen auf X\" href='https:\/\/twitter.com\/share?text=Weihnachtsgr%C3%BC%C3%9Fe%202025&#038;url=https:\/\/imker-aigen.at\/?p=9114' data-av_icon='\ue932' data-av_iconfont='entypo-fontello'  title='' data-avia-related-tooltip='Teilen auf X'><span class='avia_hidden_link_text'>Teilen auf X<\/span><\/a><\/li><li class='av-share-link av-social-link-whatsapp avia_social_iconfont' ><a target=\"_blank\" aria-label=\"Teilen auf WhatsApp\" href='https:\/\/api.whatsapp.com\/send?text=https:\/\/imker-aigen.at\/index.php\/2025\/12\/11\/winterpause-weihnachtsgruesse\/' data-av_icon='\uf232' data-av_iconfont='entypo-fontello'  title='' data-avia-related-tooltip='Teilen auf WhatsApp'><span class='avia_hidden_link_text'>Teilen auf WhatsApp<\/span><\/a><\/li><li class='av-share-link av-social-link-pinterest avia_social_iconfont' ><a target=\"_blank\" aria-label=\"Teilen auf Pinterest\" href='https:\/\/pinterest.com\/pin\/create\/button\/?url=https%3A%2F%2Fimker-aigen.at%2Findex.php%2F2025%2F12%2F11%2Fwinterpause-weihnachtsgruesse%2F&#038;description=Weihnachtsgr%C3%BC%C3%9Fe%202025&#038;media=https%3A%2F%2Fimker-aigen.at%2Fwp-content%2Fuploads%2F2024%2F12%2Fstart_bienensaison2025_1.jpg' data-av_icon='\ue8f8' data-av_iconfont='entypo-fontello'  title='' data-avia-related-tooltip='Teilen auf Pinterest'><span class='avia_hidden_link_text'>Teilen auf Pinterest<\/span><\/a><\/li><li class='av-share-link av-social-link-linkedin avia_social_iconfont' ><a target=\"_blank\" aria-label=\"Teilen auf LinkedIn\" href='https:\/\/linkedin.com\/shareArticle?mini=true&#038;title=Weihnachtsgr%C3%BC%C3%9Fe%202025&#038;url=https:\/\/imker-aigen.at\/index.php\/2025\/12\/11\/winterpause-weihnachtsgruesse\/' data-av_icon='\ue8fc' data-av_iconfont='entypo-fontello'  title='' data-avia-related-tooltip='Teilen auf LinkedIn'><span class='avia_hidden_link_text'>Teilen auf LinkedIn<\/span><\/a><\/li><li class='av-share-link av-social-link-reddit avia_social_iconfont' ><a target=\"_blank\" aria-label=\"Teilen auf Reddit\" href='https:\/\/reddit.com\/submit?url=https:\/\/imker-aigen.at\/index.php\/2025\/12\/11\/winterpause-weihnachtsgruesse\/&#038;title=Weihnachtsgr%C3%BC%C3%9Fe%202025' data-av_icon='\ue927' data-av_iconfont='entypo-fontello'  title='' data-avia-related-tooltip='Teilen auf Reddit'><span class='avia_hidden_link_text'>Teilen auf Reddit<\/span><\/a><\/li><li class='av-share-link av-social-link-mail avia_social_iconfont' ><a  aria-label=\"Per E-Mail teilen\" href='mailto:?subject=Weihnachtsgr%C3%BC%C3%9Fe%202025&#038;body=https:\/\/imker-aigen.at\/index.php\/2025\/12\/11\/winterpause-weihnachtsgruesse\/' data-av_icon='\ue805' data-av_iconfont='entypo-fontello'  title='' data-avia-related-tooltip='Per E-Mail teilen'><span class='avia_hidden_link_text'>Per E-Mail teilen<\/span><\/a><\/li><\/ul><\/div><\/div><br \/>\n<div  class='av-buildercomment av-22by6y-093c0e6a0fa1c13eab0fb4a100caa6dc'><\/div><\/p><\/div>\n","protected":false},"excerpt":{"rendered":"","protected":false},"author":1,"featured_media":7214,"comment_status":"open","ping_status":"closed","sticky":false,"template":"","format":"standard","meta":{"footnotes":""},"categories":[2],"tags":[22,283,21,310,481,480],"class_list":["post-9114","post","type-post","status-publish","format-standard","has-post-thumbnail","hentry","category-news","tag-adventmarkt","tag-ambrosisusfeier","tag-elsbethen","tag-pfarre-aigen","tag-tourismusverband","tag-vorderfager"],"yoast_head":"<!-- This site is optimized with the Yoast SEO plugin v27.4 - https:\/\/yoast.com\/product\/yoast-seo-wordpress\/ -->\n<title>Weihnachtsgr\u00fc\u00dfe 2025 - Imker Ortsgruppe Salzburg Aigen<\/title>\n<meta name=\"robots\" content=\"index, follow, max-snippet:-1, max-image-preview:large, max-video-preview:-1\" \/>\n<link rel=\"canonical\" href=\"https:\/\/imker-aigen.at\/index.php\/2025\/12\/11\/winterpause-weihnachtsgruesse\/\" \/>\n<meta property=\"og:locale\" content=\"de_DE\" \/>\n<meta property=\"og:type\" content=\"article\" \/>\n<meta property=\"og:title\" content=\"Weihnachtsgr\u00fc\u00dfe 2025 - Imker Ortsgruppe Salzburg Aigen\" \/>\n<meta property=\"og:url\" content=\"https:\/\/imker-aigen.at\/index.php\/2025\/12\/11\/winterpause-weihnachtsgruesse\/\" \/>\n<meta property=\"og:site_name\" content=\"Imker Ortsgruppe Salzburg Aigen\" \/>\n<meta property=\"article:published_time\" content=\"2025-12-11T19:00:19+00:00\" \/>\n<meta property=\"article:modified_time\" content=\"2025-12-13T09:11:32+00:00\" \/>\n<meta property=\"og:image\" content=\"https:\/\/imker-aigen.at\/wp-content\/uploads\/2024\/12\/start_bienensaison2025_1.jpg\" \/>\n\t<meta property=\"og:image:width\" content=\"582\" \/>\n\t<meta property=\"og:image:height\" content=\"397\" \/>\n\t<meta property=\"og:image:type\" content=\"image\/jpeg\" \/>\n<meta name=\"author\" content=\"admin\" \/>\n<meta name=\"twitter:card\" content=\"summary_large_image\" \/>\n<meta name=\"twitter:label1\" content=\"Verfasst von\" \/>\n\t<meta name=\"twitter:data1\" content=\"admin\" \/>\n\t<meta name=\"twitter:label2\" content=\"Gesch\u00e4tzte Lesezeit\" \/>\n\t<meta name=\"twitter:data2\" content=\"6\u00a0Minuten\" \/>\n<script type=\"application\/ld+json\" class=\"yoast-schema-graph\">{\"@context\":\"https:\\\/\\\/schema.org\",\"@graph\":[{\"@type\":\"Article\",\"@id\":\"https:\\\/\\\/imker-aigen.at\\\/index.php\\\/2025\\\/12\\\/11\\\/winterpause-weihnachtsgruesse\\\/#article\",\"isPartOf\":{\"@id\":\"https:\\\/\\\/imker-aigen.at\\\/index.php\\\/2025\\\/12\\\/11\\\/winterpause-weihnachtsgruesse\\\/\"},\"author\":{\"name\":\"admin\",\"@id\":\"https:\\\/\\\/imker-aigen.at\\\/#\\\/schema\\\/person\\\/d7d0c3a8ef6f051d450781218ac83077\"},\"headline\":\"Weihnachtsgr\u00fc\u00dfe 2025\",\"datePublished\":\"2025-12-11T19:00:19+00:00\",\"dateModified\":\"2025-12-13T09:11:32+00:00\",\"mainEntityOfPage\":{\"@id\":\"https:\\\/\\\/imker-aigen.at\\\/index.php\\\/2025\\\/12\\\/11\\\/winterpause-weihnachtsgruesse\\\/\"},\"wordCount\":2505,\"commentCount\":0,\"publisher\":{\"@id\":\"https:\\\/\\\/imker-aigen.at\\\/#organization\"},\"image\":{\"@id\":\"https:\\\/\\\/imker-aigen.at\\\/index.php\\\/2025\\\/12\\\/11\\\/winterpause-weihnachtsgruesse\\\/#primaryimage\"},\"thumbnailUrl\":\"https:\\\/\\\/imker-aigen.at\\\/wp-content\\\/uploads\\\/2024\\\/12\\\/start_bienensaison2025_1.jpg\",\"keywords\":[\"Adventmarkt\",\"Ambrosisusfeier\",\"Elsbethen\",\"Pfarre Aigen\",\"Tourismusverband\",\"Vorderfager\"],\"articleSection\":[\"News\"],\"inLanguage\":\"de\",\"potentialAction\":[{\"@type\":\"CommentAction\",\"name\":\"Comment\",\"target\":[\"https:\\\/\\\/imker-aigen.at\\\/index.php\\\/2025\\\/12\\\/11\\\/winterpause-weihnachtsgruesse\\\/#respond\"]}]},{\"@type\":\"WebPage\",\"@id\":\"https:\\\/\\\/imker-aigen.at\\\/index.php\\\/2025\\\/12\\\/11\\\/winterpause-weihnachtsgruesse\\\/\",\"url\":\"https:\\\/\\\/imker-aigen.at\\\/index.php\\\/2025\\\/12\\\/11\\\/winterpause-weihnachtsgruesse\\\/\",\"name\":\"Weihnachtsgr\u00fc\u00dfe 2025 - Imker Ortsgruppe Salzburg Aigen\",\"isPartOf\":{\"@id\":\"https:\\\/\\\/imker-aigen.at\\\/#website\"},\"primaryImageOfPage\":{\"@id\":\"https:\\\/\\\/imker-aigen.at\\\/index.php\\\/2025\\\/12\\\/11\\\/winterpause-weihnachtsgruesse\\\/#primaryimage\"},\"image\":{\"@id\":\"https:\\\/\\\/imker-aigen.at\\\/index.php\\\/2025\\\/12\\\/11\\\/winterpause-weihnachtsgruesse\\\/#primaryimage\"},\"thumbnailUrl\":\"https:\\\/\\\/imker-aigen.at\\\/wp-content\\\/uploads\\\/2024\\\/12\\\/start_bienensaison2025_1.jpg\",\"datePublished\":\"2025-12-11T19:00:19+00:00\",\"dateModified\":\"2025-12-13T09:11:32+00:00\",\"breadcrumb\":{\"@id\":\"https:\\\/\\\/imker-aigen.at\\\/index.php\\\/2025\\\/12\\\/11\\\/winterpause-weihnachtsgruesse\\\/#breadcrumb\"},\"inLanguage\":\"de\",\"potentialAction\":[{\"@type\":\"ReadAction\",\"target\":[\"https:\\\/\\\/imker-aigen.at\\\/index.php\\\/2025\\\/12\\\/11\\\/winterpause-weihnachtsgruesse\\\/\"]}]},{\"@type\":\"ImageObject\",\"inLanguage\":\"de\",\"@id\":\"https:\\\/\\\/imker-aigen.at\\\/index.php\\\/2025\\\/12\\\/11\\\/winterpause-weihnachtsgruesse\\\/#primaryimage\",\"url\":\"https:\\\/\\\/imker-aigen.at\\\/wp-content\\\/uploads\\\/2024\\\/12\\\/start_bienensaison2025_1.jpg\",\"contentUrl\":\"https:\\\/\\\/imker-aigen.at\\\/wp-content\\\/uploads\\\/2024\\\/12\\\/start_bienensaison2025_1.jpg\",\"width\":582,\"height\":397},{\"@type\":\"BreadcrumbList\",\"@id\":\"https:\\\/\\\/imker-aigen.at\\\/index.php\\\/2025\\\/12\\\/11\\\/winterpause-weihnachtsgruesse\\\/#breadcrumb\",\"itemListElement\":[{\"@type\":\"ListItem\",\"position\":1,\"name\":\"Startseite\",\"item\":\"https:\\\/\\\/imker-aigen.at\\\/index.php\\\/home\\\/\"},{\"@type\":\"ListItem\",\"position\":2,\"name\":\"Weihnachtsgr\u00fc\u00dfe 2025\"}]},{\"@type\":\"WebSite\",\"@id\":\"https:\\\/\\\/imker-aigen.at\\\/#website\",\"url\":\"https:\\\/\\\/imker-aigen.at\\\/\",\"name\":\"Imker Ortsgruppe Salzburg Aigen\",\"description\":\"Homepage der Imker-Ortsgruppe Salzburg Aigen\",\"publisher\":{\"@id\":\"https:\\\/\\\/imker-aigen.at\\\/#organization\"},\"potentialAction\":[{\"@type\":\"SearchAction\",\"target\":{\"@type\":\"EntryPoint\",\"urlTemplate\":\"https:\\\/\\\/imker-aigen.at\\\/?s={search_term_string}\"},\"query-input\":{\"@type\":\"PropertyValueSpecification\",\"valueRequired\":true,\"valueName\":\"search_term_string\"}}],\"inLanguage\":\"de\"},{\"@type\":\"Organization\",\"@id\":\"https:\\\/\\\/imker-aigen.at\\\/#organization\",\"name\":\"Imker Ortsgruppe Salzburg Aigen\",\"url\":\"https:\\\/\\\/imker-aigen.at\\\/\",\"logo\":{\"@type\":\"ImageObject\",\"inLanguage\":\"de\",\"@id\":\"https:\\\/\\\/imker-aigen.at\\\/#\\\/schema\\\/logo\\\/image\\\/\",\"url\":\"https:\\\/\\\/imker-aigen.at\\\/wp-content\\\/uploads\\\/2022\\\/08\\\/logo-1.png\",\"contentUrl\":\"https:\\\/\\\/imker-aigen.at\\\/wp-content\\\/uploads\\\/2022\\\/08\\\/logo-1.png\",\"width\":392,\"height\":156,\"caption\":\"Imker Ortsgruppe Salzburg Aigen\"},\"image\":{\"@id\":\"https:\\\/\\\/imker-aigen.at\\\/#\\\/schema\\\/logo\\\/image\\\/\"}},{\"@type\":\"Person\",\"@id\":\"https:\\\/\\\/imker-aigen.at\\\/#\\\/schema\\\/person\\\/d7d0c3a8ef6f051d450781218ac83077\",\"name\":\"admin\",\"image\":{\"@type\":\"ImageObject\",\"inLanguage\":\"de\",\"@id\":\"https:\\\/\\\/secure.gravatar.com\\\/avatar\\\/925a7e918efd3cfdae29be9c0018a3ae3275cd0444a6e166241172bb6e5243c7?s=96&d=mm&r=g\",\"url\":\"https:\\\/\\\/secure.gravatar.com\\\/avatar\\\/925a7e918efd3cfdae29be9c0018a3ae3275cd0444a6e166241172bb6e5243c7?s=96&d=mm&r=g\",\"contentUrl\":\"https:\\\/\\\/secure.gravatar.com\\\/avatar\\\/925a7e918efd3cfdae29be9c0018a3ae3275cd0444a6e166241172bb6e5243c7?s=96&d=mm&r=g\",\"caption\":\"admin\"},\"sameAs\":[\"https:\\\/\\\/imker-aigen.at\",\"linkedin.com\\\/in\\\/bernd-meierhofer-5919b62\"],\"url\":\"https:\\\/\\\/imker-aigen.at\\\/index.php\\\/author\\\/bmeierhofer\\\/\"}]}<\/script>\n<!-- \/ Yoast SEO plugin. -->","yoast_head_json":{"title":"Weihnachtsgr\u00fc\u00dfe 2025 - Imker Ortsgruppe Salzburg Aigen","robots":{"index":"index","follow":"follow","max-snippet":"max-snippet:-1","max-image-preview":"max-image-preview:large","max-video-preview":"max-video-preview:-1"},"canonical":"https:\/\/imker-aigen.at\/index.php\/2025\/12\/11\/winterpause-weihnachtsgruesse\/","og_locale":"de_DE","og_type":"article","og_title":"Weihnachtsgr\u00fc\u00dfe 2025 - Imker Ortsgruppe Salzburg Aigen","og_url":"https:\/\/imker-aigen.at\/index.php\/2025\/12\/11\/winterpause-weihnachtsgruesse\/","og_site_name":"Imker Ortsgruppe Salzburg Aigen","article_published_time":"2025-12-11T19:00:19+00:00","article_modified_time":"2025-12-13T09:11:32+00:00","og_image":[{"width":582,"height":397,"url":"https:\/\/imker-aigen.at\/wp-content\/uploads\/2024\/12\/start_bienensaison2025_1.jpg","type":"image\/jpeg"}],"author":"admin","twitter_card":"summary_large_image","twitter_misc":{"Verfasst von":"admin","Gesch\u00e4tzte Lesezeit":"6\u00a0Minuten"},"schema":{"@context":"https:\/\/schema.org","@graph":[{"@type":"Article","@id":"https:\/\/imker-aigen.at\/index.php\/2025\/12\/11\/winterpause-weihnachtsgruesse\/#article","isPartOf":{"@id":"https:\/\/imker-aigen.at\/index.php\/2025\/12\/11\/winterpause-weihnachtsgruesse\/"},"author":{"name":"admin","@id":"https:\/\/imker-aigen.at\/#\/schema\/person\/d7d0c3a8ef6f051d450781218ac83077"},"headline":"Weihnachtsgr\u00fc\u00dfe 2025","datePublished":"2025-12-11T19:00:19+00:00","dateModified":"2025-12-13T09:11:32+00:00","mainEntityOfPage":{"@id":"https:\/\/imker-aigen.at\/index.php\/2025\/12\/11\/winterpause-weihnachtsgruesse\/"},"wordCount":2505,"commentCount":0,"publisher":{"@id":"https:\/\/imker-aigen.at\/#organization"},"image":{"@id":"https:\/\/imker-aigen.at\/index.php\/2025\/12\/11\/winterpause-weihnachtsgruesse\/#primaryimage"},"thumbnailUrl":"https:\/\/imker-aigen.at\/wp-content\/uploads\/2024\/12\/start_bienensaison2025_1.jpg","keywords":["Adventmarkt","Ambrosisusfeier","Elsbethen","Pfarre Aigen","Tourismusverband","Vorderfager"],"articleSection":["News"],"inLanguage":"de","potentialAction":[{"@type":"CommentAction","name":"Comment","target":["https:\/\/imker-aigen.at\/index.php\/2025\/12\/11\/winterpause-weihnachtsgruesse\/#respond"]}]},{"@type":"WebPage","@id":"https:\/\/imker-aigen.at\/index.php\/2025\/12\/11\/winterpause-weihnachtsgruesse\/","url":"https:\/\/imker-aigen.at\/index.php\/2025\/12\/11\/winterpause-weihnachtsgruesse\/","name":"Weihnachtsgr\u00fc\u00dfe 2025 - Imker Ortsgruppe Salzburg Aigen","isPartOf":{"@id":"https:\/\/imker-aigen.at\/#website"},"primaryImageOfPage":{"@id":"https:\/\/imker-aigen.at\/index.php\/2025\/12\/11\/winterpause-weihnachtsgruesse\/#primaryimage"},"image":{"@id":"https:\/\/imker-aigen.at\/index.php\/2025\/12\/11\/winterpause-weihnachtsgruesse\/#primaryimage"},"thumbnailUrl":"https:\/\/imker-aigen.at\/wp-content\/uploads\/2024\/12\/start_bienensaison2025_1.jpg","datePublished":"2025-12-11T19:00:19+00:00","dateModified":"2025-12-13T09:11:32+00:00","breadcrumb":{"@id":"https:\/\/imker-aigen.at\/index.php\/2025\/12\/11\/winterpause-weihnachtsgruesse\/#breadcrumb"},"inLanguage":"de","potentialAction":[{"@type":"ReadAction","target":["https:\/\/imker-aigen.at\/index.php\/2025\/12\/11\/winterpause-weihnachtsgruesse\/"]}]},{"@type":"ImageObject","inLanguage":"de","@id":"https:\/\/imker-aigen.at\/index.php\/2025\/12\/11\/winterpause-weihnachtsgruesse\/#primaryimage","url":"https:\/\/imker-aigen.at\/wp-content\/uploads\/2024\/12\/start_bienensaison2025_1.jpg","contentUrl":"https:\/\/imker-aigen.at\/wp-content\/uploads\/2024\/12\/start_bienensaison2025_1.jpg","width":582,"height":397},{"@type":"BreadcrumbList","@id":"https:\/\/imker-aigen.at\/index.php\/2025\/12\/11\/winterpause-weihnachtsgruesse\/#breadcrumb","itemListElement":[{"@type":"ListItem","position":1,"name":"Startseite","item":"https:\/\/imker-aigen.at\/index.php\/home\/"},{"@type":"ListItem","position":2,"name":"Weihnachtsgr\u00fc\u00dfe 2025"}]},{"@type":"WebSite","@id":"https:\/\/imker-aigen.at\/#website","url":"https:\/\/imker-aigen.at\/","name":"Imker Ortsgruppe Salzburg Aigen","description":"Homepage der Imker-Ortsgruppe Salzburg Aigen","publisher":{"@id":"https:\/\/imker-aigen.at\/#organization"},"potentialAction":[{"@type":"SearchAction","target":{"@type":"EntryPoint","urlTemplate":"https:\/\/imker-aigen.at\/?s={search_term_string}"},"query-input":{"@type":"PropertyValueSpecification","valueRequired":true,"valueName":"search_term_string"}}],"inLanguage":"de"},{"@type":"Organization","@id":"https:\/\/imker-aigen.at\/#organization","name":"Imker Ortsgruppe Salzburg Aigen","url":"https:\/\/imker-aigen.at\/","logo":{"@type":"ImageObject","inLanguage":"de","@id":"https:\/\/imker-aigen.at\/#\/schema\/logo\/image\/","url":"https:\/\/imker-aigen.at\/wp-content\/uploads\/2022\/08\/logo-1.png","contentUrl":"https:\/\/imker-aigen.at\/wp-content\/uploads\/2022\/08\/logo-1.png","width":392,"height":156,"caption":"Imker Ortsgruppe Salzburg Aigen"},"image":{"@id":"https:\/\/imker-aigen.at\/#\/schema\/logo\/image\/"}},{"@type":"Person","@id":"https:\/\/imker-aigen.at\/#\/schema\/person\/d7d0c3a8ef6f051d450781218ac83077","name":"admin","image":{"@type":"ImageObject","inLanguage":"de","@id":"https:\/\/secure.gravatar.com\/avatar\/925a7e918efd3cfdae29be9c0018a3ae3275cd0444a6e166241172bb6e5243c7?s=96&d=mm&r=g","url":"https:\/\/secure.gravatar.com\/avatar\/925a7e918efd3cfdae29be9c0018a3ae3275cd0444a6e166241172bb6e5243c7?s=96&d=mm&r=g","contentUrl":"https:\/\/secure.gravatar.com\/avatar\/925a7e918efd3cfdae29be9c0018a3ae3275cd0444a6e166241172bb6e5243c7?s=96&d=mm&r=g","caption":"admin"},"sameAs":["https:\/\/imker-aigen.at","linkedin.com\/in\/bernd-meierhofer-5919b62"],"url":"https:\/\/imker-aigen.at\/index.php\/author\/bmeierhofer\/"}]}},"_links":{"self":[{"href":"https:\/\/imker-aigen.at\/index.php\/wp-json\/wp\/v2\/posts\/9114","targetHints":{"allow":["GET"]}}],"collection":[{"href":"https:\/\/imker-aigen.at\/index.php\/wp-json\/wp\/v2\/posts"}],"about":[{"href":"https:\/\/imker-aigen.at\/index.php\/wp-json\/wp\/v2\/types\/post"}],"author":[{"embeddable":true,"href":"https:\/\/imker-aigen.at\/index.php\/wp-json\/wp\/v2\/users\/1"}],"replies":[{"embeddable":true,"href":"https:\/\/imker-aigen.at\/index.php\/wp-json\/wp\/v2\/comments?post=9114"}],"version-history":[{"count":28,"href":"https:\/\/imker-aigen.at\/index.php\/wp-json\/wp\/v2\/posts\/9114\/revisions"}],"predecessor-version":[{"id":9159,"href":"https:\/\/imker-aigen.at\/index.php\/wp-json\/wp\/v2\/posts\/9114\/revisions\/9159"}],"wp:featuredmedia":[{"embeddable":true,"href":"https:\/\/imker-aigen.at\/index.php\/wp-json\/wp\/v2\/media\/7214"}],"wp:attachment":[{"href":"https:\/\/imker-aigen.at\/index.php\/wp-json\/wp\/v2\/media?parent=9114"}],"wp:term":[{"taxonomy":"category","embeddable":true,"href":"https:\/\/imker-aigen.at\/index.php\/wp-json\/wp\/v2\/categories?post=9114"},{"taxonomy":"post_tag","embeddable":true,"href":"https:\/\/imker-aigen.at\/index.php\/wp-json\/wp\/v2\/tags?post=9114"}],"curies":[{"name":"wp","href":"https:\/\/api.w.org\/{rel}","templated":true}]}}