{"id":9380,"date":"2026-02-01T13:25:20","date_gmt":"2026-02-01T12:25:20","guid":{"rendered":"https:\/\/imker-aigen.at\/?p=9380"},"modified":"2026-02-02T14:00:37","modified_gmt":"2026-02-02T13:00:37","slug":"bericht-ueber-die-jahreshauptversammlung-des-imkervereins-henndorf","status":"publish","type":"post","link":"https:\/\/imker-aigen.at\/index.php\/2026\/02\/01\/bericht-ueber-die-jahreshauptversammlung-des-imkervereins-henndorf\/","title":{"rendered":"Bericht \u00fcber die Jahreshauptversammlung des Imkervereins Henndorf"},"content":{"rendered":"<div  class='flex_column av-67h95g-e24f8186d7977ba8b9ee7492ae36c6d3 av_one_full  avia-builder-el-0  avia-builder-el-no-sibling  first flex_column_div  '     ><p>\n<style type=\"text\/css\" data-created_by=\"avia_inline_auto\" id=\"style-css-av-ml3pa09r-9ec490b1c602039a1c161cd4859e59b5\">\n#top .av-special-heading.av-ml3pa09r-9ec490b1c602039a1c161cd4859e59b5{\npadding-bottom:10px;\n}\nbody .av-special-heading.av-ml3pa09r-9ec490b1c602039a1c161cd4859e59b5 .av-special-heading-tag .heading-char{\nfont-size:25px;\n}\n.av-special-heading.av-ml3pa09r-9ec490b1c602039a1c161cd4859e59b5 .av-subheading{\nfont-size:15px;\n}\n<\/style>\n<div  class='av-special-heading av-ml3pa09r-9ec490b1c602039a1c161cd4859e59b5 av-special-heading-h3 blockquote modern-quote modern-centered  avia-builder-el-1  el_before_av_horizontal_gallery  avia-builder-el-no-sibling '><h3 class='av-special-heading-tag '  itemprop=\"headline\"  >Bericht \u00fcber die Jahreshauptversammlung 2026 des Imkervereins Henndorf<\/h3><div class='av-subheading av-subheading_below'><p>30.1.2026 &#8211; Gasthaus Drei Eichen<\/p>\n<\/div><div class=\"special-heading-border\"><div class=\"special-heading-inner-border\"><\/div><\/div><\/div><br \/>\n\n<style type=\"text\/css\" data-created_by=\"avia_inline_auto\" id=\"style-css-av-ml4u7ih1-528514dde118e2f29f7166692cdd03f3\">\n.av-horizontal-gallery.av-ml4u7ih1-528514dde118e2f29f7166692cdd03f3{\npadding:3.75% 0px;;\n}\n.av-horizontal-gallery.av-ml4u7ih1-528514dde118e2f29f7166692cdd03f3 .av-horizontal-gallery-inner{\npadding-bottom:25%;\n}\n<\/style>\n<div  class='av-horizontal-gallery av-ml4u7ih1-528514dde118e2f29f7166692cdd03f3 av-horizontal-gallery-large-gap av-horizontal-gallery-enlarge-effect  avia-builder-el-2  el_after_av_heading  el_before_av_hr  av-slideshow-ui av-control-default av-slideshow-manual av-loop-once av-loop-manual-once av-horizontal-gallery-1' data-slideshow-data=\"{&quot;enlarge&quot;:1.3,&quot;animation&quot;:&quot;slide&quot;,&quot;autoplay&quot;:false,&quot;loop_autoplay&quot;:&quot;once&quot;,&quot;interval&quot;:5,&quot;loop_manual&quot;:&quot;manual-once&quot;,&quot;autoplay_stopper&quot;:false,&quot;noNavigation&quot;:false,&quot;bg_slider&quot;:false,&quot;keep_padding&quot;:&quot;&quot;,&quot;hoverpause&quot;:false,&quot;show_slide_delay&quot;:0}\"  itemprop=\"image\" itemscope=\"itemscope\" itemtype=\"https:\/\/schema.org\/ImageObject\" ><div class='avia-slideshow-arrows avia-slideshow-controls' ><a href='#prev' class='prev-slide av-horizontal-gallery-prev avia-svg-icon avia-font-svg_entypo-fontello' data-av_svg_icon='left-open-big' data-av_iconset='svg_entypo-fontello' tabindex='-1' title=\"Zur\u00fcck\"><svg version=\"1.1\" xmlns=\"http:\/\/www.w3.org\/2000\/svg\" width=\"15\" height=\"32\" viewBox=\"0 0 15 32\" preserveAspectRatio=\"xMidYMid meet\" aria-labelledby='av-svg-title-1' aria-describedby='av-svg-desc-1' role=\"graphics-symbol\" aria-hidden=\"true\">\n<title id='av-svg-title-1'>Zur\u00fcck<\/title>\n<desc id='av-svg-desc-1'>Zur\u00fcck<\/desc>\n<path d=\"M14.464 27.84q0.832 0.832 0 1.536-0.832 0.832-1.536 0l-12.544-12.608q-0.768-0.768 0-1.6l12.544-12.608q0.704-0.832 1.536 0 0.832 0.704 0 1.536l-11.456 11.904z\"><\/path>\n<\/svg><span class='avia_hidden_link_text'>Zur\u00fcck<\/span><\/a><a href='#next' class='next-slide av-horizontal-gallery-next avia-svg-icon avia-font-svg_entypo-fontello' data-av_svg_icon='right-open-big' data-av_iconset='svg_entypo-fontello' tabindex='-1' title=\"Weiter\"><svg version=\"1.1\" xmlns=\"http:\/\/www.w3.org\/2000\/svg\" width=\"15\" height=\"32\" viewBox=\"0 0 15 32\" preserveAspectRatio=\"xMidYMid meet\" aria-labelledby='av-svg-title-2' aria-describedby='av-svg-desc-2' role=\"graphics-symbol\" aria-hidden=\"true\">\n<title id='av-svg-title-2'>Weiter<\/title>\n<desc id='av-svg-desc-2'>Weiter<\/desc>\n<path d=\"M0.416 27.84l11.456-11.84-11.456-11.904q-0.832-0.832 0-1.536 0.832-0.832 1.536 0l12.544 12.608q0.768 0.832 0 1.6l-12.544 12.608q-0.704 0.832-1.536 0-0.832-0.704 0-1.536z\"><\/path>\n<\/svg><span class='avia_hidden_link_text'>Weiter<\/span><\/a><\/div><div class='avia-slideshow-dots avia-slideshow-controls av-horizontal-gallery-dots fade-in'><a href='#1' class='goto-slide active' >1<\/a><a href='#2' class='goto-slide ' >2<\/a><a href='#3' class='goto-slide ' >3<\/a><a href='#4' class='goto-slide ' >4<\/a><a href='#5' class='goto-slide ' >5<\/a><\/div><div class='av-horizontal-gallery-inner' data-av-height='25'><div class=\"av-horizontal-gallery-slider\"><div class=\"av-horizontal-gallery-wrap noHover\"><img decoding=\"async\" fetchpriority=\"high\" class='wp-image-9390 avia-img-lazy-loading-not-9390 av-horizontal-gallery-img' width=\"1024\" height=\"768\" src=\"https:\/\/imker-aigen.at\/wp-content\/uploads\/2026\/02\/Jahreshauptversammlung_2026_Henndorf1_1024_768.jpg\" title='Landesobmann Andreas Brieger pr\u00e4sentierte die bundesweite Imker-Aufbauorganisation' alt='' srcset=\"https:\/\/imker-aigen.at\/wp-content\/uploads\/2026\/02\/Jahreshauptversammlung_2026_Henndorf1_1024_768.jpg 1024w, https:\/\/imker-aigen.at\/wp-content\/uploads\/2026\/02\/Jahreshauptversammlung_2026_Henndorf1_1024_768-300x225.jpg 300w, https:\/\/imker-aigen.at\/wp-content\/uploads\/2026\/02\/Jahreshauptversammlung_2026_Henndorf1_1024_768-768x576.jpg 768w, https:\/\/imker-aigen.at\/wp-content\/uploads\/2026\/02\/Jahreshauptversammlung_2026_Henndorf1_1024_768-705x529.jpg 705w\" sizes=\"(max-width: 1024px) 100vw, 1024px\" \/><a href=\"https:\/\/imker-aigen.at\/wp-content\/uploads\/2026\/02\/Jahreshauptversammlung_2026_Henndorf1_1024_768.jpg\" data-srcset=\"https:\/\/imker-aigen.at\/wp-content\/uploads\/2026\/02\/Jahreshauptversammlung_2026_Henndorf1_1024_768.jpg 1024w, https:\/\/imker-aigen.at\/wp-content\/uploads\/2026\/02\/Jahreshauptversammlung_2026_Henndorf1_1024_768-300x225.jpg 300w, https:\/\/imker-aigen.at\/wp-content\/uploads\/2026\/02\/Jahreshauptversammlung_2026_Henndorf1_1024_768-768x576.jpg 768w, https:\/\/imker-aigen.at\/wp-content\/uploads\/2026\/02\/Jahreshauptversammlung_2026_Henndorf1_1024_768-705x529.jpg 705w\" data-sizes=\"(max-width: 1024px) 100vw, 1024px\" class='av-horizontal-gallery-link avia-svg-icon avia-font-svg_entypo-fontello' data-av_svg_icon='resize-full' data-av_iconset='svg_entypo-fontello' title='Landesobmann Andreas Brieger pr\u00e4sentierte die bundesweite Imker-Aufbauorganisation' alt='' aria-label='Open image in lightbox: Landesobmann Andreas Brieger pr\u00e4sentierte die bundesweite Imker-Aufbauorganisation'><svg version=\"1.1\" xmlns=\"http:\/\/www.w3.org\/2000\/svg\" width=\"25\" height=\"32\" viewBox=\"0 0 25 32\" preserveAspectRatio=\"xMidYMid meet\" aria-labelledby='av-svg-title-3' aria-describedby='av-svg-desc-3' role=\"graphics-symbol\" aria-hidden=\"true\">\n<title id='av-svg-title-3'>Open image in lightbox: Landesobmann Andreas Brieger pr\u00e4sentierte die bundesweite Imker-Aufbauorganisation<\/title>\n<desc id='av-svg-desc-3'>Open image in lightbox: Landesobmann Andreas Brieger pr\u00e4sentierte die bundesweite Imker-Aufbauorganisation<\/desc>\n<path d=\"M15.232 3.328h10.112v10.112l-3.2-3.968-4.672 4.864-3.2-3.2 4.864-4.672zM7.872 17.536l3.2 3.2-4.864 4.672 3.904 3.2h-10.112v-10.112l3.2 3.904z\"><\/path>\n<\/svg><\/a><\/div><div class=\"av-horizontal-gallery-wrap noHover\"><img decoding=\"async\" fetchpriority=\"high\" class='wp-image-9391 avia-img-lazy-loading-not-9391 av-horizontal-gallery-img' width=\"1024\" height=\"768\" src=\"https:\/\/imker-aigen.at\/wp-content\/uploads\/2026\/02\/Jahreshauptversammlung_2026_Henndorf2_1024_768.jpg\" title='Struktur der Salzburger Imkerorganisationen. Landesverband und Genossenschaft sind zwei getrennte Einheiten' alt='' srcset=\"https:\/\/imker-aigen.at\/wp-content\/uploads\/2026\/02\/Jahreshauptversammlung_2026_Henndorf2_1024_768.jpg 1024w, https:\/\/imker-aigen.at\/wp-content\/uploads\/2026\/02\/Jahreshauptversammlung_2026_Henndorf2_1024_768-300x225.jpg 300w, https:\/\/imker-aigen.at\/wp-content\/uploads\/2026\/02\/Jahreshauptversammlung_2026_Henndorf2_1024_768-768x576.jpg 768w, https:\/\/imker-aigen.at\/wp-content\/uploads\/2026\/02\/Jahreshauptversammlung_2026_Henndorf2_1024_768-705x529.jpg 705w\" sizes=\"(max-width: 1024px) 100vw, 1024px\" \/><a href=\"https:\/\/imker-aigen.at\/wp-content\/uploads\/2026\/02\/Jahreshauptversammlung_2026_Henndorf2_1024_768.jpg\" data-srcset=\"https:\/\/imker-aigen.at\/wp-content\/uploads\/2026\/02\/Jahreshauptversammlung_2026_Henndorf2_1024_768.jpg 1024w, https:\/\/imker-aigen.at\/wp-content\/uploads\/2026\/02\/Jahreshauptversammlung_2026_Henndorf2_1024_768-300x225.jpg 300w, https:\/\/imker-aigen.at\/wp-content\/uploads\/2026\/02\/Jahreshauptversammlung_2026_Henndorf2_1024_768-768x576.jpg 768w, https:\/\/imker-aigen.at\/wp-content\/uploads\/2026\/02\/Jahreshauptversammlung_2026_Henndorf2_1024_768-705x529.jpg 705w\" data-sizes=\"(max-width: 1024px) 100vw, 1024px\" class='av-horizontal-gallery-link avia-svg-icon avia-font-svg_entypo-fontello' data-av_svg_icon='resize-full' data-av_iconset='svg_entypo-fontello' title='Struktur der Salzburger Imkerorganisationen. Landesverband und Genossenschaft sind zwei getrennte Einheiten' alt='' aria-label='Open image in lightbox: Struktur der Salzburger Imkerorganisationen. Landesverband und Genossenschaft sind zwei getrennte Einheiten'><svg version=\"1.1\" xmlns=\"http:\/\/www.w3.org\/2000\/svg\" width=\"25\" height=\"32\" viewBox=\"0 0 25 32\" preserveAspectRatio=\"xMidYMid meet\" aria-labelledby='av-svg-title-4' aria-describedby='av-svg-desc-4' role=\"graphics-symbol\" aria-hidden=\"true\">\n<title id='av-svg-title-4'>Open image in lightbox: Struktur der Salzburger Imkerorganisationen. Landesverband und Genossenschaft sind zwei getrennte Einheiten<\/title>\n<desc id='av-svg-desc-4'>Open image in lightbox: Struktur der Salzburger Imkerorganisationen. Landesverband und Genossenschaft sind zwei getrennte Einheiten<\/desc>\n<path d=\"M15.232 3.328h10.112v10.112l-3.2-3.968-4.672 4.864-3.2-3.2 4.864-4.672zM7.872 17.536l3.2 3.2-4.864 4.672 3.904 3.2h-10.112v-10.112l3.2 3.904z\"><\/path>\n<\/svg><\/a><\/div><div class=\"av-horizontal-gallery-wrap noHover\"><img decoding=\"async\" fetchpriority=\"high\" class='wp-image-9392 avia-img-lazy-loading-not-9392 av-horizontal-gallery-img' width=\"1024\" height=\"768\" src=\"https:\/\/imker-aigen.at\/wp-content\/uploads\/2026\/02\/Jahreshauptversammlung_2026_Henndorf3_1024_768.jpg\" title='Der Landesverband selbst ist wieder untergliedert' alt='' srcset=\"https:\/\/imker-aigen.at\/wp-content\/uploads\/2026\/02\/Jahreshauptversammlung_2026_Henndorf3_1024_768.jpg 1024w, https:\/\/imker-aigen.at\/wp-content\/uploads\/2026\/02\/Jahreshauptversammlung_2026_Henndorf3_1024_768-300x225.jpg 300w, https:\/\/imker-aigen.at\/wp-content\/uploads\/2026\/02\/Jahreshauptversammlung_2026_Henndorf3_1024_768-768x576.jpg 768w, https:\/\/imker-aigen.at\/wp-content\/uploads\/2026\/02\/Jahreshauptversammlung_2026_Henndorf3_1024_768-705x529.jpg 705w\" sizes=\"(max-width: 1024px) 100vw, 1024px\" \/><a href=\"https:\/\/imker-aigen.at\/wp-content\/uploads\/2026\/02\/Jahreshauptversammlung_2026_Henndorf3_1024_768.jpg\" data-srcset=\"https:\/\/imker-aigen.at\/wp-content\/uploads\/2026\/02\/Jahreshauptversammlung_2026_Henndorf3_1024_768.jpg 1024w, https:\/\/imker-aigen.at\/wp-content\/uploads\/2026\/02\/Jahreshauptversammlung_2026_Henndorf3_1024_768-300x225.jpg 300w, https:\/\/imker-aigen.at\/wp-content\/uploads\/2026\/02\/Jahreshauptversammlung_2026_Henndorf3_1024_768-768x576.jpg 768w, https:\/\/imker-aigen.at\/wp-content\/uploads\/2026\/02\/Jahreshauptversammlung_2026_Henndorf3_1024_768-705x529.jpg 705w\" data-sizes=\"(max-width: 1024px) 100vw, 1024px\" class='av-horizontal-gallery-link avia-svg-icon avia-font-svg_entypo-fontello' data-av_svg_icon='resize-full' data-av_iconset='svg_entypo-fontello' title='Der Landesverband selbst ist wieder untergliedert' alt='' aria-label='Open image in lightbox: Der Landesverband selbst ist wieder untergliedert'><svg version=\"1.1\" xmlns=\"http:\/\/www.w3.org\/2000\/svg\" width=\"25\" height=\"32\" viewBox=\"0 0 25 32\" preserveAspectRatio=\"xMidYMid meet\" aria-labelledby='av-svg-title-5' aria-describedby='av-svg-desc-5' role=\"graphics-symbol\" aria-hidden=\"true\">\n<title id='av-svg-title-5'>Open image in lightbox: Der Landesverband selbst ist wieder untergliedert<\/title>\n<desc id='av-svg-desc-5'>Open image in lightbox: Der Landesverband selbst ist wieder untergliedert<\/desc>\n<path d=\"M15.232 3.328h10.112v10.112l-3.2-3.968-4.672 4.864-3.2-3.2 4.864-4.672zM7.872 17.536l3.2 3.2-4.864 4.672 3.904 3.2h-10.112v-10.112l3.2 3.904z\"><\/path>\n<\/svg><\/a><\/div><div class=\"av-horizontal-gallery-wrap noHover\"><img decoding=\"async\" fetchpriority=\"high\" class='wp-image-9393 avia-img-lazy-loading-not-9393 av-horizontal-gallery-img' width=\"1024\" height=\"768\" src=\"https:\/\/imker-aigen.at\/wp-content\/uploads\/2026\/02\/Jahreshauptversammlung_2026_Henndorf4_1024_768.jpg\" title='Die Leistungen des Landesverbandes als Wabenmuster dargestellt (Anmerkung: eine Mittelwand w\u00e4re so falsch eingesetzt ;-))' alt='' srcset=\"https:\/\/imker-aigen.at\/wp-content\/uploads\/2026\/02\/Jahreshauptversammlung_2026_Henndorf4_1024_768.jpg 1024w, https:\/\/imker-aigen.at\/wp-content\/uploads\/2026\/02\/Jahreshauptversammlung_2026_Henndorf4_1024_768-300x225.jpg 300w, https:\/\/imker-aigen.at\/wp-content\/uploads\/2026\/02\/Jahreshauptversammlung_2026_Henndorf4_1024_768-768x576.jpg 768w, https:\/\/imker-aigen.at\/wp-content\/uploads\/2026\/02\/Jahreshauptversammlung_2026_Henndorf4_1024_768-705x529.jpg 705w\" sizes=\"(max-width: 1024px) 100vw, 1024px\" \/><a href=\"https:\/\/imker-aigen.at\/wp-content\/uploads\/2026\/02\/Jahreshauptversammlung_2026_Henndorf4_1024_768.jpg\" data-srcset=\"https:\/\/imker-aigen.at\/wp-content\/uploads\/2026\/02\/Jahreshauptversammlung_2026_Henndorf4_1024_768.jpg 1024w, https:\/\/imker-aigen.at\/wp-content\/uploads\/2026\/02\/Jahreshauptversammlung_2026_Henndorf4_1024_768-300x225.jpg 300w, https:\/\/imker-aigen.at\/wp-content\/uploads\/2026\/02\/Jahreshauptversammlung_2026_Henndorf4_1024_768-768x576.jpg 768w, https:\/\/imker-aigen.at\/wp-content\/uploads\/2026\/02\/Jahreshauptversammlung_2026_Henndorf4_1024_768-705x529.jpg 705w\" data-sizes=\"(max-width: 1024px) 100vw, 1024px\" class='av-horizontal-gallery-link avia-svg-icon avia-font-svg_entypo-fontello' data-av_svg_icon='resize-full' data-av_iconset='svg_entypo-fontello' title='Die Leistungen des Landesverbandes als Wabenmuster dargestellt (Anmerkung: eine Mittelwand w\u00e4re so falsch eingesetzt ;-))' alt='' aria-label='Open image in lightbox: Die Leistungen des Landesverbandes als Wabenmuster dargestellt (Anmerkung: eine Mittelwand w\u00e4re so falsch eingesetzt ;-))'><svg version=\"1.1\" xmlns=\"http:\/\/www.w3.org\/2000\/svg\" width=\"25\" height=\"32\" viewBox=\"0 0 25 32\" preserveAspectRatio=\"xMidYMid meet\" aria-labelledby='av-svg-title-6' aria-describedby='av-svg-desc-6' role=\"graphics-symbol\" aria-hidden=\"true\">\n<title id='av-svg-title-6'>Open image in lightbox: Die Leistungen des Landesverbandes als Wabenmuster dargestellt (Anmerkung: eine Mittelwand w\u00e4re so falsch eingesetzt ;-))<\/title>\n<desc id='av-svg-desc-6'>Open image in lightbox: Die Leistungen des Landesverbandes als Wabenmuster dargestellt (Anmerkung: eine Mittelwand w\u00e4re so falsch eingesetzt ;-))<\/desc>\n<path d=\"M15.232 3.328h10.112v10.112l-3.2-3.968-4.672 4.864-3.2-3.2 4.864-4.672zM7.872 17.536l3.2 3.2-4.864 4.672 3.904 3.2h-10.112v-10.112l3.2 3.904z\"><\/path>\n<\/svg><\/a><\/div><div class=\"av-horizontal-gallery-wrap noHover\"><img decoding=\"async\" fetchpriority=\"high\" class='wp-image-9394 avia-img-lazy-loading-not-9394 av-horizontal-gallery-img' width=\"1024\" height=\"768\" src=\"https:\/\/imker-aigen.at\/wp-content\/uploads\/2026\/02\/Jahreshauptversammlung_2026_Henndorf5_1024_768.jpg\" title='Der Landesobmann Andreas Brieger berichtete \u00fcber seinen eigenen Imkereibetrieb' alt='' srcset=\"https:\/\/imker-aigen.at\/wp-content\/uploads\/2026\/02\/Jahreshauptversammlung_2026_Henndorf5_1024_768.jpg 1024w, https:\/\/imker-aigen.at\/wp-content\/uploads\/2026\/02\/Jahreshauptversammlung_2026_Henndorf5_1024_768-300x225.jpg 300w, https:\/\/imker-aigen.at\/wp-content\/uploads\/2026\/02\/Jahreshauptversammlung_2026_Henndorf5_1024_768-768x576.jpg 768w, https:\/\/imker-aigen.at\/wp-content\/uploads\/2026\/02\/Jahreshauptversammlung_2026_Henndorf5_1024_768-705x529.jpg 705w\" sizes=\"(max-width: 1024px) 100vw, 1024px\" \/><a href=\"https:\/\/imker-aigen.at\/wp-content\/uploads\/2026\/02\/Jahreshauptversammlung_2026_Henndorf5_1024_768.jpg\" data-srcset=\"https:\/\/imker-aigen.at\/wp-content\/uploads\/2026\/02\/Jahreshauptversammlung_2026_Henndorf5_1024_768.jpg 1024w, https:\/\/imker-aigen.at\/wp-content\/uploads\/2026\/02\/Jahreshauptversammlung_2026_Henndorf5_1024_768-300x225.jpg 300w, https:\/\/imker-aigen.at\/wp-content\/uploads\/2026\/02\/Jahreshauptversammlung_2026_Henndorf5_1024_768-768x576.jpg 768w, https:\/\/imker-aigen.at\/wp-content\/uploads\/2026\/02\/Jahreshauptversammlung_2026_Henndorf5_1024_768-705x529.jpg 705w\" data-sizes=\"(max-width: 1024px) 100vw, 1024px\" class='av-horizontal-gallery-link avia-svg-icon avia-font-svg_entypo-fontello' data-av_svg_icon='resize-full' data-av_iconset='svg_entypo-fontello' title='Der Landesobmann Andreas Brieger berichtete \u00fcber seinen eigenen Imkereibetrieb' alt='' aria-label='Open image in lightbox: Der Landesobmann Andreas Brieger berichtete \u00fcber seinen eigenen Imkereibetrieb'><svg version=\"1.1\" xmlns=\"http:\/\/www.w3.org\/2000\/svg\" width=\"25\" height=\"32\" viewBox=\"0 0 25 32\" preserveAspectRatio=\"xMidYMid meet\" aria-labelledby='av-svg-title-7' aria-describedby='av-svg-desc-7' role=\"graphics-symbol\" aria-hidden=\"true\">\n<title id='av-svg-title-7'>Open image in lightbox: Der Landesobmann Andreas Brieger berichtete \u00fcber seinen eigenen Imkereibetrieb<\/title>\n<desc id='av-svg-desc-7'>Open image in lightbox: Der Landesobmann Andreas Brieger berichtete \u00fcber seinen eigenen Imkereibetrieb<\/desc>\n<path d=\"M15.232 3.328h10.112v10.112l-3.2-3.968-4.672 4.864-3.2-3.2 4.864-4.672zM7.872 17.536l3.2 3.2-4.864 4.672 3.904 3.2h-10.112v-10.112l3.2 3.904z\"><\/path>\n<\/svg><\/a><\/div><\/div><\/div><\/div><br \/>\n\n<style type=\"text\/css\" data-created_by=\"avia_inline_auto\" id=\"style-css-av-ml3pa84q-c4126a70dfa52051d162c49b9ec1c318\">\n#top .hr.av-ml3pa84q-c4126a70dfa52051d162c49b9ec1c318{\nmargin-top:30px;\nmargin-bottom:30px;\n}\n.hr.av-ml3pa84q-c4126a70dfa52051d162c49b9ec1c318 .hr-inner{\nwidth:50px;\nmax-width:45%;\n}\n<\/style>\n<div  class='hr av-ml3pa84q-c4126a70dfa52051d162c49b9ec1c318 hr-custom  avia-builder-el-3  el_after_av_horizontal_gallery  el_before_av_textblock  avia-builder-el-first  hr-center hr-icon-yes'><span class='hr-inner inner-border-av-border-thin'><span class=\"hr-inner-style\"><\/span><\/span><span class='av-seperator-icon avia-svg-icon avia-font-svg_entypo-fontello' data-av_svg_icon='dot-3' data-av_iconset='svg_entypo-fontello'><svg version=\"1.1\" xmlns=\"http:\/\/www.w3.org\/2000\/svg\" width=\"29\" height=\"32\" viewBox=\"0 0 29 32\" preserveAspectRatio=\"xMidYMid meet\" aria-labelledby='av-svg-title-8' aria-describedby='av-svg-desc-8' role=\"graphics-symbol\">\n<title id='av-svg-title-8'>Dot-3<\/title>\n<desc id='av-svg-desc-8'>Dot-3<\/desc>\n<path d=\"M3.52 12.48q1.472 0 2.496 1.024t1.024 2.496q0 1.408-1.024 2.464t-2.496 1.056-2.496-1.056-1.024-2.464q0-1.472 1.024-2.496t2.496-1.024zM14.72 12.48q1.472 0 2.496 1.024t1.024 2.496q0 1.408-1.056 2.464t-2.464 1.056-2.464-1.056-1.056-2.464q0-1.472 1.024-2.496t2.496-1.024zM25.92 12.48q1.472 0 2.496 1.024t1.024 2.496q0 1.408-1.024 2.464t-2.496 1.056-2.496-1.056-1.024-2.464q0-1.472 1.024-2.496t2.496-1.024z\"><\/path>\n<\/svg><\/span><span class='hr-inner inner-border-av-border-thin'><span class=\"hr-inner-style\"><\/span><\/span><\/div><br \/>\n<section  class='av_textblock_section av-ml3prlh2-727f721bfe1e6eeb0d1b2140a0dd4f57 '   itemscope=\"itemscope\" itemtype=\"https:\/\/schema.org\/BlogPosting\" itemprop=\"blogPost\" ><div class='avia_textblock'  itemprop=\"text\" ><p><span style=\"color: #999999;\">Autor: Bernd Meierhofer<\/span><\/p>\n<p>Am 30. J\u00e4nner 2026 fand im <a href=\"https:\/\/www.dreieichen.at\/de\">Gasthaus Drei Eichen<\/a> die Jahreshauptversammlung des Imkervereins Henndorf statt. Zahlreiche Vereinsmitglieder folgten der Einladung, ebenso viele Imkerkollegen aus benachbarten Ortsgruppen. Der Veranstaltungssaal war bis auf den letzten Platz gef\u00fcllt, was das gro\u00dfe Interesse an der Arbeit des Vereins eindrucksvoll widerspiegelte.<\/p>\n<h3>R\u00fcckblick 2025 &#8211; es hat sich viel getan<\/h3>\n<p>Wenn man sagt, dass Erfolg drei Buchstaben hat \u2013 T-U-N \u2013 dann trifft diese Aussage ganz besonders auf den Imkerverein Henndorf zu. Obmann Andreas Brandl berichtete gemeinsam mit seiner Frau Heidi, Schriftf\u00fchrerin des Vereins, ausf\u00fchrlich \u00fcber die zahlreichen Aktivit\u00e4ten des vergangenen Vereinsjahres. Dabei wurde deutlich, mit wie viel Engagement und Einsatz im Verein gearbeitet wird.<\/p>\n<p>Ein besonderer Schwerpunkt lag auf der umfassenden Erneuerung und Sanierung des vereinseigenen Verkaufswagens. Unter der Federf\u00fchrung von Christian Hettegger und Franz W\u00f6rndl wurde der in die Jahre gekommene Wagen vollst\u00e4ndig \u00fcberarbeitet. Unterst\u00fctzt wurde dieses Projekt von mehreren Henndorfer Firmen sowie engagierten Privatpersonen, bei denen sich Franz W\u00f6rndl und der Obmann ausdr\u00fccklich bedankten.<\/p>\n<p>Ein gro\u00dfer Dank galt auch der <a href=\"https:\/\/www.henndorf.at\/\">Gemeinde Henndorf<\/a>, die f\u00fcr den Verein die Kosten der Varroa-Behandlungsmittel \u00fcbernommen hat. Diese Unterst\u00fctzung stellt eine wichtige Entlastung f\u00fcr die Imker dar und unterstreicht die gute Zusammenarbeit zwischen Gemeinde und Verein.<\/p>\n<p>Der Imkerverein Henndorf z\u00e4hlt derzeit 27 Mitglieder und betreut insgesamt 204 Bienenv\u00f6lker. Im vergangenen Jahr konnte zudem eine R\u00e4hmchenwaschanlage angeschafft werden, die den Vereinsmitgliedern k\u00fcnftig die Arbeit deutlich erleichtern wird. In den kommenden Jahren wurde in Aussicht gestellt, dass dem Verein von der Gemeinde ein eigener Lagerraum im geplanten Recyclinghof zur Verf\u00fcgung gestellt wird.<\/p>\n<p>Im Rahmen der Versammlung wurde auch darauf hingewiesen, dass sich die Ortsgruppe Henndorf im vergangenen Jahr von einer Ortsgruppe zu einem eigenst\u00e4ndigen Verein umgestellt hat.<\/p>\n<h3>Fachvortrag:\u00a0 Salzburger Landesverband und <a href=\"https:\/\/imkerei-brieger.at\/\">Imkerei Brieger<\/a><\/h3>\n<p>Den Abschluss der Jahreshauptversammlung bildete ein \u00e4u\u00dferst interessanter Fachvortrag von Andreas Brieger, Obmann des <a href=\"https:\/\/imkerhof-salzburg.at\/\">Salzburger Landesverbandes f\u00fcr Imkerei und Bienenzucht<\/a>. Er informierte \u00fcber die Aufbauorganisation des Landesverbandes sowie der Genossenschaft und gab dar\u00fcber hinaus spannende Einblicke in seinen eigenen Imkereibetrieb (<a href=\"https:\/\/imkerei-brieger.at\/\">Imkerei Brieger<\/a>). Andreas Brieger betreut derzeit zwischen 80 und 110 Bienenv\u00f6lker in den Ma\u00dfsystemen Dadant US und Zander an Standorten in Elixhausen und Eugendorf. In seiner Betriebsweise setzt er konsequent auf Gro\u00dfr\u00e4umbeuten sowie den angepassten Brutraum.<\/p>\n<p>Seine Ank\u00fcndigung, die Jahresgeb\u00fchr f\u00fcr den Salzburger Landesverband von 14,50 \u20ac auf 25,00 \u20ac im kommenden Jahr zu erh\u00f6hen, sorgte f\u00fcr einige Diskussionen. Letztendlich herrschte unter den Teilnehmern aber Verst\u00e4ndnis f\u00fcr diese Ma\u00dfnahme, damit der Landesverband sein aktuelles Serviceangebot aufrechterhalten kann.<\/p>\n<h3>Schlussteil<\/h3>\n<p>Zum Abschluss der Jahreshauptversammlung berichtet der Obmann Andreas Brandl noch \u00fcber die diversen kommenden Veranstaltungen. Von der Ortsgruppe K\u00f6stendorf wurde angek\u00fcndigt, dass es bei der Jahreshauptversammlung einen Vortrag von Dr. Paul Siefert geben wird. Sobald weitere Details zur K\u00f6stendorfer Jahreshauptversammlung bekannt sind, werden wir diese auch via <a href=\"https:\/\/imker-aigen.at\/index.php\/events\/\">Veranstaltungskalender<\/a> ver\u00f6ffentlichen.<\/p>\n<p>Im Anschluss an die Jahreshauptversammlung nutzten die Vereinsmitglieder und G\u00e4ste die Gelegenheit zu einem regen fachlichen Austausch und verbrachten einen netten gemeinsamen Abend in geselliger Runde. Dabei zeigte sich einmal mehr, wie gut und freundschaftlich die imkerliche Zusammenarbeit der Flachgauer Imkerortsgruppen funktioniert. Auf dieser soliden Basis lassen sich die zuk\u00fcnftigen Herausforderungen in der Imkerei sicherlich gemeinsam gut bew\u00e4ltigen.<\/p>\n<p>Die Jahreshauptversammlung zeigte eindrucksvoll, dass der Imkerverein Henndorf nicht nur auf ein erfolgreiches Jahr zur\u00fcckblicken kann, sondern auch f\u00fcr die Zukunft bestens aufgestellt ist. Vielen Dank an den Imkerverein Henndorf, dass wir bei eurer Jahreshauptversammlung dabei sein durften!<\/p>\n<\/div><\/section><br \/>\n<div  class='av-social-sharing-box av-4e6fis-49d0097856c31eac1fcfcf9152d9c377 av-social-sharing-box-default  avia-builder-el-5  el_after_av_textblock  el_before_av_comments_list  av-social-sharing-box-fullwidth'><div class=\"av-share-box\"><h5 class='av-share-link-description av-no-toc '>Eintrag teilen<\/h5><ul class=\"av-share-box-list noLightbox\"><li class='av-share-link av-social-link-facebook avia_social_iconfont' ><a target=\"_blank\" aria-label=\"Teilen auf Facebook\" href='https:\/\/www.facebook.com\/sharer.php?u=https:\/\/imker-aigen.at\/index.php\/2026\/02\/01\/bericht-ueber-die-jahreshauptversammlung-des-imkervereins-henndorf\/&#038;t=Bericht%20%C3%BCber%20die%20Jahreshauptversammlung%20des%20Imkervereins%20Henndorf' data-av_icon='\ue8f3' data-av_iconfont='entypo-fontello'  title='' data-avia-related-tooltip='Teilen auf Facebook'><span class='avia_hidden_link_text'>Teilen auf Facebook<\/span><\/a><\/li><li class='av-share-link av-social-link-twitter avia_social_iconfont' ><a target=\"_blank\" aria-label=\"Teilen auf X\" href='https:\/\/twitter.com\/share?text=Bericht%20%C3%BCber%20die%20Jahreshauptversammlung%20des%20Imkervereins%20Henndorf&#038;url=https:\/\/imker-aigen.at\/?p=9380' data-av_icon='\ue932' data-av_iconfont='entypo-fontello'  title='' data-avia-related-tooltip='Teilen auf X'><span class='avia_hidden_link_text'>Teilen auf X<\/span><\/a><\/li><li class='av-share-link av-social-link-whatsapp avia_social_iconfont' ><a target=\"_blank\" aria-label=\"Teilen auf WhatsApp\" href='https:\/\/api.whatsapp.com\/send?text=https:\/\/imker-aigen.at\/index.php\/2026\/02\/01\/bericht-ueber-die-jahreshauptversammlung-des-imkervereins-henndorf\/' data-av_icon='\uf232' data-av_iconfont='entypo-fontello'  title='' data-avia-related-tooltip='Teilen auf WhatsApp'><span class='avia_hidden_link_text'>Teilen auf WhatsApp<\/span><\/a><\/li><li class='av-share-link av-social-link-pinterest avia_social_iconfont' ><a target=\"_blank\" aria-label=\"Teilen auf Pinterest\" href='https:\/\/pinterest.com\/pin\/create\/button\/?url=https%3A%2F%2Fimker-aigen.at%2Findex.php%2F2026%2F02%2F01%2Fbericht-ueber-die-jahreshauptversammlung-des-imkervereins-henndorf%2F&#038;description=Bericht%20%C3%BCber%20die%20Jahreshauptversammlung%20des%20Imkervereins%20Henndorf&#038;media=https%3A%2F%2Fimker-aigen.at%2Fwp-content%2Fuploads%2F2026%2F01%2Flogo_imker_henndorf_small.jpg' data-av_icon='\ue8f8' data-av_iconfont='entypo-fontello'  title='' data-avia-related-tooltip='Teilen auf Pinterest'><span class='avia_hidden_link_text'>Teilen auf Pinterest<\/span><\/a><\/li><li class='av-share-link av-social-link-linkedin avia_social_iconfont' ><a target=\"_blank\" aria-label=\"Teilen auf LinkedIn\" href='https:\/\/linkedin.com\/shareArticle?mini=true&#038;title=Bericht%20%C3%BCber%20die%20Jahreshauptversammlung%20des%20Imkervereins%20Henndorf&#038;url=https:\/\/imker-aigen.at\/index.php\/2026\/02\/01\/bericht-ueber-die-jahreshauptversammlung-des-imkervereins-henndorf\/' data-av_icon='\ue8fc' data-av_iconfont='entypo-fontello'  title='' data-avia-related-tooltip='Teilen auf LinkedIn'><span class='avia_hidden_link_text'>Teilen auf LinkedIn<\/span><\/a><\/li><li class='av-share-link av-social-link-reddit avia_social_iconfont' ><a target=\"_blank\" aria-label=\"Teilen auf Reddit\" href='https:\/\/reddit.com\/submit?url=https:\/\/imker-aigen.at\/index.php\/2026\/02\/01\/bericht-ueber-die-jahreshauptversammlung-des-imkervereins-henndorf\/&#038;title=Bericht%20%C3%BCber%20die%20Jahreshauptversammlung%20des%20Imkervereins%20Henndorf' data-av_icon='\ue927' data-av_iconfont='entypo-fontello'  title='' data-avia-related-tooltip='Teilen auf Reddit'><span class='avia_hidden_link_text'>Teilen auf Reddit<\/span><\/a><\/li><li class='av-share-link av-social-link-mail avia_social_iconfont' ><a  aria-label=\"Per E-Mail teilen\" href='mailto:?subject=Bericht%20%C3%BCber%20die%20Jahreshauptversammlung%20des%20Imkervereins%20Henndorf&#038;body=https:\/\/imker-aigen.at\/index.php\/2026\/02\/01\/bericht-ueber-die-jahreshauptversammlung-des-imkervereins-henndorf\/' data-av_icon='\ue805' data-av_iconfont='entypo-fontello'  title='' data-avia-related-tooltip='Per E-Mail teilen'><span class='avia_hidden_link_text'>Per E-Mail teilen<\/span><\/a><\/li><\/ul><\/div><\/div><br \/>\n<div  class='av-buildercomment av-307y5g-e03f15276eaf52a106cd7a4ade5cdd3d'><\/div><\/p><\/div>\n","protected":false},"excerpt":{"rendered":"","protected":false},"author":1,"featured_media":9248,"comment_status":"open","ping_status":"closed","sticky":false,"template":"","format":"standard","meta":{"footnotes":""},"categories":[18,2],"tags":[],"class_list":["post-9380","post","type-post","status-publish","format-standard","has-post-thumbnail","hentry","category-alte-veranstaltungen","category-news"],"yoast_head":"<!-- This site is optimized with the Yoast SEO plugin v27.4 - https:\/\/yoast.com\/product\/yoast-seo-wordpress\/ -->\n<title>Bericht \u00fcber die Jahreshauptversammlung des Imkervereins Henndorf - Imker Ortsgruppe Salzburg Aigen<\/title>\n<meta name=\"description\" content=\"Am 30.1.2026 fand die Jahreshauptversammlung des Imkervereins Henndorf statt. Wir durften dabei sein!\" \/>\n<meta name=\"robots\" content=\"index, follow, max-snippet:-1, max-image-preview:large, max-video-preview:-1\" \/>\n<link rel=\"canonical\" href=\"https:\/\/imker-aigen.at\/index.php\/2026\/02\/01\/bericht-ueber-die-jahreshauptversammlung-des-imkervereins-henndorf\/\" \/>\n<meta property=\"og:locale\" content=\"de_DE\" \/>\n<meta property=\"og:type\" content=\"article\" \/>\n<meta property=\"og:title\" content=\"Bericht \u00fcber die Jahreshauptversammlung des Imkervereins Henndorf - Imker Ortsgruppe Salzburg Aigen\" \/>\n<meta property=\"og:description\" content=\"Am 30.1.2026 fand die Jahreshauptversammlung des Imkervereins Henndorf statt. Wir durften dabei sein!\" \/>\n<meta property=\"og:url\" content=\"https:\/\/imker-aigen.at\/index.php\/2026\/02\/01\/bericht-ueber-die-jahreshauptversammlung-des-imkervereins-henndorf\/\" \/>\n<meta property=\"og:site_name\" content=\"Imker Ortsgruppe Salzburg Aigen\" \/>\n<meta property=\"article:published_time\" content=\"2026-02-01T12:25:20+00:00\" \/>\n<meta property=\"article:modified_time\" content=\"2026-02-02T13:00:37+00:00\" \/>\n<meta property=\"og:image\" content=\"https:\/\/imker-aigen.at\/wp-content\/uploads\/2026\/01\/logo_imker_henndorf_small.jpg\" \/>\n\t<meta property=\"og:image:width\" content=\"300\" \/>\n\t<meta property=\"og:image:height\" content=\"300\" \/>\n\t<meta property=\"og:image:type\" content=\"image\/jpeg\" \/>\n<meta name=\"author\" content=\"admin\" \/>\n<meta name=\"twitter:card\" content=\"summary_large_image\" \/>\n<meta name=\"twitter:label1\" content=\"Verfasst von\" \/>\n\t<meta name=\"twitter:data1\" content=\"admin\" \/>\n\t<meta name=\"twitter:label2\" content=\"Gesch\u00e4tzte Lesezeit\" \/>\n\t<meta name=\"twitter:data2\" content=\"5\u00a0Minuten\" \/>\n<script type=\"application\/ld+json\" class=\"yoast-schema-graph\">{\"@context\":\"https:\\\/\\\/schema.org\",\"@graph\":[{\"@type\":\"Article\",\"@id\":\"https:\\\/\\\/imker-aigen.at\\\/index.php\\\/2026\\\/02\\\/01\\\/bericht-ueber-die-jahreshauptversammlung-des-imkervereins-henndorf\\\/#article\",\"isPartOf\":{\"@id\":\"https:\\\/\\\/imker-aigen.at\\\/index.php\\\/2026\\\/02\\\/01\\\/bericht-ueber-die-jahreshauptversammlung-des-imkervereins-henndorf\\\/\"},\"author\":{\"name\":\"admin\",\"@id\":\"https:\\\/\\\/imker-aigen.at\\\/#\\\/schema\\\/person\\\/d7d0c3a8ef6f051d450781218ac83077\"},\"headline\":\"Bericht \u00fcber die Jahreshauptversammlung des Imkervereins Henndorf\",\"datePublished\":\"2026-02-01T12:25:20+00:00\",\"dateModified\":\"2026-02-02T13:00:37+00:00\",\"mainEntityOfPage\":{\"@id\":\"https:\\\/\\\/imker-aigen.at\\\/index.php\\\/2026\\\/02\\\/01\\\/bericht-ueber-die-jahreshauptversammlung-des-imkervereins-henndorf\\\/\"},\"wordCount\":1640,\"commentCount\":0,\"publisher\":{\"@id\":\"https:\\\/\\\/imker-aigen.at\\\/#organization\"},\"image\":{\"@id\":\"https:\\\/\\\/imker-aigen.at\\\/index.php\\\/2026\\\/02\\\/01\\\/bericht-ueber-die-jahreshauptversammlung-des-imkervereins-henndorf\\\/#primaryimage\"},\"thumbnailUrl\":\"https:\\\/\\\/imker-aigen.at\\\/wp-content\\\/uploads\\\/2026\\\/01\\\/logo_imker_henndorf_small.jpg\",\"articleSection\":[\"Alte Veranstaltungen\",\"News\"],\"inLanguage\":\"de\",\"potentialAction\":[{\"@type\":\"CommentAction\",\"name\":\"Comment\",\"target\":[\"https:\\\/\\\/imker-aigen.at\\\/index.php\\\/2026\\\/02\\\/01\\\/bericht-ueber-die-jahreshauptversammlung-des-imkervereins-henndorf\\\/#respond\"]}]},{\"@type\":\"WebPage\",\"@id\":\"https:\\\/\\\/imker-aigen.at\\\/index.php\\\/2026\\\/02\\\/01\\\/bericht-ueber-die-jahreshauptversammlung-des-imkervereins-henndorf\\\/\",\"url\":\"https:\\\/\\\/imker-aigen.at\\\/index.php\\\/2026\\\/02\\\/01\\\/bericht-ueber-die-jahreshauptversammlung-des-imkervereins-henndorf\\\/\",\"name\":\"Bericht \u00fcber die Jahreshauptversammlung des Imkervereins Henndorf - Imker Ortsgruppe Salzburg Aigen\",\"isPartOf\":{\"@id\":\"https:\\\/\\\/imker-aigen.at\\\/#website\"},\"primaryImageOfPage\":{\"@id\":\"https:\\\/\\\/imker-aigen.at\\\/index.php\\\/2026\\\/02\\\/01\\\/bericht-ueber-die-jahreshauptversammlung-des-imkervereins-henndorf\\\/#primaryimage\"},\"image\":{\"@id\":\"https:\\\/\\\/imker-aigen.at\\\/index.php\\\/2026\\\/02\\\/01\\\/bericht-ueber-die-jahreshauptversammlung-des-imkervereins-henndorf\\\/#primaryimage\"},\"thumbnailUrl\":\"https:\\\/\\\/imker-aigen.at\\\/wp-content\\\/uploads\\\/2026\\\/01\\\/logo_imker_henndorf_small.jpg\",\"datePublished\":\"2026-02-01T12:25:20+00:00\",\"dateModified\":\"2026-02-02T13:00:37+00:00\",\"description\":\"Am 30.1.2026 fand die Jahreshauptversammlung des Imkervereins Henndorf statt. Wir durften dabei sein!\",\"breadcrumb\":{\"@id\":\"https:\\\/\\\/imker-aigen.at\\\/index.php\\\/2026\\\/02\\\/01\\\/bericht-ueber-die-jahreshauptversammlung-des-imkervereins-henndorf\\\/#breadcrumb\"},\"inLanguage\":\"de\",\"potentialAction\":[{\"@type\":\"ReadAction\",\"target\":[\"https:\\\/\\\/imker-aigen.at\\\/index.php\\\/2026\\\/02\\\/01\\\/bericht-ueber-die-jahreshauptversammlung-des-imkervereins-henndorf\\\/\"]}]},{\"@type\":\"ImageObject\",\"inLanguage\":\"de\",\"@id\":\"https:\\\/\\\/imker-aigen.at\\\/index.php\\\/2026\\\/02\\\/01\\\/bericht-ueber-die-jahreshauptversammlung-des-imkervereins-henndorf\\\/#primaryimage\",\"url\":\"https:\\\/\\\/imker-aigen.at\\\/wp-content\\\/uploads\\\/2026\\\/01\\\/logo_imker_henndorf_small.jpg\",\"contentUrl\":\"https:\\\/\\\/imker-aigen.at\\\/wp-content\\\/uploads\\\/2026\\\/01\\\/logo_imker_henndorf_small.jpg\",\"width\":300,\"height\":300},{\"@type\":\"BreadcrumbList\",\"@id\":\"https:\\\/\\\/imker-aigen.at\\\/index.php\\\/2026\\\/02\\\/01\\\/bericht-ueber-die-jahreshauptversammlung-des-imkervereins-henndorf\\\/#breadcrumb\",\"itemListElement\":[{\"@type\":\"ListItem\",\"position\":1,\"name\":\"Startseite\",\"item\":\"https:\\\/\\\/imker-aigen.at\\\/index.php\\\/home\\\/\"},{\"@type\":\"ListItem\",\"position\":2,\"name\":\"Bericht \u00fcber die Jahreshauptversammlung des Imkervereins Henndorf\"}]},{\"@type\":\"WebSite\",\"@id\":\"https:\\\/\\\/imker-aigen.at\\\/#website\",\"url\":\"https:\\\/\\\/imker-aigen.at\\\/\",\"name\":\"Imker Ortsgruppe Salzburg Aigen\",\"description\":\"Homepage der Imker-Ortsgruppe Salzburg Aigen\",\"publisher\":{\"@id\":\"https:\\\/\\\/imker-aigen.at\\\/#organization\"},\"potentialAction\":[{\"@type\":\"SearchAction\",\"target\":{\"@type\":\"EntryPoint\",\"urlTemplate\":\"https:\\\/\\\/imker-aigen.at\\\/?s={search_term_string}\"},\"query-input\":{\"@type\":\"PropertyValueSpecification\",\"valueRequired\":true,\"valueName\":\"search_term_string\"}}],\"inLanguage\":\"de\"},{\"@type\":\"Organization\",\"@id\":\"https:\\\/\\\/imker-aigen.at\\\/#organization\",\"name\":\"Imker Ortsgruppe Salzburg Aigen\",\"url\":\"https:\\\/\\\/imker-aigen.at\\\/\",\"logo\":{\"@type\":\"ImageObject\",\"inLanguage\":\"de\",\"@id\":\"https:\\\/\\\/imker-aigen.at\\\/#\\\/schema\\\/logo\\\/image\\\/\",\"url\":\"https:\\\/\\\/imker-aigen.at\\\/wp-content\\\/uploads\\\/2022\\\/08\\\/logo-1.png\",\"contentUrl\":\"https:\\\/\\\/imker-aigen.at\\\/wp-content\\\/uploads\\\/2022\\\/08\\\/logo-1.png\",\"width\":392,\"height\":156,\"caption\":\"Imker Ortsgruppe Salzburg Aigen\"},\"image\":{\"@id\":\"https:\\\/\\\/imker-aigen.at\\\/#\\\/schema\\\/logo\\\/image\\\/\"}},{\"@type\":\"Person\",\"@id\":\"https:\\\/\\\/imker-aigen.at\\\/#\\\/schema\\\/person\\\/d7d0c3a8ef6f051d450781218ac83077\",\"name\":\"admin\",\"image\":{\"@type\":\"ImageObject\",\"inLanguage\":\"de\",\"@id\":\"https:\\\/\\\/secure.gravatar.com\\\/avatar\\\/925a7e918efd3cfdae29be9c0018a3ae3275cd0444a6e166241172bb6e5243c7?s=96&d=mm&r=g\",\"url\":\"https:\\\/\\\/secure.gravatar.com\\\/avatar\\\/925a7e918efd3cfdae29be9c0018a3ae3275cd0444a6e166241172bb6e5243c7?s=96&d=mm&r=g\",\"contentUrl\":\"https:\\\/\\\/secure.gravatar.com\\\/avatar\\\/925a7e918efd3cfdae29be9c0018a3ae3275cd0444a6e166241172bb6e5243c7?s=96&d=mm&r=g\",\"caption\":\"admin\"},\"sameAs\":[\"https:\\\/\\\/imker-aigen.at\",\"linkedin.com\\\/in\\\/bernd-meierhofer-5919b62\"],\"url\":\"https:\\\/\\\/imker-aigen.at\\\/index.php\\\/author\\\/bmeierhofer\\\/\"}]}<\/script>\n<!-- \/ Yoast SEO plugin. -->","yoast_head_json":{"title":"Bericht \u00fcber die Jahreshauptversammlung des Imkervereins Henndorf - Imker Ortsgruppe Salzburg Aigen","description":"Am 30.1.2026 fand die Jahreshauptversammlung des Imkervereins Henndorf statt. Wir durften dabei sein!","robots":{"index":"index","follow":"follow","max-snippet":"max-snippet:-1","max-image-preview":"max-image-preview:large","max-video-preview":"max-video-preview:-1"},"canonical":"https:\/\/imker-aigen.at\/index.php\/2026\/02\/01\/bericht-ueber-die-jahreshauptversammlung-des-imkervereins-henndorf\/","og_locale":"de_DE","og_type":"article","og_title":"Bericht \u00fcber die Jahreshauptversammlung des Imkervereins Henndorf - Imker Ortsgruppe Salzburg Aigen","og_description":"Am 30.1.2026 fand die Jahreshauptversammlung des Imkervereins Henndorf statt. Wir durften dabei sein!","og_url":"https:\/\/imker-aigen.at\/index.php\/2026\/02\/01\/bericht-ueber-die-jahreshauptversammlung-des-imkervereins-henndorf\/","og_site_name":"Imker Ortsgruppe Salzburg Aigen","article_published_time":"2026-02-01T12:25:20+00:00","article_modified_time":"2026-02-02T13:00:37+00:00","og_image":[{"width":300,"height":300,"url":"https:\/\/imker-aigen.at\/wp-content\/uploads\/2026\/01\/logo_imker_henndorf_small.jpg","type":"image\/jpeg"}],"author":"admin","twitter_card":"summary_large_image","twitter_misc":{"Verfasst von":"admin","Gesch\u00e4tzte Lesezeit":"5\u00a0Minuten"},"schema":{"@context":"https:\/\/schema.org","@graph":[{"@type":"Article","@id":"https:\/\/imker-aigen.at\/index.php\/2026\/02\/01\/bericht-ueber-die-jahreshauptversammlung-des-imkervereins-henndorf\/#article","isPartOf":{"@id":"https:\/\/imker-aigen.at\/index.php\/2026\/02\/01\/bericht-ueber-die-jahreshauptversammlung-des-imkervereins-henndorf\/"},"author":{"name":"admin","@id":"https:\/\/imker-aigen.at\/#\/schema\/person\/d7d0c3a8ef6f051d450781218ac83077"},"headline":"Bericht \u00fcber die Jahreshauptversammlung des Imkervereins Henndorf","datePublished":"2026-02-01T12:25:20+00:00","dateModified":"2026-02-02T13:00:37+00:00","mainEntityOfPage":{"@id":"https:\/\/imker-aigen.at\/index.php\/2026\/02\/01\/bericht-ueber-die-jahreshauptversammlung-des-imkervereins-henndorf\/"},"wordCount":1640,"commentCount":0,"publisher":{"@id":"https:\/\/imker-aigen.at\/#organization"},"image":{"@id":"https:\/\/imker-aigen.at\/index.php\/2026\/02\/01\/bericht-ueber-die-jahreshauptversammlung-des-imkervereins-henndorf\/#primaryimage"},"thumbnailUrl":"https:\/\/imker-aigen.at\/wp-content\/uploads\/2026\/01\/logo_imker_henndorf_small.jpg","articleSection":["Alte Veranstaltungen","News"],"inLanguage":"de","potentialAction":[{"@type":"CommentAction","name":"Comment","target":["https:\/\/imker-aigen.at\/index.php\/2026\/02\/01\/bericht-ueber-die-jahreshauptversammlung-des-imkervereins-henndorf\/#respond"]}]},{"@type":"WebPage","@id":"https:\/\/imker-aigen.at\/index.php\/2026\/02\/01\/bericht-ueber-die-jahreshauptversammlung-des-imkervereins-henndorf\/","url":"https:\/\/imker-aigen.at\/index.php\/2026\/02\/01\/bericht-ueber-die-jahreshauptversammlung-des-imkervereins-henndorf\/","name":"Bericht \u00fcber die Jahreshauptversammlung des Imkervereins Henndorf - Imker Ortsgruppe Salzburg Aigen","isPartOf":{"@id":"https:\/\/imker-aigen.at\/#website"},"primaryImageOfPage":{"@id":"https:\/\/imker-aigen.at\/index.php\/2026\/02\/01\/bericht-ueber-die-jahreshauptversammlung-des-imkervereins-henndorf\/#primaryimage"},"image":{"@id":"https:\/\/imker-aigen.at\/index.php\/2026\/02\/01\/bericht-ueber-die-jahreshauptversammlung-des-imkervereins-henndorf\/#primaryimage"},"thumbnailUrl":"https:\/\/imker-aigen.at\/wp-content\/uploads\/2026\/01\/logo_imker_henndorf_small.jpg","datePublished":"2026-02-01T12:25:20+00:00","dateModified":"2026-02-02T13:00:37+00:00","description":"Am 30.1.2026 fand die Jahreshauptversammlung des Imkervereins Henndorf statt. Wir durften dabei sein!","breadcrumb":{"@id":"https:\/\/imker-aigen.at\/index.php\/2026\/02\/01\/bericht-ueber-die-jahreshauptversammlung-des-imkervereins-henndorf\/#breadcrumb"},"inLanguage":"de","potentialAction":[{"@type":"ReadAction","target":["https:\/\/imker-aigen.at\/index.php\/2026\/02\/01\/bericht-ueber-die-jahreshauptversammlung-des-imkervereins-henndorf\/"]}]},{"@type":"ImageObject","inLanguage":"de","@id":"https:\/\/imker-aigen.at\/index.php\/2026\/02\/01\/bericht-ueber-die-jahreshauptversammlung-des-imkervereins-henndorf\/#primaryimage","url":"https:\/\/imker-aigen.at\/wp-content\/uploads\/2026\/01\/logo_imker_henndorf_small.jpg","contentUrl":"https:\/\/imker-aigen.at\/wp-content\/uploads\/2026\/01\/logo_imker_henndorf_small.jpg","width":300,"height":300},{"@type":"BreadcrumbList","@id":"https:\/\/imker-aigen.at\/index.php\/2026\/02\/01\/bericht-ueber-die-jahreshauptversammlung-des-imkervereins-henndorf\/#breadcrumb","itemListElement":[{"@type":"ListItem","position":1,"name":"Startseite","item":"https:\/\/imker-aigen.at\/index.php\/home\/"},{"@type":"ListItem","position":2,"name":"Bericht \u00fcber die Jahreshauptversammlung des Imkervereins Henndorf"}]},{"@type":"WebSite","@id":"https:\/\/imker-aigen.at\/#website","url":"https:\/\/imker-aigen.at\/","name":"Imker Ortsgruppe Salzburg Aigen","description":"Homepage der Imker-Ortsgruppe Salzburg Aigen","publisher":{"@id":"https:\/\/imker-aigen.at\/#organization"},"potentialAction":[{"@type":"SearchAction","target":{"@type":"EntryPoint","urlTemplate":"https:\/\/imker-aigen.at\/?s={search_term_string}"},"query-input":{"@type":"PropertyValueSpecification","valueRequired":true,"valueName":"search_term_string"}}],"inLanguage":"de"},{"@type":"Organization","@id":"https:\/\/imker-aigen.at\/#organization","name":"Imker Ortsgruppe Salzburg Aigen","url":"https:\/\/imker-aigen.at\/","logo":{"@type":"ImageObject","inLanguage":"de","@id":"https:\/\/imker-aigen.at\/#\/schema\/logo\/image\/","url":"https:\/\/imker-aigen.at\/wp-content\/uploads\/2022\/08\/logo-1.png","contentUrl":"https:\/\/imker-aigen.at\/wp-content\/uploads\/2022\/08\/logo-1.png","width":392,"height":156,"caption":"Imker Ortsgruppe Salzburg Aigen"},"image":{"@id":"https:\/\/imker-aigen.at\/#\/schema\/logo\/image\/"}},{"@type":"Person","@id":"https:\/\/imker-aigen.at\/#\/schema\/person\/d7d0c3a8ef6f051d450781218ac83077","name":"admin","image":{"@type":"ImageObject","inLanguage":"de","@id":"https:\/\/secure.gravatar.com\/avatar\/925a7e918efd3cfdae29be9c0018a3ae3275cd0444a6e166241172bb6e5243c7?s=96&d=mm&r=g","url":"https:\/\/secure.gravatar.com\/avatar\/925a7e918efd3cfdae29be9c0018a3ae3275cd0444a6e166241172bb6e5243c7?s=96&d=mm&r=g","contentUrl":"https:\/\/secure.gravatar.com\/avatar\/925a7e918efd3cfdae29be9c0018a3ae3275cd0444a6e166241172bb6e5243c7?s=96&d=mm&r=g","caption":"admin"},"sameAs":["https:\/\/imker-aigen.at","linkedin.com\/in\/bernd-meierhofer-5919b62"],"url":"https:\/\/imker-aigen.at\/index.php\/author\/bmeierhofer\/"}]}},"_links":{"self":[{"href":"https:\/\/imker-aigen.at\/index.php\/wp-json\/wp\/v2\/posts\/9380","targetHints":{"allow":["GET"]}}],"collection":[{"href":"https:\/\/imker-aigen.at\/index.php\/wp-json\/wp\/v2\/posts"}],"about":[{"href":"https:\/\/imker-aigen.at\/index.php\/wp-json\/wp\/v2\/types\/post"}],"author":[{"embeddable":true,"href":"https:\/\/imker-aigen.at\/index.php\/wp-json\/wp\/v2\/users\/1"}],"replies":[{"embeddable":true,"href":"https:\/\/imker-aigen.at\/index.php\/wp-json\/wp\/v2\/comments?post=9380"}],"version-history":[{"count":7,"href":"https:\/\/imker-aigen.at\/index.php\/wp-json\/wp\/v2\/posts\/9380\/revisions"}],"predecessor-version":[{"id":9398,"href":"https:\/\/imker-aigen.at\/index.php\/wp-json\/wp\/v2\/posts\/9380\/revisions\/9398"}],"wp:featuredmedia":[{"embeddable":true,"href":"https:\/\/imker-aigen.at\/index.php\/wp-json\/wp\/v2\/media\/9248"}],"wp:attachment":[{"href":"https:\/\/imker-aigen.at\/index.php\/wp-json\/wp\/v2\/media?parent=9380"}],"wp:term":[{"taxonomy":"category","embeddable":true,"href":"https:\/\/imker-aigen.at\/index.php\/wp-json\/wp\/v2\/categories?post=9380"},{"taxonomy":"post_tag","embeddable":true,"href":"https:\/\/imker-aigen.at\/index.php\/wp-json\/wp\/v2\/tags?post=9380"}],"curies":[{"name":"wp","href":"https:\/\/api.w.org\/{rel}","templated":true}]}}