{"id":9492,"date":"2026-02-08T09:29:28","date_gmt":"2026-02-08T08:29:28","guid":{"rendered":"https:\/\/imker-aigen.at\/?p=9492"},"modified":"2026-02-10T14:09:23","modified_gmt":"2026-02-10T13:09:23","slug":"protokoll-der-flachgauer-gauversammlung-inkl-salzburg-stadt-am-7-2-2026","status":"publish","type":"post","link":"https:\/\/imker-aigen.at\/index.php\/2026\/02\/08\/protokoll-der-flachgauer-gauversammlung-inkl-salzburg-stadt-am-7-2-2026\/","title":{"rendered":"Protokoll der Flachgauer Gauversammlung (inkl. Salzburg Stadt) am 7.2.2026"},"content":{"rendered":"<div  class='flex_column av-7q0rys-9c7d2b4e752e1fdcee98244f3730ba27 av_one_full  avia-builder-el-0  avia-builder-el-no-sibling  first flex_column_div  '     ><p>\n<style type=\"text\/css\" data-created_by=\"avia_inline_auto\" id=\"style-css-av-mldhd8g5-c66f4054994c0fc6aa573e23ac899b37\">\n#top .av-special-heading.av-mldhd8g5-c66f4054994c0fc6aa573e23ac899b37{\npadding-bottom:10px;\n}\nbody .av-special-heading.av-mldhd8g5-c66f4054994c0fc6aa573e23ac899b37 .av-special-heading-tag .heading-char{\nfont-size:25px;\n}\n.av-special-heading.av-mldhd8g5-c66f4054994c0fc6aa573e23ac899b37 .av-subheading{\nfont-size:15px;\n}\n<\/style>\n<div  class='av-special-heading av-mldhd8g5-c66f4054994c0fc6aa573e23ac899b37 av-special-heading-h3 blockquote modern-quote modern-centered  avia-builder-el-1  el_before_av_horizontal_gallery  avia-builder-el-no-sibling '><h3 class='av-special-heading-tag '  itemprop=\"headline\"  >Protokoll der Flachgauer Gauversammlung (inkl. Salzburg Stadt) am 7.2.2026<\/h3><div class=\"special-heading-border\"><div class=\"special-heading-inner-border\"><\/div><\/div><\/div><br \/>\n\n<style type=\"text\/css\" data-created_by=\"avia_inline_auto\" id=\"style-css-av-mle96iyp-47b3b3b4c03d02bbbbca51b7811da461\">\n.av-horizontal-gallery.av-mle96iyp-47b3b3b4c03d02bbbbca51b7811da461{\npadding:3.75% 0px;;\n}\n.av-horizontal-gallery.av-mle96iyp-47b3b3b4c03d02bbbbca51b7811da461 .av-horizontal-gallery-inner{\npadding-bottom:25%;\n}\n<\/style>\n<div  class='av-horizontal-gallery av-mle96iyp-47b3b3b4c03d02bbbbca51b7811da461 av-horizontal-gallery-large-gap av-horizontal-gallery-enlarge-effect  avia-builder-el-2  el_after_av_heading  el_before_av_hr  av-slideshow-ui av-control-default av-slideshow-manual av-loop-once av-loop-manual-once av-horizontal-gallery-1' data-slideshow-data=\"{&quot;enlarge&quot;:1.3,&quot;animation&quot;:&quot;slide&quot;,&quot;autoplay&quot;:false,&quot;loop_autoplay&quot;:&quot;once&quot;,&quot;interval&quot;:5,&quot;loop_manual&quot;:&quot;manual-once&quot;,&quot;autoplay_stopper&quot;:false,&quot;noNavigation&quot;:false,&quot;bg_slider&quot;:false,&quot;keep_padding&quot;:&quot;&quot;,&quot;hoverpause&quot;:false,&quot;show_slide_delay&quot;:0}\"  itemprop=\"image\" itemscope=\"itemscope\" itemtype=\"https:\/\/schema.org\/ImageObject\" ><div class='avia-slideshow-arrows avia-slideshow-controls' ><a href='#prev' class='prev-slide av-horizontal-gallery-prev avia-svg-icon avia-font-svg_entypo-fontello' data-av_svg_icon='left-open-big' data-av_iconset='svg_entypo-fontello' tabindex='-1' title=\"Zur\u00fcck\"><svg version=\"1.1\" xmlns=\"http:\/\/www.w3.org\/2000\/svg\" width=\"15\" height=\"32\" viewBox=\"0 0 15 32\" preserveAspectRatio=\"xMidYMid meet\" aria-labelledby='av-svg-title-1' aria-describedby='av-svg-desc-1' role=\"graphics-symbol\" aria-hidden=\"true\">\n<title id='av-svg-title-1'>Zur\u00fcck<\/title>\n<desc id='av-svg-desc-1'>Zur\u00fcck<\/desc>\n<path d=\"M14.464 27.84q0.832 0.832 0 1.536-0.832 0.832-1.536 0l-12.544-12.608q-0.768-0.768 0-1.6l12.544-12.608q0.704-0.832 1.536 0 0.832 0.704 0 1.536l-11.456 11.904z\"><\/path>\n<\/svg><span class='avia_hidden_link_text'>Zur\u00fcck<\/span><\/a><a href='#next' class='next-slide av-horizontal-gallery-next avia-svg-icon avia-font-svg_entypo-fontello' data-av_svg_icon='right-open-big' data-av_iconset='svg_entypo-fontello' tabindex='-1' title=\"Weiter\"><svg version=\"1.1\" xmlns=\"http:\/\/www.w3.org\/2000\/svg\" width=\"15\" height=\"32\" viewBox=\"0 0 15 32\" preserveAspectRatio=\"xMidYMid meet\" aria-labelledby='av-svg-title-2' aria-describedby='av-svg-desc-2' role=\"graphics-symbol\" aria-hidden=\"true\">\n<title id='av-svg-title-2'>Weiter<\/title>\n<desc id='av-svg-desc-2'>Weiter<\/desc>\n<path d=\"M0.416 27.84l11.456-11.84-11.456-11.904q-0.832-0.832 0-1.536 0.832-0.832 1.536 0l12.544 12.608q0.768 0.832 0 1.6l-12.544 12.608q-0.704 0.832-1.536 0-0.832-0.704 0-1.536z\"><\/path>\n<\/svg><span class='avia_hidden_link_text'>Weiter<\/span><\/a><\/div><div class='avia-slideshow-dots avia-slideshow-controls av-horizontal-gallery-dots fade-in'><a href='#1' class='goto-slide active' >1<\/a><a href='#2' class='goto-slide ' >2<\/a><a href='#3' class='goto-slide ' >3<\/a><a href='#4' class='goto-slide ' >4<\/a><a href='#5' class='goto-slide ' >5<\/a><a href='#6' class='goto-slide ' >6<\/a><\/div><div class='av-horizontal-gallery-inner' data-av-height='25'><div class=\"av-horizontal-gallery-slider\"><div class=\"av-horizontal-gallery-wrap noHover\"><img decoding=\"async\" fetchpriority=\"high\" class='wp-image-9514 avia-img-lazy-loading-not-9514 av-horizontal-gallery-img' width=\"1024\" height=\"768\" src=\"https:\/\/imker-aigen.at\/wp-content\/uploads\/2026\/02\/gauversammlung_flachgau_2026_5.jpg\" title='Wahl des neuen Gaubobmannes f\u00fcr den Salzburger Flachgau: Hans Eisl' alt='' srcset=\"https:\/\/imker-aigen.at\/wp-content\/uploads\/2026\/02\/gauversammlung_flachgau_2026_5.jpg 1024w, https:\/\/imker-aigen.at\/wp-content\/uploads\/2026\/02\/gauversammlung_flachgau_2026_5-300x225.jpg 300w, https:\/\/imker-aigen.at\/wp-content\/uploads\/2026\/02\/gauversammlung_flachgau_2026_5-768x576.jpg 768w, https:\/\/imker-aigen.at\/wp-content\/uploads\/2026\/02\/gauversammlung_flachgau_2026_5-705x529.jpg 705w\" sizes=\"(max-width: 1024px) 100vw, 1024px\" \/><a href=\"https:\/\/imker-aigen.at\/wp-content\/uploads\/2026\/02\/gauversammlung_flachgau_2026_5.jpg\" data-srcset=\"https:\/\/imker-aigen.at\/wp-content\/uploads\/2026\/02\/gauversammlung_flachgau_2026_5.jpg 1024w, https:\/\/imker-aigen.at\/wp-content\/uploads\/2026\/02\/gauversammlung_flachgau_2026_5-300x225.jpg 300w, https:\/\/imker-aigen.at\/wp-content\/uploads\/2026\/02\/gauversammlung_flachgau_2026_5-768x576.jpg 768w, https:\/\/imker-aigen.at\/wp-content\/uploads\/2026\/02\/gauversammlung_flachgau_2026_5-705x529.jpg 705w\" data-sizes=\"(max-width: 1024px) 100vw, 1024px\" class='av-horizontal-gallery-link avia-svg-icon avia-font-svg_entypo-fontello' data-av_svg_icon='resize-full' data-av_iconset='svg_entypo-fontello' title='Wahl des neuen Gaubobmannes f\u00fcr den Salzburger Flachgau: Hans Eisl' alt='' aria-label='Open image in lightbox: Wahl des neuen Gaubobmannes f\u00fcr den Salzburger Flachgau: Hans Eisl'><svg version=\"1.1\" xmlns=\"http:\/\/www.w3.org\/2000\/svg\" width=\"25\" height=\"32\" viewBox=\"0 0 25 32\" preserveAspectRatio=\"xMidYMid meet\" aria-labelledby='av-svg-title-3' aria-describedby='av-svg-desc-3' role=\"graphics-symbol\" aria-hidden=\"true\">\n<title id='av-svg-title-3'>Open image in lightbox: Wahl des neuen Gaubobmannes f\u00fcr den Salzburger Flachgau: Hans Eisl<\/title>\n<desc id='av-svg-desc-3'>Open image in lightbox: Wahl des neuen Gaubobmannes f\u00fcr den Salzburger Flachgau: Hans Eisl<\/desc>\n<path d=\"M15.232 3.328h10.112v10.112l-3.2-3.968-4.672 4.864-3.2-3.2 4.864-4.672zM7.872 17.536l3.2 3.2-4.864 4.672 3.904 3.2h-10.112v-10.112l3.2 3.904z\"><\/path>\n<\/svg><\/a><\/div><div class=\"av-horizontal-gallery-wrap noHover\"><img decoding=\"async\" fetchpriority=\"high\" class='wp-image-9530 avia-img-lazy-loading-not-9530 av-horizontal-gallery-img' width=\"1024\" height=\"768\" src=\"https:\/\/imker-aigen.at\/wp-content\/uploads\/2026\/02\/gauversammlung_flachgau_2026_6.jpg\" title='Unsere Wahlkarte bei der Gauversammlung des Salzburger Flachgaus 2026' alt='' srcset=\"https:\/\/imker-aigen.at\/wp-content\/uploads\/2026\/02\/gauversammlung_flachgau_2026_6.jpg 1024w, https:\/\/imker-aigen.at\/wp-content\/uploads\/2026\/02\/gauversammlung_flachgau_2026_6-300x225.jpg 300w, https:\/\/imker-aigen.at\/wp-content\/uploads\/2026\/02\/gauversammlung_flachgau_2026_6-768x576.jpg 768w, https:\/\/imker-aigen.at\/wp-content\/uploads\/2026\/02\/gauversammlung_flachgau_2026_6-705x529.jpg 705w\" sizes=\"(max-width: 1024px) 100vw, 1024px\" \/><a href=\"https:\/\/imker-aigen.at\/wp-content\/uploads\/2026\/02\/gauversammlung_flachgau_2026_6.jpg\" data-srcset=\"https:\/\/imker-aigen.at\/wp-content\/uploads\/2026\/02\/gauversammlung_flachgau_2026_6.jpg 1024w, https:\/\/imker-aigen.at\/wp-content\/uploads\/2026\/02\/gauversammlung_flachgau_2026_6-300x225.jpg 300w, https:\/\/imker-aigen.at\/wp-content\/uploads\/2026\/02\/gauversammlung_flachgau_2026_6-768x576.jpg 768w, https:\/\/imker-aigen.at\/wp-content\/uploads\/2026\/02\/gauversammlung_flachgau_2026_6-705x529.jpg 705w\" data-sizes=\"(max-width: 1024px) 100vw, 1024px\" class='av-horizontal-gallery-link avia-svg-icon avia-font-svg_entypo-fontello' data-av_svg_icon='resize-full' data-av_iconset='svg_entypo-fontello' title='Unsere Wahlkarte bei der Gauversammlung des Salzburger Flachgaus 2026' alt='' aria-label='Open image in lightbox: Unsere Wahlkarte bei der Gauversammlung des Salzburger Flachgaus 2026'><svg version=\"1.1\" xmlns=\"http:\/\/www.w3.org\/2000\/svg\" width=\"25\" height=\"32\" viewBox=\"0 0 25 32\" preserveAspectRatio=\"xMidYMid meet\" aria-labelledby='av-svg-title-4' aria-describedby='av-svg-desc-4' role=\"graphics-symbol\" aria-hidden=\"true\">\n<title id='av-svg-title-4'>Open image in lightbox: Unsere Wahlkarte bei der Gauversammlung des Salzburger Flachgaus 2026<\/title>\n<desc id='av-svg-desc-4'>Open image in lightbox: Unsere Wahlkarte bei der Gauversammlung des Salzburger Flachgaus 2026<\/desc>\n<path d=\"M15.232 3.328h10.112v10.112l-3.2-3.968-4.672 4.864-3.2-3.2 4.864-4.672zM7.872 17.536l3.2 3.2-4.864 4.672 3.904 3.2h-10.112v-10.112l3.2 3.904z\"><\/path>\n<\/svg><\/a><\/div><div class=\"av-horizontal-gallery-wrap noHover\"><img decoding=\"async\" fetchpriority=\"high\" class='wp-image-9513 avia-img-lazy-loading-not-9513 av-horizontal-gallery-img' width=\"1024\" height=\"768\" src=\"https:\/\/imker-aigen.at\/wp-content\/uploads\/2026\/02\/gauversammlung_flachgau_2026_4.jpg\" title='Waldtrachtvortrag von IM Monika Heller' alt='' srcset=\"https:\/\/imker-aigen.at\/wp-content\/uploads\/2026\/02\/gauversammlung_flachgau_2026_4.jpg 1024w, https:\/\/imker-aigen.at\/wp-content\/uploads\/2026\/02\/gauversammlung_flachgau_2026_4-300x225.jpg 300w, https:\/\/imker-aigen.at\/wp-content\/uploads\/2026\/02\/gauversammlung_flachgau_2026_4-768x576.jpg 768w, https:\/\/imker-aigen.at\/wp-content\/uploads\/2026\/02\/gauversammlung_flachgau_2026_4-705x529.jpg 705w\" sizes=\"(max-width: 1024px) 100vw, 1024px\" \/><a href=\"https:\/\/imker-aigen.at\/wp-content\/uploads\/2026\/02\/gauversammlung_flachgau_2026_4.jpg\" data-srcset=\"https:\/\/imker-aigen.at\/wp-content\/uploads\/2026\/02\/gauversammlung_flachgau_2026_4.jpg 1024w, https:\/\/imker-aigen.at\/wp-content\/uploads\/2026\/02\/gauversammlung_flachgau_2026_4-300x225.jpg 300w, https:\/\/imker-aigen.at\/wp-content\/uploads\/2026\/02\/gauversammlung_flachgau_2026_4-768x576.jpg 768w, https:\/\/imker-aigen.at\/wp-content\/uploads\/2026\/02\/gauversammlung_flachgau_2026_4-705x529.jpg 705w\" data-sizes=\"(max-width: 1024px) 100vw, 1024px\" class='av-horizontal-gallery-link avia-svg-icon avia-font-svg_entypo-fontello' data-av_svg_icon='resize-full' data-av_iconset='svg_entypo-fontello' title='Waldtrachtvortrag von IM Monika Heller' alt='' aria-label='Open image in lightbox: Waldtrachtvortrag von IM Monika Heller'><svg version=\"1.1\" xmlns=\"http:\/\/www.w3.org\/2000\/svg\" width=\"25\" height=\"32\" viewBox=\"0 0 25 32\" preserveAspectRatio=\"xMidYMid meet\" aria-labelledby='av-svg-title-5' aria-describedby='av-svg-desc-5' role=\"graphics-symbol\" aria-hidden=\"true\">\n<title id='av-svg-title-5'>Open image in lightbox: Waldtrachtvortrag von IM Monika Heller<\/title>\n<desc id='av-svg-desc-5'>Open image in lightbox: Waldtrachtvortrag von IM Monika Heller<\/desc>\n<path d=\"M15.232 3.328h10.112v10.112l-3.2-3.968-4.672 4.864-3.2-3.2 4.864-4.672zM7.872 17.536l3.2 3.2-4.864 4.672 3.904 3.2h-10.112v-10.112l3.2 3.904z\"><\/path>\n<\/svg><\/a><\/div><div class=\"av-horizontal-gallery-wrap noHover\"><img decoding=\"async\" fetchpriority=\"high\" class='wp-image-9511 avia-img-lazy-loading-not-9511 av-horizontal-gallery-img' width=\"1024\" height=\"768\" src=\"https:\/\/imker-aigen.at\/wp-content\/uploads\/2026\/02\/gauversammlung_flachgau_2026_3.jpg\" title='Die wesentlichen Faktoren f\u00fcr Waldtracht' alt='' srcset=\"https:\/\/imker-aigen.at\/wp-content\/uploads\/2026\/02\/gauversammlung_flachgau_2026_3.jpg 1024w, https:\/\/imker-aigen.at\/wp-content\/uploads\/2026\/02\/gauversammlung_flachgau_2026_3-300x225.jpg 300w, https:\/\/imker-aigen.at\/wp-content\/uploads\/2026\/02\/gauversammlung_flachgau_2026_3-768x576.jpg 768w, https:\/\/imker-aigen.at\/wp-content\/uploads\/2026\/02\/gauversammlung_flachgau_2026_3-705x529.jpg 705w\" sizes=\"(max-width: 1024px) 100vw, 1024px\" \/><a href=\"https:\/\/imker-aigen.at\/wp-content\/uploads\/2026\/02\/gauversammlung_flachgau_2026_3.jpg\" data-srcset=\"https:\/\/imker-aigen.at\/wp-content\/uploads\/2026\/02\/gauversammlung_flachgau_2026_3.jpg 1024w, https:\/\/imker-aigen.at\/wp-content\/uploads\/2026\/02\/gauversammlung_flachgau_2026_3-300x225.jpg 300w, https:\/\/imker-aigen.at\/wp-content\/uploads\/2026\/02\/gauversammlung_flachgau_2026_3-768x576.jpg 768w, https:\/\/imker-aigen.at\/wp-content\/uploads\/2026\/02\/gauversammlung_flachgau_2026_3-705x529.jpg 705w\" data-sizes=\"(max-width: 1024px) 100vw, 1024px\" class='av-horizontal-gallery-link avia-svg-icon avia-font-svg_entypo-fontello' data-av_svg_icon='resize-full' data-av_iconset='svg_entypo-fontello' title='Die wesentlichen Faktoren f\u00fcr Waldtracht' alt='' aria-label='Open image in lightbox: Die wesentlichen Faktoren f\u00fcr Waldtracht'><svg version=\"1.1\" xmlns=\"http:\/\/www.w3.org\/2000\/svg\" width=\"25\" height=\"32\" viewBox=\"0 0 25 32\" preserveAspectRatio=\"xMidYMid meet\" aria-labelledby='av-svg-title-6' aria-describedby='av-svg-desc-6' role=\"graphics-symbol\" aria-hidden=\"true\">\n<title id='av-svg-title-6'>Open image in lightbox: Die wesentlichen Faktoren f\u00fcr Waldtracht<\/title>\n<desc id='av-svg-desc-6'>Open image in lightbox: Die wesentlichen Faktoren f\u00fcr Waldtracht<\/desc>\n<path d=\"M15.232 3.328h10.112v10.112l-3.2-3.968-4.672 4.864-3.2-3.2 4.864-4.672zM7.872 17.536l3.2 3.2-4.864 4.672 3.904 3.2h-10.112v-10.112l3.2 3.904z\"><\/path>\n<\/svg><\/a><\/div><div class=\"av-horizontal-gallery-wrap noHover\"><img decoding=\"async\" fetchpriority=\"high\" class='wp-image-9509 avia-img-lazy-loading-not-9509 av-horizontal-gallery-img' width=\"1024\" height=\"768\" src=\"https:\/\/imker-aigen.at\/wp-content\/uploads\/2026\/02\/gauversammlung_flachgau_2026_1.jpg\" title='Interessante Informationen \u00fcber den Melezitose-Honig' alt='' srcset=\"https:\/\/imker-aigen.at\/wp-content\/uploads\/2026\/02\/gauversammlung_flachgau_2026_1.jpg 1024w, https:\/\/imker-aigen.at\/wp-content\/uploads\/2026\/02\/gauversammlung_flachgau_2026_1-300x225.jpg 300w, https:\/\/imker-aigen.at\/wp-content\/uploads\/2026\/02\/gauversammlung_flachgau_2026_1-768x576.jpg 768w, https:\/\/imker-aigen.at\/wp-content\/uploads\/2026\/02\/gauversammlung_flachgau_2026_1-705x529.jpg 705w\" sizes=\"(max-width: 1024px) 100vw, 1024px\" \/><a href=\"https:\/\/imker-aigen.at\/wp-content\/uploads\/2026\/02\/gauversammlung_flachgau_2026_1.jpg\" data-srcset=\"https:\/\/imker-aigen.at\/wp-content\/uploads\/2026\/02\/gauversammlung_flachgau_2026_1.jpg 1024w, https:\/\/imker-aigen.at\/wp-content\/uploads\/2026\/02\/gauversammlung_flachgau_2026_1-300x225.jpg 300w, https:\/\/imker-aigen.at\/wp-content\/uploads\/2026\/02\/gauversammlung_flachgau_2026_1-768x576.jpg 768w, https:\/\/imker-aigen.at\/wp-content\/uploads\/2026\/02\/gauversammlung_flachgau_2026_1-705x529.jpg 705w\" data-sizes=\"(max-width: 1024px) 100vw, 1024px\" class='av-horizontal-gallery-link avia-svg-icon avia-font-svg_entypo-fontello' data-av_svg_icon='resize-full' data-av_iconset='svg_entypo-fontello' title='Interessante Informationen \u00fcber den Melezitose-Honig' alt='' aria-label='Open image in lightbox: Interessante Informationen \u00fcber den Melezitose-Honig'><svg version=\"1.1\" xmlns=\"http:\/\/www.w3.org\/2000\/svg\" width=\"25\" height=\"32\" viewBox=\"0 0 25 32\" preserveAspectRatio=\"xMidYMid meet\" aria-labelledby='av-svg-title-7' aria-describedby='av-svg-desc-7' role=\"graphics-symbol\" aria-hidden=\"true\">\n<title id='av-svg-title-7'>Open image in lightbox: Interessante Informationen \u00fcber den Melezitose-Honig<\/title>\n<desc id='av-svg-desc-7'>Open image in lightbox: Interessante Informationen \u00fcber den Melezitose-Honig<\/desc>\n<path d=\"M15.232 3.328h10.112v10.112l-3.2-3.968-4.672 4.864-3.2-3.2 4.864-4.672zM7.872 17.536l3.2 3.2-4.864 4.672 3.904 3.2h-10.112v-10.112l3.2 3.904z\"><\/path>\n<\/svg><\/a><\/div><div class=\"av-horizontal-gallery-wrap noHover\"><img decoding=\"async\" fetchpriority=\"high\" class='wp-image-9510 avia-img-lazy-loading-not-9510 av-horizontal-gallery-img' width=\"1024\" height=\"768\" src=\"https:\/\/imker-aigen.at\/wp-content\/uploads\/2026\/02\/gauversammlung_flachgau_2026_2.jpg\" title='Lecanien - wundersame Tierchen' alt='' srcset=\"https:\/\/imker-aigen.at\/wp-content\/uploads\/2026\/02\/gauversammlung_flachgau_2026_2.jpg 1024w, https:\/\/imker-aigen.at\/wp-content\/uploads\/2026\/02\/gauversammlung_flachgau_2026_2-300x225.jpg 300w, https:\/\/imker-aigen.at\/wp-content\/uploads\/2026\/02\/gauversammlung_flachgau_2026_2-768x576.jpg 768w, https:\/\/imker-aigen.at\/wp-content\/uploads\/2026\/02\/gauversammlung_flachgau_2026_2-705x529.jpg 705w\" sizes=\"(max-width: 1024px) 100vw, 1024px\" \/><a href=\"https:\/\/imker-aigen.at\/wp-content\/uploads\/2026\/02\/gauversammlung_flachgau_2026_2.jpg\" data-srcset=\"https:\/\/imker-aigen.at\/wp-content\/uploads\/2026\/02\/gauversammlung_flachgau_2026_2.jpg 1024w, https:\/\/imker-aigen.at\/wp-content\/uploads\/2026\/02\/gauversammlung_flachgau_2026_2-300x225.jpg 300w, https:\/\/imker-aigen.at\/wp-content\/uploads\/2026\/02\/gauversammlung_flachgau_2026_2-768x576.jpg 768w, https:\/\/imker-aigen.at\/wp-content\/uploads\/2026\/02\/gauversammlung_flachgau_2026_2-705x529.jpg 705w\" data-sizes=\"(max-width: 1024px) 100vw, 1024px\" class='av-horizontal-gallery-link avia-svg-icon avia-font-svg_entypo-fontello' data-av_svg_icon='resize-full' data-av_iconset='svg_entypo-fontello' title='Lecanien - wundersame Tierchen' alt='' aria-label='Open image in lightbox: Lecanien - wundersame Tierchen'><svg version=\"1.1\" xmlns=\"http:\/\/www.w3.org\/2000\/svg\" width=\"25\" height=\"32\" viewBox=\"0 0 25 32\" preserveAspectRatio=\"xMidYMid meet\" aria-labelledby='av-svg-title-8' aria-describedby='av-svg-desc-8' role=\"graphics-symbol\" aria-hidden=\"true\">\n<title id='av-svg-title-8'>Open image in lightbox: Lecanien - wundersame Tierchen<\/title>\n<desc id='av-svg-desc-8'>Open image in lightbox: Lecanien - wundersame Tierchen<\/desc>\n<path d=\"M15.232 3.328h10.112v10.112l-3.2-3.968-4.672 4.864-3.2-3.2 4.864-4.672zM7.872 17.536l3.2 3.2-4.864 4.672 3.904 3.2h-10.112v-10.112l3.2 3.904z\"><\/path>\n<\/svg><\/a><\/div><\/div><\/div><\/div><br \/>\n\n<style type=\"text\/css\" data-created_by=\"avia_inline_auto\" id=\"style-css-av-mldhcqf8-3ddc7accfb337bc59ffc71093bd94672\">\n#top .hr.av-mldhcqf8-3ddc7accfb337bc59ffc71093bd94672{\nmargin-top:30px;\nmargin-bottom:30px;\n}\n.hr.av-mldhcqf8-3ddc7accfb337bc59ffc71093bd94672 .hr-inner{\nwidth:50px;\nmax-width:45%;\n}\n<\/style>\n<div  class='hr av-mldhcqf8-3ddc7accfb337bc59ffc71093bd94672 hr-custom  avia-builder-el-3  el_after_av_horizontal_gallery  el_before_av_textblock  avia-builder-el-first  hr-center hr-icon-yes'><span class='hr-inner inner-border-av-border-thin'><span class=\"hr-inner-style\"><\/span><\/span><span class='av-seperator-icon avia-svg-icon avia-font-svg_entypo-fontello' data-av_svg_icon='dot-3' data-av_iconset='svg_entypo-fontello'><svg version=\"1.1\" xmlns=\"http:\/\/www.w3.org\/2000\/svg\" width=\"29\" height=\"32\" viewBox=\"0 0 29 32\" preserveAspectRatio=\"xMidYMid meet\" aria-labelledby='av-svg-title-9' aria-describedby='av-svg-desc-9' role=\"graphics-symbol\">\n<title id='av-svg-title-9'>Dot-3<\/title>\n<desc id='av-svg-desc-9'>Dot-3<\/desc>\n<path d=\"M3.52 12.48q1.472 0 2.496 1.024t1.024 2.496q0 1.408-1.024 2.464t-2.496 1.056-2.496-1.056-1.024-2.464q0-1.472 1.024-2.496t2.496-1.024zM14.72 12.48q1.472 0 2.496 1.024t1.024 2.496q0 1.408-1.056 2.464t-2.464 1.056-2.464-1.056-1.056-2.464q0-1.472 1.024-2.496t2.496-1.024zM25.92 12.48q1.472 0 2.496 1.024t1.024 2.496q0 1.408-1.024 2.464t-2.496 1.056-2.496-1.056-1.024-2.464q0-1.472 1.024-2.496t2.496-1.024z\"><\/path>\n<\/svg><\/span><span class='hr-inner inner-border-av-border-thin'><span class=\"hr-inner-style\"><\/span><\/span><\/div><br \/>\n<section  class='av_textblock_section av-6bfses-59680194549c8db0c24c29d112cb959b '   itemscope=\"itemscope\" itemtype=\"https:\/\/schema.org\/BlogPosting\" itemprop=\"blogPost\" ><div class='avia_textblock'  itemprop=\"text\" ><p><span style=\"color: #999999;\">Autor: Bernd Meierhofer<\/span><\/p>\n<p>Am 7. Februar fand im <a href=\"https:\/\/wirt-eching.at\/\">Gasthaus Wirt z\u2019Eching<\/a> in St. Georgen bei Salzburg die Gauversammlung der Flachgauer Imkerinnen und Imker inklusive Salzburg Stadt statt. Die Veranstaltung war sehr gut besucht und zeigte das gro\u00dfe Interesse an der gemeinsamen Verbandsarbeit. Einige Imkerinnen und Imker konnten jedoch nicht teilnehmen, da zeitgleich ein Facharbeiterkurs im <a href=\"https:\/\/imkerhof-salzburg.at\/\">Imkerhof Salzburg<\/a> stattfand und sie an diesem Wochenende somit die Schulbank dr\u00fccken mussten.<\/p>\n<h3>Wahl des Flachgauer Gauobmannes<\/h3>\n<p>Ein besonderer H\u00f6hepunkt der Versammlung war die Wahl des Flachgauer Gauobmanns. Der bisher interimistisch eingesetzte Gauobmann-Stellvertreter Hans Eisl aus der Ortsgruppe Faistenau wurde dabei einstimmig zum neuen Gauobmann gew\u00e4hlt. Gleichzeitig wurde mit Sonja Wintersteller aus der Ortsgruppe Eugendorf dem Gauobmann eine Kassiererin zur Seite gestellt. Auch sie wurde einstimmig gew\u00e4hlt, konnte an der Wahl jedoch nicht pers\u00f6nlich teilnehmen, da sie sich ebenfalls im gleichzeitig stattfindenden Facharbeiterkurs befand.<br \/>\nDie Wahl wurde vom Landesobmann Andreas Brieger geleitet.\u00a0 Er gratulierte der neu gew\u00e4hlten Kassiererin sowie dem neu gew\u00e4hlten Gauobmann und betonte, dass der Gauobmann als Kommunikationskanal zwischen dem Landesverband und den Ortsgruppen fungieren solle \u2013 und umgekehrt.<\/p>\n<h3>Bericht des Gauobmannes<\/h3>\n<p>Der neu gew\u00e4hlte Gauobmann berichtete \u00fcber die Saison 2025 im Flachgau. Der Flachgau (inkl. Salzburg Stadt) umfasst derzeit 26 Ortsgruppen mit insgesamt 914 Mitgliedern und 7.455 Bienenv\u00f6lkern, was einem Durchschnitt von 8,16 Bienenv\u00f6lkern pro Mitglied entspricht. Zudem gab er einen \u00dcberblick \u00fcber die wesentlichen Veranstaltungen des vergangenen Jahres, darunter die Gauversammlung am 8. Februar 2025, den Landesimkertag am 31. M\u00e4rz 2025, das Belegstellenfest der Belegstellen LS1 und LS5 am 1. Juni 2025 sowie die Obleutebesprechung der Flachgauer Obleute am 18. September 2025. Weiters berichtete er \u00fcber die Zuchtarbeit der <a href=\"https:\/\/carnica-zuchtgruppe-salzburg.at\/\">Carnica Zuchtgruppe Salzburg<\/a>. F\u00fcr das Jahr 2026 gab der Gauobmann einen Ausblick auf die kommenden Termine, welche in K\u00fcrze sowohl \u00fcber die Homepage des Imkerhofes Salzburg als auch \u00fcber unsere Homepage ver\u00f6ffentlicht werden. Geplant ist unter anderem ein <a href=\"https:\/\/imker-aigen.at\/index.php\/event\/gauausflug-flachgau-und-salzburg-stadt-23-honigfest-in-hermargor\/\">Gauausflug zum Honigfest nach Hermagor<\/a>.<\/p>\n<h3>Waldtrachtvortrag von IM Monika Heller<\/h3>\n<p>Ein weiterer H\u00f6hepunkt der Gauversammlung war der fachlich fundierte und praxisnahe Waldtrachtvortrag von IM Monika Heller aus Maria Schmolln (<a href=\"https:\/\/bio-imkerei-heller.jimdosite.com\/\">Bio-Imkerei Heller<\/a>). Es gibt nur wenige Imkerinnen und Imker, die sich mit der Waldtracht und den Honigtauerzeugern so intensiv besch\u00e4ftigen und \u00fcber ein derart umfangreiches Wissen verf\u00fcgen wie sie. Die Waldtracht hat in unserem Gebiet einen wesentlichen Anteil am gesamten Honigertrag, wird jedoch von vielen Imkerinnen und Imkern oft gar nicht ausreichend gew\u00fcrdigt.<\/p>\n<p>Gerade weil Bienen evolution\u00e4r betrachtet auf das Sammeln von Nektar und Pollen konditioniert sind, ist es keineswegs selbstverst\u00e4ndlich, dass sie Waldtracht anfliegen. Bei einem ausreichenden Bl\u00fctenangebot w\u00fcrden Bienen stets Nektar und Pollen dem Honigtau vorziehen. Nektar enth\u00e4lt Zucker in einer f\u00fcr Bienen sehr gut verdaulichen Zusammensetzung und liefert dar\u00fcber hinaus sekund\u00e4re Pflanzenstoffe, Enzyme sowie Spurenelemente, die das Immunsystem der Bienen unterst\u00fctzen. Honigtau hingegen enth\u00e4lt viele Mehrfachzucker, wie etwa Melezitose, die von den Bienen schlechter verdaut werden k\u00f6nnen, und weist einen h\u00f6heren Mineralstoffgehalt auf, was den Darm der Bienen st\u00e4rker belastet.<\/p>\n<p>In Trachtl\u00fccken kann Honigtau f\u00fcr die Bienen \u00fcberlebenswichtig sein, f\u00fcr die Imkerinnen und Imker unserer Region ist er unverzichtbarer Bestandteil unserer Honigernte. F\u00fcr die \u00dcberwinterung der Bienen ist Honigtau eigentlich ungeeignet, weshalb er nach der Tracht entnommen und durch Zuckerf\u00fctterungen ersetzt werden sollte. Wie gut der im Volk belassene Honig f\u00fcr die Bienen vertr\u00e4glich ist, h\u00e4ngt wesentlich vom Mischungsverh\u00e4ltnis zwischen Nektar- und Honigtauhonig ab. Ein Imker der dies richtig einsch\u00e4tzen kann, kann auch diesbez\u00fcglich die richtigen Entscheidungen f\u00fcr seine Bienen treffen.<\/p>\n<p>Monika Heller pr\u00e4sentierte faszinierende Aufnahmen und Videos ihrer Sichtungen der verschiedenen Honigtauerzeuger. Diese werden von uns Imkerinnen und Imkern klar als Nutztiere betrachtet. Deren nat\u00fcrliche Gegenspieler wie Florfliegen, Marienk\u00e4fer oder Schlupfwespen, die ganze Lauskolonien vernichten k\u00f6nnen, gelten im imkerlichen Kontext als Fressfeinde unserer Honigtauerzeuger. F\u00fcr die Land- und Forstwirtschaft k\u00f6nnen Blatt- und Schildl\u00e4use bei massivem Auftreten allerdings auch zu wirtschaftlichen Sch\u00e4dlingen werden, etwa durch Wachstumshemmungen infolge von Saftentzug oder durch verkr\u00fcppelte Triebe und Nadeln. Wesentlich ist die Erkenntnis, dass in der Natur alles seinen Platz und seine Aufgabe hat. Honigtauerzeuger sind ein nat\u00fcrlicher Bestandteil des \u00d6kosystems, ebenso wie ihre Fressfeinde und wiederum deren Gegenspieler. Wie so oft geht es in der Natur um eine ausgewogene Balance.<\/p>\n<h3>Res\u00fcmee<\/h3>\n<p>Insgesamt bot die Gauversammlung einen gelungenen Rahmen f\u00fcr Austausch und fundierte Wissensvermittlung f\u00fcr die Imkerschaft im Flachgau. Es ist erfreulich zu sehen, wie gut und freundschaftlich die Zusammenarbeit der Imkerinnen und Imker im Flachgau funktioniert.<\/p>\n<h3>Danksagung<\/h3>\n<p>Danke an IM Monika Heller f\u00fcr ihren hervorragenden und \u00e4u\u00dferst informativen Vortrag. Dem neu gew\u00e4hlten Gauobmann Hans Eisl sowie der neu gew\u00e4hlten Kassiererin Sonja Wintersteller w\u00fcnschen wir alle Gute f\u00fcr ihre verantwortungsvollen Aufgaben. Die Imkerschaft des Flachgaus werden die Beiden sicherlich bestm\u00f6glich unterst\u00fctzen.<\/p>\n<\/div><\/section><br \/>\n<div  class='av-social-sharing-box av-3pnsx0-1909dc39a6eefa3ce933dd0efd67f7e8 av-social-sharing-box-default  avia-builder-el-5  el_after_av_textblock  el_before_av_comments_list  av-social-sharing-box-fullwidth'><div class=\"av-share-box\"><h5 class='av-share-link-description av-no-toc '>Eintrag teilen<\/h5><ul class=\"av-share-box-list noLightbox\"><li class='av-share-link av-social-link-facebook avia_social_iconfont' ><a target=\"_blank\" aria-label=\"Teilen auf Facebook\" href='https:\/\/www.facebook.com\/sharer.php?u=https:\/\/imker-aigen.at\/index.php\/2026\/02\/08\/protokoll-der-flachgauer-gauversammlung-inkl-salzburg-stadt-am-7-2-2026\/&#038;t=Protokoll%20der%20Flachgauer%20Gauversammlung%20%28inkl.%20Salzburg%20Stadt%29%20am%207.2.2026' data-av_icon='\ue8f3' data-av_iconfont='entypo-fontello'  title='' data-avia-related-tooltip='Teilen auf Facebook'><span class='avia_hidden_link_text'>Teilen auf Facebook<\/span><\/a><\/li><li class='av-share-link av-social-link-twitter avia_social_iconfont' ><a target=\"_blank\" aria-label=\"Teilen auf X\" href='https:\/\/twitter.com\/share?text=Protokoll%20der%20Flachgauer%20Gauversammlung%20%28inkl.%20Salzburg%20Stadt%29%20am%207.2.2026&#038;url=https:\/\/imker-aigen.at\/?p=9492' data-av_icon='\ue932' data-av_iconfont='entypo-fontello'  title='' data-avia-related-tooltip='Teilen auf X'><span class='avia_hidden_link_text'>Teilen auf X<\/span><\/a><\/li><li class='av-share-link av-social-link-whatsapp avia_social_iconfont' ><a target=\"_blank\" aria-label=\"Teilen auf WhatsApp\" href='https:\/\/api.whatsapp.com\/send?text=https:\/\/imker-aigen.at\/index.php\/2026\/02\/08\/protokoll-der-flachgauer-gauversammlung-inkl-salzburg-stadt-am-7-2-2026\/' data-av_icon='\uf232' data-av_iconfont='entypo-fontello'  title='' data-avia-related-tooltip='Teilen auf WhatsApp'><span class='avia_hidden_link_text'>Teilen auf WhatsApp<\/span><\/a><\/li><li class='av-share-link av-social-link-pinterest avia_social_iconfont' ><a target=\"_blank\" aria-label=\"Teilen auf Pinterest\" href='https:\/\/pinterest.com\/pin\/create\/button\/?url=https%3A%2F%2Fimker-aigen.at%2Findex.php%2F2026%2F02%2F08%2Fprotokoll-der-flachgauer-gauversammlung-inkl-salzburg-stadt-am-7-2-2026%2F&#038;description=Protokoll%20der%20Flachgauer%20Gauversammlung%20%28inkl.%20Salzburg%20Stadt%29%20am%207.2.2026&#038;media=https%3A%2F%2Fimker-aigen.at%2Fwp-content%2Fuploads%2F2025%2F02%2Fsbg_flachgau.png' data-av_icon='\ue8f8' data-av_iconfont='entypo-fontello'  title='' data-avia-related-tooltip='Teilen auf Pinterest'><span class='avia_hidden_link_text'>Teilen auf Pinterest<\/span><\/a><\/li><li class='av-share-link av-social-link-linkedin avia_social_iconfont' ><a target=\"_blank\" aria-label=\"Teilen auf LinkedIn\" href='https:\/\/linkedin.com\/shareArticle?mini=true&#038;title=Protokoll%20der%20Flachgauer%20Gauversammlung%20%28inkl.%20Salzburg%20Stadt%29%20am%207.2.2026&#038;url=https:\/\/imker-aigen.at\/index.php\/2026\/02\/08\/protokoll-der-flachgauer-gauversammlung-inkl-salzburg-stadt-am-7-2-2026\/' data-av_icon='\ue8fc' data-av_iconfont='entypo-fontello'  title='' data-avia-related-tooltip='Teilen auf LinkedIn'><span class='avia_hidden_link_text'>Teilen auf LinkedIn<\/span><\/a><\/li><li class='av-share-link av-social-link-reddit avia_social_iconfont' ><a target=\"_blank\" aria-label=\"Teilen auf Reddit\" href='https:\/\/reddit.com\/submit?url=https:\/\/imker-aigen.at\/index.php\/2026\/02\/08\/protokoll-der-flachgauer-gauversammlung-inkl-salzburg-stadt-am-7-2-2026\/&#038;title=Protokoll%20der%20Flachgauer%20Gauversammlung%20%28inkl.%20Salzburg%20Stadt%29%20am%207.2.2026' data-av_icon='\ue927' data-av_iconfont='entypo-fontello'  title='' data-avia-related-tooltip='Teilen auf Reddit'><span class='avia_hidden_link_text'>Teilen auf Reddit<\/span><\/a><\/li><li class='av-share-link av-social-link-mail avia_social_iconfont' ><a  aria-label=\"Per E-Mail teilen\" href='mailto:?subject=Protokoll%20der%20Flachgauer%20Gauversammlung%20%28inkl.%20Salzburg%20Stadt%29%20am%207.2.2026&#038;body=https:\/\/imker-aigen.at\/index.php\/2026\/02\/08\/protokoll-der-flachgauer-gauversammlung-inkl-salzburg-stadt-am-7-2-2026\/' data-av_icon='\ue805' data-av_iconfont='entypo-fontello'  title='' data-avia-related-tooltip='Per E-Mail teilen'><span class='avia_hidden_link_text'>Per E-Mail teilen<\/span><\/a><\/li><\/ul><\/div><\/div><br \/>\n<div  class='av-buildercomment av-2gw084-1969e81ac8461c3e9b4741955cc7d8d4'><\/div><\/p><\/div>\n","protected":false},"excerpt":{"rendered":"","protected":false},"author":1,"featured_media":7465,"comment_status":"open","ping_status":"closed","sticky":false,"template":"","format":"standard","meta":{"footnotes":""},"categories":[18,2],"tags":[161,455,286,510],"class_list":["post-9492","post","type-post","status-publish","format-standard","has-post-thumbnail","hentry","category-alte-veranstaltungen","category-news","tag-flachgau","tag-gauobmann","tag-gauversammlung","tag-monika-heller"],"yoast_head":"<!-- This site is optimized with the Yoast SEO plugin v27.4 - https:\/\/yoast.com\/product\/yoast-seo-wordpress\/ -->\n<title>Protokoll der Flachgauer Gauversammlung (inkl. Salzburg Stadt) am 7.2.2026 - Imker Ortsgruppe Salzburg Aigen<\/title>\n<meta name=\"description\" content=\"Am 7.2.2026 war der Imkerverein Salzburg Aigen bei der Flachgauer (inkl. Salzburg Stadt) Gauversammlung 2026 vertreten\" \/>\n<meta name=\"robots\" content=\"index, follow, max-snippet:-1, max-image-preview:large, max-video-preview:-1\" \/>\n<link rel=\"canonical\" href=\"https:\/\/imker-aigen.at\/index.php\/2026\/02\/08\/protokoll-der-flachgauer-gauversammlung-inkl-salzburg-stadt-am-7-2-2026\/\" \/>\n<meta property=\"og:locale\" content=\"de_DE\" \/>\n<meta property=\"og:type\" content=\"article\" \/>\n<meta property=\"og:title\" content=\"Protokoll der Flachgauer Gauversammlung (inkl. Salzburg Stadt) am 7.2.2026 - Imker Ortsgruppe Salzburg Aigen\" \/>\n<meta property=\"og:description\" content=\"Am 7.2.2026 war der Imkerverein Salzburg Aigen bei der Flachgauer (inkl. Salzburg Stadt) Gauversammlung 2026 vertreten\" \/>\n<meta property=\"og:url\" content=\"https:\/\/imker-aigen.at\/index.php\/2026\/02\/08\/protokoll-der-flachgauer-gauversammlung-inkl-salzburg-stadt-am-7-2-2026\/\" \/>\n<meta property=\"og:site_name\" content=\"Imker Ortsgruppe Salzburg Aigen\" \/>\n<meta property=\"article:published_time\" content=\"2026-02-08T08:29:28+00:00\" \/>\n<meta property=\"article:modified_time\" content=\"2026-02-10T13:09:23+00:00\" \/>\n<meta property=\"og:image\" content=\"https:\/\/imker-aigen.at\/wp-content\/uploads\/2025\/02\/sbg_flachgau.png\" \/>\n\t<meta property=\"og:image:width\" content=\"400\" \/>\n\t<meta property=\"og:image:height\" content=\"340\" \/>\n\t<meta property=\"og:image:type\" content=\"image\/png\" \/>\n<meta name=\"author\" content=\"admin\" \/>\n<meta name=\"twitter:card\" content=\"summary_large_image\" \/>\n<meta name=\"twitter:label1\" content=\"Verfasst von\" \/>\n\t<meta name=\"twitter:data1\" content=\"admin\" \/>\n\t<meta name=\"twitter:label2\" content=\"Gesch\u00e4tzte Lesezeit\" \/>\n\t<meta name=\"twitter:data2\" content=\"7\u00a0Minuten\" \/>\n<script type=\"application\/ld+json\" class=\"yoast-schema-graph\">{\"@context\":\"https:\\\/\\\/schema.org\",\"@graph\":[{\"@type\":\"Article\",\"@id\":\"https:\\\/\\\/imker-aigen.at\\\/index.php\\\/2026\\\/02\\\/08\\\/protokoll-der-flachgauer-gauversammlung-inkl-salzburg-stadt-am-7-2-2026\\\/#article\",\"isPartOf\":{\"@id\":\"https:\\\/\\\/imker-aigen.at\\\/index.php\\\/2026\\\/02\\\/08\\\/protokoll-der-flachgauer-gauversammlung-inkl-salzburg-stadt-am-7-2-2026\\\/\"},\"author\":{\"name\":\"admin\",\"@id\":\"https:\\\/\\\/imker-aigen.at\\\/#\\\/schema\\\/person\\\/d7d0c3a8ef6f051d450781218ac83077\"},\"headline\":\"Protokoll der Flachgauer Gauversammlung (inkl. Salzburg Stadt) am 7.2.2026\",\"datePublished\":\"2026-02-08T08:29:28+00:00\",\"dateModified\":\"2026-02-10T13:09:23+00:00\",\"mainEntityOfPage\":{\"@id\":\"https:\\\/\\\/imker-aigen.at\\\/index.php\\\/2026\\\/02\\\/08\\\/protokoll-der-flachgauer-gauversammlung-inkl-salzburg-stadt-am-7-2-2026\\\/\"},\"wordCount\":1852,\"commentCount\":0,\"publisher\":{\"@id\":\"https:\\\/\\\/imker-aigen.at\\\/#organization\"},\"image\":{\"@id\":\"https:\\\/\\\/imker-aigen.at\\\/index.php\\\/2026\\\/02\\\/08\\\/protokoll-der-flachgauer-gauversammlung-inkl-salzburg-stadt-am-7-2-2026\\\/#primaryimage\"},\"thumbnailUrl\":\"https:\\\/\\\/imker-aigen.at\\\/wp-content\\\/uploads\\\/2025\\\/02\\\/sbg_flachgau.png\",\"keywords\":[\"Flachgau\",\"Gauobmann\",\"Gauversammlung\",\"Monika Heller\"],\"articleSection\":[\"Alte Veranstaltungen\",\"News\"],\"inLanguage\":\"de\",\"potentialAction\":[{\"@type\":\"CommentAction\",\"name\":\"Comment\",\"target\":[\"https:\\\/\\\/imker-aigen.at\\\/index.php\\\/2026\\\/02\\\/08\\\/protokoll-der-flachgauer-gauversammlung-inkl-salzburg-stadt-am-7-2-2026\\\/#respond\"]}]},{\"@type\":\"WebPage\",\"@id\":\"https:\\\/\\\/imker-aigen.at\\\/index.php\\\/2026\\\/02\\\/08\\\/protokoll-der-flachgauer-gauversammlung-inkl-salzburg-stadt-am-7-2-2026\\\/\",\"url\":\"https:\\\/\\\/imker-aigen.at\\\/index.php\\\/2026\\\/02\\\/08\\\/protokoll-der-flachgauer-gauversammlung-inkl-salzburg-stadt-am-7-2-2026\\\/\",\"name\":\"Protokoll der Flachgauer Gauversammlung (inkl. Salzburg Stadt) am 7.2.2026 - Imker Ortsgruppe Salzburg Aigen\",\"isPartOf\":{\"@id\":\"https:\\\/\\\/imker-aigen.at\\\/#website\"},\"primaryImageOfPage\":{\"@id\":\"https:\\\/\\\/imker-aigen.at\\\/index.php\\\/2026\\\/02\\\/08\\\/protokoll-der-flachgauer-gauversammlung-inkl-salzburg-stadt-am-7-2-2026\\\/#primaryimage\"},\"image\":{\"@id\":\"https:\\\/\\\/imker-aigen.at\\\/index.php\\\/2026\\\/02\\\/08\\\/protokoll-der-flachgauer-gauversammlung-inkl-salzburg-stadt-am-7-2-2026\\\/#primaryimage\"},\"thumbnailUrl\":\"https:\\\/\\\/imker-aigen.at\\\/wp-content\\\/uploads\\\/2025\\\/02\\\/sbg_flachgau.png\",\"datePublished\":\"2026-02-08T08:29:28+00:00\",\"dateModified\":\"2026-02-10T13:09:23+00:00\",\"description\":\"Am 7.2.2026 war der Imkerverein Salzburg Aigen bei der Flachgauer (inkl. Salzburg Stadt) Gauversammlung 2026 vertreten\",\"breadcrumb\":{\"@id\":\"https:\\\/\\\/imker-aigen.at\\\/index.php\\\/2026\\\/02\\\/08\\\/protokoll-der-flachgauer-gauversammlung-inkl-salzburg-stadt-am-7-2-2026\\\/#breadcrumb\"},\"inLanguage\":\"de\",\"potentialAction\":[{\"@type\":\"ReadAction\",\"target\":[\"https:\\\/\\\/imker-aigen.at\\\/index.php\\\/2026\\\/02\\\/08\\\/protokoll-der-flachgauer-gauversammlung-inkl-salzburg-stadt-am-7-2-2026\\\/\"]}]},{\"@type\":\"ImageObject\",\"inLanguage\":\"de\",\"@id\":\"https:\\\/\\\/imker-aigen.at\\\/index.php\\\/2026\\\/02\\\/08\\\/protokoll-der-flachgauer-gauversammlung-inkl-salzburg-stadt-am-7-2-2026\\\/#primaryimage\",\"url\":\"https:\\\/\\\/imker-aigen.at\\\/wp-content\\\/uploads\\\/2025\\\/02\\\/sbg_flachgau.png\",\"contentUrl\":\"https:\\\/\\\/imker-aigen.at\\\/wp-content\\\/uploads\\\/2025\\\/02\\\/sbg_flachgau.png\",\"width\":400,\"height\":340},{\"@type\":\"BreadcrumbList\",\"@id\":\"https:\\\/\\\/imker-aigen.at\\\/index.php\\\/2026\\\/02\\\/08\\\/protokoll-der-flachgauer-gauversammlung-inkl-salzburg-stadt-am-7-2-2026\\\/#breadcrumb\",\"itemListElement\":[{\"@type\":\"ListItem\",\"position\":1,\"name\":\"Startseite\",\"item\":\"https:\\\/\\\/imker-aigen.at\\\/index.php\\\/home\\\/\"},{\"@type\":\"ListItem\",\"position\":2,\"name\":\"Protokoll der Flachgauer Gauversammlung (inkl. Salzburg Stadt) am 7.2.2026\"}]},{\"@type\":\"WebSite\",\"@id\":\"https:\\\/\\\/imker-aigen.at\\\/#website\",\"url\":\"https:\\\/\\\/imker-aigen.at\\\/\",\"name\":\"Imker Ortsgruppe Salzburg Aigen\",\"description\":\"Homepage der Imker-Ortsgruppe Salzburg Aigen\",\"publisher\":{\"@id\":\"https:\\\/\\\/imker-aigen.at\\\/#organization\"},\"potentialAction\":[{\"@type\":\"SearchAction\",\"target\":{\"@type\":\"EntryPoint\",\"urlTemplate\":\"https:\\\/\\\/imker-aigen.at\\\/?s={search_term_string}\"},\"query-input\":{\"@type\":\"PropertyValueSpecification\",\"valueRequired\":true,\"valueName\":\"search_term_string\"}}],\"inLanguage\":\"de\"},{\"@type\":\"Organization\",\"@id\":\"https:\\\/\\\/imker-aigen.at\\\/#organization\",\"name\":\"Imker Ortsgruppe Salzburg Aigen\",\"url\":\"https:\\\/\\\/imker-aigen.at\\\/\",\"logo\":{\"@type\":\"ImageObject\",\"inLanguage\":\"de\",\"@id\":\"https:\\\/\\\/imker-aigen.at\\\/#\\\/schema\\\/logo\\\/image\\\/\",\"url\":\"https:\\\/\\\/imker-aigen.at\\\/wp-content\\\/uploads\\\/2022\\\/08\\\/logo-1.png\",\"contentUrl\":\"https:\\\/\\\/imker-aigen.at\\\/wp-content\\\/uploads\\\/2022\\\/08\\\/logo-1.png\",\"width\":392,\"height\":156,\"caption\":\"Imker Ortsgruppe Salzburg Aigen\"},\"image\":{\"@id\":\"https:\\\/\\\/imker-aigen.at\\\/#\\\/schema\\\/logo\\\/image\\\/\"}},{\"@type\":\"Person\",\"@id\":\"https:\\\/\\\/imker-aigen.at\\\/#\\\/schema\\\/person\\\/d7d0c3a8ef6f051d450781218ac83077\",\"name\":\"admin\",\"image\":{\"@type\":\"ImageObject\",\"inLanguage\":\"de\",\"@id\":\"https:\\\/\\\/secure.gravatar.com\\\/avatar\\\/925a7e918efd3cfdae29be9c0018a3ae3275cd0444a6e166241172bb6e5243c7?s=96&d=mm&r=g\",\"url\":\"https:\\\/\\\/secure.gravatar.com\\\/avatar\\\/925a7e918efd3cfdae29be9c0018a3ae3275cd0444a6e166241172bb6e5243c7?s=96&d=mm&r=g\",\"contentUrl\":\"https:\\\/\\\/secure.gravatar.com\\\/avatar\\\/925a7e918efd3cfdae29be9c0018a3ae3275cd0444a6e166241172bb6e5243c7?s=96&d=mm&r=g\",\"caption\":\"admin\"},\"sameAs\":[\"https:\\\/\\\/imker-aigen.at\",\"linkedin.com\\\/in\\\/bernd-meierhofer-5919b62\"],\"url\":\"https:\\\/\\\/imker-aigen.at\\\/index.php\\\/author\\\/bmeierhofer\\\/\"}]}<\/script>\n<!-- \/ Yoast SEO plugin. -->","yoast_head_json":{"title":"Protokoll der Flachgauer Gauversammlung (inkl. Salzburg Stadt) am 7.2.2026 - Imker Ortsgruppe Salzburg Aigen","description":"Am 7.2.2026 war der Imkerverein Salzburg Aigen bei der Flachgauer (inkl. Salzburg Stadt) Gauversammlung 2026 vertreten","robots":{"index":"index","follow":"follow","max-snippet":"max-snippet:-1","max-image-preview":"max-image-preview:large","max-video-preview":"max-video-preview:-1"},"canonical":"https:\/\/imker-aigen.at\/index.php\/2026\/02\/08\/protokoll-der-flachgauer-gauversammlung-inkl-salzburg-stadt-am-7-2-2026\/","og_locale":"de_DE","og_type":"article","og_title":"Protokoll der Flachgauer Gauversammlung (inkl. Salzburg Stadt) am 7.2.2026 - Imker Ortsgruppe Salzburg Aigen","og_description":"Am 7.2.2026 war der Imkerverein Salzburg Aigen bei der Flachgauer (inkl. Salzburg Stadt) Gauversammlung 2026 vertreten","og_url":"https:\/\/imker-aigen.at\/index.php\/2026\/02\/08\/protokoll-der-flachgauer-gauversammlung-inkl-salzburg-stadt-am-7-2-2026\/","og_site_name":"Imker Ortsgruppe Salzburg Aigen","article_published_time":"2026-02-08T08:29:28+00:00","article_modified_time":"2026-02-10T13:09:23+00:00","og_image":[{"width":400,"height":340,"url":"https:\/\/imker-aigen.at\/wp-content\/uploads\/2025\/02\/sbg_flachgau.png","type":"image\/png"}],"author":"admin","twitter_card":"summary_large_image","twitter_misc":{"Verfasst von":"admin","Gesch\u00e4tzte Lesezeit":"7\u00a0Minuten"},"schema":{"@context":"https:\/\/schema.org","@graph":[{"@type":"Article","@id":"https:\/\/imker-aigen.at\/index.php\/2026\/02\/08\/protokoll-der-flachgauer-gauversammlung-inkl-salzburg-stadt-am-7-2-2026\/#article","isPartOf":{"@id":"https:\/\/imker-aigen.at\/index.php\/2026\/02\/08\/protokoll-der-flachgauer-gauversammlung-inkl-salzburg-stadt-am-7-2-2026\/"},"author":{"name":"admin","@id":"https:\/\/imker-aigen.at\/#\/schema\/person\/d7d0c3a8ef6f051d450781218ac83077"},"headline":"Protokoll der Flachgauer Gauversammlung (inkl. Salzburg Stadt) am 7.2.2026","datePublished":"2026-02-08T08:29:28+00:00","dateModified":"2026-02-10T13:09:23+00:00","mainEntityOfPage":{"@id":"https:\/\/imker-aigen.at\/index.php\/2026\/02\/08\/protokoll-der-flachgauer-gauversammlung-inkl-salzburg-stadt-am-7-2-2026\/"},"wordCount":1852,"commentCount":0,"publisher":{"@id":"https:\/\/imker-aigen.at\/#organization"},"image":{"@id":"https:\/\/imker-aigen.at\/index.php\/2026\/02\/08\/protokoll-der-flachgauer-gauversammlung-inkl-salzburg-stadt-am-7-2-2026\/#primaryimage"},"thumbnailUrl":"https:\/\/imker-aigen.at\/wp-content\/uploads\/2025\/02\/sbg_flachgau.png","keywords":["Flachgau","Gauobmann","Gauversammlung","Monika Heller"],"articleSection":["Alte Veranstaltungen","News"],"inLanguage":"de","potentialAction":[{"@type":"CommentAction","name":"Comment","target":["https:\/\/imker-aigen.at\/index.php\/2026\/02\/08\/protokoll-der-flachgauer-gauversammlung-inkl-salzburg-stadt-am-7-2-2026\/#respond"]}]},{"@type":"WebPage","@id":"https:\/\/imker-aigen.at\/index.php\/2026\/02\/08\/protokoll-der-flachgauer-gauversammlung-inkl-salzburg-stadt-am-7-2-2026\/","url":"https:\/\/imker-aigen.at\/index.php\/2026\/02\/08\/protokoll-der-flachgauer-gauversammlung-inkl-salzburg-stadt-am-7-2-2026\/","name":"Protokoll der Flachgauer Gauversammlung (inkl. Salzburg Stadt) am 7.2.2026 - Imker Ortsgruppe Salzburg Aigen","isPartOf":{"@id":"https:\/\/imker-aigen.at\/#website"},"primaryImageOfPage":{"@id":"https:\/\/imker-aigen.at\/index.php\/2026\/02\/08\/protokoll-der-flachgauer-gauversammlung-inkl-salzburg-stadt-am-7-2-2026\/#primaryimage"},"image":{"@id":"https:\/\/imker-aigen.at\/index.php\/2026\/02\/08\/protokoll-der-flachgauer-gauversammlung-inkl-salzburg-stadt-am-7-2-2026\/#primaryimage"},"thumbnailUrl":"https:\/\/imker-aigen.at\/wp-content\/uploads\/2025\/02\/sbg_flachgau.png","datePublished":"2026-02-08T08:29:28+00:00","dateModified":"2026-02-10T13:09:23+00:00","description":"Am 7.2.2026 war der Imkerverein Salzburg Aigen bei der Flachgauer (inkl. Salzburg Stadt) Gauversammlung 2026 vertreten","breadcrumb":{"@id":"https:\/\/imker-aigen.at\/index.php\/2026\/02\/08\/protokoll-der-flachgauer-gauversammlung-inkl-salzburg-stadt-am-7-2-2026\/#breadcrumb"},"inLanguage":"de","potentialAction":[{"@type":"ReadAction","target":["https:\/\/imker-aigen.at\/index.php\/2026\/02\/08\/protokoll-der-flachgauer-gauversammlung-inkl-salzburg-stadt-am-7-2-2026\/"]}]},{"@type":"ImageObject","inLanguage":"de","@id":"https:\/\/imker-aigen.at\/index.php\/2026\/02\/08\/protokoll-der-flachgauer-gauversammlung-inkl-salzburg-stadt-am-7-2-2026\/#primaryimage","url":"https:\/\/imker-aigen.at\/wp-content\/uploads\/2025\/02\/sbg_flachgau.png","contentUrl":"https:\/\/imker-aigen.at\/wp-content\/uploads\/2025\/02\/sbg_flachgau.png","width":400,"height":340},{"@type":"BreadcrumbList","@id":"https:\/\/imker-aigen.at\/index.php\/2026\/02\/08\/protokoll-der-flachgauer-gauversammlung-inkl-salzburg-stadt-am-7-2-2026\/#breadcrumb","itemListElement":[{"@type":"ListItem","position":1,"name":"Startseite","item":"https:\/\/imker-aigen.at\/index.php\/home\/"},{"@type":"ListItem","position":2,"name":"Protokoll der Flachgauer Gauversammlung (inkl. Salzburg Stadt) am 7.2.2026"}]},{"@type":"WebSite","@id":"https:\/\/imker-aigen.at\/#website","url":"https:\/\/imker-aigen.at\/","name":"Imker Ortsgruppe Salzburg Aigen","description":"Homepage der Imker-Ortsgruppe Salzburg Aigen","publisher":{"@id":"https:\/\/imker-aigen.at\/#organization"},"potentialAction":[{"@type":"SearchAction","target":{"@type":"EntryPoint","urlTemplate":"https:\/\/imker-aigen.at\/?s={search_term_string}"},"query-input":{"@type":"PropertyValueSpecification","valueRequired":true,"valueName":"search_term_string"}}],"inLanguage":"de"},{"@type":"Organization","@id":"https:\/\/imker-aigen.at\/#organization","name":"Imker Ortsgruppe Salzburg Aigen","url":"https:\/\/imker-aigen.at\/","logo":{"@type":"ImageObject","inLanguage":"de","@id":"https:\/\/imker-aigen.at\/#\/schema\/logo\/image\/","url":"https:\/\/imker-aigen.at\/wp-content\/uploads\/2022\/08\/logo-1.png","contentUrl":"https:\/\/imker-aigen.at\/wp-content\/uploads\/2022\/08\/logo-1.png","width":392,"height":156,"caption":"Imker Ortsgruppe Salzburg Aigen"},"image":{"@id":"https:\/\/imker-aigen.at\/#\/schema\/logo\/image\/"}},{"@type":"Person","@id":"https:\/\/imker-aigen.at\/#\/schema\/person\/d7d0c3a8ef6f051d450781218ac83077","name":"admin","image":{"@type":"ImageObject","inLanguage":"de","@id":"https:\/\/secure.gravatar.com\/avatar\/925a7e918efd3cfdae29be9c0018a3ae3275cd0444a6e166241172bb6e5243c7?s=96&d=mm&r=g","url":"https:\/\/secure.gravatar.com\/avatar\/925a7e918efd3cfdae29be9c0018a3ae3275cd0444a6e166241172bb6e5243c7?s=96&d=mm&r=g","contentUrl":"https:\/\/secure.gravatar.com\/avatar\/925a7e918efd3cfdae29be9c0018a3ae3275cd0444a6e166241172bb6e5243c7?s=96&d=mm&r=g","caption":"admin"},"sameAs":["https:\/\/imker-aigen.at","linkedin.com\/in\/bernd-meierhofer-5919b62"],"url":"https:\/\/imker-aigen.at\/index.php\/author\/bmeierhofer\/"}]}},"_links":{"self":[{"href":"https:\/\/imker-aigen.at\/index.php\/wp-json\/wp\/v2\/posts\/9492","targetHints":{"allow":["GET"]}}],"collection":[{"href":"https:\/\/imker-aigen.at\/index.php\/wp-json\/wp\/v2\/posts"}],"about":[{"href":"https:\/\/imker-aigen.at\/index.php\/wp-json\/wp\/v2\/types\/post"}],"author":[{"embeddable":true,"href":"https:\/\/imker-aigen.at\/index.php\/wp-json\/wp\/v2\/users\/1"}],"replies":[{"embeddable":true,"href":"https:\/\/imker-aigen.at\/index.php\/wp-json\/wp\/v2\/comments?post=9492"}],"version-history":[{"count":6,"href":"https:\/\/imker-aigen.at\/index.php\/wp-json\/wp\/v2\/posts\/9492\/revisions"}],"predecessor-version":[{"id":9531,"href":"https:\/\/imker-aigen.at\/index.php\/wp-json\/wp\/v2\/posts\/9492\/revisions\/9531"}],"wp:featuredmedia":[{"embeddable":true,"href":"https:\/\/imker-aigen.at\/index.php\/wp-json\/wp\/v2\/media\/7465"}],"wp:attachment":[{"href":"https:\/\/imker-aigen.at\/index.php\/wp-json\/wp\/v2\/media?parent=9492"}],"wp:term":[{"taxonomy":"category","embeddable":true,"href":"https:\/\/imker-aigen.at\/index.php\/wp-json\/wp\/v2\/categories?post=9492"},{"taxonomy":"post_tag","embeddable":true,"href":"https:\/\/imker-aigen.at\/index.php\/wp-json\/wp\/v2\/tags?post=9492"}],"curies":[{"name":"wp","href":"https:\/\/api.w.org\/{rel}","templated":true}]}}