{"id":9676,"date":"2026-03-03T19:00:11","date_gmt":"2026-03-03T18:00:11","guid":{"rendered":"https:\/\/imker-aigen.at\/?p=9676"},"modified":"2026-03-06T09:01:47","modified_gmt":"2026-03-06T08:01:47","slug":"protokoll-vom-stammtisch-am-3-3-2026","status":"publish","type":"post","link":"https:\/\/imker-aigen.at\/index.php\/2026\/03\/03\/protokoll-vom-stammtisch-am-3-3-2026\/","title":{"rendered":"Protokoll vom Stammtisch am 3.3.2026"},"content":{"rendered":"<div  class='flex_column av-5kea98-bcbe08263e2ceadfb1fd56404b7835d7 av_one_full  avia-builder-el-0  avia-builder-el-no-sibling  first flex_column_div  '     ><p>\n<style type=\"text\/css\" data-created_by=\"avia_inline_auto\" id=\"style-css-av-mmbx9wgg-03fa9568ccf6d04c8a5b1f5faa95c65e\">\n#top .av-special-heading.av-mmbx9wgg-03fa9568ccf6d04c8a5b1f5faa95c65e{\npadding-bottom:10px;\n}\nbody .av-special-heading.av-mmbx9wgg-03fa9568ccf6d04c8a5b1f5faa95c65e .av-special-heading-tag .heading-char{\nfont-size:25px;\n}\n.av-special-heading.av-mmbx9wgg-03fa9568ccf6d04c8a5b1f5faa95c65e .av-subheading{\nfont-size:15px;\n}\n<\/style>\n<div  class='av-special-heading av-mmbx9wgg-03fa9568ccf6d04c8a5b1f5faa95c65e av-special-heading-h3 blockquote modern-quote modern-centered  avia-builder-el-1  el_before_av_hr  avia-builder-el-first '><h3 class='av-special-heading-tag '  itemprop=\"headline\"  >Protokoll vom Stammtisch am 3.3.2026<\/h3><div class=\"special-heading-border\"><div class=\"special-heading-inner-border\"><\/div><\/div><\/div><br \/>\n\n<style type=\"text\/css\" data-created_by=\"avia_inline_auto\" id=\"style-css-av-mmbx8uaz-1d9672309aaaea00561bf0b91152ccb7\">\n#top .hr.av-mmbx8uaz-1d9672309aaaea00561bf0b91152ccb7{\nmargin-top:30px;\nmargin-bottom:30px;\n}\n.hr.av-mmbx8uaz-1d9672309aaaea00561bf0b91152ccb7 .hr-inner{\nwidth:50px;\nmax-width:45%;\n}\n<\/style>\n<div  class='hr av-mmbx8uaz-1d9672309aaaea00561bf0b91152ccb7 hr-custom  avia-builder-el-2  el_after_av_heading  el_before_av_textblock  hr-center hr-icon-yes'><span class='hr-inner inner-border-av-border-thin'><span class=\"hr-inner-style\"><\/span><\/span><span class='av-seperator-icon avia-svg-icon avia-font-svg_entypo-fontello' data-av_svg_icon='dot-3' data-av_iconset='svg_entypo-fontello'><svg version=\"1.1\" xmlns=\"http:\/\/www.w3.org\/2000\/svg\" width=\"29\" height=\"32\" viewBox=\"0 0 29 32\" preserveAspectRatio=\"xMidYMid meet\" aria-labelledby='av-svg-title-1' aria-describedby='av-svg-desc-1' role=\"graphics-symbol\">\n<title id='av-svg-title-1'>Dot-3<\/title>\n<desc id='av-svg-desc-1'>Dot-3<\/desc>\n<path d=\"M3.52 12.48q1.472 0 2.496 1.024t1.024 2.496q0 1.408-1.024 2.464t-2.496 1.056-2.496-1.056-1.024-2.464q0-1.472 1.024-2.496t2.496-1.024zM14.72 12.48q1.472 0 2.496 1.024t1.024 2.496q0 1.408-1.056 2.464t-2.464 1.056-2.464-1.056-1.056-2.464q0-1.472 1.024-2.496t2.496-1.024zM25.92 12.48q1.472 0 2.496 1.024t1.024 2.496q0 1.408-1.024 2.464t-2.496 1.056-2.496-1.056-1.024-2.464q0-1.472 1.024-2.496t2.496-1.024z\"><\/path>\n<\/svg><\/span><span class='hr-inner inner-border-av-border-thin'><span class=\"hr-inner-style\"><\/span><\/span><\/div><br \/>\n<section  class='av_textblock_section av-mmbxancc-c05652774c33105ae5075d6ed0a3f889 '   itemscope=\"itemscope\" itemtype=\"https:\/\/schema.org\/BlogPosting\" itemprop=\"blogPost\" ><div class='avia_textblock'  itemprop=\"text\" ><p>Ort: <a href=\"http:\/\/www.pliemgut.at\/\">Gasthaus Pliemgut<\/a><br \/>\nBeginn: 19:15 Uhr<br \/>\nProtokollf\u00fchrerin: Adelheid Speyer<\/p>\n<h3><strong>Begr\u00fc\u00dfung der G\u00e4ste<\/strong><\/h3>\n<p>Heute d\u00fcrfen wir ein potenzielles Neumitglied begr\u00fc\u00dfen. Es hat sich bereits f\u00fcr den <a href=\"https:\/\/imker-aigen.at\/index.php\/event\/start-der-neueinsteigerkurse-fuer-den-flachgau\/\">Imkerhof-Neueinsteigerkurs<\/a> angemeldet und m\u00f6chte in K\u00fcrze mit eigenen Bienen starten.<\/p>\n<h3>Neuigkeiten<\/h3>\n<ul>\n<li>Alte Termine<br \/>\n<a href=\"https:\/\/imker-aigen.at\/index.php\/event\/jahreshauptversammlung-2026\/\">2.2026 \u2013 Jahreshauptversammlung<\/a> \u2013 Vortrag von Chris Steube \u201eZeitgem\u00e4\u00dfe Imkerei \u2013 Stressoren und Bienenviren\u201c<br \/>\nDer Vortrag hat den Teilnehmern gut gefallen<\/p>\n<p><a href=\"https:\/\/imker-aigen.at\/index.php\/2026\/02\/08\/protokoll-der-flachgauer-gauversammlung-inkl-salzburg-stadt-am-7-2-2026\/\">7.2.2026 \u2013 Flachgauer Gauversammlung (inkl. Salzburg Stadt)<\/a><br \/>\nToller Waldtracht-Vortrag von IM Monika Heller + Ank\u00fcndigung eines <a href=\"https:\/\/imker-aigen.at\/index.php\/event\/gauausflug-flachgau-und-salzburg-stadt-23-honigfest-in-hermargor\/\">Gauausfluges am 16.8.2026 zum Honigfest in Hermargor<\/a><br \/>\nBei der Gauversammlung wurde Hans Eisl als neue Gauobmann f\u00fcr den Flachgau gew\u00e4hlt.<\/li>\n<li><strong>Wachs-Spendenaktion<\/strong><br \/>\nEin Bericht \u00fcber diese Aktion wird in einer der kommenden <a href=\"https:\/\/www.bienenaktuell.com\/\">Bienen-aktuell<\/a> Ausgaben erscheinen.<br \/>\nDer Ausflug zum <a href=\"https:\/\/www.caritas-salzburg.at\/hilfe-angebote\/behinderung-inklusion\/wohnen\/caritas-dorf-st-anton\/\">Caritas Dorf St. Anton<\/a> und zur <a href=\"https:\/\/www.lfs-bruck.at\/\">landwirtschaftlichen Fachschule in Bruck<\/a> findet am 30.4.2026 statt. Hier wird es in K\u00fcrze weitere Informationen geben, damit wir auch die Anreise (Kleinbus?) organisieren k\u00f6nnen.<\/li>\n<li><strong>Beitr\u00e4ge 2026<\/strong><br \/>\nAlle Zahlungen wurden bereits get\u00e4tigt und die Beitr\u00e4ge von Karin an den Landesverband \u00fcberwiesen. Es wurden auch bereits 100kg Bio-Zucker f\u00fcr die Vereinsbienen und die Lizenz f\u00fcr die Stockwaage bezahlt.<\/li>\n<li><strong>Corporate Design<\/strong><br \/>\nEs gibt nun mehrere Vorschl\u00e4ge f\u00fcr das neue Vereinslogo (Basis f\u00fcr die Vereinsetiketten). Im Rahmen des Stammtisches wurde den Teilnehmern die Gelegenheit gegeben, die neuen Entw\u00fcrfe f\u00fcr das Vereinslogo zu begutachten und Kommentare sowie Verbesserungsvorschl\u00e4ge einzubringen.<\/li>\n<\/ul>\n<ul>\n<li><strong>Vereinsh\u00fctte 2026 \u2013 Planung der Arbeiten 2026<\/strong><br \/>\n&#8211; Planung der Reparaturen: Sanierung des Bodens<br \/>\n&#8211; ein Messingschild mit der VIS-Nummer + QR-Code + Logo vom Verein muss erst gekauft werden. Dies sollte erst gemacht werden, sobald klar ist, dass die Vereinsh\u00fctte auch n\u00e4chstes Jahr gen\u00fctzt wird und klar ist, wie das neue Vereinslogo aussehen wird<br \/>\n&#8211; Honig der Vereinsh\u00fctte zur Untersuchung bringen<br \/>\n&#8211; Vertrag mit der Forstverwaltung f\u00fcr die kommende Saison<br \/>\n&#8211; Team f\u00fcr die kommende Saison. Robert erkl\u00e4rt sich abermals bereit, auch 2026 Unterst\u00fctzung zu leisten.<br \/>\n&#8211; Versuchsbeute (5cm Wandst\u00e4rke) + Waben-Honig-Zarge: sollten in K\u00fcrze von Firma Janisch geliefert werden<\/li>\n<\/ul>\n<ul>\n<li><strong>Futterkranzprobe<br \/>\n<\/strong>Neue Frist f\u00fcr die Abgabe der Futterkranzproben im Flachgau: bis Ende M\u00e4rz<\/li>\n<li><a href=\"https:\/\/imker-aigen.at\/index.php\/event\/ausserordentliche-mitgliederversammlung-30-oktober-2026-neuwahl-des-vorstands\/\">Au\u00dferordentliche Mitgliederversammlung am 30.10.2026 \u2013 Neuwahl des Vorstands<\/a><br \/>\nWir brauchen Wahlvorschl\u00e4ge! Wer stellt sich f\u00fcr eine Funktion zur Verf\u00fcgung?<\/li>\n<li><strong>Stockkarten, Arbeitsbl\u00e4tter und Bestandsbuch<\/strong><br \/>\nwerden in K\u00fcrze via Homepage zum Download angeboten<\/li>\n<li><strong>Bio-Zertifizierung des Vereins<\/strong><br \/>\nDie Unterlagen wurden angefordert und nun muss der Antrag ausgef\u00fcllt und eingereicht werden<\/li>\n<li><strong>Kauf einer neuen Stockwaage<\/strong> (Standort Hellbrunn)<br \/>\nSobald die Sanierung der Vereinsh\u00fctte (Boden) abgeschlossen ist, und klar ist, was in der Vereinskassa noch \u00fcbrig bleibt, wird \u00fcber den Ankauf einer weiteren Stockwaage entschieden.<\/li>\n<li><strong>Bienen-B\u00f6rse<\/strong><br \/>\nIn unserer WhatsApp-Gruppe Bienen-B\u00f6rse gibt es wieder neue Angebote. Da ein Imker im Stadtgebiet mit der Imkerei aufgeh\u00f6rt hat, sind auch wieder zwei Standpl\u00e4tze frei. Bitte meldet euch m\u00f6glichst bald, wenn Bienenv\u00f6lker gekauft oder verkauft werden sollen. Die zum Verkauf stehenden Bienenv\u00f6lker sind derzeit schnell vergriffen.<\/li>\n<li><strong>Social Media<\/strong><br \/>\nWir haben nun auch einen eigenen WhatsApp Broadcast-Kanal f\u00fcr \u00f6ffentliche Informationen. \u00dcber Instagram sind im letzten Monat wieder 20 neue Follower hinzugekommen.<\/li>\n<\/ul>\n<h3>Kommende Termine (siehe auch <a href=\"https:\/\/imker-aigen.at\/index.php\/events\/list\/\">Veranstaltungskalender<\/a>) bis zum n\u00e4chsten Stammtisch<\/h3>\n<ul>\n<li><a href=\"https:\/\/imker-aigen.at\/index.php\/event\/die-tagfalter-im-salzburger-land-trends-treiber-und-schutz\/\">5.3.2026 Die Tagfalter im Salzburger Land \u2013 Trends, Treiber und Schutz<\/a><\/li>\n<li>\u00a0<a href=\"https:\/\/imker-aigen.at\/index.php\/event\/start-der-neueinsteigerkurse-fuer-den-flachgau\/\">13.3.2026 Start der Neueinsteigerkurs f\u00fcr den Flachgau<\/a><br \/>\nEs gibt auch einen Neueinsteigerkurs mit Schwerpunkt \u201ebiologische Bienenhaltung\u201c<\/li>\n<li><a href=\"https:\/\/imker-aigen.at\/index.php\/event\/jahreshauptversammlung-imker-ortsgruppe-bad-vigaun\/\">24.3.2026 Jahreshauptversammlung des Imker-Ortsgruppe Bad Vigaun<\/a><br \/>\nVortrag von Imkermeisterin Maria Koller (<a href=\"https:\/\/www.koasabiene.at\/\">KOASABIENE<\/a>)<\/li>\n<li><a href=\"https:\/\/imker-aigen.at\/index.php\/event\/stammtisch-7-april-2026\/\">7.4.2026 Stammtisch<\/a><\/li>\n<li><a href=\"https:\/\/imker-aigen.at\/index.php\/event\/landesimkertag-2026\/\">12.4.2026 Landesimkertag<\/a> \u2013 Wer vom Vorstand nimmt teil? Bitte um baldige Anmeldung!<\/li>\n<\/ul>\n<h3>Diverses, Diskussion, Allf\u00e4lliges<\/h3>\n<ul>\n<li>Ausflug bzw. Standbesuch<br \/>\n&#8211; Imkerei Sonderausstellung im Heimatmuseum in Altenmarkt (bis April 2026)<br \/>\n&#8211; Kr\u00e4utergarten in Hollersbach<br \/>\n&#8211; Besuch Caritas Dorf und landwirtschaftliche Fachschule in Bruck am 30.4. Eventuell k\u00f6nnen wir diesen Ausflug auch mit einem Besuch der Imker-Sonderausstellung oder des Kr\u00e4utergartens in Hollersbach kombinieren.<\/li>\n<li>Vortr\u00e4ge<br \/>\nIngrid Schmaranzer \u2013 ihre Arbeit (Carnica-Zucht (Imkereibetrieb <a href=\"https:\/\/www.imego.at\/\">IMEGO<\/a> in Gosau), Vize-Pr\u00e4sidentin des <a href=\"https:\/\/www.erwerbsimkerbund.at\/\">Erwerbsimkerbundes<\/a>, Gosauerin) + Wissenswertes \u00fcber die weltweite Imkerei und die relevanten Organisationen im Imkereisektor<br \/>\nBernd wird versuchen Ingrid zu kontaktieren. Sie ist scheinbar von ihrer Funktion als Vize-Pr\u00e4sidentin beim Erwerbsimkerbund zur\u00fcckgetreten.<\/li>\n<li>R\u00fccktritt von Robert Hertscheg als Gesundheitswart<br \/>\nRobert informiert, dass er zuk\u00fcnftig (nach der <a href=\"https:\/\/imker-aigen.at\/index.php\/event\/ausserordentliche-mitgliederversammlung-30-oktober-2026-neuwahl-des-vorstands\/\">Neuwahl am 30.10.2026<\/a>) nicht mehr als Gesundheitswart zur Verf\u00fcgung stehen wird. Bernd wird mit dem Landesverband kl\u00e4ren, wie diese Funktion nachbesetzt werden soll. Danke jedenfalls an Robert, dass er diese Aufgabe so lange erf\u00fcllt hat. Wir hoffen, dass er aber auch weiterhin mit seinen Ratschl\u00e4gen und Tipps zur Bienengesundheit zur Verf\u00fcgung stehen wird.<\/li>\n<\/ul>\n<h3>Imkern im M\u00e4rz<\/h3>\n<ul>\n<li>Imkern in Zeiten des Klimawandels<br \/>\nHasel und Erle bl\u00fchen nun gleichzeitig. Auch die Salweide bl\u00fcht bereits<br \/>\nIn der Stadt Salzburg soll es laut Wetterbericht bis kommenden Samstag (7.3.2026) t\u00e4glich 15 Grad Celsius und 11 Sonnenstunden geben.<\/li>\n<li>Kontrolle, ob die Bienenv\u00f6lker noch leben.<br \/>\n&#8211; Tote V\u00f6lker bitte sofort wegr\u00e4umen und tote Bienen nicht einfach vor das Flugloch kehren.<br \/>\n&#8211; Tote Bienen m\u00f6glichst tief vergraben, damit von m\u00f6glichen Viren und Krankheiten keine weitere Gefahr ausgehen kann<br \/>\n&#8211; Futter von abgestorbenen V\u00f6lkern ebenfalls vernichten<br \/>\n&#8211; Beuten und Beutenteile von abgestorbenen V\u00f6lkern gr\u00fcndlich reinigen<br \/>\n&#8211; Kontrolle der Futterreserven an sehr warmen Tagen (im Zuge des Schiedens)<\/li>\n<li>Angepasster Brutraum: Schieden auf die Wintertraube<\/li>\n<li>Z\u00fcchter kontrollieren auf der Windel nun \u00fcber 3 Wochen den nat\u00fcrlichen Milbenabfall (von der Bl\u00fcte der Salweide bis zur Vogelkirsche). Wichtiges Varroa-Selektionskriterium<\/li>\n<\/ul>\n<p>Derzeit propagiert der <a href=\"https:\/\/imkerhof-salzburg.at\/\">Imkerhof Salzburg<\/a> \u00fcber Instagram-Videos und WhatsApp-Posts den Einsatz spezieller Futtermittel (Reizf\u00fctterung mit einem speziellen Zuckersirup (B-Liquid von <a href=\"https:\/\/www.lapeditalia.com\/\">Laped<\/a>) sowie Zusatzstoffen wie Vitaminen und Aminos\u00e4uren). Dies wird von den anwesenden Imkerinnen und Imkern aber als nicht notwendig erachtet. Anmerkung: wenn man den Bienenv\u00f6lkern auch stets ausreichend Honig (Bl\u00fctenhonig) und Bl\u00fctenpollen in den Waben bel\u00e4sst, sollten diese Ma\u00dfnahmen nicht notwendig sein. Es kristallisiert sich zunehmend heraus, dass das Futter f\u00fcr die \u00dcberwinterung der Bienen eine signifikante Rolle spielt. Reine Zuckerl\u00f6sungen sind f\u00fcr die \u00dcberwinterung nicht ausreichend. Auch Waldhonig eignet sich nur bedingt f\u00fcr die \u00dcberwinterung (Belastung f\u00fcr die Verdauung der Bienen). In Anbetracht der Vielzahl an Stressfaktoren, denen Bienen heutzutage ausgesetzt sind, erlangt der Verbleib von Bl\u00fctenhonig in den Bienenv\u00f6lkern als Futter eine zunehmend signifikante Bedeutung. Es ist daher erforderlich, sich f\u00fcr ein ausreichendes Bl\u00fchangebot zu engagieren, anstatt mittels immer neuer Ma\u00dfnahmen die Probleme in der Natur zu kaschieren.<\/p>\n<\/div><\/section><br \/>\n<div  class='av-social-sharing-box av-4pkgjw-d837462fbff67ec058fa14d2c6f9976f av-social-sharing-box-default  avia-builder-el-4  el_after_av_textblock  el_before_av_comments_list  av-social-sharing-box-fullwidth'><div class=\"av-share-box\"><h5 class='av-share-link-description av-no-toc '>Eintrag teilen<\/h5><ul class=\"av-share-box-list noLightbox\"><li class='av-share-link av-social-link-facebook avia_social_iconfont' ><a target=\"_blank\" aria-label=\"Teilen auf Facebook\" href='https:\/\/www.facebook.com\/sharer.php?u=https:\/\/imker-aigen.at\/index.php\/2026\/03\/03\/protokoll-vom-stammtisch-am-3-3-2026\/&#038;t=Protokoll%20vom%20Stammtisch%20am%203.3.2026' data-av_icon='\ue8f3' data-av_iconfont='entypo-fontello'  title='' data-avia-related-tooltip='Teilen auf Facebook'><span class='avia_hidden_link_text'>Teilen auf Facebook<\/span><\/a><\/li><li class='av-share-link av-social-link-twitter avia_social_iconfont' ><a target=\"_blank\" aria-label=\"Teilen auf X\" href='https:\/\/twitter.com\/share?text=Protokoll%20vom%20Stammtisch%20am%203.3.2026&#038;url=https:\/\/imker-aigen.at\/?p=9676' data-av_icon='\ue932' data-av_iconfont='entypo-fontello'  title='' data-avia-related-tooltip='Teilen auf X'><span class='avia_hidden_link_text'>Teilen auf X<\/span><\/a><\/li><li class='av-share-link av-social-link-whatsapp avia_social_iconfont' ><a target=\"_blank\" aria-label=\"Teilen auf WhatsApp\" href='https:\/\/api.whatsapp.com\/send?text=https:\/\/imker-aigen.at\/index.php\/2026\/03\/03\/protokoll-vom-stammtisch-am-3-3-2026\/' data-av_icon='\uf232' data-av_iconfont='entypo-fontello'  title='' data-avia-related-tooltip='Teilen auf WhatsApp'><span class='avia_hidden_link_text'>Teilen auf WhatsApp<\/span><\/a><\/li><li class='av-share-link av-social-link-pinterest avia_social_iconfont' ><a target=\"_blank\" aria-label=\"Teilen auf Pinterest\" href='https:\/\/pinterest.com\/pin\/create\/button\/?url=https%3A%2F%2Fimker-aigen.at%2Findex.php%2F2026%2F03%2F03%2Fprotokoll-vom-stammtisch-am-3-3-2026%2F&#038;description=Protokoll%20vom%20Stammtisch%20am%203.3.2026&#038;media=https%3A%2F%2Fimker-aigen.at%2Fwp-content%2Fuploads%2F2022%2F08%2Fglasses-beer-1.jpg' data-av_icon='\ue8f8' data-av_iconfont='entypo-fontello'  title='' data-avia-related-tooltip='Teilen auf Pinterest'><span class='avia_hidden_link_text'>Teilen auf Pinterest<\/span><\/a><\/li><li class='av-share-link av-social-link-linkedin avia_social_iconfont' ><a target=\"_blank\" aria-label=\"Teilen auf LinkedIn\" href='https:\/\/linkedin.com\/shareArticle?mini=true&#038;title=Protokoll%20vom%20Stammtisch%20am%203.3.2026&#038;url=https:\/\/imker-aigen.at\/index.php\/2026\/03\/03\/protokoll-vom-stammtisch-am-3-3-2026\/' data-av_icon='\ue8fc' data-av_iconfont='entypo-fontello'  title='' data-avia-related-tooltip='Teilen auf LinkedIn'><span class='avia_hidden_link_text'>Teilen auf LinkedIn<\/span><\/a><\/li><li class='av-share-link av-social-link-reddit avia_social_iconfont' ><a target=\"_blank\" aria-label=\"Teilen auf Reddit\" href='https:\/\/reddit.com\/submit?url=https:\/\/imker-aigen.at\/index.php\/2026\/03\/03\/protokoll-vom-stammtisch-am-3-3-2026\/&#038;title=Protokoll%20vom%20Stammtisch%20am%203.3.2026' data-av_icon='\ue927' data-av_iconfont='entypo-fontello'  title='' data-avia-related-tooltip='Teilen auf Reddit'><span class='avia_hidden_link_text'>Teilen auf Reddit<\/span><\/a><\/li><li class='av-share-link av-social-link-mail avia_social_iconfont' ><a  aria-label=\"Per E-Mail teilen\" href='mailto:?subject=Protokoll%20vom%20Stammtisch%20am%203.3.2026&#038;body=https:\/\/imker-aigen.at\/index.php\/2026\/03\/03\/protokoll-vom-stammtisch-am-3-3-2026\/' data-av_icon='\ue805' data-av_iconfont='entypo-fontello'  title='' data-avia-related-tooltip='Per E-Mail teilen'><span class='avia_hidden_link_text'>Per E-Mail teilen<\/span><\/a><\/li><\/ul><\/div><\/div><br \/>\n<div  class='av-buildercomment av-2zonxo-0700f6ab68fb118076306f8c4393bf54'><\/div><\/p><\/div>\n","protected":false},"excerpt":{"rendered":"","protected":false},"author":1,"featured_media":621,"comment_status":"open","ping_status":"closed","sticky":false,"template":"","format":"standard","meta":{"footnotes":""},"categories":[18,2],"tags":[35],"class_list":["post-9676","post","type-post","status-publish","format-standard","has-post-thumbnail","hentry","category-alte-veranstaltungen","category-news","tag-stammtisch"],"yoast_head":"<!-- This site is optimized with the Yoast SEO plugin v27.5 - https:\/\/yoast.com\/product\/yoast-seo-wordpress\/ -->\n<title>Protokoll vom Stammtisch am 3.3.2026 - Imker Ortsgruppe Salzburg Aigen<\/title>\n<meta name=\"description\" content=\"Am 3. M\u00e4rz 2026 fand der monatliche Stammtisch des Imkervereins Sazburg Aigen im Gasthaus Pliemgut statt.\" \/>\n<meta name=\"robots\" content=\"index, follow, max-snippet:-1, max-image-preview:large, max-video-preview:-1\" \/>\n<link rel=\"canonical\" href=\"https:\/\/imker-aigen.at\/index.php\/2026\/03\/03\/protokoll-vom-stammtisch-am-3-3-2026\/\" \/>\n<meta property=\"og:locale\" content=\"de_DE\" \/>\n<meta property=\"og:type\" content=\"article\" \/>\n<meta property=\"og:title\" content=\"Protokoll vom Stammtisch am 3.3.2026 - Imker Ortsgruppe Salzburg Aigen\" \/>\n<meta property=\"og:description\" content=\"Am 3. M\u00e4rz 2026 fand der monatliche Stammtisch des Imkervereins Sazburg Aigen im Gasthaus Pliemgut statt.\" \/>\n<meta property=\"og:url\" content=\"https:\/\/imker-aigen.at\/index.php\/2026\/03\/03\/protokoll-vom-stammtisch-am-3-3-2026\/\" \/>\n<meta property=\"og:site_name\" content=\"Imker Ortsgruppe Salzburg Aigen\" \/>\n<meta property=\"article:published_time\" content=\"2026-03-03T18:00:11+00:00\" \/>\n<meta property=\"article:modified_time\" content=\"2026-03-06T08:01:47+00:00\" \/>\n<meta property=\"og:image\" content=\"https:\/\/imker-aigen.at\/wp-content\/uploads\/2022\/08\/glasses-beer-1.jpg\" \/>\n\t<meta property=\"og:image:width\" content=\"180\" \/>\n\t<meta property=\"og:image:height\" content=\"241\" \/>\n\t<meta property=\"og:image:type\" content=\"image\/jpeg\" \/>\n<meta name=\"author\" content=\"admin\" \/>\n<meta name=\"twitter:card\" content=\"summary_large_image\" \/>\n<meta name=\"twitter:label1\" content=\"Verfasst von\" \/>\n\t<meta name=\"twitter:data1\" content=\"admin\" \/>\n\t<meta name=\"twitter:label2\" content=\"Gesch\u00e4tzte Lesezeit\" \/>\n\t<meta name=\"twitter:data2\" content=\"6\u00a0Minuten\" \/>\n<script type=\"application\/ld+json\" class=\"yoast-schema-graph\">{\"@context\":\"https:\\\/\\\/schema.org\",\"@graph\":[{\"@type\":\"Article\",\"@id\":\"https:\\\/\\\/imker-aigen.at\\\/index.php\\\/2026\\\/03\\\/03\\\/protokoll-vom-stammtisch-am-3-3-2026\\\/#article\",\"isPartOf\":{\"@id\":\"https:\\\/\\\/imker-aigen.at\\\/index.php\\\/2026\\\/03\\\/03\\\/protokoll-vom-stammtisch-am-3-3-2026\\\/\"},\"author\":{\"name\":\"admin\",\"@id\":\"https:\\\/\\\/imker-aigen.at\\\/#\\\/schema\\\/person\\\/d7d0c3a8ef6f051d450781218ac83077\"},\"headline\":\"Protokoll vom Stammtisch am 3.3.2026\",\"datePublished\":\"2026-03-03T18:00:11+00:00\",\"dateModified\":\"2026-03-06T08:01:47+00:00\",\"mainEntityOfPage\":{\"@id\":\"https:\\\/\\\/imker-aigen.at\\\/index.php\\\/2026\\\/03\\\/03\\\/protokoll-vom-stammtisch-am-3-3-2026\\\/\"},\"wordCount\":1979,\"commentCount\":0,\"publisher\":{\"@id\":\"https:\\\/\\\/imker-aigen.at\\\/#organization\"},\"image\":{\"@id\":\"https:\\\/\\\/imker-aigen.at\\\/index.php\\\/2026\\\/03\\\/03\\\/protokoll-vom-stammtisch-am-3-3-2026\\\/#primaryimage\"},\"thumbnailUrl\":\"https:\\\/\\\/imker-aigen.at\\\/wp-content\\\/uploads\\\/2022\\\/08\\\/glasses-beer-1.jpg\",\"keywords\":[\"Stammtisch\"],\"articleSection\":[\"Alte Veranstaltungen\",\"News\"],\"inLanguage\":\"de\",\"potentialAction\":[{\"@type\":\"CommentAction\",\"name\":\"Comment\",\"target\":[\"https:\\\/\\\/imker-aigen.at\\\/index.php\\\/2026\\\/03\\\/03\\\/protokoll-vom-stammtisch-am-3-3-2026\\\/#respond\"]}]},{\"@type\":\"WebPage\",\"@id\":\"https:\\\/\\\/imker-aigen.at\\\/index.php\\\/2026\\\/03\\\/03\\\/protokoll-vom-stammtisch-am-3-3-2026\\\/\",\"url\":\"https:\\\/\\\/imker-aigen.at\\\/index.php\\\/2026\\\/03\\\/03\\\/protokoll-vom-stammtisch-am-3-3-2026\\\/\",\"name\":\"Protokoll vom Stammtisch am 3.3.2026 - Imker Ortsgruppe Salzburg Aigen\",\"isPartOf\":{\"@id\":\"https:\\\/\\\/imker-aigen.at\\\/#website\"},\"primaryImageOfPage\":{\"@id\":\"https:\\\/\\\/imker-aigen.at\\\/index.php\\\/2026\\\/03\\\/03\\\/protokoll-vom-stammtisch-am-3-3-2026\\\/#primaryimage\"},\"image\":{\"@id\":\"https:\\\/\\\/imker-aigen.at\\\/index.php\\\/2026\\\/03\\\/03\\\/protokoll-vom-stammtisch-am-3-3-2026\\\/#primaryimage\"},\"thumbnailUrl\":\"https:\\\/\\\/imker-aigen.at\\\/wp-content\\\/uploads\\\/2022\\\/08\\\/glasses-beer-1.jpg\",\"datePublished\":\"2026-03-03T18:00:11+00:00\",\"dateModified\":\"2026-03-06T08:01:47+00:00\",\"description\":\"Am 3. M\u00e4rz 2026 fand der monatliche Stammtisch des Imkervereins Sazburg Aigen im Gasthaus Pliemgut statt.\",\"breadcrumb\":{\"@id\":\"https:\\\/\\\/imker-aigen.at\\\/index.php\\\/2026\\\/03\\\/03\\\/protokoll-vom-stammtisch-am-3-3-2026\\\/#breadcrumb\"},\"inLanguage\":\"de\",\"potentialAction\":[{\"@type\":\"ReadAction\",\"target\":[\"https:\\\/\\\/imker-aigen.at\\\/index.php\\\/2026\\\/03\\\/03\\\/protokoll-vom-stammtisch-am-3-3-2026\\\/\"]}]},{\"@type\":\"ImageObject\",\"inLanguage\":\"de\",\"@id\":\"https:\\\/\\\/imker-aigen.at\\\/index.php\\\/2026\\\/03\\\/03\\\/protokoll-vom-stammtisch-am-3-3-2026\\\/#primaryimage\",\"url\":\"https:\\\/\\\/imker-aigen.at\\\/wp-content\\\/uploads\\\/2022\\\/08\\\/glasses-beer-1.jpg\",\"contentUrl\":\"https:\\\/\\\/imker-aigen.at\\\/wp-content\\\/uploads\\\/2022\\\/08\\\/glasses-beer-1.jpg\",\"width\":180,\"height\":241,\"caption\":\"Bier\"},{\"@type\":\"BreadcrumbList\",\"@id\":\"https:\\\/\\\/imker-aigen.at\\\/index.php\\\/2026\\\/03\\\/03\\\/protokoll-vom-stammtisch-am-3-3-2026\\\/#breadcrumb\",\"itemListElement\":[{\"@type\":\"ListItem\",\"position\":1,\"name\":\"Startseite\",\"item\":\"https:\\\/\\\/imker-aigen.at\\\/index.php\\\/home\\\/\"},{\"@type\":\"ListItem\",\"position\":2,\"name\":\"Protokoll vom Stammtisch am 3.3.2026\"}]},{\"@type\":\"WebSite\",\"@id\":\"https:\\\/\\\/imker-aigen.at\\\/#website\",\"url\":\"https:\\\/\\\/imker-aigen.at\\\/\",\"name\":\"Imker Ortsgruppe Salzburg Aigen\",\"description\":\"Homepage der Imker-Ortsgruppe Salzburg Aigen\",\"publisher\":{\"@id\":\"https:\\\/\\\/imker-aigen.at\\\/#organization\"},\"potentialAction\":[{\"@type\":\"SearchAction\",\"target\":{\"@type\":\"EntryPoint\",\"urlTemplate\":\"https:\\\/\\\/imker-aigen.at\\\/?s={search_term_string}\"},\"query-input\":{\"@type\":\"PropertyValueSpecification\",\"valueRequired\":true,\"valueName\":\"search_term_string\"}}],\"inLanguage\":\"de\"},{\"@type\":\"Organization\",\"@id\":\"https:\\\/\\\/imker-aigen.at\\\/#organization\",\"name\":\"Imker Ortsgruppe Salzburg Aigen\",\"url\":\"https:\\\/\\\/imker-aigen.at\\\/\",\"logo\":{\"@type\":\"ImageObject\",\"inLanguage\":\"de\",\"@id\":\"https:\\\/\\\/imker-aigen.at\\\/#\\\/schema\\\/logo\\\/image\\\/\",\"url\":\"https:\\\/\\\/imker-aigen.at\\\/wp-content\\\/uploads\\\/2022\\\/08\\\/logo-1.png\",\"contentUrl\":\"https:\\\/\\\/imker-aigen.at\\\/wp-content\\\/uploads\\\/2022\\\/08\\\/logo-1.png\",\"width\":392,\"height\":156,\"caption\":\"Imker Ortsgruppe Salzburg Aigen\"},\"image\":{\"@id\":\"https:\\\/\\\/imker-aigen.at\\\/#\\\/schema\\\/logo\\\/image\\\/\"}},{\"@type\":\"Person\",\"@id\":\"https:\\\/\\\/imker-aigen.at\\\/#\\\/schema\\\/person\\\/d7d0c3a8ef6f051d450781218ac83077\",\"name\":\"admin\",\"image\":{\"@type\":\"ImageObject\",\"inLanguage\":\"de\",\"@id\":\"https:\\\/\\\/secure.gravatar.com\\\/avatar\\\/925a7e918efd3cfdae29be9c0018a3ae3275cd0444a6e166241172bb6e5243c7?s=96&d=mm&r=g\",\"url\":\"https:\\\/\\\/secure.gravatar.com\\\/avatar\\\/925a7e918efd3cfdae29be9c0018a3ae3275cd0444a6e166241172bb6e5243c7?s=96&d=mm&r=g\",\"contentUrl\":\"https:\\\/\\\/secure.gravatar.com\\\/avatar\\\/925a7e918efd3cfdae29be9c0018a3ae3275cd0444a6e166241172bb6e5243c7?s=96&d=mm&r=g\",\"caption\":\"admin\"},\"sameAs\":[\"https:\\\/\\\/imker-aigen.at\",\"linkedin.com\\\/in\\\/bernd-meierhofer-5919b62\"],\"url\":\"https:\\\/\\\/imker-aigen.at\\\/index.php\\\/author\\\/bmeierhofer\\\/\"}]}<\/script>\n<!-- \/ Yoast SEO plugin. -->","yoast_head_json":{"title":"Protokoll vom Stammtisch am 3.3.2026 - Imker Ortsgruppe Salzburg Aigen","description":"Am 3. M\u00e4rz 2026 fand der monatliche Stammtisch des Imkervereins Sazburg Aigen im Gasthaus Pliemgut statt.","robots":{"index":"index","follow":"follow","max-snippet":"max-snippet:-1","max-image-preview":"max-image-preview:large","max-video-preview":"max-video-preview:-1"},"canonical":"https:\/\/imker-aigen.at\/index.php\/2026\/03\/03\/protokoll-vom-stammtisch-am-3-3-2026\/","og_locale":"de_DE","og_type":"article","og_title":"Protokoll vom Stammtisch am 3.3.2026 - Imker Ortsgruppe Salzburg Aigen","og_description":"Am 3. M\u00e4rz 2026 fand der monatliche Stammtisch des Imkervereins Sazburg Aigen im Gasthaus Pliemgut statt.","og_url":"https:\/\/imker-aigen.at\/index.php\/2026\/03\/03\/protokoll-vom-stammtisch-am-3-3-2026\/","og_site_name":"Imker Ortsgruppe Salzburg Aigen","article_published_time":"2026-03-03T18:00:11+00:00","article_modified_time":"2026-03-06T08:01:47+00:00","og_image":[{"width":180,"height":241,"url":"https:\/\/imker-aigen.at\/wp-content\/uploads\/2022\/08\/glasses-beer-1.jpg","type":"image\/jpeg"}],"author":"admin","twitter_card":"summary_large_image","twitter_misc":{"Verfasst von":"admin","Gesch\u00e4tzte Lesezeit":"6\u00a0Minuten"},"schema":{"@context":"https:\/\/schema.org","@graph":[{"@type":"Article","@id":"https:\/\/imker-aigen.at\/index.php\/2026\/03\/03\/protokoll-vom-stammtisch-am-3-3-2026\/#article","isPartOf":{"@id":"https:\/\/imker-aigen.at\/index.php\/2026\/03\/03\/protokoll-vom-stammtisch-am-3-3-2026\/"},"author":{"name":"admin","@id":"https:\/\/imker-aigen.at\/#\/schema\/person\/d7d0c3a8ef6f051d450781218ac83077"},"headline":"Protokoll vom Stammtisch am 3.3.2026","datePublished":"2026-03-03T18:00:11+00:00","dateModified":"2026-03-06T08:01:47+00:00","mainEntityOfPage":{"@id":"https:\/\/imker-aigen.at\/index.php\/2026\/03\/03\/protokoll-vom-stammtisch-am-3-3-2026\/"},"wordCount":1979,"commentCount":0,"publisher":{"@id":"https:\/\/imker-aigen.at\/#organization"},"image":{"@id":"https:\/\/imker-aigen.at\/index.php\/2026\/03\/03\/protokoll-vom-stammtisch-am-3-3-2026\/#primaryimage"},"thumbnailUrl":"https:\/\/imker-aigen.at\/wp-content\/uploads\/2022\/08\/glasses-beer-1.jpg","keywords":["Stammtisch"],"articleSection":["Alte Veranstaltungen","News"],"inLanguage":"de","potentialAction":[{"@type":"CommentAction","name":"Comment","target":["https:\/\/imker-aigen.at\/index.php\/2026\/03\/03\/protokoll-vom-stammtisch-am-3-3-2026\/#respond"]}]},{"@type":"WebPage","@id":"https:\/\/imker-aigen.at\/index.php\/2026\/03\/03\/protokoll-vom-stammtisch-am-3-3-2026\/","url":"https:\/\/imker-aigen.at\/index.php\/2026\/03\/03\/protokoll-vom-stammtisch-am-3-3-2026\/","name":"Protokoll vom Stammtisch am 3.3.2026 - Imker Ortsgruppe Salzburg Aigen","isPartOf":{"@id":"https:\/\/imker-aigen.at\/#website"},"primaryImageOfPage":{"@id":"https:\/\/imker-aigen.at\/index.php\/2026\/03\/03\/protokoll-vom-stammtisch-am-3-3-2026\/#primaryimage"},"image":{"@id":"https:\/\/imker-aigen.at\/index.php\/2026\/03\/03\/protokoll-vom-stammtisch-am-3-3-2026\/#primaryimage"},"thumbnailUrl":"https:\/\/imker-aigen.at\/wp-content\/uploads\/2022\/08\/glasses-beer-1.jpg","datePublished":"2026-03-03T18:00:11+00:00","dateModified":"2026-03-06T08:01:47+00:00","description":"Am 3. M\u00e4rz 2026 fand der monatliche Stammtisch des Imkervereins Sazburg Aigen im Gasthaus Pliemgut statt.","breadcrumb":{"@id":"https:\/\/imker-aigen.at\/index.php\/2026\/03\/03\/protokoll-vom-stammtisch-am-3-3-2026\/#breadcrumb"},"inLanguage":"de","potentialAction":[{"@type":"ReadAction","target":["https:\/\/imker-aigen.at\/index.php\/2026\/03\/03\/protokoll-vom-stammtisch-am-3-3-2026\/"]}]},{"@type":"ImageObject","inLanguage":"de","@id":"https:\/\/imker-aigen.at\/index.php\/2026\/03\/03\/protokoll-vom-stammtisch-am-3-3-2026\/#primaryimage","url":"https:\/\/imker-aigen.at\/wp-content\/uploads\/2022\/08\/glasses-beer-1.jpg","contentUrl":"https:\/\/imker-aigen.at\/wp-content\/uploads\/2022\/08\/glasses-beer-1.jpg","width":180,"height":241,"caption":"Bier"},{"@type":"BreadcrumbList","@id":"https:\/\/imker-aigen.at\/index.php\/2026\/03\/03\/protokoll-vom-stammtisch-am-3-3-2026\/#breadcrumb","itemListElement":[{"@type":"ListItem","position":1,"name":"Startseite","item":"https:\/\/imker-aigen.at\/index.php\/home\/"},{"@type":"ListItem","position":2,"name":"Protokoll vom Stammtisch am 3.3.2026"}]},{"@type":"WebSite","@id":"https:\/\/imker-aigen.at\/#website","url":"https:\/\/imker-aigen.at\/","name":"Imker Ortsgruppe Salzburg Aigen","description":"Homepage der Imker-Ortsgruppe Salzburg Aigen","publisher":{"@id":"https:\/\/imker-aigen.at\/#organization"},"potentialAction":[{"@type":"SearchAction","target":{"@type":"EntryPoint","urlTemplate":"https:\/\/imker-aigen.at\/?s={search_term_string}"},"query-input":{"@type":"PropertyValueSpecification","valueRequired":true,"valueName":"search_term_string"}}],"inLanguage":"de"},{"@type":"Organization","@id":"https:\/\/imker-aigen.at\/#organization","name":"Imker Ortsgruppe Salzburg Aigen","url":"https:\/\/imker-aigen.at\/","logo":{"@type":"ImageObject","inLanguage":"de","@id":"https:\/\/imker-aigen.at\/#\/schema\/logo\/image\/","url":"https:\/\/imker-aigen.at\/wp-content\/uploads\/2022\/08\/logo-1.png","contentUrl":"https:\/\/imker-aigen.at\/wp-content\/uploads\/2022\/08\/logo-1.png","width":392,"height":156,"caption":"Imker Ortsgruppe Salzburg Aigen"},"image":{"@id":"https:\/\/imker-aigen.at\/#\/schema\/logo\/image\/"}},{"@type":"Person","@id":"https:\/\/imker-aigen.at\/#\/schema\/person\/d7d0c3a8ef6f051d450781218ac83077","name":"admin","image":{"@type":"ImageObject","inLanguage":"de","@id":"https:\/\/secure.gravatar.com\/avatar\/925a7e918efd3cfdae29be9c0018a3ae3275cd0444a6e166241172bb6e5243c7?s=96&d=mm&r=g","url":"https:\/\/secure.gravatar.com\/avatar\/925a7e918efd3cfdae29be9c0018a3ae3275cd0444a6e166241172bb6e5243c7?s=96&d=mm&r=g","contentUrl":"https:\/\/secure.gravatar.com\/avatar\/925a7e918efd3cfdae29be9c0018a3ae3275cd0444a6e166241172bb6e5243c7?s=96&d=mm&r=g","caption":"admin"},"sameAs":["https:\/\/imker-aigen.at","linkedin.com\/in\/bernd-meierhofer-5919b62"],"url":"https:\/\/imker-aigen.at\/index.php\/author\/bmeierhofer\/"}]}},"_links":{"self":[{"href":"https:\/\/imker-aigen.at\/index.php\/wp-json\/wp\/v2\/posts\/9676","targetHints":{"allow":["GET"]}}],"collection":[{"href":"https:\/\/imker-aigen.at\/index.php\/wp-json\/wp\/v2\/posts"}],"about":[{"href":"https:\/\/imker-aigen.at\/index.php\/wp-json\/wp\/v2\/types\/post"}],"author":[{"embeddable":true,"href":"https:\/\/imker-aigen.at\/index.php\/wp-json\/wp\/v2\/users\/1"}],"replies":[{"embeddable":true,"href":"https:\/\/imker-aigen.at\/index.php\/wp-json\/wp\/v2\/comments?post=9676"}],"version-history":[{"count":12,"href":"https:\/\/imker-aigen.at\/index.php\/wp-json\/wp\/v2\/posts\/9676\/revisions"}],"predecessor-version":[{"id":9698,"href":"https:\/\/imker-aigen.at\/index.php\/wp-json\/wp\/v2\/posts\/9676\/revisions\/9698"}],"wp:featuredmedia":[{"embeddable":true,"href":"https:\/\/imker-aigen.at\/index.php\/wp-json\/wp\/v2\/media\/621"}],"wp:attachment":[{"href":"https:\/\/imker-aigen.at\/index.php\/wp-json\/wp\/v2\/media?parent=9676"}],"wp:term":[{"taxonomy":"category","embeddable":true,"href":"https:\/\/imker-aigen.at\/index.php\/wp-json\/wp\/v2\/categories?post=9676"},{"taxonomy":"post_tag","embeddable":true,"href":"https:\/\/imker-aigen.at\/index.php\/wp-json\/wp\/v2\/tags?post=9676"}],"curies":[{"name":"wp","href":"https:\/\/api.w.org\/{rel}","templated":true}]}}