{"id":9835,"date":"2026-03-26T09:50:57","date_gmt":"2026-03-26T08:50:57","guid":{"rendered":"https:\/\/imker-aigen.at\/?p=9835"},"modified":"2026-03-26T12:20:53","modified_gmt":"2026-03-26T11:20:53","slug":"jahreshauptversammlung-2026-der-imker-ortsgruppe-bad-vigaun","status":"publish","type":"post","link":"https:\/\/imker-aigen.at\/index.php\/2026\/03\/26\/jahreshauptversammlung-2026-der-imker-ortsgruppe-bad-vigaun\/","title":{"rendered":"Jahreshauptversammlung 2026 der Imker-Ortsgruppe Bad Vigaun"},"content":{"rendered":"<div  class='flex_column av-6kb5l7-7fdcdd6f5326ab45164302092d4be776 av_one_full  avia-builder-el-0  avia-builder-el-no-sibling  first flex_column_div  '     ><p>\n<style type=\"text\/css\" data-created_by=\"avia_inline_auto\" id=\"style-css-av-mn78640x-fe89513978663780f6809a7344e5a476\">\n#top .av-special-heading.av-mn78640x-fe89513978663780f6809a7344e5a476{\npadding-bottom:10px;\n}\nbody .av-special-heading.av-mn78640x-fe89513978663780f6809a7344e5a476 .av-special-heading-tag .heading-char{\nfont-size:25px;\n}\n.av-special-heading.av-mn78640x-fe89513978663780f6809a7344e5a476 .av-subheading{\nfont-size:15px;\n}\n<\/style>\n<div  class='av-special-heading av-mn78640x-fe89513978663780f6809a7344e5a476 av-special-heading-h3 blockquote modern-quote modern-centered  avia-builder-el-1  el_before_av_image  avia-builder-el-first '><h3 class='av-special-heading-tag '  itemprop=\"headline\"  >Die Jahreshauptversammlung der Imker-Ortsgruppe Bad Vigaun <\/h3><div class='av-subheading av-subheading_below'><p>Fachvortrag von Imkermeisterin Maria Koller (KOASABIENE)<\/p>\n<\/div><div class=\"special-heading-border\"><div class=\"special-heading-inner-border\"><\/div><\/div><\/div><br \/>\n\n<style type=\"text\/css\" data-created_by=\"avia_inline_auto\" id=\"style-css-av-mn7d7j5y-eaf2dbc82f4aaa4c99e4f6da6d0ab9f0\">\n.avia-image-container.av-mn7d7j5y-eaf2dbc82f4aaa4c99e4f6da6d0ab9f0 img.avia_image{\nbox-shadow:none;\n}\n.avia-image-container.av-mn7d7j5y-eaf2dbc82f4aaa4c99e4f6da6d0ab9f0 .av-image-caption-overlay-center{\ncolor:#ffffff;\n}\n<\/style>\n<div  class='avia-image-container av-mn7d7j5y-eaf2dbc82f4aaa4c99e4f6da6d0ab9f0 av-styling- avia-align-center  avia-builder-el-2  el_after_av_heading  el_before_av_hr '   itemprop=\"image\" itemscope=\"itemscope\" itemtype=\"https:\/\/schema.org\/ImageObject\" ><div class=\"avia-image-container-inner\"><div class=\"avia-image-overlay-wrap\"><img decoding=\"async\" fetchpriority=\"high\" class='wp-image-9838 avia-img-lazy-loading-not-9838 avia_image ' src=\"https:\/\/imker-aigen.at\/wp-content\/uploads\/2026\/03\/schlenken_1024_768-300x225.jpg\" alt='' title='Schlenken (1648 m) - der Hausberg von Bad Vigaun'  height=\"225\" width=\"300\"  itemprop=\"thumbnailUrl\" srcset=\"https:\/\/imker-aigen.at\/wp-content\/uploads\/2026\/03\/schlenken_1024_768-300x225.jpg 300w, https:\/\/imker-aigen.at\/wp-content\/uploads\/2026\/03\/schlenken_1024_768-768x576.jpg 768w, https:\/\/imker-aigen.at\/wp-content\/uploads\/2026\/03\/schlenken_1024_768-705x529.jpg 705w, https:\/\/imker-aigen.at\/wp-content\/uploads\/2026\/03\/schlenken_1024_768.jpg 1024w\" sizes=\"(max-width: 300px) 100vw, 300px\" \/><\/div><\/div><\/div><br \/>\n\n<style type=\"text\/css\" data-created_by=\"avia_inline_auto\" id=\"style-css-av-mn786ap4-d33f1f053e8f07a99b7baf4e964b4a29\">\n#top .hr.av-mn786ap4-d33f1f053e8f07a99b7baf4e964b4a29{\nmargin-top:30px;\nmargin-bottom:30px;\n}\n.hr.av-mn786ap4-d33f1f053e8f07a99b7baf4e964b4a29 .hr-inner{\nwidth:50px;\nmax-width:45%;\n}\n<\/style>\n<div  class='hr av-mn786ap4-d33f1f053e8f07a99b7baf4e964b4a29 hr-custom  avia-builder-el-3  el_after_av_image  el_before_av_textblock  hr-center hr-icon-yes'><span class='hr-inner inner-border-av-border-thin'><span class=\"hr-inner-style\"><\/span><\/span><span class='av-seperator-icon avia-svg-icon avia-font-svg_entypo-fontello' data-av_svg_icon='dot-3' data-av_iconset='svg_entypo-fontello'><svg version=\"1.1\" xmlns=\"http:\/\/www.w3.org\/2000\/svg\" width=\"29\" height=\"32\" viewBox=\"0 0 29 32\" preserveAspectRatio=\"xMidYMid meet\" aria-labelledby='av-svg-title-1' aria-describedby='av-svg-desc-1' role=\"graphics-symbol\">\n<title id='av-svg-title-1'>Dot-3<\/title>\n<desc id='av-svg-desc-1'>Dot-3<\/desc>\n<path d=\"M3.52 12.48q1.472 0 2.496 1.024t1.024 2.496q0 1.408-1.024 2.464t-2.496 1.056-2.496-1.056-1.024-2.464q0-1.472 1.024-2.496t2.496-1.024zM14.72 12.48q1.472 0 2.496 1.024t1.024 2.496q0 1.408-1.056 2.464t-2.464 1.056-2.464-1.056-1.056-2.464q0-1.472 1.024-2.496t2.496-1.024zM25.92 12.48q1.472 0 2.496 1.024t1.024 2.496q0 1.408-1.024 2.464t-2.496 1.056-2.496-1.056-1.024-2.464q0-1.472 1.024-2.496t2.496-1.024z\"><\/path>\n<\/svg><\/span><span class='hr-inner inner-border-av-border-thin'><span class=\"hr-inner-style\"><\/span><\/span><\/div><br \/>\n<section  class='av_textblock_section av-mn78g2qf-ba3791f7253d44bafa993d74c86e08ed '   itemscope=\"itemscope\" itemtype=\"https:\/\/schema.org\/BlogPosting\" itemprop=\"blogPost\" ><div class='avia_textblock'  itemprop=\"text\" ><p><span style=\"color: #999999;\">Autor: Bernd Meierhofer<\/span><\/p>\n<p>Die Jahreshauptversammlung der Imker-Ortsgruppe Bad Vigaun fand am 24. M\u00e4rz 2026 im <a href=\"https:\/\/www.langwies.at\/\">Gasthaus Langwies<\/a> statt und bot den zahlreichen anwesenden Mitgliedern und G\u00e4sten ein abwechslungsreiches Programm.<\/p>\n<p>Neben dem R\u00fcckblick auf die Bienensaison 2025 (am 2. Juli war bereits Trachtende im Tal) durfte auch ein Ausblick auf die kommende Bienensaison nicht fehlen: F\u00fcr 2026 sind wieder zahlreiche Aktivit\u00e4ten geplant. So soll am 30. August erneut der Bad Vigauner Fr\u00fchschoppen stattfinden. Dar\u00fcber hinaus ist im August ein gr\u00f6\u00dferes Imkerfest im Tennengau vorgesehen. Ebenso wird der Verein wieder einen Ausflug organisieren, der heuer zu zwei Imkereibetrieben in Bayern f\u00fchren soll. Einer der geplanten Besuche gilt dem Betrieb von <a href=\"https:\/\/www.oxymel.store\/\">Johannes Kratzer<\/a>, der neben seiner Landwirtschaft und Bienenhaltung auch eine \u00d6lm\u00fchle betreibt.<\/p>\n<p>Ein besonderer H\u00f6hepunkt der Veranstaltung war der Fachvortrag von Imkermeisterin Maria Koller, die eindrucksvoll \u00fcber die Qualit\u00e4t von Honig sowie \u00fcber die richtige Vermarktung von Imkereiprodukten referierte. Sie vermarktet ihre eigenen Erzeugnisse unter der Marke \u201e<a href=\"https:\/\/www.koasabiene.at\/\">KOASABIENE<\/a>\u201c, angelehnt an ihre Heimat rund um den Wilden Kaiser bei Kufstein. Anhand anschaulicher Beispiele zeigte sie auch verschiedene Formen mangelhafter Honigqualit\u00e4t auf.<\/p>\n<p>Dabei erkl\u00e4rte sie, dass Honig vor allem dann an Qualit\u00e4t verliert, wenn der Wassergehalt zu hoch ist oder die Lagerbedingungen nicht stimmen. Aus diesem Grund sollte ein kalibrierter Refraktometer w\u00e4hrend der Honigernte zur Standardausr\u00fcstung eines Imkers geh\u00f6ren. Besonders kritisch sind im Lagerraum Temperaturen zwischen 18 und 25 Grad Celsius, da sich in diesem Bereich Hefebakterien optimal vermehren k\u00f6nnen. Zudem wies sie darauf hin, dass Honig hygroskopisch ist, also Wasser aus der Umgebungsluft aufnehmen kann. Daher ist es unerl\u00e4sslich, Honig stets luftdicht zu verschlie\u00dfen, um sowohl Feuchtigkeit als auch Staub oder andere Verunreinigungen fernzuhalten.<\/p>\n<p>Als weitere wichtige Qualit\u00e4tsmerkmale nannte sie einen hohen Invertasewert sowie einen niedrigen HMF-Wert (Hydroxymethylfurfural). Ein hoher Invertasewert zeigt, wie enzymreich der Honig ist und wie gut die Bienen die Saccharose in Fructose und Glukose aufgespalten haben \u2013 ein Wert, der steigt, je \u00f6fter der Honig von Biene zu Biene weitergegeben wurde. Ein erh\u00f6hter HMF-Wert hingegen ist ein klares Zeichen f\u00fcr eine Hitzesch\u00e4digung des Honigs. Mit jeder Erw\u00e4rmung oder Verfl\u00fcssigung steigt dieser Wert an, w\u00e4hrend gleichzeitig die Invertase abnimmt.<\/p>\n<p>Abschlie\u00dfend ging sie auch auf nat\u00fcrliche Ver\u00e4nderungen des Honigs ein: Die Kristallisation bzw. das Kandieren sind v\u00f6llig nat\u00fcrliche Prozesse und kein Qualit\u00e4tsmangel. F\u00fcr Konsumentinnen und Konsumenten beeintr\u00e4chtigen sie jedoch oft das Erscheinungsbild, weshalb sie bei der Vermarktung m\u00f6glichst vermieden werden sollten. In diesem Zusammenhang kann es auch zu einer sogenannten Phasentrennung kommen, bei der sich \u00fcber dem bereits kandierten, festen Honig eine fl\u00fcssigere Schicht mit h\u00f6herem Wassergehalt bildet (Mutterlaugenbildung). Auch dies gilt es durch sorgf\u00e4ltige Verarbeitung und Lagerung zu verhindern.<\/p>\n<p>Im zweiten Teil ihres Vortrages widmete sich Maria Koller intensiv der Vermarktung ihrer Imkereiprodukte. Dabei erl\u00e4uterte sie den Werdegang ihres Logos und ging detailliert auf die Gestaltung ansprechender und gesetzeskonformer Etiketten ein. Ebenso erkl\u00e4rte sie, welche zus\u00e4tzlichen Aufkleber sich am Honigglas bew\u00e4hrt haben \u2013 bei ihr kommen pro Glas bereits bis zu f\u00fcnf verschiedene Aufkleber zum Einsatz. Dar\u00fcber hinaus betonte sie, wie wichtig es f\u00fcr moderne Imkereibetriebe geworden ist, auch medial pr\u00e4sent zu sein, um die eigenen Produkte erfolgreich zu positionieren und neue Kundinnen und Kunden zu erreichen.<\/p>\n<p>Als m\u00f6gliche Ausflugsziele empfahl Maria Koller zudem den Besuch der <a href=\"https:\/\/gebirgsimkerei-glocknerbiene.jimdosite.com\/\">Imkerei \u201eGlocknerbiene\u201c<\/a> von IM Sebastian Bauernfeind in Osttirol sowie die <a href=\"https:\/\/lla-imst.at\/erwachsenenbildungkurse\/imkerschule\">Tiroler Imkerschule in Imst<\/a>. Besonders die Imkerschule beherbergt eine \u00fcber Jahrzehnte aufgebaute, umfangreiche Sammlung von Honigproben und bietet damit einen einzigartigen Einblick in die Vielfalt und Entwicklung von Honig.<\/p>\n<p>Im Rahmen der Versammlung wurden mehrere Mitglieder f\u00fcr ihre 10-j\u00e4hrige Zugeh\u00f6rigkeit zur Ortsgruppe und zum <a href=\"https:\/\/imkerhof-salzburg.at\/\">Salzburger Landesverband f\u00fcr Imkerei und Bienenzucht<\/a> geehrt. Die Auszeichnungen \u00fcberreichte der Ehrengast des Abends, B\u00fcrgermeister Alexander Sartori. In seinen Gru\u00dfworten bedankte er sich herzlich bei den Imkern der Ortsgruppe f\u00fcr ihr Engagement und die gute Zusammenarbeit. Er hob hervor, wie bedeutend die Arbeit der Imker sowie der Vereine insgesamt f\u00fcr das gesellschaftliche Leben in der Gemeinde ist.<\/p>\n<p>Die Versammlung zeigte einmal mehr den starken Zusammenhalt innerhalb der Ortsgruppe Bad Vigaun und die gro\u00dfe Bedeutung der Imkerei f\u00fcr die Region.<\/p>\n<\/div><\/section><br \/>\n<div  class='av-social-sharing-box av-49zjrv-84296d3e0153128e2b39e904e4ee4305 av-social-sharing-box-default  avia-builder-el-5  el_after_av_textblock  el_before_av_comments_list  av-social-sharing-box-fullwidth'><div class=\"av-share-box\"><h5 class='av-share-link-description av-no-toc '>Eintrag teilen<\/h5><ul class=\"av-share-box-list noLightbox\"><li class='av-share-link av-social-link-facebook avia_social_iconfont' ><a target=\"_blank\" aria-label=\"Teilen auf Facebook\" href='https:\/\/www.facebook.com\/sharer.php?u=https:\/\/imker-aigen.at\/index.php\/2026\/03\/26\/jahreshauptversammlung-2026-der-imker-ortsgruppe-bad-vigaun\/&#038;t=Jahreshauptversammlung%202026%20der%20Imker-Ortsgruppe%20Bad%20Vigaun' data-av_icon='\ue8f3' data-av_iconfont='entypo-fontello'  title='' data-avia-related-tooltip='Teilen auf Facebook'><span class='avia_hidden_link_text'>Teilen auf Facebook<\/span><\/a><\/li><li class='av-share-link av-social-link-twitter avia_social_iconfont' ><a target=\"_blank\" aria-label=\"Teilen auf X\" href='https:\/\/twitter.com\/share?text=Jahreshauptversammlung%202026%20der%20Imker-Ortsgruppe%20Bad%20Vigaun&#038;url=https:\/\/imker-aigen.at\/?p=9835' data-av_icon='\ue932' data-av_iconfont='entypo-fontello'  title='' data-avia-related-tooltip='Teilen auf X'><span class='avia_hidden_link_text'>Teilen auf X<\/span><\/a><\/li><li class='av-share-link av-social-link-whatsapp avia_social_iconfont' ><a target=\"_blank\" aria-label=\"Teilen auf WhatsApp\" href='https:\/\/api.whatsapp.com\/send?text=https:\/\/imker-aigen.at\/index.php\/2026\/03\/26\/jahreshauptversammlung-2026-der-imker-ortsgruppe-bad-vigaun\/' data-av_icon='\uf232' data-av_iconfont='entypo-fontello'  title='' data-avia-related-tooltip='Teilen auf WhatsApp'><span class='avia_hidden_link_text'>Teilen auf WhatsApp<\/span><\/a><\/li><li class='av-share-link av-social-link-pinterest avia_social_iconfont' ><a target=\"_blank\" aria-label=\"Teilen auf Pinterest\" href='https:\/\/pinterest.com\/pin\/create\/button\/?url=https%3A%2F%2Fimker-aigen.at%2Findex.php%2F2026%2F03%2F26%2Fjahreshauptversammlung-2026-der-imker-ortsgruppe-bad-vigaun%2F&#038;description=Jahreshauptversammlung%202026%20der%20Imker-Ortsgruppe%20Bad%20Vigaun&#038;media=https%3A%2F%2Fimker-aigen.at%2Fwp-content%2Fuploads%2F2026%2F03%2Fschlenken_1024_768-705x529.jpg' data-av_icon='\ue8f8' data-av_iconfont='entypo-fontello'  title='' data-avia-related-tooltip='Teilen auf Pinterest'><span class='avia_hidden_link_text'>Teilen auf Pinterest<\/span><\/a><\/li><li class='av-share-link av-social-link-linkedin avia_social_iconfont' ><a target=\"_blank\" aria-label=\"Teilen auf LinkedIn\" href='https:\/\/linkedin.com\/shareArticle?mini=true&#038;title=Jahreshauptversammlung%202026%20der%20Imker-Ortsgruppe%20Bad%20Vigaun&#038;url=https:\/\/imker-aigen.at\/index.php\/2026\/03\/26\/jahreshauptversammlung-2026-der-imker-ortsgruppe-bad-vigaun\/' data-av_icon='\ue8fc' data-av_iconfont='entypo-fontello'  title='' data-avia-related-tooltip='Teilen auf LinkedIn'><span class='avia_hidden_link_text'>Teilen auf LinkedIn<\/span><\/a><\/li><li class='av-share-link av-social-link-reddit avia_social_iconfont' ><a target=\"_blank\" aria-label=\"Teilen auf Reddit\" href='https:\/\/reddit.com\/submit?url=https:\/\/imker-aigen.at\/index.php\/2026\/03\/26\/jahreshauptversammlung-2026-der-imker-ortsgruppe-bad-vigaun\/&#038;title=Jahreshauptversammlung%202026%20der%20Imker-Ortsgruppe%20Bad%20Vigaun' data-av_icon='\ue927' data-av_iconfont='entypo-fontello'  title='' data-avia-related-tooltip='Teilen auf Reddit'><span class='avia_hidden_link_text'>Teilen auf Reddit<\/span><\/a><\/li><li class='av-share-link av-social-link-mail avia_social_iconfont' ><a  aria-label=\"Per E-Mail teilen\" href='mailto:?subject=Jahreshauptversammlung%202026%20der%20Imker-Ortsgruppe%20Bad%20Vigaun&#038;body=https:\/\/imker-aigen.at\/index.php\/2026\/03\/26\/jahreshauptversammlung-2026-der-imker-ortsgruppe-bad-vigaun\/' data-av_icon='\ue805' data-av_iconfont='entypo-fontello'  title='' data-avia-related-tooltip='Per E-Mail teilen'><span class='avia_hidden_link_text'>Per E-Mail teilen<\/span><\/a><\/li><\/ul><\/div><\/div><br \/>\n<div  class='av-buildercomment av-1wduez-533e65f2476fa0a8e70fcea204101db6'><\/div><\/p><\/div>\n","protected":false},"excerpt":{"rendered":"","protected":false},"author":1,"featured_media":9838,"comment_status":"open","ping_status":"closed","sticky":false,"template":"","format":"standard","meta":{"footnotes":""},"categories":[18,2],"tags":[368,541,540,430,41,518,519],"class_list":["post-9835","post","type-post","status-publish","format-standard","has-post-thumbnail","hentry","category-alte-veranstaltungen","category-news","tag-bad-vigaun","tag-hmf-wert","tag-honigqualitaet","tag-invertase","tag-jahreshauptversammlung","tag-koasabiene","tag-maria-koller"],"yoast_head":"<!-- This site is optimized with the Yoast SEO plugin v27.5 - https:\/\/yoast.com\/product\/yoast-seo-wordpress\/ -->\n<title>Jahreshauptversammlung 2026 der Imker-Ortsgruppe Bad Vigaun - Imker Ortsgruppe Salzburg Aigen<\/title>\n<meta name=\"description\" content=\"Bericht \u00fcber die Jahreshauptversammlung der Imker-Ortsgruppe Bad Vigaun am 24.3.2026 mit einem Fachvortrag von IM Maria Koller\" \/>\n<meta name=\"robots\" content=\"index, follow, max-snippet:-1, max-image-preview:large, max-video-preview:-1\" \/>\n<link rel=\"canonical\" href=\"https:\/\/imker-aigen.at\/index.php\/2026\/03\/26\/jahreshauptversammlung-2026-der-imker-ortsgruppe-bad-vigaun\/\" \/>\n<meta property=\"og:locale\" content=\"de_DE\" \/>\n<meta property=\"og:type\" content=\"article\" \/>\n<meta property=\"og:title\" content=\"Jahreshauptversammlung 2026 der Imker-Ortsgruppe Bad Vigaun - Imker Ortsgruppe Salzburg Aigen\" \/>\n<meta property=\"og:description\" content=\"Bericht \u00fcber die Jahreshauptversammlung der Imker-Ortsgruppe Bad Vigaun am 24.3.2026 mit einem Fachvortrag von IM Maria Koller\" \/>\n<meta property=\"og:url\" content=\"https:\/\/imker-aigen.at\/index.php\/2026\/03\/26\/jahreshauptversammlung-2026-der-imker-ortsgruppe-bad-vigaun\/\" \/>\n<meta property=\"og:site_name\" content=\"Imker Ortsgruppe Salzburg Aigen\" \/>\n<meta property=\"article:published_time\" content=\"2026-03-26T08:50:57+00:00\" \/>\n<meta property=\"article:modified_time\" content=\"2026-03-26T11:20:53+00:00\" \/>\n<meta property=\"og:image\" content=\"https:\/\/imker-aigen.at\/wp-content\/uploads\/2026\/03\/schlenken_1024_768.jpg\" \/>\n\t<meta property=\"og:image:width\" content=\"1024\" \/>\n\t<meta property=\"og:image:height\" content=\"768\" \/>\n\t<meta property=\"og:image:type\" content=\"image\/jpeg\" \/>\n<meta name=\"author\" content=\"admin\" \/>\n<meta name=\"twitter:card\" content=\"summary_large_image\" \/>\n<meta name=\"twitter:label1\" content=\"Verfasst von\" \/>\n\t<meta name=\"twitter:data1\" content=\"admin\" \/>\n\t<meta name=\"twitter:label2\" content=\"Gesch\u00e4tzte Lesezeit\" \/>\n\t<meta name=\"twitter:data2\" content=\"5\u00a0Minuten\" \/>\n<script type=\"application\/ld+json\" class=\"yoast-schema-graph\">{\"@context\":\"https:\\\/\\\/schema.org\",\"@graph\":[{\"@type\":\"Article\",\"@id\":\"https:\\\/\\\/imker-aigen.at\\\/index.php\\\/2026\\\/03\\\/26\\\/jahreshauptversammlung-2026-der-imker-ortsgruppe-bad-vigaun\\\/#article\",\"isPartOf\":{\"@id\":\"https:\\\/\\\/imker-aigen.at\\\/index.php\\\/2026\\\/03\\\/26\\\/jahreshauptversammlung-2026-der-imker-ortsgruppe-bad-vigaun\\\/\"},\"author\":{\"name\":\"admin\",\"@id\":\"https:\\\/\\\/imker-aigen.at\\\/#\\\/schema\\\/person\\\/d7d0c3a8ef6f051d450781218ac83077\"},\"headline\":\"Jahreshauptversammlung 2026 der Imker-Ortsgruppe Bad Vigaun\",\"datePublished\":\"2026-03-26T08:50:57+00:00\",\"dateModified\":\"2026-03-26T11:20:53+00:00\",\"mainEntityOfPage\":{\"@id\":\"https:\\\/\\\/imker-aigen.at\\\/index.php\\\/2026\\\/03\\\/26\\\/jahreshauptversammlung-2026-der-imker-ortsgruppe-bad-vigaun\\\/\"},\"wordCount\":1922,\"commentCount\":0,\"publisher\":{\"@id\":\"https:\\\/\\\/imker-aigen.at\\\/#organization\"},\"image\":{\"@id\":\"https:\\\/\\\/imker-aigen.at\\\/index.php\\\/2026\\\/03\\\/26\\\/jahreshauptversammlung-2026-der-imker-ortsgruppe-bad-vigaun\\\/#primaryimage\"},\"thumbnailUrl\":\"https:\\\/\\\/imker-aigen.at\\\/wp-content\\\/uploads\\\/2026\\\/03\\\/schlenken_1024_768.jpg\",\"keywords\":[\"Bad Vigaun\",\"HMF-Wert\",\"Honigqualit\u00e4t\",\"Invertase\",\"Jahreshauptversammlung\",\"KOASABIENE\",\"Maria Koller\"],\"articleSection\":[\"Alte Veranstaltungen\",\"News\"],\"inLanguage\":\"de\",\"potentialAction\":[{\"@type\":\"CommentAction\",\"name\":\"Comment\",\"target\":[\"https:\\\/\\\/imker-aigen.at\\\/index.php\\\/2026\\\/03\\\/26\\\/jahreshauptversammlung-2026-der-imker-ortsgruppe-bad-vigaun\\\/#respond\"]}]},{\"@type\":\"WebPage\",\"@id\":\"https:\\\/\\\/imker-aigen.at\\\/index.php\\\/2026\\\/03\\\/26\\\/jahreshauptversammlung-2026-der-imker-ortsgruppe-bad-vigaun\\\/\",\"url\":\"https:\\\/\\\/imker-aigen.at\\\/index.php\\\/2026\\\/03\\\/26\\\/jahreshauptversammlung-2026-der-imker-ortsgruppe-bad-vigaun\\\/\",\"name\":\"Jahreshauptversammlung 2026 der Imker-Ortsgruppe Bad Vigaun - Imker Ortsgruppe Salzburg Aigen\",\"isPartOf\":{\"@id\":\"https:\\\/\\\/imker-aigen.at\\\/#website\"},\"primaryImageOfPage\":{\"@id\":\"https:\\\/\\\/imker-aigen.at\\\/index.php\\\/2026\\\/03\\\/26\\\/jahreshauptversammlung-2026-der-imker-ortsgruppe-bad-vigaun\\\/#primaryimage\"},\"image\":{\"@id\":\"https:\\\/\\\/imker-aigen.at\\\/index.php\\\/2026\\\/03\\\/26\\\/jahreshauptversammlung-2026-der-imker-ortsgruppe-bad-vigaun\\\/#primaryimage\"},\"thumbnailUrl\":\"https:\\\/\\\/imker-aigen.at\\\/wp-content\\\/uploads\\\/2026\\\/03\\\/schlenken_1024_768.jpg\",\"datePublished\":\"2026-03-26T08:50:57+00:00\",\"dateModified\":\"2026-03-26T11:20:53+00:00\",\"description\":\"Bericht \u00fcber die Jahreshauptversammlung der Imker-Ortsgruppe Bad Vigaun am 24.3.2026 mit einem Fachvortrag von IM Maria Koller\",\"breadcrumb\":{\"@id\":\"https:\\\/\\\/imker-aigen.at\\\/index.php\\\/2026\\\/03\\\/26\\\/jahreshauptversammlung-2026-der-imker-ortsgruppe-bad-vigaun\\\/#breadcrumb\"},\"inLanguage\":\"de\",\"potentialAction\":[{\"@type\":\"ReadAction\",\"target\":[\"https:\\\/\\\/imker-aigen.at\\\/index.php\\\/2026\\\/03\\\/26\\\/jahreshauptversammlung-2026-der-imker-ortsgruppe-bad-vigaun\\\/\"]}]},{\"@type\":\"ImageObject\",\"inLanguage\":\"de\",\"@id\":\"https:\\\/\\\/imker-aigen.at\\\/index.php\\\/2026\\\/03\\\/26\\\/jahreshauptversammlung-2026-der-imker-ortsgruppe-bad-vigaun\\\/#primaryimage\",\"url\":\"https:\\\/\\\/imker-aigen.at\\\/wp-content\\\/uploads\\\/2026\\\/03\\\/schlenken_1024_768.jpg\",\"contentUrl\":\"https:\\\/\\\/imker-aigen.at\\\/wp-content\\\/uploads\\\/2026\\\/03\\\/schlenken_1024_768.jpg\",\"width\":1024,\"height\":768},{\"@type\":\"BreadcrumbList\",\"@id\":\"https:\\\/\\\/imker-aigen.at\\\/index.php\\\/2026\\\/03\\\/26\\\/jahreshauptversammlung-2026-der-imker-ortsgruppe-bad-vigaun\\\/#breadcrumb\",\"itemListElement\":[{\"@type\":\"ListItem\",\"position\":1,\"name\":\"Startseite\",\"item\":\"https:\\\/\\\/imker-aigen.at\\\/index.php\\\/home\\\/\"},{\"@type\":\"ListItem\",\"position\":2,\"name\":\"Jahreshauptversammlung 2026 der Imker-Ortsgruppe Bad Vigaun\"}]},{\"@type\":\"WebSite\",\"@id\":\"https:\\\/\\\/imker-aigen.at\\\/#website\",\"url\":\"https:\\\/\\\/imker-aigen.at\\\/\",\"name\":\"Imker Ortsgruppe Salzburg Aigen\",\"description\":\"Homepage der Imker-Ortsgruppe Salzburg Aigen\",\"publisher\":{\"@id\":\"https:\\\/\\\/imker-aigen.at\\\/#organization\"},\"potentialAction\":[{\"@type\":\"SearchAction\",\"target\":{\"@type\":\"EntryPoint\",\"urlTemplate\":\"https:\\\/\\\/imker-aigen.at\\\/?s={search_term_string}\"},\"query-input\":{\"@type\":\"PropertyValueSpecification\",\"valueRequired\":true,\"valueName\":\"search_term_string\"}}],\"inLanguage\":\"de\"},{\"@type\":\"Organization\",\"@id\":\"https:\\\/\\\/imker-aigen.at\\\/#organization\",\"name\":\"Imker Ortsgruppe Salzburg Aigen\",\"url\":\"https:\\\/\\\/imker-aigen.at\\\/\",\"logo\":{\"@type\":\"ImageObject\",\"inLanguage\":\"de\",\"@id\":\"https:\\\/\\\/imker-aigen.at\\\/#\\\/schema\\\/logo\\\/image\\\/\",\"url\":\"https:\\\/\\\/imker-aigen.at\\\/wp-content\\\/uploads\\\/2022\\\/08\\\/logo-1.png\",\"contentUrl\":\"https:\\\/\\\/imker-aigen.at\\\/wp-content\\\/uploads\\\/2022\\\/08\\\/logo-1.png\",\"width\":392,\"height\":156,\"caption\":\"Imker Ortsgruppe Salzburg Aigen\"},\"image\":{\"@id\":\"https:\\\/\\\/imker-aigen.at\\\/#\\\/schema\\\/logo\\\/image\\\/\"}},{\"@type\":\"Person\",\"@id\":\"https:\\\/\\\/imker-aigen.at\\\/#\\\/schema\\\/person\\\/d7d0c3a8ef6f051d450781218ac83077\",\"name\":\"admin\",\"image\":{\"@type\":\"ImageObject\",\"inLanguage\":\"de\",\"@id\":\"https:\\\/\\\/secure.gravatar.com\\\/avatar\\\/925a7e918efd3cfdae29be9c0018a3ae3275cd0444a6e166241172bb6e5243c7?s=96&d=mm&r=g\",\"url\":\"https:\\\/\\\/secure.gravatar.com\\\/avatar\\\/925a7e918efd3cfdae29be9c0018a3ae3275cd0444a6e166241172bb6e5243c7?s=96&d=mm&r=g\",\"contentUrl\":\"https:\\\/\\\/secure.gravatar.com\\\/avatar\\\/925a7e918efd3cfdae29be9c0018a3ae3275cd0444a6e166241172bb6e5243c7?s=96&d=mm&r=g\",\"caption\":\"admin\"},\"sameAs\":[\"https:\\\/\\\/imker-aigen.at\",\"linkedin.com\\\/in\\\/bernd-meierhofer-5919b62\"],\"url\":\"https:\\\/\\\/imker-aigen.at\\\/index.php\\\/author\\\/bmeierhofer\\\/\"}]}<\/script>\n<!-- \/ Yoast SEO plugin. -->","yoast_head_json":{"title":"Jahreshauptversammlung 2026 der Imker-Ortsgruppe Bad Vigaun - Imker Ortsgruppe Salzburg Aigen","description":"Bericht \u00fcber die Jahreshauptversammlung der Imker-Ortsgruppe Bad Vigaun am 24.3.2026 mit einem Fachvortrag von IM Maria Koller","robots":{"index":"index","follow":"follow","max-snippet":"max-snippet:-1","max-image-preview":"max-image-preview:large","max-video-preview":"max-video-preview:-1"},"canonical":"https:\/\/imker-aigen.at\/index.php\/2026\/03\/26\/jahreshauptversammlung-2026-der-imker-ortsgruppe-bad-vigaun\/","og_locale":"de_DE","og_type":"article","og_title":"Jahreshauptversammlung 2026 der Imker-Ortsgruppe Bad Vigaun - Imker Ortsgruppe Salzburg Aigen","og_description":"Bericht \u00fcber die Jahreshauptversammlung der Imker-Ortsgruppe Bad Vigaun am 24.3.2026 mit einem Fachvortrag von IM Maria Koller","og_url":"https:\/\/imker-aigen.at\/index.php\/2026\/03\/26\/jahreshauptversammlung-2026-der-imker-ortsgruppe-bad-vigaun\/","og_site_name":"Imker Ortsgruppe Salzburg Aigen","article_published_time":"2026-03-26T08:50:57+00:00","article_modified_time":"2026-03-26T11:20:53+00:00","og_image":[{"width":1024,"height":768,"url":"https:\/\/imker-aigen.at\/wp-content\/uploads\/2026\/03\/schlenken_1024_768.jpg","type":"image\/jpeg"}],"author":"admin","twitter_card":"summary_large_image","twitter_misc":{"Verfasst von":"admin","Gesch\u00e4tzte Lesezeit":"5\u00a0Minuten"},"schema":{"@context":"https:\/\/schema.org","@graph":[{"@type":"Article","@id":"https:\/\/imker-aigen.at\/index.php\/2026\/03\/26\/jahreshauptversammlung-2026-der-imker-ortsgruppe-bad-vigaun\/#article","isPartOf":{"@id":"https:\/\/imker-aigen.at\/index.php\/2026\/03\/26\/jahreshauptversammlung-2026-der-imker-ortsgruppe-bad-vigaun\/"},"author":{"name":"admin","@id":"https:\/\/imker-aigen.at\/#\/schema\/person\/d7d0c3a8ef6f051d450781218ac83077"},"headline":"Jahreshauptversammlung 2026 der Imker-Ortsgruppe Bad Vigaun","datePublished":"2026-03-26T08:50:57+00:00","dateModified":"2026-03-26T11:20:53+00:00","mainEntityOfPage":{"@id":"https:\/\/imker-aigen.at\/index.php\/2026\/03\/26\/jahreshauptversammlung-2026-der-imker-ortsgruppe-bad-vigaun\/"},"wordCount":1922,"commentCount":0,"publisher":{"@id":"https:\/\/imker-aigen.at\/#organization"},"image":{"@id":"https:\/\/imker-aigen.at\/index.php\/2026\/03\/26\/jahreshauptversammlung-2026-der-imker-ortsgruppe-bad-vigaun\/#primaryimage"},"thumbnailUrl":"https:\/\/imker-aigen.at\/wp-content\/uploads\/2026\/03\/schlenken_1024_768.jpg","keywords":["Bad Vigaun","HMF-Wert","Honigqualit\u00e4t","Invertase","Jahreshauptversammlung","KOASABIENE","Maria Koller"],"articleSection":["Alte Veranstaltungen","News"],"inLanguage":"de","potentialAction":[{"@type":"CommentAction","name":"Comment","target":["https:\/\/imker-aigen.at\/index.php\/2026\/03\/26\/jahreshauptversammlung-2026-der-imker-ortsgruppe-bad-vigaun\/#respond"]}]},{"@type":"WebPage","@id":"https:\/\/imker-aigen.at\/index.php\/2026\/03\/26\/jahreshauptversammlung-2026-der-imker-ortsgruppe-bad-vigaun\/","url":"https:\/\/imker-aigen.at\/index.php\/2026\/03\/26\/jahreshauptversammlung-2026-der-imker-ortsgruppe-bad-vigaun\/","name":"Jahreshauptversammlung 2026 der Imker-Ortsgruppe Bad Vigaun - Imker Ortsgruppe Salzburg Aigen","isPartOf":{"@id":"https:\/\/imker-aigen.at\/#website"},"primaryImageOfPage":{"@id":"https:\/\/imker-aigen.at\/index.php\/2026\/03\/26\/jahreshauptversammlung-2026-der-imker-ortsgruppe-bad-vigaun\/#primaryimage"},"image":{"@id":"https:\/\/imker-aigen.at\/index.php\/2026\/03\/26\/jahreshauptversammlung-2026-der-imker-ortsgruppe-bad-vigaun\/#primaryimage"},"thumbnailUrl":"https:\/\/imker-aigen.at\/wp-content\/uploads\/2026\/03\/schlenken_1024_768.jpg","datePublished":"2026-03-26T08:50:57+00:00","dateModified":"2026-03-26T11:20:53+00:00","description":"Bericht \u00fcber die Jahreshauptversammlung der Imker-Ortsgruppe Bad Vigaun am 24.3.2026 mit einem Fachvortrag von IM Maria Koller","breadcrumb":{"@id":"https:\/\/imker-aigen.at\/index.php\/2026\/03\/26\/jahreshauptversammlung-2026-der-imker-ortsgruppe-bad-vigaun\/#breadcrumb"},"inLanguage":"de","potentialAction":[{"@type":"ReadAction","target":["https:\/\/imker-aigen.at\/index.php\/2026\/03\/26\/jahreshauptversammlung-2026-der-imker-ortsgruppe-bad-vigaun\/"]}]},{"@type":"ImageObject","inLanguage":"de","@id":"https:\/\/imker-aigen.at\/index.php\/2026\/03\/26\/jahreshauptversammlung-2026-der-imker-ortsgruppe-bad-vigaun\/#primaryimage","url":"https:\/\/imker-aigen.at\/wp-content\/uploads\/2026\/03\/schlenken_1024_768.jpg","contentUrl":"https:\/\/imker-aigen.at\/wp-content\/uploads\/2026\/03\/schlenken_1024_768.jpg","width":1024,"height":768},{"@type":"BreadcrumbList","@id":"https:\/\/imker-aigen.at\/index.php\/2026\/03\/26\/jahreshauptversammlung-2026-der-imker-ortsgruppe-bad-vigaun\/#breadcrumb","itemListElement":[{"@type":"ListItem","position":1,"name":"Startseite","item":"https:\/\/imker-aigen.at\/index.php\/home\/"},{"@type":"ListItem","position":2,"name":"Jahreshauptversammlung 2026 der Imker-Ortsgruppe Bad Vigaun"}]},{"@type":"WebSite","@id":"https:\/\/imker-aigen.at\/#website","url":"https:\/\/imker-aigen.at\/","name":"Imker Ortsgruppe Salzburg Aigen","description":"Homepage der Imker-Ortsgruppe Salzburg Aigen","publisher":{"@id":"https:\/\/imker-aigen.at\/#organization"},"potentialAction":[{"@type":"SearchAction","target":{"@type":"EntryPoint","urlTemplate":"https:\/\/imker-aigen.at\/?s={search_term_string}"},"query-input":{"@type":"PropertyValueSpecification","valueRequired":true,"valueName":"search_term_string"}}],"inLanguage":"de"},{"@type":"Organization","@id":"https:\/\/imker-aigen.at\/#organization","name":"Imker Ortsgruppe Salzburg Aigen","url":"https:\/\/imker-aigen.at\/","logo":{"@type":"ImageObject","inLanguage":"de","@id":"https:\/\/imker-aigen.at\/#\/schema\/logo\/image\/","url":"https:\/\/imker-aigen.at\/wp-content\/uploads\/2022\/08\/logo-1.png","contentUrl":"https:\/\/imker-aigen.at\/wp-content\/uploads\/2022\/08\/logo-1.png","width":392,"height":156,"caption":"Imker Ortsgruppe Salzburg Aigen"},"image":{"@id":"https:\/\/imker-aigen.at\/#\/schema\/logo\/image\/"}},{"@type":"Person","@id":"https:\/\/imker-aigen.at\/#\/schema\/person\/d7d0c3a8ef6f051d450781218ac83077","name":"admin","image":{"@type":"ImageObject","inLanguage":"de","@id":"https:\/\/secure.gravatar.com\/avatar\/925a7e918efd3cfdae29be9c0018a3ae3275cd0444a6e166241172bb6e5243c7?s=96&d=mm&r=g","url":"https:\/\/secure.gravatar.com\/avatar\/925a7e918efd3cfdae29be9c0018a3ae3275cd0444a6e166241172bb6e5243c7?s=96&d=mm&r=g","contentUrl":"https:\/\/secure.gravatar.com\/avatar\/925a7e918efd3cfdae29be9c0018a3ae3275cd0444a6e166241172bb6e5243c7?s=96&d=mm&r=g","caption":"admin"},"sameAs":["https:\/\/imker-aigen.at","linkedin.com\/in\/bernd-meierhofer-5919b62"],"url":"https:\/\/imker-aigen.at\/index.php\/author\/bmeierhofer\/"}]}},"_links":{"self":[{"href":"https:\/\/imker-aigen.at\/index.php\/wp-json\/wp\/v2\/posts\/9835","targetHints":{"allow":["GET"]}}],"collection":[{"href":"https:\/\/imker-aigen.at\/index.php\/wp-json\/wp\/v2\/posts"}],"about":[{"href":"https:\/\/imker-aigen.at\/index.php\/wp-json\/wp\/v2\/types\/post"}],"author":[{"embeddable":true,"href":"https:\/\/imker-aigen.at\/index.php\/wp-json\/wp\/v2\/users\/1"}],"replies":[{"embeddable":true,"href":"https:\/\/imker-aigen.at\/index.php\/wp-json\/wp\/v2\/comments?post=9835"}],"version-history":[{"count":4,"href":"https:\/\/imker-aigen.at\/index.php\/wp-json\/wp\/v2\/posts\/9835\/revisions"}],"predecessor-version":[{"id":9842,"href":"https:\/\/imker-aigen.at\/index.php\/wp-json\/wp\/v2\/posts\/9835\/revisions\/9842"}],"wp:featuredmedia":[{"embeddable":true,"href":"https:\/\/imker-aigen.at\/index.php\/wp-json\/wp\/v2\/media\/9838"}],"wp:attachment":[{"href":"https:\/\/imker-aigen.at\/index.php\/wp-json\/wp\/v2\/media?parent=9835"}],"wp:term":[{"taxonomy":"category","embeddable":true,"href":"https:\/\/imker-aigen.at\/index.php\/wp-json\/wp\/v2\/categories?post=9835"},{"taxonomy":"post_tag","embeddable":true,"href":"https:\/\/imker-aigen.at\/index.php\/wp-json\/wp\/v2\/tags?post=9835"}],"curies":[{"name":"wp","href":"https:\/\/api.w.org\/{rel}","templated":true}]}}