{"id":9879,"date":"2026-04-09T15:28:55","date_gmt":"2026-04-09T13:28:55","guid":{"rendered":"https:\/\/imker-aigen.at\/?p=9879"},"modified":"2026-04-10T06:14:20","modified_gmt":"2026-04-10T04:14:20","slug":"protokoll-vom-stammtisch-am-7-4-2026","status":"publish","type":"post","link":"https:\/\/imker-aigen.at\/index.php\/2026\/04\/09\/protokoll-vom-stammtisch-am-7-4-2026\/","title":{"rendered":"Protokoll vom Stammtisch am 7.4.2026"},"content":{"rendered":"\n<style type=\"text\/css\" data-created_by=\"avia_inline_auto\" id=\"style-css-av-mnriixy3-82f562a000b4eb9037149e2dfc43e061\">\n#top .av-special-heading.av-mnriixy3-82f562a000b4eb9037149e2dfc43e061{\npadding-bottom:10px;\n}\nbody .av-special-heading.av-mnriixy3-82f562a000b4eb9037149e2dfc43e061 .av-special-heading-tag .heading-char{\nfont-size:25px;\n}\n.av-special-heading.av-mnriixy3-82f562a000b4eb9037149e2dfc43e061 .av-subheading{\nfont-size:15px;\n}\n<\/style>\n<div  class='av-special-heading av-mnriixy3-82f562a000b4eb9037149e2dfc43e061 av-special-heading-h3 blockquote modern-quote modern-centered  avia-builder-el-0  el_before_av_hr  avia-builder-el-first '><h3 class='av-special-heading-tag '  itemprop=\"headline\"  >Protokoll vom Stammtisch am 7.4.2026<\/h3><div class=\"special-heading-border\"><div class=\"special-heading-inner-border\"><\/div><\/div><\/div>\n\n<style type=\"text\/css\" data-created_by=\"avia_inline_auto\" id=\"style-css-av-mnrihuzn-26fe71f708929135f659057bd6c2c637\">\n#top .hr.av-mnrihuzn-26fe71f708929135f659057bd6c2c637{\nmargin-top:30px;\nmargin-bottom:30px;\n}\n.hr.av-mnrihuzn-26fe71f708929135f659057bd6c2c637 .hr-inner{\nwidth:50px;\nmax-width:45%;\n}\n<\/style>\n<div  class='hr av-mnrihuzn-26fe71f708929135f659057bd6c2c637 hr-custom  avia-builder-el-1  el_after_av_heading  el_before_av_textblock  hr-center hr-icon-yes'><span class='hr-inner inner-border-av-border-thin'><span class=\"hr-inner-style\"><\/span><\/span><span class='av-seperator-icon avia-svg-icon avia-font-svg_entypo-fontello' data-av_svg_icon='dot-3' data-av_iconset='svg_entypo-fontello'><svg version=\"1.1\" xmlns=\"http:\/\/www.w3.org\/2000\/svg\" width=\"29\" height=\"32\" viewBox=\"0 0 29 32\" preserveAspectRatio=\"xMidYMid meet\" aria-labelledby='av-svg-title-1' aria-describedby='av-svg-desc-1' role=\"graphics-symbol\">\n<title id='av-svg-title-1'>Dot-3<\/title>\n<desc id='av-svg-desc-1'>Dot-3<\/desc>\n<path d=\"M3.52 12.48q1.472 0 2.496 1.024t1.024 2.496q0 1.408-1.024 2.464t-2.496 1.056-2.496-1.056-1.024-2.464q0-1.472 1.024-2.496t2.496-1.024zM14.72 12.48q1.472 0 2.496 1.024t1.024 2.496q0 1.408-1.056 2.464t-2.464 1.056-2.464-1.056-1.056-2.464q0-1.472 1.024-2.496t2.496-1.024zM25.92 12.48q1.472 0 2.496 1.024t1.024 2.496q0 1.408-1.024 2.464t-2.496 1.056-2.496-1.056-1.024-2.464q0-1.472 1.024-2.496t2.496-1.024z\"><\/path>\n<\/svg><\/span><span class='hr-inner inner-border-av-border-thin'><span class=\"hr-inner-style\"><\/span><\/span><\/div>\n<section  class='av_textblock_section av-mnrijdht-c8af99d7aa5f94eb00044d614ebf1af2 '   itemscope=\"itemscope\" itemtype=\"https:\/\/schema.org\/BlogPosting\" itemprop=\"blogPost\" ><div class='avia_textblock'  itemprop=\"text\" ><p><span style=\"color: #999999;\">Ort: <a style=\"color: #999999;\" href=\"http:\/\/www.pliemgut.at\/\">Gasthaus Pliemgut<\/a><\/span><br \/>\n<span style=\"color: #999999;\">Beginn: 19:15 Uhr<\/span><br \/>\n<span style=\"color: #999999;\">Protokollf\u00fchrerin: Adelheid Speyer<\/span><\/p>\n<h3><strong>Begr\u00fc\u00dfung der G\u00e4ste<\/strong><\/h3>\n<p>Wir freuen uns, dass wir bei diesem Stammtisch neben der Vortragenden Ingrid Schmaranzer und ihrem Mann Stefan aus Gosau, den Salzburger Landesobmann Andreas Brieger, den neuen Obmann der Ortsgruppe Hallwang (Rupert Lindner) und einen Imkerkollegen aus St. Koloman begr\u00fc\u00dfen d\u00fcrfen!<\/p>\n<h3><\/h3>\n<h3>Neuigkeiten<\/h3>\n<ul>\n<li><strong>\u00c4nderungen bei den Vereinsmitgliedern<\/strong><br \/>\nWir haben ein neues Vereinsmitglied, ein erneuertes Vereinsmitglied und ein m\u00f6gliches neues Vereinsmitglied bzw. einen neuen Bienenstandort.<\/li>\n<li><strong>Alte Termine<\/strong><br \/>\n5.3.2026 Die Tagfalter im Salzburger Land<br \/>\n13.3.2026 Start der Neueinsteigerkurse f\u00fcr den Flachgau<br \/>\n13.3.2026 JHV Ortsgruppe Neumarkt<br \/>\n<strong><a href=\"https:\/\/imker-aigen.at\/index.php\/2026\/03\/21\/bienengesundheit-und-pflanzeninhaltsstoffe\/\">20.3.2026 Vortrag Bienengesundheit und Pflanzeninhaltsstoffe \u2013 Vortrag Dr. Michael Bannert in Bad Reichenhall \u2013 Bericht auf der Homepage<\/a><br \/>\n<a href=\"https:\/\/imker-aigen.at\/index.php\/2026\/03\/26\/jahreshauptversammlung-2026-der-imker-ortsgruppe-bad-vigaun\/\"> 24.3.2026 JHV Ortsgruppe Bad Vigaun \u2013 Vortrag von IM Maria Koller (KOASABIENE) \u2013 Bericht auf der Homepage<\/a><\/strong><br \/>\n26.3.2026 Netzwerkfr\u00fchst\u00fcck im WIFI Salzburg \u2013 Bienenforscher Martin Stefanec<br \/>\n26.3.2026 Bienenapotheke \u2013 Vortrag von Rosi Fellner im Pfarrsaal Parsch<\/p>\n<p><strong>Wachs-Spendenaktion<br \/>\n<\/strong>Ein Bericht \u00fcber diese Aktion wird in einer der kommenden <a href=\"https:\/\/www.bienenaktuell.com\/\">Bienen-aktuell<\/a> Ausgaben erscheinen. Heinz Purgstaller von der <a href=\"https:\/\/www.caritas-salzburg.at\/\">Caritas Salzburg<\/a> hat heute angerufen. Es wurden bereits alle Bienenwachskerzen im <a href=\"https:\/\/www.salzburg-dom.com\/home?lang=de\">Salzburger Dom<\/a> verkauft. Die Aktion war somit ein voller (finanzieller) Erfolg und f\u00fcr die Syrienhilfe der Caritas wird sich ein netter Betrag ergeben. Er bittet daher um weitere Bienenwachsspenden. Am Imkerhof Salzburg wird es in K\u00fcrze eine Sammelbox geben.<br \/>\nAusflug zum <a href=\"https:\/\/www.caritas-salzburg.at\/hilfe-angebote\/behinderung-inklusion\/wohnen\/caritas-dorf-st-anton\/\">Caritas Dorf St. Anton<\/a> und zur <a href=\"https:\/\/www.lfs-bruck.at\/\">landwirtschaftlichen Fachschule in Bruck<\/a> am 30.4.2026. M\u00f6glicherweise werden wir den Ausflug in den Herbst verschieben, da sich bisher noch sehr wenige Personen angemeldet haben.<\/li>\n<li><strong>Corporate Design<br \/>\n<\/strong>Wir haben ein neues Vereinslogo. N\u00e4chster Schritt: Entw\u00fcrfe f\u00fcr die Vereinsetiketten.<\/li>\n<li><strong>Vereinsh\u00fctte 2026 \u2013 Planung der Arbeiten 2026<\/strong><br \/>\n&#8211; Planung der Reparaturen: Sanierung des Bodens. Es m\u00fcssen vermutlich nur 4 Bodenbretter ausgetauscht werden. Die Sache sollte daher schneller und g\u00fcnstiger als erwartet erledigt sein<br \/>\n&#8211; ein Messingschild mit der VIS-Nummer + QR-Code wurde bei Stempel Schneider gekauft und wird in den n\u00e4chsten Tagen an der Vereinsh\u00fctte montiert<br \/>\n&#8211; Honig der Vereinsh\u00fctte zur Untersuchung bringen<br \/>\n&#8211; Vertrag mit der Forstverwaltung f\u00fcr die kommende Saison. Bernd wird sich in den n\u00e4chsten Tagen mit der Forstverwaltung einen Termin ausmachen<br \/>\n&#8211; Team f\u00fcr die kommende Saison. Robert erkl\u00e4rt sich abermals bereit, auch 2026 Unterst\u00fctzung zu leisten.<br \/>\n&#8211; Versuchsbeute (5cm Wandst\u00e4rke) + Waben-Honig-Zarge: wurden geliefert und sind einsatzbereit. Die Versuchsbeute wurde schon von Hutzinger Sepp mit Bienen bef\u00fcllt und wird in den n\u00e4chsten Tagen zur Vereinsh\u00fctte gebracht<br \/>\n&#8211; die ersten Wanderzeugnisse sind nun da. Eveline hat zwei Bienenv\u00f6lker f\u00fcr den Verein gespendet<br \/>\n&#8211; zwei V\u00f6lker wurden ger\u00e4ubert, ein Volk ist drohnenbr\u00fctig. Wir bekommen ein Volk von Brandl Andreas, ein Volk von Ingrid Schmaranzer, ein Volk von Hutzinger Sepp und zwei V\u00f6lker von Eveline Einer. Damit stehen dann 7 V\u00f6lker in der Vereinsh\u00fctte und die H\u00fctte ist voll mit Vereinsbienen<\/li>\n<\/ul>\n<ul>\n<li><strong>Futterkranzprobe<br \/>\n<\/strong>Alle die mit ihren Bienen Wandern wollen (Belegstelle) oder Bienen verkaufen wollen, sollte bereits ihre Futterkranzprobe abgegeben und ihr Wanderzeugnis bekommen haben.<\/li>\n<li><a href=\"https:\/\/imker-aigen.at\/index.php\/event\/ausserordentliche-mitgliederversammlung-30-oktober-2026-neuwahl-des-vorstands\/\"><strong>Au\u00dferordentliche Mitgliederversammlung am 30.10.2026 \u2013 Neuwahl des Vorstands<\/strong><\/a><br \/>\nWir brauchen Wahlvorschl\u00e4ge! Wer stellt sich f\u00fcr eine Funktion zur Verf\u00fcgung?<\/li>\n<li><strong>Stockkarten, Arbeitsbl\u00e4tter und Bestandsbuch<br \/>\n<\/strong>Vorlagen stehen auf der Homepage zum Download bereit<\/li>\n<li><strong>Bio-Zertifizierung des Vereins<\/strong><br \/>\nDie Unterlagen wurden angefordert und nun muss der Antrag ausgef\u00fcllt und eingereicht werden. Problem: die Kosten betragen ca. 250 \u20ac \/ Jahr (ohne Bio Austria Zertifizierung) und f\u00fcr das Geb\u00e4ude in dem die Honigverarbeitung erfolgt muss ein Geb\u00e4udeplan abgeben werden.<\/li>\n<li><strong>Kauf einer neuen Stockwaage<\/strong> (Standort Hellbrunn)<br \/>\nSobald die Sanierung der Vereinsh\u00fctte (Boden) abgeschlossen ist, und klar ist, was in der Vereinskassa noch \u00fcbrig bleibt, wird \u00fcber den Ankauf einer weiteren Stockwaage entschieden. Da die Sanierung der Vereinsh\u00fctte aber g\u00fcnstiger ausfallen d\u00fcrfte als bef\u00fcrchtet, k\u00f6nnten wir die Stockwaage bereits bestellen.<\/li>\n<li><strong>J\u00e4hrliche Meldung der bewirtschafteten Bienenv\u00f6lker an den Verband<\/strong><br \/>\nAlle ordentlichen Mitglieder des Landesverbandes sind auch verpflichtet ihre bewirtschafteten Bienenv\u00f6lker j\u00e4hrlich an den Verband zu melden. Vorschlag: wir machen dies bis zur VIS-Meldung am 30.4.2026. Bis dahin sollten auch alle Winterverluste bekannt sein. Bitte bereits heute beim Stammtisch die Anzahl der V\u00f6lker Adelheid bekanntgeben.<\/li>\n<li><strong>Bienenp\u00e4dagogik<br \/>\n<\/strong>Hier wird es vom Landesverband nun Kisten mit Material f\u00fcr die Bienenp\u00e4dagogen geben. Weiters k\u00fcmmert sich Martina Schweiger um eine F\u00f6rderung und eine Versicherung f\u00fcr die Bienenp\u00e4dagogen-Eins\u00e4tze. Der Ver\u00f6ffentlichung unserer Bienenp\u00e4dagogen \u00fcber die Homepage des Landesverbandes und der Bienen-Zeitung haben wir eine Absage erteilt.<br \/>\nDas Miniplus-Volk f\u00fcr die Schulbesuche steht bereit und daf\u00fcr gibt es nun auch ein Wanderzeugnis. Elisabeth hat bereits die ersten Termine mit Schulen vereinbart<\/li>\n<li><strong>Neue Statuten vom Landesverband<\/strong><br \/>\nVom Landesverband gibt es wieder zahlreiche \u00c4nderungen an den Statuten des Landesverbandes (z.B.: Gauverb\u00e4nde, Solidarit\u00e4tsfonds, der Landesverband kann f\u00fcr Zweigvereine eine Gesch\u00e4ftsordnung erlassen). Wir haben dazu bereits unsere Stellungnahme abgegeben.<\/li>\n<li><strong>Neue Bienenstandorte<br \/>\n<\/strong>Es gibt zwei neue Bienenstandorte. Einer in Salzburg Gnigl und einer am Gaisberg.<\/li>\n<\/ul>\n<h3>Kommende Termine (siehe auch <a href=\"https:\/\/imker-aigen.at\/index.php\/events\/list\/\">Veranstaltungskalender<\/a>) bis zum n\u00e4chsten Stammtisch<\/h3>\n<ul>\n<li><a href=\"https:\/\/carnica-zuchtgruppe-salzburg.at\/index.php\/event\/jahreshauptversammlung-5\/\">10.4.2026 Jahreshauptversammlung der Carnica Zuchtgruppe Salzburg<\/a> \u2013 Vortrag von Simon Klaushofer \u00fcber Bienenstockluft<\/li>\n<li><a href=\"https:\/\/imker-aigen.at\/index.php\/event\/landesimkertag-2026\/\">12.4.2026 Landesimkertag<\/a> \u2013 Wer (vom Vorstand) nimmt teil? Bitte um baldige Anmeldung!<\/li>\n<li><a href=\"https:\/\/imker-aigen.at\/index.php\/event\/imkerinnen-im-steuerrecht\/\">17.4.2026 Kurs \u2013 Imkern im Steuerrecht<\/a><\/li>\n<li><a href=\"https:\/\/imker-aigen.at\/index.php\/event\/wilde-bienen-am-salzachsee\/\">18.4.2026 Exkursion Naturschutzbund \u2013 Wilde Bienen am Salzachsee<\/a><\/li>\n<li><a href=\"https:\/\/imker-aigen.at\/index.php\/event\/pflanzentauschmarkt-2026\/\">18.4.2026 Pflanzentauschmarkt OGV+Imker Bergheim<\/a><\/li>\n<li><a href=\"https:\/\/imker-aigen.at\/index.php\/event\/jahreshauptversammlung-imker-ortsgruppe-thalgau\/\">19.4.2026 Jahreshauptversammlung der Imker-Ortsgruppe Thalgau<\/a><\/li>\n<li><a href=\"https:\/\/imker-aigen.at\/index.php\/event\/vis-meldeverpflichtung-april-stichtag-4\/\">30.4.2026 VIS-Meldeverpflichtung<\/a><\/li>\n<li><a href=\"https:\/\/imker-aigen.at\/index.php\/event\/vereinsausflug-zum-caritas-dorf-st-anton-und-zur-landwirtschaftlichen-fachschule-in-bruck\/\">30.4.2026 Vereinsausflug zum Caritas Dorf St. Anton und zur landwirtschaftlichen Fachschule in Bruck<\/a><\/li>\n<li><a href=\"https:\/\/imker-aigen.at\/index.php\/event\/imkerwallfahrt-125-jahre-st-johann\/\">3.5.2026 Imkerwallfahrt \u2013 125 Jahre St Johann<\/a><\/li>\n<li><a href=\"https:\/\/imker-aigen.at\/index.php\/event\/stammtisch-5-mai-2026\/\">5.5.2026 Stammtisch<\/a><\/li>\n<\/ul>\n<h3>Weitere Termine (siehe auch <a href=\"https:\/\/imker-aigen.at\/index.php\/events\/list\/\">Veranstaltungskalender<\/a>) mit zus\u00e4tzlichem Kl\u00e4runsbedarf<\/h3>\n<ul>\n<li><a href=\"https:\/\/imker-aigen.at\/index.php\/event\/auf-der-suche-nach-der-schwarzen-moertelbiene-wildbienen-exkursion-ueber-den-moenchsberg\/\">29.5.2026 Exkursion mit dem Naturschutzbund<\/a> \u2013 M\u00f6rtelbiene M\u00f6nchsberg<\/li>\n<li>31.5.2026 Anfrage von Stadtimkerin Karoline Greimel bzgl. Unterst\u00fctzung beim Tag des offenen Bienenstocks.Wer w\u00fcrde bei diesen beiden Terminen unterst\u00fctzen? Beide Termine sind nur machbar, wenn sich gen\u00fcgend helfende H\u00e4nde im Verein finden<\/li>\n<\/ul>\n<h3>Diverses, Diskussion, Allf\u00e4lliges<\/h3>\n<ul>\n<li>Ausflug bzw. Standbesuch<br \/>\n&#8211; Imkerei Sonderausstellung im Heimatmuseum in Altenmarkt (bis April 2026)<br \/>\n&#8211; Kr\u00e4utergarten in Hollersbach<br \/>\n&#8211; Besuch Caritas Dorf und landwirtschaftliche Fachschule in Bruck am 30.4. Eventuell k\u00f6nnen wir diesen Ausflug auch mit einem Besuch der Imker-Sonderausstellung oder des Kr\u00e4utergartens in Hollersbach kombinieren.<\/li>\n<li>Vortr\u00e4ge<br \/>\nDr. Bannert wird beim <a href=\"https:\/\/imker-aigen.at\/index.php\/event\/stammtisch-2-juni-2026\/\">Stammtisch am 2.6.2026<\/a> einen Vortrag \u00fcber die Pflanzeninhaltsstoffe und die Bienengesundheit halten<\/li>\n<li>R\u00fccktritt von Robert Hertscheg als Gesundheitswart<br \/>\nRobert informiert, dass er zuk\u00fcnftig (nach der <a href=\"https:\/\/imker-aigen.at\/index.php\/event\/ausserordentliche-mitgliederversammlung-30-oktober-2026-neuwahl-des-vorstands\/\">Neuwahl am 30.10.2026<\/a>) nicht mehr als Gesundheitswart zur Verf\u00fcgung stehen wird. Gesundheitswarte in den Ortsgruppen wurden durch Betriebsberater Bienengesundheit ersetzt, deren Eins\u00e4tze vom Landesverband bzw. Amtstierarzt koordiniert werden. Diese k\u00f6nnen \u00fcber die Homepage des Landesverbandes beantragt werden. Seitens des Landesverbandes gab es bisher keine Reaktion auf die gew\u00fcnschte Nachbesetzung von Robert.<\/li>\n<\/ul>\n<h3>Imkern im April<\/h3>\n<ul>\n<li>Imkern in Zeiten des Klimawandels<br \/>\nDie Kirsche bl\u00fcht bereits in der Stadt Salzburg. Auf der Gaisbergspitze sind aber noch Schneefelder zu sehen. Bis Donnerstag (9.4.2026) bleibt es sonnig. Am Freitag (10.4.2026) soll wieder eine St\u00f6rung kommen mit Schneefall bis 1.000 Meter<\/li>\n<li>Was ist zu tun:<br \/>\n&#8211; Ende M\u00e4rz bis Mitte\/Ende April ist die Durchlenzung abgeschlossen und die Winterbienen wurden im Stock durch Fr\u00fchjahrsbienen ersetzt. Die V\u00f6lker werden jetzt sehr stark und m\u00fcssen erweitert werden.<br \/>\n&#8211; Vorbereitung der Honigr\u00e4ume<br \/>\n&#8211; Vorbereitung der zweiten Brutzarge bei Beutensystemen mit zweizargigem Brutraum. Bei V\u00f6lkern, welche mit einem zweizargigen Brutnest \u00fcberwintert wurden, kann \u00fcber einen Zargenwechsel nachgedacht werden. Bei einzargig \u00fcberwinterten V\u00f6lkern kann nun die zweite Brutzarge aufgesetzt werden. Beides bitte nur durchf\u00fchren, wenn auch die V\u00f6lker die Bedingungen daf\u00fcr erf\u00fcllen (durchh\u00e4ngende V\u00f6lker, bei zweizargig \u00fcberwinterten V\u00f6lkern muss das Brutnest sich haupts\u00e4chlich in der oberen Zarge befinden, damit ein Zargenwechsel sinnnvoll ist)<br \/>\nBei gro\u00dfen Brutr\u00e4umen (Dadant, Jumbo) und angepasstem Brutraum k\u00f6nnen die Schiede nun um einzelne Positionen nach au\u00dfen gesetzt werden<br \/>\n&#8211; Drohnenbaurahmen einsetzen. Diesen vielleicht auch farblich am Obertr\u00e4ger kennzeichnen, damit er sofort erkennbar ist (Schiede: rot, Drohnenrahmen: blau)<br \/>\n&#8211; bei Beginn der Tracht: Honigraum aufsetzen. Der erste Honigraum sollte nur aus Leerwaben bestehen. Zuerst mal ohne Sperrgitter aufsetzen und pr\u00fcfen, ob die Bienen den Honigraum annehmen (Nektar einlagern) w\u00fcrden. Dann erst das Sperrgitter einlegen. Wird das Sperrgitter zu fr\u00fch aufgelegt, gehen die Bienen nicht durch das Gitter und der Honigraum bleibt leer.<\/li>\n<\/ul>\n<h3><strong>Fachvortrag von Ingrid Schmaranzer<\/strong><\/h3>\n<p>Wir danken Frau Ingrid Schmaranzer f\u00fcr den sehr erhellenden Vortrag \u00fcber wirtschaftliche und strukturelle Hintergr\u00fcnde in der Imkerei. Als Z\u00fcchterin von Carnica-K\u00f6niginnen (<a href=\"https:\/\/www.imego.at\/\">Carnica Zuchtbetrieb IMEGO<\/a>), als Erwerbsimkerin und langj\u00e4hriges Vorstandsmitglied im <a href=\"https:\/\/www.erwerbsimkerbund.at\/\">\u00f6sterreichischen Erwerbsimkerbund<\/a> hat sie tiefe Einblicke in die Schattenseiten der Imkerei in Europa und weltweit. Sie k\u00e4mpft unerm\u00fcdlich und mit viel Engagement um Verbesserungen f\u00fcr Bienen, Imker und ihre Produkte!<\/p>\n<p>Nach einer kurzen Pr\u00e4sentation ihres Betriebes erkl\u00e4rte Ingrid in ihrem Vortrag zun\u00e4chst die Aufbauorganisation f\u00fcr die Imkerei in \u00d6sterreich. Unter dem Dachverband <a href=\"http:\/\/www.biene-oesterreich.at\">&#8222;Biene \u00d6sterreich&#8220;<\/a> befinden sich der <a href=\"https:\/\/www.imkerbund.at\/\">\u00f6sterreichische Imkerbund<\/a> und der <a href=\"https:\/\/www.erwerbsimkerbund.at\/\">\u00f6sterreichische Erwerbsimkerbund<\/a>. Der \u00f6sterreichische Erwerbsimkerbund ist die Interessensvertretung f\u00fcr die Berufs- und Erwerbsimker. W\u00e4hrend sich der \u00f6sterreichische Imkerbund unter dem Pr\u00e4sidenten Reinhard Hetzenauer um die Interessen der restlichen Imkerschaft k\u00fcmmert. Unter dem \u00f6sterreichischen Imkerbund sind somit die Landesverb\u00e4nde und deren Ortsgruppen angesiedelt.<br \/>\nF\u00fcr die Arbeit auf EU-Ebene hob Ingrid die Bedeutung der Organisation <a href=\"https:\/\/www.bee-life.eu\/\">BeeLife<\/a> hervor, in der sie weiterhin aktiv ist. Weltweit gibt es dann noch die <a href=\"https:\/\/apimondia.org\/\">Apimondia<\/a>, welche den weltweiten Wissensaustausch in der Imkerei f\u00f6rdert und seit 1897 Kongresse organisiert. Die letzte Apimondia fand 2025 in Kopenhagen, D\u00e4nemark statt.\u00a0 Die n\u00e4chste Apimondia wird 2027 in Dubai stattfinden und dann 2029 in Leibzig.<br \/>\nIngrid konnte anhand einiger Grafiken sehr anschaulich darstellen, wie es um die Imkerei in Europa und weltweit bestellt ist. Diese zeigten, die Anzahl der Imker und Bienenst\u00f6cke bzw. auch die Honig-Importe und Exporte der einzelnen L\u00e4ndern sowie die Trends der letzten Jahre.<\/p>\n<p>Vielen Dank an Ingrid und Stefan f\u00fcr ihr Kommen, den tollen Vortrag und ihren unerm\u00fcdlichen Einsatz f\u00fcr die Imkerei sowie ihr soziales Engagement!<\/p>\n<\/div><\/section>\n<div  class='av-social-sharing-box av-4foo2f-7d91e3320540dca6c79083ae0d80c9c3 av-social-sharing-box-default  avia-builder-el-3  el_after_av_textblock  el_before_av_comments_list  av-social-sharing-box-fullwidth'><div class=\"av-share-box\"><h5 class='av-share-link-description av-no-toc '>Eintrag teilen<\/h5><ul class=\"av-share-box-list noLightbox\"><li class='av-share-link av-social-link-facebook avia_social_iconfont' ><a target=\"_blank\" aria-label=\"Teilen auf Facebook\" href='https:\/\/www.facebook.com\/sharer.php?u=https:\/\/imker-aigen.at\/index.php\/2026\/04\/09\/protokoll-vom-stammtisch-am-7-4-2026\/&#038;t=Protokoll%20vom%20Stammtisch%20am%207.4.2026' data-av_icon='\ue8f3' data-av_iconfont='entypo-fontello'  title='' data-avia-related-tooltip='Teilen auf Facebook'><span class='avia_hidden_link_text'>Teilen auf Facebook<\/span><\/a><\/li><li class='av-share-link av-social-link-twitter avia_social_iconfont' ><a target=\"_blank\" aria-label=\"Teilen auf X\" href='https:\/\/twitter.com\/share?text=Protokoll%20vom%20Stammtisch%20am%207.4.2026&#038;url=https:\/\/imker-aigen.at\/?p=9879' data-av_icon='\ue932' data-av_iconfont='entypo-fontello'  title='' data-avia-related-tooltip='Teilen auf X'><span class='avia_hidden_link_text'>Teilen auf X<\/span><\/a><\/li><li class='av-share-link av-social-link-whatsapp avia_social_iconfont' ><a target=\"_blank\" aria-label=\"Teilen auf WhatsApp\" href='https:\/\/api.whatsapp.com\/send?text=https:\/\/imker-aigen.at\/index.php\/2026\/04\/09\/protokoll-vom-stammtisch-am-7-4-2026\/' data-av_icon='\uf232' data-av_iconfont='entypo-fontello'  title='' data-avia-related-tooltip='Teilen auf WhatsApp'><span class='avia_hidden_link_text'>Teilen auf WhatsApp<\/span><\/a><\/li><li class='av-share-link av-social-link-pinterest avia_social_iconfont' ><a target=\"_blank\" aria-label=\"Teilen auf Pinterest\" href='https:\/\/pinterest.com\/pin\/create\/button\/?url=https%3A%2F%2Fimker-aigen.at%2Findex.php%2F2026%2F04%2F09%2Fprotokoll-vom-stammtisch-am-7-4-2026%2F&#038;description=Protokoll%20vom%20Stammtisch%20am%207.4.2026&#038;media=https%3A%2F%2Fimker-aigen.at%2Fwp-content%2Fuploads%2F2022%2F08%2Fglasses-beer-1.jpg' data-av_icon='\ue8f8' data-av_iconfont='entypo-fontello'  title='' data-avia-related-tooltip='Teilen auf Pinterest'><span class='avia_hidden_link_text'>Teilen auf Pinterest<\/span><\/a><\/li><li class='av-share-link av-social-link-linkedin avia_social_iconfont' ><a target=\"_blank\" aria-label=\"Teilen auf LinkedIn\" href='https:\/\/linkedin.com\/shareArticle?mini=true&#038;title=Protokoll%20vom%20Stammtisch%20am%207.4.2026&#038;url=https:\/\/imker-aigen.at\/index.php\/2026\/04\/09\/protokoll-vom-stammtisch-am-7-4-2026\/' data-av_icon='\ue8fc' data-av_iconfont='entypo-fontello'  title='' data-avia-related-tooltip='Teilen auf LinkedIn'><span class='avia_hidden_link_text'>Teilen auf LinkedIn<\/span><\/a><\/li><li class='av-share-link av-social-link-reddit avia_social_iconfont' ><a target=\"_blank\" aria-label=\"Teilen auf Reddit\" href='https:\/\/reddit.com\/submit?url=https:\/\/imker-aigen.at\/index.php\/2026\/04\/09\/protokoll-vom-stammtisch-am-7-4-2026\/&#038;title=Protokoll%20vom%20Stammtisch%20am%207.4.2026' data-av_icon='\ue927' data-av_iconfont='entypo-fontello'  title='' data-avia-related-tooltip='Teilen auf Reddit'><span class='avia_hidden_link_text'>Teilen auf Reddit<\/span><\/a><\/li><li class='av-share-link av-social-link-mail avia_social_iconfont' ><a  aria-label=\"Per E-Mail teilen\" href='mailto:?subject=Protokoll%20vom%20Stammtisch%20am%207.4.2026&#038;body=https:\/\/imker-aigen.at\/index.php\/2026\/04\/09\/protokoll-vom-stammtisch-am-7-4-2026\/' data-av_icon='\ue805' data-av_iconfont='entypo-fontello'  title='' data-avia-related-tooltip='Per E-Mail teilen'><span class='avia_hidden_link_text'>Per E-Mail teilen<\/span><\/a><\/li><\/ul><\/div><\/div>\n<div  class='av-buildercomment av-22um2v-b981c7d202bfdf62f9f25563db2b8cf5'><\/div>\n","protected":false},"excerpt":{"rendered":"","protected":false},"author":1,"featured_media":621,"comment_status":"open","ping_status":"closed","sticky":false,"template":"","format":"standard","meta":{"footnotes":""},"categories":[18,2],"tags":[422,549,46,543,35],"class_list":["post-9879","post","type-post","status-publish","format-standard","has-post-thumbnail","hentry","category-alte-veranstaltungen","category-news","tag-biene-oesterreich","tag-imego","tag-imkerbund","tag-ingrid-schmaranzer","tag-stammtisch"],"yoast_head":"<!-- This site is optimized with the Yoast SEO plugin v27.4 - https:\/\/yoast.com\/product\/yoast-seo-wordpress\/ -->\n<title>Protokoll vom Stammtisch am 7.4.2026 - Imker Ortsgruppe Salzburg Aigen<\/title>\n<meta name=\"description\" content=\"Am 7. April 2026 fand der monatliche Stammtisch des Imkervereins Sazburg Aigen im Gasthaus Pliemgut statt.\" \/>\n<meta name=\"robots\" content=\"index, follow, max-snippet:-1, max-image-preview:large, max-video-preview:-1\" \/>\n<link rel=\"canonical\" href=\"https:\/\/imker-aigen.at\/index.php\/2026\/04\/09\/protokoll-vom-stammtisch-am-7-4-2026\/\" \/>\n<meta property=\"og:locale\" content=\"de_DE\" \/>\n<meta property=\"og:type\" content=\"article\" \/>\n<meta property=\"og:title\" content=\"Protokoll vom Stammtisch am 7.4.2026 - Imker Ortsgruppe Salzburg Aigen\" \/>\n<meta property=\"og:description\" content=\"Am 7. April 2026 fand der monatliche Stammtisch des Imkervereins Sazburg Aigen im Gasthaus Pliemgut statt.\" \/>\n<meta property=\"og:url\" content=\"https:\/\/imker-aigen.at\/index.php\/2026\/04\/09\/protokoll-vom-stammtisch-am-7-4-2026\/\" \/>\n<meta property=\"og:site_name\" content=\"Imker Ortsgruppe Salzburg Aigen\" \/>\n<meta property=\"article:published_time\" content=\"2026-04-09T13:28:55+00:00\" \/>\n<meta property=\"article:modified_time\" content=\"2026-04-10T04:14:20+00:00\" \/>\n<meta property=\"og:image\" content=\"https:\/\/imker-aigen.at\/wp-content\/uploads\/2022\/08\/glasses-beer-1.jpg\" \/>\n\t<meta property=\"og:image:width\" content=\"180\" \/>\n\t<meta property=\"og:image:height\" content=\"241\" \/>\n\t<meta property=\"og:image:type\" content=\"image\/jpeg\" \/>\n<meta name=\"author\" content=\"admin\" \/>\n<meta name=\"twitter:card\" content=\"summary_large_image\" \/>\n<meta name=\"twitter:label1\" content=\"Verfasst von\" \/>\n\t<meta name=\"twitter:data1\" content=\"admin\" \/>\n\t<meta name=\"twitter:label2\" content=\"Gesch\u00e4tzte Lesezeit\" \/>\n\t<meta name=\"twitter:data2\" content=\"9\u00a0Minuten\" \/>\n<script type=\"application\/ld+json\" class=\"yoast-schema-graph\">{\"@context\":\"https:\\\/\\\/schema.org\",\"@graph\":[{\"@type\":\"Article\",\"@id\":\"https:\\\/\\\/imker-aigen.at\\\/index.php\\\/2026\\\/04\\\/09\\\/protokoll-vom-stammtisch-am-7-4-2026\\\/#article\",\"isPartOf\":{\"@id\":\"https:\\\/\\\/imker-aigen.at\\\/index.php\\\/2026\\\/04\\\/09\\\/protokoll-vom-stammtisch-am-7-4-2026\\\/\"},\"author\":{\"name\":\"admin\",\"@id\":\"https:\\\/\\\/imker-aigen.at\\\/#\\\/schema\\\/person\\\/d7d0c3a8ef6f051d450781218ac83077\"},\"headline\":\"Protokoll vom Stammtisch am 7.4.2026\",\"datePublished\":\"2026-04-09T13:28:55+00:00\",\"dateModified\":\"2026-04-10T04:14:20+00:00\",\"mainEntityOfPage\":{\"@id\":\"https:\\\/\\\/imker-aigen.at\\\/index.php\\\/2026\\\/04\\\/09\\\/protokoll-vom-stammtisch-am-7-4-2026\\\/\"},\"wordCount\":2235,\"commentCount\":0,\"publisher\":{\"@id\":\"https:\\\/\\\/imker-aigen.at\\\/#organization\"},\"image\":{\"@id\":\"https:\\\/\\\/imker-aigen.at\\\/index.php\\\/2026\\\/04\\\/09\\\/protokoll-vom-stammtisch-am-7-4-2026\\\/#primaryimage\"},\"thumbnailUrl\":\"https:\\\/\\\/imker-aigen.at\\\/wp-content\\\/uploads\\\/2022\\\/08\\\/glasses-beer-1.jpg\",\"keywords\":[\"Biene \u00d6sterreich\",\"IMEGO\",\"Imkerbund\",\"Ingrid Schmaranzer\",\"Stammtisch\"],\"articleSection\":[\"Alte Veranstaltungen\",\"News\"],\"inLanguage\":\"de\",\"potentialAction\":[{\"@type\":\"CommentAction\",\"name\":\"Comment\",\"target\":[\"https:\\\/\\\/imker-aigen.at\\\/index.php\\\/2026\\\/04\\\/09\\\/protokoll-vom-stammtisch-am-7-4-2026\\\/#respond\"]}]},{\"@type\":\"WebPage\",\"@id\":\"https:\\\/\\\/imker-aigen.at\\\/index.php\\\/2026\\\/04\\\/09\\\/protokoll-vom-stammtisch-am-7-4-2026\\\/\",\"url\":\"https:\\\/\\\/imker-aigen.at\\\/index.php\\\/2026\\\/04\\\/09\\\/protokoll-vom-stammtisch-am-7-4-2026\\\/\",\"name\":\"Protokoll vom Stammtisch am 7.4.2026 - Imker Ortsgruppe Salzburg Aigen\",\"isPartOf\":{\"@id\":\"https:\\\/\\\/imker-aigen.at\\\/#website\"},\"primaryImageOfPage\":{\"@id\":\"https:\\\/\\\/imker-aigen.at\\\/index.php\\\/2026\\\/04\\\/09\\\/protokoll-vom-stammtisch-am-7-4-2026\\\/#primaryimage\"},\"image\":{\"@id\":\"https:\\\/\\\/imker-aigen.at\\\/index.php\\\/2026\\\/04\\\/09\\\/protokoll-vom-stammtisch-am-7-4-2026\\\/#primaryimage\"},\"thumbnailUrl\":\"https:\\\/\\\/imker-aigen.at\\\/wp-content\\\/uploads\\\/2022\\\/08\\\/glasses-beer-1.jpg\",\"datePublished\":\"2026-04-09T13:28:55+00:00\",\"dateModified\":\"2026-04-10T04:14:20+00:00\",\"description\":\"Am 7. April 2026 fand der monatliche Stammtisch des Imkervereins Sazburg Aigen im Gasthaus Pliemgut statt.\",\"breadcrumb\":{\"@id\":\"https:\\\/\\\/imker-aigen.at\\\/index.php\\\/2026\\\/04\\\/09\\\/protokoll-vom-stammtisch-am-7-4-2026\\\/#breadcrumb\"},\"inLanguage\":\"de\",\"potentialAction\":[{\"@type\":\"ReadAction\",\"target\":[\"https:\\\/\\\/imker-aigen.at\\\/index.php\\\/2026\\\/04\\\/09\\\/protokoll-vom-stammtisch-am-7-4-2026\\\/\"]}]},{\"@type\":\"ImageObject\",\"inLanguage\":\"de\",\"@id\":\"https:\\\/\\\/imker-aigen.at\\\/index.php\\\/2026\\\/04\\\/09\\\/protokoll-vom-stammtisch-am-7-4-2026\\\/#primaryimage\",\"url\":\"https:\\\/\\\/imker-aigen.at\\\/wp-content\\\/uploads\\\/2022\\\/08\\\/glasses-beer-1.jpg\",\"contentUrl\":\"https:\\\/\\\/imker-aigen.at\\\/wp-content\\\/uploads\\\/2022\\\/08\\\/glasses-beer-1.jpg\",\"width\":180,\"height\":241,\"caption\":\"Bier\"},{\"@type\":\"BreadcrumbList\",\"@id\":\"https:\\\/\\\/imker-aigen.at\\\/index.php\\\/2026\\\/04\\\/09\\\/protokoll-vom-stammtisch-am-7-4-2026\\\/#breadcrumb\",\"itemListElement\":[{\"@type\":\"ListItem\",\"position\":1,\"name\":\"Startseite\",\"item\":\"https:\\\/\\\/imker-aigen.at\\\/index.php\\\/home\\\/\"},{\"@type\":\"ListItem\",\"position\":2,\"name\":\"Protokoll vom Stammtisch am 7.4.2026\"}]},{\"@type\":\"WebSite\",\"@id\":\"https:\\\/\\\/imker-aigen.at\\\/#website\",\"url\":\"https:\\\/\\\/imker-aigen.at\\\/\",\"name\":\"Imker Ortsgruppe Salzburg Aigen\",\"description\":\"Homepage der Imker-Ortsgruppe Salzburg Aigen\",\"publisher\":{\"@id\":\"https:\\\/\\\/imker-aigen.at\\\/#organization\"},\"potentialAction\":[{\"@type\":\"SearchAction\",\"target\":{\"@type\":\"EntryPoint\",\"urlTemplate\":\"https:\\\/\\\/imker-aigen.at\\\/?s={search_term_string}\"},\"query-input\":{\"@type\":\"PropertyValueSpecification\",\"valueRequired\":true,\"valueName\":\"search_term_string\"}}],\"inLanguage\":\"de\"},{\"@type\":\"Organization\",\"@id\":\"https:\\\/\\\/imker-aigen.at\\\/#organization\",\"name\":\"Imker Ortsgruppe Salzburg Aigen\",\"url\":\"https:\\\/\\\/imker-aigen.at\\\/\",\"logo\":{\"@type\":\"ImageObject\",\"inLanguage\":\"de\",\"@id\":\"https:\\\/\\\/imker-aigen.at\\\/#\\\/schema\\\/logo\\\/image\\\/\",\"url\":\"https:\\\/\\\/imker-aigen.at\\\/wp-content\\\/uploads\\\/2022\\\/08\\\/logo-1.png\",\"contentUrl\":\"https:\\\/\\\/imker-aigen.at\\\/wp-content\\\/uploads\\\/2022\\\/08\\\/logo-1.png\",\"width\":392,\"height\":156,\"caption\":\"Imker Ortsgruppe Salzburg Aigen\"},\"image\":{\"@id\":\"https:\\\/\\\/imker-aigen.at\\\/#\\\/schema\\\/logo\\\/image\\\/\"}},{\"@type\":\"Person\",\"@id\":\"https:\\\/\\\/imker-aigen.at\\\/#\\\/schema\\\/person\\\/d7d0c3a8ef6f051d450781218ac83077\",\"name\":\"admin\",\"image\":{\"@type\":\"ImageObject\",\"inLanguage\":\"de\",\"@id\":\"https:\\\/\\\/secure.gravatar.com\\\/avatar\\\/925a7e918efd3cfdae29be9c0018a3ae3275cd0444a6e166241172bb6e5243c7?s=96&d=mm&r=g\",\"url\":\"https:\\\/\\\/secure.gravatar.com\\\/avatar\\\/925a7e918efd3cfdae29be9c0018a3ae3275cd0444a6e166241172bb6e5243c7?s=96&d=mm&r=g\",\"contentUrl\":\"https:\\\/\\\/secure.gravatar.com\\\/avatar\\\/925a7e918efd3cfdae29be9c0018a3ae3275cd0444a6e166241172bb6e5243c7?s=96&d=mm&r=g\",\"caption\":\"admin\"},\"sameAs\":[\"https:\\\/\\\/imker-aigen.at\",\"linkedin.com\\\/in\\\/bernd-meierhofer-5919b62\"],\"url\":\"https:\\\/\\\/imker-aigen.at\\\/index.php\\\/author\\\/bmeierhofer\\\/\"}]}<\/script>\n<!-- \/ Yoast SEO plugin. -->","yoast_head_json":{"title":"Protokoll vom Stammtisch am 7.4.2026 - Imker Ortsgruppe Salzburg Aigen","description":"Am 7. April 2026 fand der monatliche Stammtisch des Imkervereins Sazburg Aigen im Gasthaus Pliemgut statt.","robots":{"index":"index","follow":"follow","max-snippet":"max-snippet:-1","max-image-preview":"max-image-preview:large","max-video-preview":"max-video-preview:-1"},"canonical":"https:\/\/imker-aigen.at\/index.php\/2026\/04\/09\/protokoll-vom-stammtisch-am-7-4-2026\/","og_locale":"de_DE","og_type":"article","og_title":"Protokoll vom Stammtisch am 7.4.2026 - Imker Ortsgruppe Salzburg Aigen","og_description":"Am 7. April 2026 fand der monatliche Stammtisch des Imkervereins Sazburg Aigen im Gasthaus Pliemgut statt.","og_url":"https:\/\/imker-aigen.at\/index.php\/2026\/04\/09\/protokoll-vom-stammtisch-am-7-4-2026\/","og_site_name":"Imker Ortsgruppe Salzburg Aigen","article_published_time":"2026-04-09T13:28:55+00:00","article_modified_time":"2026-04-10T04:14:20+00:00","og_image":[{"width":180,"height":241,"url":"https:\/\/imker-aigen.at\/wp-content\/uploads\/2022\/08\/glasses-beer-1.jpg","type":"image\/jpeg"}],"author":"admin","twitter_card":"summary_large_image","twitter_misc":{"Verfasst von":"admin","Gesch\u00e4tzte Lesezeit":"9\u00a0Minuten"},"schema":{"@context":"https:\/\/schema.org","@graph":[{"@type":"Article","@id":"https:\/\/imker-aigen.at\/index.php\/2026\/04\/09\/protokoll-vom-stammtisch-am-7-4-2026\/#article","isPartOf":{"@id":"https:\/\/imker-aigen.at\/index.php\/2026\/04\/09\/protokoll-vom-stammtisch-am-7-4-2026\/"},"author":{"name":"admin","@id":"https:\/\/imker-aigen.at\/#\/schema\/person\/d7d0c3a8ef6f051d450781218ac83077"},"headline":"Protokoll vom Stammtisch am 7.4.2026","datePublished":"2026-04-09T13:28:55+00:00","dateModified":"2026-04-10T04:14:20+00:00","mainEntityOfPage":{"@id":"https:\/\/imker-aigen.at\/index.php\/2026\/04\/09\/protokoll-vom-stammtisch-am-7-4-2026\/"},"wordCount":2235,"commentCount":0,"publisher":{"@id":"https:\/\/imker-aigen.at\/#organization"},"image":{"@id":"https:\/\/imker-aigen.at\/index.php\/2026\/04\/09\/protokoll-vom-stammtisch-am-7-4-2026\/#primaryimage"},"thumbnailUrl":"https:\/\/imker-aigen.at\/wp-content\/uploads\/2022\/08\/glasses-beer-1.jpg","keywords":["Biene \u00d6sterreich","IMEGO","Imkerbund","Ingrid Schmaranzer","Stammtisch"],"articleSection":["Alte Veranstaltungen","News"],"inLanguage":"de","potentialAction":[{"@type":"CommentAction","name":"Comment","target":["https:\/\/imker-aigen.at\/index.php\/2026\/04\/09\/protokoll-vom-stammtisch-am-7-4-2026\/#respond"]}]},{"@type":"WebPage","@id":"https:\/\/imker-aigen.at\/index.php\/2026\/04\/09\/protokoll-vom-stammtisch-am-7-4-2026\/","url":"https:\/\/imker-aigen.at\/index.php\/2026\/04\/09\/protokoll-vom-stammtisch-am-7-4-2026\/","name":"Protokoll vom Stammtisch am 7.4.2026 - Imker Ortsgruppe Salzburg Aigen","isPartOf":{"@id":"https:\/\/imker-aigen.at\/#website"},"primaryImageOfPage":{"@id":"https:\/\/imker-aigen.at\/index.php\/2026\/04\/09\/protokoll-vom-stammtisch-am-7-4-2026\/#primaryimage"},"image":{"@id":"https:\/\/imker-aigen.at\/index.php\/2026\/04\/09\/protokoll-vom-stammtisch-am-7-4-2026\/#primaryimage"},"thumbnailUrl":"https:\/\/imker-aigen.at\/wp-content\/uploads\/2022\/08\/glasses-beer-1.jpg","datePublished":"2026-04-09T13:28:55+00:00","dateModified":"2026-04-10T04:14:20+00:00","description":"Am 7. April 2026 fand der monatliche Stammtisch des Imkervereins Sazburg Aigen im Gasthaus Pliemgut statt.","breadcrumb":{"@id":"https:\/\/imker-aigen.at\/index.php\/2026\/04\/09\/protokoll-vom-stammtisch-am-7-4-2026\/#breadcrumb"},"inLanguage":"de","potentialAction":[{"@type":"ReadAction","target":["https:\/\/imker-aigen.at\/index.php\/2026\/04\/09\/protokoll-vom-stammtisch-am-7-4-2026\/"]}]},{"@type":"ImageObject","inLanguage":"de","@id":"https:\/\/imker-aigen.at\/index.php\/2026\/04\/09\/protokoll-vom-stammtisch-am-7-4-2026\/#primaryimage","url":"https:\/\/imker-aigen.at\/wp-content\/uploads\/2022\/08\/glasses-beer-1.jpg","contentUrl":"https:\/\/imker-aigen.at\/wp-content\/uploads\/2022\/08\/glasses-beer-1.jpg","width":180,"height":241,"caption":"Bier"},{"@type":"BreadcrumbList","@id":"https:\/\/imker-aigen.at\/index.php\/2026\/04\/09\/protokoll-vom-stammtisch-am-7-4-2026\/#breadcrumb","itemListElement":[{"@type":"ListItem","position":1,"name":"Startseite","item":"https:\/\/imker-aigen.at\/index.php\/home\/"},{"@type":"ListItem","position":2,"name":"Protokoll vom Stammtisch am 7.4.2026"}]},{"@type":"WebSite","@id":"https:\/\/imker-aigen.at\/#website","url":"https:\/\/imker-aigen.at\/","name":"Imker Ortsgruppe Salzburg Aigen","description":"Homepage der Imker-Ortsgruppe Salzburg Aigen","publisher":{"@id":"https:\/\/imker-aigen.at\/#organization"},"potentialAction":[{"@type":"SearchAction","target":{"@type":"EntryPoint","urlTemplate":"https:\/\/imker-aigen.at\/?s={search_term_string}"},"query-input":{"@type":"PropertyValueSpecification","valueRequired":true,"valueName":"search_term_string"}}],"inLanguage":"de"},{"@type":"Organization","@id":"https:\/\/imker-aigen.at\/#organization","name":"Imker Ortsgruppe Salzburg Aigen","url":"https:\/\/imker-aigen.at\/","logo":{"@type":"ImageObject","inLanguage":"de","@id":"https:\/\/imker-aigen.at\/#\/schema\/logo\/image\/","url":"https:\/\/imker-aigen.at\/wp-content\/uploads\/2022\/08\/logo-1.png","contentUrl":"https:\/\/imker-aigen.at\/wp-content\/uploads\/2022\/08\/logo-1.png","width":392,"height":156,"caption":"Imker Ortsgruppe Salzburg Aigen"},"image":{"@id":"https:\/\/imker-aigen.at\/#\/schema\/logo\/image\/"}},{"@type":"Person","@id":"https:\/\/imker-aigen.at\/#\/schema\/person\/d7d0c3a8ef6f051d450781218ac83077","name":"admin","image":{"@type":"ImageObject","inLanguage":"de","@id":"https:\/\/secure.gravatar.com\/avatar\/925a7e918efd3cfdae29be9c0018a3ae3275cd0444a6e166241172bb6e5243c7?s=96&d=mm&r=g","url":"https:\/\/secure.gravatar.com\/avatar\/925a7e918efd3cfdae29be9c0018a3ae3275cd0444a6e166241172bb6e5243c7?s=96&d=mm&r=g","contentUrl":"https:\/\/secure.gravatar.com\/avatar\/925a7e918efd3cfdae29be9c0018a3ae3275cd0444a6e166241172bb6e5243c7?s=96&d=mm&r=g","caption":"admin"},"sameAs":["https:\/\/imker-aigen.at","linkedin.com\/in\/bernd-meierhofer-5919b62"],"url":"https:\/\/imker-aigen.at\/index.php\/author\/bmeierhofer\/"}]}},"_links":{"self":[{"href":"https:\/\/imker-aigen.at\/index.php\/wp-json\/wp\/v2\/posts\/9879","targetHints":{"allow":["GET"]}}],"collection":[{"href":"https:\/\/imker-aigen.at\/index.php\/wp-json\/wp\/v2\/posts"}],"about":[{"href":"https:\/\/imker-aigen.at\/index.php\/wp-json\/wp\/v2\/types\/post"}],"author":[{"embeddable":true,"href":"https:\/\/imker-aigen.at\/index.php\/wp-json\/wp\/v2\/users\/1"}],"replies":[{"embeddable":true,"href":"https:\/\/imker-aigen.at\/index.php\/wp-json\/wp\/v2\/comments?post=9879"}],"version-history":[{"count":20,"href":"https:\/\/imker-aigen.at\/index.php\/wp-json\/wp\/v2\/posts\/9879\/revisions"}],"predecessor-version":[{"id":9921,"href":"https:\/\/imker-aigen.at\/index.php\/wp-json\/wp\/v2\/posts\/9879\/revisions\/9921"}],"wp:featuredmedia":[{"embeddable":true,"href":"https:\/\/imker-aigen.at\/index.php\/wp-json\/wp\/v2\/media\/621"}],"wp:attachment":[{"href":"https:\/\/imker-aigen.at\/index.php\/wp-json\/wp\/v2\/media?parent=9879"}],"wp:term":[{"taxonomy":"category","embeddable":true,"href":"https:\/\/imker-aigen.at\/index.php\/wp-json\/wp\/v2\/categories?post=9879"},{"taxonomy":"post_tag","embeddable":true,"href":"https:\/\/imker-aigen.at\/index.php\/wp-json\/wp\/v2\/tags?post=9879"}],"curies":[{"name":"wp","href":"https:\/\/api.w.org\/{rel}","templated":true}]}}