{"id":9908,"date":"2026-04-13T09:22:12","date_gmt":"2026-04-13T07:22:12","guid":{"rendered":"https:\/\/imker-aigen.at\/?p=9908"},"modified":"2026-04-16T10:43:25","modified_gmt":"2026-04-16T08:43:25","slug":"protokoll-vom-landesimkertag-am-12-4-2026","status":"publish","type":"post","link":"https:\/\/imker-aigen.at\/index.php\/2026\/04\/13\/protokoll-vom-landesimkertag-am-12-4-2026\/","title":{"rendered":"Protokoll vom Landesimkertag am 12.4.2026"},"content":{"rendered":"<div  class='flex_column av-6wded0-1625d89c0cb93bd752cec1f3fa47c20a av_one_full  avia-builder-el-0  avia-builder-el-no-sibling  first flex_column_div  '     ><p>\n<style type=\"text\/css\" data-created_by=\"avia_inline_auto\" id=\"style-css-av-mnwv71t1-8420b9eb84a39f5f819ab251fb39521b\">\n#top .av-special-heading.av-mnwv71t1-8420b9eb84a39f5f819ab251fb39521b{\npadding-bottom:10px;\n}\nbody .av-special-heading.av-mnwv71t1-8420b9eb84a39f5f819ab251fb39521b .av-special-heading-tag .heading-char{\nfont-size:25px;\n}\n.av-special-heading.av-mnwv71t1-8420b9eb84a39f5f819ab251fb39521b .av-subheading{\nfont-size:15px;\n}\n<\/style>\n<div  class='av-special-heading av-mnwv71t1-8420b9eb84a39f5f819ab251fb39521b av-special-heading-h3 blockquote modern-quote modern-centered  avia-builder-el-1  el_before_av_horizontal_gallery  avia-builder-el-no-sibling '><h3 class='av-special-heading-tag '  itemprop=\"headline\"  >Protokoll vom Landesimkertag am 12.4.2026<\/h3><div class=\"special-heading-border\"><div class=\"special-heading-inner-border\"><\/div><\/div><\/div><br \/>\n\n<style type=\"text\/css\" data-created_by=\"avia_inline_auto\" id=\"style-css-av-mnwvadkw-1badf9e020a3e7de0df7b94c7bea015c\">\n.av-horizontal-gallery.av-mnwvadkw-1badf9e020a3e7de0df7b94c7bea015c{\npadding:3.75% 0px;;\n}\n.av-horizontal-gallery.av-mnwvadkw-1badf9e020a3e7de0df7b94c7bea015c .av-horizontal-gallery-inner{\npadding-bottom:25%;\n}\n<\/style>\n<div  class='av-horizontal-gallery av-mnwvadkw-1badf9e020a3e7de0df7b94c7bea015c av-horizontal-gallery-large-gap av-horizontal-gallery-enlarge-effect  avia-builder-el-2  el_after_av_heading  el_before_av_hr  av-slideshow-ui av-control-default av-slideshow-manual av-loop-once av-loop-manual-once av-horizontal-gallery-1' data-slideshow-data=\"{&quot;enlarge&quot;:1.3,&quot;animation&quot;:&quot;slide&quot;,&quot;autoplay&quot;:false,&quot;loop_autoplay&quot;:&quot;once&quot;,&quot;interval&quot;:5,&quot;loop_manual&quot;:&quot;manual-once&quot;,&quot;autoplay_stopper&quot;:false,&quot;noNavigation&quot;:false,&quot;bg_slider&quot;:false,&quot;keep_padding&quot;:&quot;&quot;,&quot;hoverpause&quot;:false,&quot;show_slide_delay&quot;:0}\"  itemprop=\"image\" itemscope=\"itemscope\" itemtype=\"https:\/\/schema.org\/ImageObject\" ><div class='avia-slideshow-arrows avia-slideshow-controls' ><a href='#prev' class='prev-slide av-horizontal-gallery-prev avia-svg-icon avia-font-svg_entypo-fontello' data-av_svg_icon='left-open-big' data-av_iconset='svg_entypo-fontello' tabindex='-1' title=\"Zur\u00fcck\"><svg version=\"1.1\" xmlns=\"http:\/\/www.w3.org\/2000\/svg\" width=\"15\" height=\"32\" viewBox=\"0 0 15 32\" preserveAspectRatio=\"xMidYMid meet\" aria-labelledby='av-svg-title-1' aria-describedby='av-svg-desc-1' role=\"graphics-symbol\" aria-hidden=\"true\">\n<title id='av-svg-title-1'>Zur\u00fcck<\/title>\n<desc id='av-svg-desc-1'>Zur\u00fcck<\/desc>\n<path d=\"M14.464 27.84q0.832 0.832 0 1.536-0.832 0.832-1.536 0l-12.544-12.608q-0.768-0.768 0-1.6l12.544-12.608q0.704-0.832 1.536 0 0.832 0.704 0 1.536l-11.456 11.904z\"><\/path>\n<\/svg><span class='avia_hidden_link_text'>Zur\u00fcck<\/span><\/a><a href='#next' class='next-slide av-horizontal-gallery-next avia-svg-icon avia-font-svg_entypo-fontello' data-av_svg_icon='right-open-big' data-av_iconset='svg_entypo-fontello' tabindex='-1' title=\"Weiter\"><svg version=\"1.1\" xmlns=\"http:\/\/www.w3.org\/2000\/svg\" width=\"15\" height=\"32\" viewBox=\"0 0 15 32\" preserveAspectRatio=\"xMidYMid meet\" aria-labelledby='av-svg-title-2' aria-describedby='av-svg-desc-2' role=\"graphics-symbol\" aria-hidden=\"true\">\n<title id='av-svg-title-2'>Weiter<\/title>\n<desc id='av-svg-desc-2'>Weiter<\/desc>\n<path d=\"M0.416 27.84l11.456-11.84-11.456-11.904q-0.832-0.832 0-1.536 0.832-0.832 1.536 0l12.544 12.608q0.768 0.832 0 1.6l-12.544 12.608q-0.704 0.832-1.536 0-0.832-0.704 0-1.536z\"><\/path>\n<\/svg><span class='avia_hidden_link_text'>Weiter<\/span><\/a><\/div><div class='avia-slideshow-dots avia-slideshow-controls av-horizontal-gallery-dots fade-in'><a href='#1' class='goto-slide active' >1<\/a><a href='#2' class='goto-slide ' >2<\/a><a href='#3' class='goto-slide ' >3<\/a><a href='#4' class='goto-slide ' >4<\/a><a href='#5' class='goto-slide ' >5<\/a><\/div><div class='av-horizontal-gallery-inner' data-av-height='25'><div class=\"av-horizontal-gallery-slider\"><div class=\"av-horizontal-gallery-wrap noHover\"><img decoding=\"async\" fetchpriority=\"high\" class='wp-image-9916 avia-img-lazy-loading-not-9916 av-horizontal-gallery-img' width=\"1024\" height=\"768\" src=\"https:\/\/imker-aigen.at\/wp-content\/uploads\/2026\/04\/landesimkertag_2026_1.jpg\" title='Tagesordnung f\u00fcr die Versammlung \u00fcber die Salzburger Imkergenossenschaft' alt='' srcset=\"https:\/\/imker-aigen.at\/wp-content\/uploads\/2026\/04\/landesimkertag_2026_1.jpg 1024w, https:\/\/imker-aigen.at\/wp-content\/uploads\/2026\/04\/landesimkertag_2026_1-300x225.jpg 300w, https:\/\/imker-aigen.at\/wp-content\/uploads\/2026\/04\/landesimkertag_2026_1-768x576.jpg 768w, https:\/\/imker-aigen.at\/wp-content\/uploads\/2026\/04\/landesimkertag_2026_1-705x529.jpg 705w\" sizes=\"(max-width: 1024px) 100vw, 1024px\" \/><a href=\"https:\/\/imker-aigen.at\/wp-content\/uploads\/2026\/04\/landesimkertag_2026_1.jpg\" data-srcset=\"https:\/\/imker-aigen.at\/wp-content\/uploads\/2026\/04\/landesimkertag_2026_1.jpg 1024w, https:\/\/imker-aigen.at\/wp-content\/uploads\/2026\/04\/landesimkertag_2026_1-300x225.jpg 300w, https:\/\/imker-aigen.at\/wp-content\/uploads\/2026\/04\/landesimkertag_2026_1-768x576.jpg 768w, https:\/\/imker-aigen.at\/wp-content\/uploads\/2026\/04\/landesimkertag_2026_1-705x529.jpg 705w\" data-sizes=\"(max-width: 1024px) 100vw, 1024px\" class='av-horizontal-gallery-link avia-svg-icon avia-font-svg_entypo-fontello' data-av_svg_icon='resize-full' data-av_iconset='svg_entypo-fontello' title='Tagesordnung f\u00fcr die Versammlung \u00fcber die Salzburger Imkergenossenschaft' alt='' aria-label='Open image in lightbox: Tagesordnung f\u00fcr die Versammlung \u00fcber die Salzburger Imkergenossenschaft'><svg version=\"1.1\" xmlns=\"http:\/\/www.w3.org\/2000\/svg\" width=\"25\" height=\"32\" viewBox=\"0 0 25 32\" preserveAspectRatio=\"xMidYMid meet\" aria-labelledby='av-svg-title-3' aria-describedby='av-svg-desc-3' role=\"graphics-symbol\" aria-hidden=\"true\">\n<title id='av-svg-title-3'>Open image in lightbox: Tagesordnung f\u00fcr die Versammlung \u00fcber die Salzburger Imkergenossenschaft<\/title>\n<desc id='av-svg-desc-3'>Open image in lightbox: Tagesordnung f\u00fcr die Versammlung \u00fcber die Salzburger Imkergenossenschaft<\/desc>\n<path d=\"M15.232 3.328h10.112v10.112l-3.2-3.968-4.672 4.864-3.2-3.2 4.864-4.672zM7.872 17.536l3.2 3.2-4.864 4.672 3.904 3.2h-10.112v-10.112l3.2 3.904z\"><\/path>\n<\/svg><\/a><\/div><div class=\"av-horizontal-gallery-wrap noHover\"><img decoding=\"async\" fetchpriority=\"high\" class='wp-image-9915 avia-img-lazy-loading-not-9915 av-horizontal-gallery-img' width=\"1024\" height=\"768\" src=\"https:\/\/imker-aigen.at\/wp-content\/uploads\/2026\/04\/landesimkertag_2026_2.jpg\" title='Gru\u00dfworte der Landtagsabgeordneten und Klubobfrau der Gr\u00fcnen im Salzburger Landtag, Mag. Martina Berthold, MBA' alt='' srcset=\"https:\/\/imker-aigen.at\/wp-content\/uploads\/2026\/04\/landesimkertag_2026_2.jpg 1024w, https:\/\/imker-aigen.at\/wp-content\/uploads\/2026\/04\/landesimkertag_2026_2-300x225.jpg 300w, https:\/\/imker-aigen.at\/wp-content\/uploads\/2026\/04\/landesimkertag_2026_2-768x576.jpg 768w, https:\/\/imker-aigen.at\/wp-content\/uploads\/2026\/04\/landesimkertag_2026_2-705x529.jpg 705w\" sizes=\"(max-width: 1024px) 100vw, 1024px\" \/><a href=\"https:\/\/imker-aigen.at\/wp-content\/uploads\/2026\/04\/landesimkertag_2026_2.jpg\" data-srcset=\"https:\/\/imker-aigen.at\/wp-content\/uploads\/2026\/04\/landesimkertag_2026_2.jpg 1024w, https:\/\/imker-aigen.at\/wp-content\/uploads\/2026\/04\/landesimkertag_2026_2-300x225.jpg 300w, https:\/\/imker-aigen.at\/wp-content\/uploads\/2026\/04\/landesimkertag_2026_2-768x576.jpg 768w, https:\/\/imker-aigen.at\/wp-content\/uploads\/2026\/04\/landesimkertag_2026_2-705x529.jpg 705w\" data-sizes=\"(max-width: 1024px) 100vw, 1024px\" class='av-horizontal-gallery-link avia-svg-icon avia-font-svg_entypo-fontello' data-av_svg_icon='resize-full' data-av_iconset='svg_entypo-fontello' title='Gru\u00dfworte der Landtagsabgeordneten und Klubobfrau der Gr\u00fcnen im Salzburger Landtag, Mag. Martina Berthold, MBA' alt='' aria-label='Open image in lightbox: Gru\u00dfworte der Landtagsabgeordneten und Klubobfrau der Gr\u00fcnen im Salzburger Landtag, Mag. Martina Berthold, MBA'><svg version=\"1.1\" xmlns=\"http:\/\/www.w3.org\/2000\/svg\" width=\"25\" height=\"32\" viewBox=\"0 0 25 32\" preserveAspectRatio=\"xMidYMid meet\" aria-labelledby='av-svg-title-4' aria-describedby='av-svg-desc-4' role=\"graphics-symbol\" aria-hidden=\"true\">\n<title id='av-svg-title-4'>Open image in lightbox: Gru\u00dfworte der Landtagsabgeordneten und Klubobfrau der Gr\u00fcnen im Salzburger Landtag, Mag. Martina Berthold, MBA<\/title>\n<desc id='av-svg-desc-4'>Open image in lightbox: Gru\u00dfworte der Landtagsabgeordneten und Klubobfrau der Gr\u00fcnen im Salzburger Landtag, Mag. Martina Berthold, MBA<\/desc>\n<path d=\"M15.232 3.328h10.112v10.112l-3.2-3.968-4.672 4.864-3.2-3.2 4.864-4.672zM7.872 17.536l3.2 3.2-4.864 4.672 3.904 3.2h-10.112v-10.112l3.2 3.904z\"><\/path>\n<\/svg><\/a><\/div><div class=\"av-horizontal-gallery-wrap noHover\"><img decoding=\"async\" fetchpriority=\"high\" class='wp-image-9913 avia-img-lazy-loading-not-9913 av-horizontal-gallery-img' width=\"1024\" height=\"768\" src=\"https:\/\/imker-aigen.at\/wp-content\/uploads\/2026\/04\/landesimkertag_2026_4.jpg\" title='Ehrung verdienter Salzburger Imker mit der Bronzenen und Silbernen Weipplmedaille' alt='' srcset=\"https:\/\/imker-aigen.at\/wp-content\/uploads\/2026\/04\/landesimkertag_2026_4.jpg 1024w, https:\/\/imker-aigen.at\/wp-content\/uploads\/2026\/04\/landesimkertag_2026_4-300x225.jpg 300w, https:\/\/imker-aigen.at\/wp-content\/uploads\/2026\/04\/landesimkertag_2026_4-768x576.jpg 768w, https:\/\/imker-aigen.at\/wp-content\/uploads\/2026\/04\/landesimkertag_2026_4-705x529.jpg 705w\" sizes=\"(max-width: 1024px) 100vw, 1024px\" \/><a href=\"https:\/\/imker-aigen.at\/wp-content\/uploads\/2026\/04\/landesimkertag_2026_4.jpg\" data-srcset=\"https:\/\/imker-aigen.at\/wp-content\/uploads\/2026\/04\/landesimkertag_2026_4.jpg 1024w, https:\/\/imker-aigen.at\/wp-content\/uploads\/2026\/04\/landesimkertag_2026_4-300x225.jpg 300w, https:\/\/imker-aigen.at\/wp-content\/uploads\/2026\/04\/landesimkertag_2026_4-768x576.jpg 768w, https:\/\/imker-aigen.at\/wp-content\/uploads\/2026\/04\/landesimkertag_2026_4-705x529.jpg 705w\" data-sizes=\"(max-width: 1024px) 100vw, 1024px\" class='av-horizontal-gallery-link avia-svg-icon avia-font-svg_entypo-fontello' data-av_svg_icon='resize-full' data-av_iconset='svg_entypo-fontello' title='Ehrung verdienter Salzburger Imker mit der Bronzenen und Silbernen Weipplmedaille' alt='' aria-label='Open image in lightbox: Ehrung verdienter Salzburger Imker mit der Bronzenen und Silbernen Weipplmedaille'><svg version=\"1.1\" xmlns=\"http:\/\/www.w3.org\/2000\/svg\" width=\"25\" height=\"32\" viewBox=\"0 0 25 32\" preserveAspectRatio=\"xMidYMid meet\" aria-labelledby='av-svg-title-5' aria-describedby='av-svg-desc-5' role=\"graphics-symbol\" aria-hidden=\"true\">\n<title id='av-svg-title-5'>Open image in lightbox: Ehrung verdienter Salzburger Imker mit der Bronzenen und Silbernen Weipplmedaille<\/title>\n<desc id='av-svg-desc-5'>Open image in lightbox: Ehrung verdienter Salzburger Imker mit der Bronzenen und Silbernen Weipplmedaille<\/desc>\n<path d=\"M15.232 3.328h10.112v10.112l-3.2-3.968-4.672 4.864-3.2-3.2 4.864-4.672zM7.872 17.536l3.2 3.2-4.864 4.672 3.904 3.2h-10.112v-10.112l3.2 3.904z\"><\/path>\n<\/svg><\/a><\/div><div class=\"av-horizontal-gallery-wrap noHover\"><img decoding=\"async\" fetchpriority=\"high\" class='wp-image-9914 avia-img-lazy-loading-not-9914 av-horizontal-gallery-img' width=\"1024\" height=\"768\" src=\"https:\/\/imker-aigen.at\/wp-content\/uploads\/2026\/04\/landesimkertag_2026_3.jpg\" title='Bericht des Gesch\u00e4ftsf\u00fchrers des Imkerhofes Salzburg, Thomas Renner' alt='' srcset=\"https:\/\/imker-aigen.at\/wp-content\/uploads\/2026\/04\/landesimkertag_2026_3.jpg 1024w, https:\/\/imker-aigen.at\/wp-content\/uploads\/2026\/04\/landesimkertag_2026_3-300x225.jpg 300w, https:\/\/imker-aigen.at\/wp-content\/uploads\/2026\/04\/landesimkertag_2026_3-768x576.jpg 768w, https:\/\/imker-aigen.at\/wp-content\/uploads\/2026\/04\/landesimkertag_2026_3-705x529.jpg 705w\" sizes=\"(max-width: 1024px) 100vw, 1024px\" \/><a href=\"https:\/\/imker-aigen.at\/wp-content\/uploads\/2026\/04\/landesimkertag_2026_3.jpg\" data-srcset=\"https:\/\/imker-aigen.at\/wp-content\/uploads\/2026\/04\/landesimkertag_2026_3.jpg 1024w, https:\/\/imker-aigen.at\/wp-content\/uploads\/2026\/04\/landesimkertag_2026_3-300x225.jpg 300w, https:\/\/imker-aigen.at\/wp-content\/uploads\/2026\/04\/landesimkertag_2026_3-768x576.jpg 768w, https:\/\/imker-aigen.at\/wp-content\/uploads\/2026\/04\/landesimkertag_2026_3-705x529.jpg 705w\" data-sizes=\"(max-width: 1024px) 100vw, 1024px\" class='av-horizontal-gallery-link avia-svg-icon avia-font-svg_entypo-fontello' data-av_svg_icon='resize-full' data-av_iconset='svg_entypo-fontello' title='Bericht des Gesch\u00e4ftsf\u00fchrers des Imkerhofes Salzburg, Thomas Renner' alt='' aria-label='Open image in lightbox: Bericht des Gesch\u00e4ftsf\u00fchrers des Imkerhofes Salzburg, Thomas Renner'><svg version=\"1.1\" xmlns=\"http:\/\/www.w3.org\/2000\/svg\" width=\"25\" height=\"32\" viewBox=\"0 0 25 32\" preserveAspectRatio=\"xMidYMid meet\" aria-labelledby='av-svg-title-6' aria-describedby='av-svg-desc-6' role=\"graphics-symbol\" aria-hidden=\"true\">\n<title id='av-svg-title-6'>Open image in lightbox: Bericht des Gesch\u00e4ftsf\u00fchrers des Imkerhofes Salzburg, Thomas Renner<\/title>\n<desc id='av-svg-desc-6'>Open image in lightbox: Bericht des Gesch\u00e4ftsf\u00fchrers des Imkerhofes Salzburg, Thomas Renner<\/desc>\n<path d=\"M15.232 3.328h10.112v10.112l-3.2-3.968-4.672 4.864-3.2-3.2 4.864-4.672zM7.872 17.536l3.2 3.2-4.864 4.672 3.904 3.2h-10.112v-10.112l3.2 3.904z\"><\/path>\n<\/svg><\/a><\/div><div class=\"av-horizontal-gallery-wrap noHover\"><img decoding=\"async\" fetchpriority=\"high\" class='wp-image-9912 avia-img-lazy-loading-not-9912 av-horizontal-gallery-img' width=\"1024\" height=\"768\" src=\"https:\/\/imker-aigen.at\/wp-content\/uploads\/2026\/04\/landesimkertag_2026_5.jpg\" title='Bericht des Aufsichtsrates der Genossenschaft' alt='' srcset=\"https:\/\/imker-aigen.at\/wp-content\/uploads\/2026\/04\/landesimkertag_2026_5.jpg 1024w, https:\/\/imker-aigen.at\/wp-content\/uploads\/2026\/04\/landesimkertag_2026_5-300x225.jpg 300w, https:\/\/imker-aigen.at\/wp-content\/uploads\/2026\/04\/landesimkertag_2026_5-768x576.jpg 768w, https:\/\/imker-aigen.at\/wp-content\/uploads\/2026\/04\/landesimkertag_2026_5-705x529.jpg 705w\" sizes=\"(max-width: 1024px) 100vw, 1024px\" \/><a href=\"https:\/\/imker-aigen.at\/wp-content\/uploads\/2026\/04\/landesimkertag_2026_5.jpg\" data-srcset=\"https:\/\/imker-aigen.at\/wp-content\/uploads\/2026\/04\/landesimkertag_2026_5.jpg 1024w, https:\/\/imker-aigen.at\/wp-content\/uploads\/2026\/04\/landesimkertag_2026_5-300x225.jpg 300w, https:\/\/imker-aigen.at\/wp-content\/uploads\/2026\/04\/landesimkertag_2026_5-768x576.jpg 768w, https:\/\/imker-aigen.at\/wp-content\/uploads\/2026\/04\/landesimkertag_2026_5-705x529.jpg 705w\" data-sizes=\"(max-width: 1024px) 100vw, 1024px\" class='av-horizontal-gallery-link avia-svg-icon avia-font-svg_entypo-fontello' data-av_svg_icon='resize-full' data-av_iconset='svg_entypo-fontello' title='Bericht des Aufsichtsrates der Genossenschaft' alt='' aria-label='Open image in lightbox: Bericht des Aufsichtsrates der Genossenschaft'><svg version=\"1.1\" xmlns=\"http:\/\/www.w3.org\/2000\/svg\" width=\"25\" height=\"32\" viewBox=\"0 0 25 32\" preserveAspectRatio=\"xMidYMid meet\" aria-labelledby='av-svg-title-7' aria-describedby='av-svg-desc-7' role=\"graphics-symbol\" aria-hidden=\"true\">\n<title id='av-svg-title-7'>Open image in lightbox: Bericht des Aufsichtsrates der Genossenschaft<\/title>\n<desc id='av-svg-desc-7'>Open image in lightbox: Bericht des Aufsichtsrates der Genossenschaft<\/desc>\n<path d=\"M15.232 3.328h10.112v10.112l-3.2-3.968-4.672 4.864-3.2-3.2 4.864-4.672zM7.872 17.536l3.2 3.2-4.864 4.672 3.904 3.2h-10.112v-10.112l3.2 3.904z\"><\/path>\n<\/svg><\/a><\/div><\/div><\/div><\/div><br \/>\n\n<style type=\"text\/css\" data-created_by=\"avia_inline_auto\" id=\"style-css-av-mnwv7oma-8cdd6c5404e93ffe78352c02c71d9e5c\">\n#top .hr.av-mnwv7oma-8cdd6c5404e93ffe78352c02c71d9e5c{\nmargin-top:30px;\nmargin-bottom:30px;\n}\n.hr.av-mnwv7oma-8cdd6c5404e93ffe78352c02c71d9e5c .hr-inner{\nwidth:50px;\nmax-width:45%;\n}\n<\/style>\n<div  class='hr av-mnwv7oma-8cdd6c5404e93ffe78352c02c71d9e5c hr-custom  avia-builder-el-3  el_after_av_horizontal_gallery  el_before_av_textblock  avia-builder-el-first  hr-center hr-icon-yes'><span class='hr-inner inner-border-av-border-thin'><span class=\"hr-inner-style\"><\/span><\/span><span class='av-seperator-icon avia-svg-icon avia-font-svg_entypo-fontello' data-av_svg_icon='dot-3' data-av_iconset='svg_entypo-fontello'><svg version=\"1.1\" xmlns=\"http:\/\/www.w3.org\/2000\/svg\" width=\"29\" height=\"32\" viewBox=\"0 0 29 32\" preserveAspectRatio=\"xMidYMid meet\" aria-labelledby='av-svg-title-8' aria-describedby='av-svg-desc-8' role=\"graphics-symbol\">\n<title id='av-svg-title-8'>Dot-3<\/title>\n<desc id='av-svg-desc-8'>Dot-3<\/desc>\n<path d=\"M3.52 12.48q1.472 0 2.496 1.024t1.024 2.496q0 1.408-1.024 2.464t-2.496 1.056-2.496-1.056-1.024-2.464q0-1.472 1.024-2.496t2.496-1.024zM14.72 12.48q1.472 0 2.496 1.024t1.024 2.496q0 1.408-1.056 2.464t-2.464 1.056-2.464-1.056-1.056-2.464q0-1.472 1.024-2.496t2.496-1.024zM25.92 12.48q1.472 0 2.496 1.024t1.024 2.496q0 1.408-1.024 2.464t-2.496 1.056-2.496-1.056-1.024-2.464q0-1.472 1.024-2.496t2.496-1.024z\"><\/path>\n<\/svg><\/span><span class='hr-inner inner-border-av-border-thin'><span class=\"hr-inner-style\"><\/span><\/span><\/div><br \/>\n<section  class='av_textblock_section av-58i1ro-1948beb32e73c50e3644b528de6d9cae '   itemscope=\"itemscope\" itemtype=\"https:\/\/schema.org\/BlogPosting\" itemprop=\"blogPost\" ><div class='avia_textblock'  itemprop=\"text\" ><p><span style=\"color: #999999;\">Autoren: Paul Freh-Deutschmann, Bernd Meierhofer<\/span><\/p>\n<p>Am 12. April 2026 fand im Festsaal \u201eZur Nachbarschaft\u201c in Elixhausen der diesj\u00e4hrige Landesimkertag der Salzburger Imkerinnen und Imker statt. Die Veranstaltung erfreute sich gro\u00dfer Beliebtheit und war sehr gut besucht. Zahlreiche Imkerinnen und Imker aus dem gesamten Bundesland folgten der Einladung und sorgten gemeinsam mit hochrangigen Ehreng\u00e4sten aus Politik, Landwirtschaft und Imkerei f\u00fcr einen festlichen und w\u00fcrdigen Rahmen.<\/p>\n<p>Unter den prominenten G\u00e4sten befanden sich unter anderem die Landtagsabgeordnete und Klubobfrau der Gr\u00fcnen im Salzburger Landtag, Mag. Martina Berthold, MBA, der Landesrat der Salzburger Landesregierung Maximilian Aigner (\u00d6VP), der Pr\u00e4sident der Salzburger Landwirtschaftskammer Rupert Quehenberger sowie der B\u00fcrgermeister von Elixhausen, MMag. Michael Prantner (\u00d6VP). Ebenso nahmen der Bezirksobmann des Salzburger Bauernbundes f\u00fcr den Flachgau, Michael Schmidhuber, sowie Angelika Stutz, Schriftf\u00fchrerin des Kreisverbandes der Imker S\u00fcdost-Oberbayern e.V., an der Veranstaltung teil.<\/p>\n<p>Auch zahlreiche Pers\u00f6nlichkeiten aus der Imkerschaft waren vertreten, darunter der Pr\u00e4sident des ober\u00f6sterreichischen Landesverbandes f\u00fcr Bienenzucht, Herbert Vitzthum, der ehemalige Salzburger Imker-Landesobmann Willi Kastenauer sowie der langj\u00e4hrige Funktion\u00e4r des Salzburger Landesverbandes und Obmann der Imker-Ortsgruppe Saalfelden, Dipl.-Ing. Richard Kaiser.<\/p>\n<h3><strong>Totengedenken<\/strong><\/h3>\n<p>Zun\u00e4chst wurde dem erst k\u00fcrzlich verstorbenen Agrar\u00f6konomen Josef Schwaiger und der verstorbenen Imkerinnen und Imker in einem feierlichen Totengedenken gedacht. Dabei wurde eine gro\u00dfe Bienenwachskerze entz\u00fcndet. Die Kerze stand auf einem eisernen Kerzenst\u00e4nder, der erst k\u00fcrzlich restauriert wurde und nun in neuem Glanz erstrahlt. K\u00fcnftig soll dieser wieder vermehrt bei besonderen Anl\u00e4ssen zum Einsatz kommen und auch eine neue Gemeinschaftskerze aus Bienenwachs soll hergestellt werden. In diesem Zusammenhang appellierte der Landesobmann an die Imkerinnen und Imker der verschiedenen Ortsgruppen, etwas Bienenwachs f\u00fcr diese Kerze als Symbol der Verbundenheit zu spenden.<\/p>\n<h3><strong>Gru\u00dfworte der Ehreng\u00e4ste<\/strong><\/h3>\n<h4><strong>MMag. Michael Prantner (<\/strong><strong>B\u00fcrgermeister von Elixhausen)\u00a0<\/strong><\/h4>\n<p>Der Landesimkertag startete mit den Gru\u00dfworten der Ehreng\u00e4ste. Den Auftakt machte der B\u00fcrgermeister von Elixhausen, MMag. Michael Prantner. Er er\u00f6ffnete seine Rede mit dem Hinweis, dass die Imkerschaft angesichts der Vielzahl an bewirtschafteten Tieren eigentlich die gr\u00f6\u00dfte \u201eBauernschaft\u201c darstellt. Zudem betonte er, dass Nachhaltigkeit l\u00e4ngst kein blo\u00dfes Schlagwort mehr sein d\u00fcrfe, sondern eine gelebte Notwendigkeit sei. Der Erhalt unseres Kulturraumes sei von zentraler Bedeutung, wobei die Imkerschaft einen \u00e4u\u00dferst wertvollen Beitrag leiste. In diesem Zusammenhang verwies er auch auf die Initiative \u201eJedem Garten seinen Baum\u201c des Elixhausner Obst- und Gartenbauvereins, die darauf abzielt, in jedem Garten entsprechende Str\u00e4ucher und B\u00e4ume zu etablieren.<\/p>\n<h4>Rupert Quehenberger (Pr\u00e4sidenten der Salzburger Landwirtschaftskammer)<\/h4>\n<p>Im Anschluss folgten die Gru\u00dfworte des Pr\u00e4sidenten der Salzburger Landwirtschaftskammer, Rupert Quehenberger. Er hob besonders die neue Herkunftsbezeichnung f\u00fcr Honig hervor, die es Konsumentinnen und Konsumenten k\u00fcnftig erleichtert zu erkennen, ob es sich um heimischen Honig oder Importware handelt. Zudem zeigte er sich optimistisch hinsichtlich der bevorstehenden Saison: Laut seiner Wetterrecherche seien die Aussichten f\u00fcr den April vielversprechend, sodass den Imkern eine bessere Fr\u00fchjahrssaison als in den vergangenen Jahren bevorstehen k\u00f6nnte.<\/p>\n<h4>Mag. Martina Berthold, MBA (Landtagsabgeordnete und Klubobfrau der Gr\u00fcnen im Salzburger Landtag)<\/h4>\n<p>Daraufhin sprach die Landtagsabgeordnete und Klubobfrau der Gr\u00fcnen im Salzburger Landtag, Mag. Martina Berthold, MBA. In ihren Ausf\u00fchrungen betonte sie die Bedeutung starker Frauen und zog dabei einen anschaulichen Vergleich zum Bienenstock, in dem das Volk bekanntlich \u00fcberwiegend von weiblichen Bienen getragen wird. Gleichzeitig unterstrich sie die Wichtigkeit der Zusammenarbeit aller Beteiligten \u2013 von Bauern \u00fcber Natursch\u00fctzer bis hin zu den Imkern. Auch die Wildbienen und andere best\u00e4ubende Insekten d\u00fcrften dabei keinesfalls au\u00dfer Acht gelassen werden. Seitens des Landes sei zudem die Einrichtung einer Bienenfachberatung geplant.<\/p>\n<h4>Maximilian Aigner (Landesrat)<\/h4>\n<p>Den Abschluss der Gru\u00dfworte bildete Landesrat Maximilian Aigner (\u00d6VP), der erst seit vier Monaten in seiner neuen Funktion t\u00e4tig ist und damit die Nachfolge des im Oktober des Vorjahres viel zu fr\u00fch verstorbenen Agrar\u00f6konomen Josef Schwaiger angetreten hat. In seiner Rede betonte er die zentrale Rolle der Bienen f\u00fcr die Versorgungssicherheit der Bev\u00f6lkerung und hob hervor, dass das Bienenvolk als Vorbild f\u00fcr Organisation und Zusammenarbeit dienen k\u00f6nne. Auch er unterstrich die Bedeutung der neuen Herkunftsbezeichnung f\u00fcr Honig. Dar\u00fcber hinaus lie\u00df er anklingen, m\u00f6glicherweise selbst mit der Imkerei beginnen zu wollen.<\/p>\n<h3>Ehrungen<\/h3>\n<p>Es folgten die Ehrungen. Imkermeister Andreas K\u00fchner erhielt die Bronzene Weipplmedaille und Wanderlehrer Dipl.-Ing. Richard Kaiser die Silberne Weipplmedaille. Beide wurden damit f\u00fcr ihre verdienstvolle Arbeit in der Imkerschaft ausgezeichnet.<\/p>\n<h3><strong>T\u00e4tigkeitsbericht der Genossenschaft<\/strong><\/h3>\n<p>Danach folgten die Berichte des Obmannes, des Gesch\u00e4ftsf\u00fchrers, der Rechnungspr\u00fcfer und des Aufsichtsrates der Salzburger Imkergenossenschaft.<\/p>\n<p>Im Rahmen des T\u00e4tigkeitsberichts 2026 informierte der Obmann der Salzburger Imkergenossenschaft, Andreas Brieger \u00fcber die aktuelle wirtschaftliche Lage der Imkereigenossenschaft. Trotz umfassender Umstrukturierungen im Jahr 2024, die insbesondere auf eine Verbesserung der Kostenstruktur abzielten, musste die Genossenschaft 2024 ein negatives Ergebnis hinnehmen.<\/p>\n<p>Auch das darauffolgende Jahr 2025 brachte aufgrund eines schlechten Honigjahres keine wirtschaftliche Entlastung. Nur durch konsequente und sofort umgesetzte Kostenreduktionen konnte die Genossenschaft das Jahr 2025 mit einem \u201eblauen Auge\u201c \u00fcberstehen.<\/p>\n<p>Das Jahr 2026 steht daher ganz im Zeichen der weiteren Konsolidierung und der Arbeit an einer langfristig gesicherten Zukunft. Obmann Brieger betonte in diesem Zusammenhang besonders die gro\u00dfe Bedeutung der Treue und Unterst\u00fctzung durch die Genossenschaftsmitglieder.<\/p>\n<p>Dar\u00fcber hinaus wird f\u00fcr 2026 eine weitere organisatorische Entflechtung zwischen Landesverband und Genossenschaft angestrebt, um die Strukturen klarer und effizienter zu gestalten.<\/p>\n<h4><strong>Bericht des Gesch\u00e4ftsf\u00fchrers des Imkerhofes Salzburg<\/strong><\/h4>\n<p>Im Anschluss wurde der Gesch\u00e4ftsbericht von Gesch\u00e4ftsf\u00fchrer Thomas Renner f\u00fcr das Gesch\u00e4ftsjahr 2025 pr\u00e4sentiert. Dieses Jahr stellte sich f\u00fcr den Imkerhof Salzburg als \u00e4u\u00dferst schwierig dar und spiegelte die insgesamt schwache Honigernte wider.<\/p>\n<p>Bedingt durch das schlechte Wetter im Fr\u00fchjahr kam es im Mai zwar zu einem au\u00dfergew\u00f6hnlich starken Anstieg beim Verkauf von Futtermitteln, der rund das Zw\u00f6lffache eines durchschnittlichen Jahres erreichte. Gleichzeitig brach jedoch der Absatz von Honigschleudern sowie weiterem Zubeh\u00f6r f\u00fcr die Honigverarbeitung nahezu vollst\u00e4ndig ein. W\u00e4hrend \u00fcblicherweise zwischen 25 und 50 Honigschleudern pro Jahr verkauft werden, lag die Verkaufszahl im Jahr 2025 bei lediglich drei St\u00fcck.<\/p>\n<p>Zus\u00e4tzlich wirkte sich die Aufdeckung von Honigverf\u00e4lschungen bei Importware negativ auf den Markt aus. Diese Entwicklungen f\u00fchrten dazu, dass heimischer Honig teilweise aus den Superm\u00e4rkten verschwand bzw. die Konsumenten insgesamt deutlich weniger Honig kauften. Eine differenzierte Wahrnehmung zwischen importierter und regionaler Ware ist bei den Konsumenten leider nur eingeschr\u00e4nkt vorhanden.<\/p>\n<p>Erschwerend kommt hinzu, dass der Lebensmittelhandel nur ungern von vereinbarten Honigpreisen abweicht und somit Preissteigerungen, die durch schlechte Erntejahre entstehen, kaum mittr\u00e4gt. Dies stellt f\u00fcr die heimische Produzenten eine zus\u00e4tzliche wirtschaftliche Belastung dar.<\/p>\n<p>Der Verkauf des Varroa-Behandlungsmittels \u201eBienenwohl\u201c stellt weiterhin eine bedeutende und stabile Einnahmequelle f\u00fcr den Imkerhof dar. J\u00e4hrlich werden rund 10.000 bis 12.000 Flaschen abgesetzt. Allerdings gestaltet sich sowohl der Liefer- als auch der Zahlungszeitpunkt als schwer planbar, was die betriebliche Planung zus\u00e4tzlich erschwert.<\/p>\n<p>Im Laufe des Jahres 2025 sah sich der Imkerhof zudem mit weiteren Herausforderungen konfrontiert, da einige Lieferanten Insolvenz anmelden mussten. Parallel dazu wurden jedoch auch gezielte Investitionen in die Infrastruktur und das Geb\u00e4ude vorgenommen, um die Grundlage f\u00fcr zuk\u00fcnftige Entwicklungen zu st\u00e4rken.<\/p>\n<h4><strong>Bericht Rechnungsabschluss zum 31.12.2025<\/strong><\/h4>\n<p>Es folgte der Bericht des Rechnungsabschlusses zum 31.12.2025 vom Stellvertreter der Landeskassiererin, Dietmar Eppenschwendtner. Die Landeskassiererin, Julia Mayer war leider verhindert.<\/p>\n<h4><strong>Bericht des Aufsichtsrates<\/strong><\/h4>\n<p>Nach dem Rechnungsbericht folgte der Bericht des Aufsichtsrates durch den Aufsichtsratvorsitzenden Dr. Martin Hintersteiner. \u00a0Herr Hintersteiner betonte die zentrale Bedeutung eines positiven Kapitalflusses f\u00fcr die Genossenschaft. Nur durch ausreichend erwirtschaftetes Kapital k\u00f6nnen Waren eingekauft, notwendige Investitionen in die Zukunft get\u00e4tigt, Steuern beglichen und gegebenenfalls Dividenden erwirtschaftet werden. Um dies langfristig sicherzustellen, soll der Fokus k\u00fcnftig verst\u00e4rkt auf den Ausbau des Webshops und des Online-Auftritts gelegt werden. Ebenso wird angestrebt, vermehrt auf eigenst\u00e4ndige Produkte wie \u201eBienenwohl\u201c, \u201eApiLife Var\u201c sowie Futtermittel zu setzen und den Bereich &#8222;Beratung und Wissensvermittlung&#8220; im Imkerhof weiter zu intensivieren.<\/p>\n<p>Neben der allgemein angespannten Situation in der Imkerei \u2013 insbesondere einer stagnierenden Kundenbasis \u2013 wurde auch der deutliche R\u00fcckgang beim Honigverkauf im Jahr 2025 infolge des Honigskandals als besonders negativ hervorgehoben. Herr Hintersteiner appellierte an die Imker ein positives Image \u00fcber unseren Honig zu verbreiten. Negative Informationen wie beim Honigskandal bleiben den Konsumenten stets lange im Ged\u00e4chtnis h\u00e4ngen.<\/p>\n<h4><strong>Antrag und Beschlussfassung zur Entlastung des Vorstandes und des Aufsichtsrates<\/strong><\/h4>\n<p>Aufgrund der pr\u00e4sentierten Pr\u00fcfergebnisse und Berichte wurde der Antrag zur Entlastung des Vorstandes und des Aufsichtsrates einstimmig angenommen.<\/p>\n<h4><strong>Antrag auf die Erh\u00f6hung der Anteile des Landesverbandes an der Salzburger Imkergenossenschaft <\/strong><\/h4>\n<p>Der eingebrachte Antrag zur \u00dcbernahme von 3.000 Genossenschaftsanteilen zur Tilgung einer offener Kreditzahlung wurde mehrheitlich angenommen (8 Gegenstimmen).\u00a0 Somit hat der Landesverband nun 3.150 Stimmanteile an der Genossenschaft.<\/p>\n<\/div><\/section><br \/>\n\n<style type=\"text\/css\" data-created_by=\"avia_inline_auto\" id=\"style-css-av-2rrlro-0deaa8e0746a20e8b134d77b8ff03115\">\n.av-horizontal-gallery.av-2rrlro-0deaa8e0746a20e8b134d77b8ff03115{\npadding:3.75% 0px;;\n}\n.av-horizontal-gallery.av-2rrlro-0deaa8e0746a20e8b134d77b8ff03115 .av-horizontal-gallery-inner{\npadding-bottom:25%;\n}\n<\/style>\n<div  class='av-horizontal-gallery av-2rrlro-0deaa8e0746a20e8b134d77b8ff03115 av-horizontal-gallery-large-gap av-horizontal-gallery-enlarge-effect  avia-builder-el-5  el_after_av_textblock  el_before_av_textblock  av-slideshow-ui av-control-default av-slideshow-manual av-loop-once av-loop-manual-once av-horizontal-gallery-2' data-slideshow-data=\"{&quot;enlarge&quot;:1.3,&quot;animation&quot;:&quot;slide&quot;,&quot;autoplay&quot;:false,&quot;loop_autoplay&quot;:&quot;once&quot;,&quot;interval&quot;:5,&quot;loop_manual&quot;:&quot;manual-once&quot;,&quot;autoplay_stopper&quot;:false,&quot;noNavigation&quot;:false,&quot;bg_slider&quot;:false,&quot;keep_padding&quot;:&quot;&quot;,&quot;hoverpause&quot;:false,&quot;show_slide_delay&quot;:0}\"  itemprop=\"image\" itemscope=\"itemscope\" itemtype=\"https:\/\/schema.org\/ImageObject\" ><div class='avia-slideshow-arrows avia-slideshow-controls' ><a href='#prev' class='prev-slide av-horizontal-gallery-prev avia-svg-icon avia-font-svg_entypo-fontello' data-av_svg_icon='left-open-big' data-av_iconset='svg_entypo-fontello' tabindex='-1' title=\"Zur\u00fcck\"><svg version=\"1.1\" xmlns=\"http:\/\/www.w3.org\/2000\/svg\" width=\"15\" height=\"32\" viewBox=\"0 0 15 32\" preserveAspectRatio=\"xMidYMid meet\" aria-labelledby='av-svg-title-9' aria-describedby='av-svg-desc-9' role=\"graphics-symbol\" aria-hidden=\"true\">\n<title id='av-svg-title-9'>Zur\u00fcck<\/title>\n<desc id='av-svg-desc-9'>Zur\u00fcck<\/desc>\n<path d=\"M14.464 27.84q0.832 0.832 0 1.536-0.832 0.832-1.536 0l-12.544-12.608q-0.768-0.768 0-1.6l12.544-12.608q0.704-0.832 1.536 0 0.832 0.704 0 1.536l-11.456 11.904z\"><\/path>\n<\/svg><span class='avia_hidden_link_text'>Zur\u00fcck<\/span><\/a><a href='#next' class='next-slide av-horizontal-gallery-next avia-svg-icon avia-font-svg_entypo-fontello' data-av_svg_icon='right-open-big' data-av_iconset='svg_entypo-fontello' tabindex='-1' title=\"Weiter\"><svg version=\"1.1\" xmlns=\"http:\/\/www.w3.org\/2000\/svg\" width=\"15\" height=\"32\" viewBox=\"0 0 15 32\" preserveAspectRatio=\"xMidYMid meet\" aria-labelledby='av-svg-title-10' aria-describedby='av-svg-desc-10' role=\"graphics-symbol\" aria-hidden=\"true\">\n<title id='av-svg-title-10'>Weiter<\/title>\n<desc id='av-svg-desc-10'>Weiter<\/desc>\n<path d=\"M0.416 27.84l11.456-11.84-11.456-11.904q-0.832-0.832 0-1.536 0.832-0.832 1.536 0l12.544 12.608q0.768 0.832 0 1.6l-12.544 12.608q-0.704 0.832-1.536 0-0.832-0.704 0-1.536z\"><\/path>\n<\/svg><span class='avia_hidden_link_text'>Weiter<\/span><\/a><\/div><div class='avia-slideshow-dots avia-slideshow-controls av-horizontal-gallery-dots fade-in'><a href='#1' class='goto-slide active' >1<\/a><a href='#2' class='goto-slide ' >2<\/a><a href='#3' class='goto-slide ' >3<\/a><a href='#4' class='goto-slide ' >4<\/a><a href='#5' class='goto-slide ' >5<\/a><a href='#6' class='goto-slide ' >6<\/a><a href='#7' class='goto-slide ' >7<\/a><\/div><div class='av-horizontal-gallery-inner' data-av-height='25'><div class=\"av-horizontal-gallery-slider\"><div class=\"av-horizontal-gallery-wrap noHover\"><img decoding=\"async\" fetchpriority=\"high\" class='wp-image-9911 avia-img-lazy-loading-not-9911 av-horizontal-gallery-img' width=\"1024\" height=\"768\" src=\"https:\/\/imker-aigen.at\/wp-content\/uploads\/2026\/04\/landesimkertag_2026_6.jpg\" title='Tagesordnung der Versammlung \u00fcber den Landesverband' alt='' srcset=\"https:\/\/imker-aigen.at\/wp-content\/uploads\/2026\/04\/landesimkertag_2026_6.jpg 1024w, https:\/\/imker-aigen.at\/wp-content\/uploads\/2026\/04\/landesimkertag_2026_6-300x225.jpg 300w, https:\/\/imker-aigen.at\/wp-content\/uploads\/2026\/04\/landesimkertag_2026_6-768x576.jpg 768w, https:\/\/imker-aigen.at\/wp-content\/uploads\/2026\/04\/landesimkertag_2026_6-705x529.jpg 705w\" sizes=\"(max-width: 1024px) 100vw, 1024px\" \/><a href=\"https:\/\/imker-aigen.at\/wp-content\/uploads\/2026\/04\/landesimkertag_2026_6.jpg\" data-srcset=\"https:\/\/imker-aigen.at\/wp-content\/uploads\/2026\/04\/landesimkertag_2026_6.jpg 1024w, https:\/\/imker-aigen.at\/wp-content\/uploads\/2026\/04\/landesimkertag_2026_6-300x225.jpg 300w, https:\/\/imker-aigen.at\/wp-content\/uploads\/2026\/04\/landesimkertag_2026_6-768x576.jpg 768w, https:\/\/imker-aigen.at\/wp-content\/uploads\/2026\/04\/landesimkertag_2026_6-705x529.jpg 705w\" data-sizes=\"(max-width: 1024px) 100vw, 1024px\" class='av-horizontal-gallery-link avia-svg-icon avia-font-svg_entypo-fontello' data-av_svg_icon='resize-full' data-av_iconset='svg_entypo-fontello' title='Tagesordnung der Versammlung \u00fcber den Landesverband' alt='' aria-label='Open image in lightbox: Tagesordnung der Versammlung \u00fcber den Landesverband'><svg version=\"1.1\" xmlns=\"http:\/\/www.w3.org\/2000\/svg\" width=\"25\" height=\"32\" viewBox=\"0 0 25 32\" preserveAspectRatio=\"xMidYMid meet\" aria-labelledby='av-svg-title-11' aria-describedby='av-svg-desc-11' role=\"graphics-symbol\" aria-hidden=\"true\">\n<title id='av-svg-title-11'>Open image in lightbox: Tagesordnung der Versammlung \u00fcber den Landesverband<\/title>\n<desc id='av-svg-desc-11'>Open image in lightbox: Tagesordnung der Versammlung \u00fcber den Landesverband<\/desc>\n<path d=\"M15.232 3.328h10.112v10.112l-3.2-3.968-4.672 4.864-3.2-3.2 4.864-4.672zM7.872 17.536l3.2 3.2-4.864 4.672 3.904 3.2h-10.112v-10.112l3.2 3.904z\"><\/path>\n<\/svg><\/a><\/div><div class=\"av-horizontal-gallery-wrap noHover\"><img decoding=\"async\" fetchpriority=\"high\" class='wp-image-9954 avia-img-lazy-loading-not-9954 av-horizontal-gallery-img' width=\"1024\" height=\"768\" src=\"https:\/\/imker-aigen.at\/wp-content\/uploads\/2026\/04\/landesimkertag_2026_9.jpg\" title='Unser Landesobmann pr\u00e4sentiert aktuelle Daten \u00fcber den Landesverband' alt='' srcset=\"https:\/\/imker-aigen.at\/wp-content\/uploads\/2026\/04\/landesimkertag_2026_9.jpg 1024w, https:\/\/imker-aigen.at\/wp-content\/uploads\/2026\/04\/landesimkertag_2026_9-300x225.jpg 300w, https:\/\/imker-aigen.at\/wp-content\/uploads\/2026\/04\/landesimkertag_2026_9-768x576.jpg 768w, https:\/\/imker-aigen.at\/wp-content\/uploads\/2026\/04\/landesimkertag_2026_9-705x529.jpg 705w\" sizes=\"(max-width: 1024px) 100vw, 1024px\" \/><a href=\"https:\/\/imker-aigen.at\/wp-content\/uploads\/2026\/04\/landesimkertag_2026_9.jpg\" data-srcset=\"https:\/\/imker-aigen.at\/wp-content\/uploads\/2026\/04\/landesimkertag_2026_9.jpg 1024w, https:\/\/imker-aigen.at\/wp-content\/uploads\/2026\/04\/landesimkertag_2026_9-300x225.jpg 300w, https:\/\/imker-aigen.at\/wp-content\/uploads\/2026\/04\/landesimkertag_2026_9-768x576.jpg 768w, https:\/\/imker-aigen.at\/wp-content\/uploads\/2026\/04\/landesimkertag_2026_9-705x529.jpg 705w\" data-sizes=\"(max-width: 1024px) 100vw, 1024px\" class='av-horizontal-gallery-link avia-svg-icon avia-font-svg_entypo-fontello' data-av_svg_icon='resize-full' data-av_iconset='svg_entypo-fontello' title='Unser Landesobmann pr\u00e4sentiert aktuelle Daten \u00fcber den Landesverband' alt='' aria-label='Open image in lightbox: Unser Landesobmann pr\u00e4sentiert aktuelle Daten \u00fcber den Landesverband'><svg version=\"1.1\" xmlns=\"http:\/\/www.w3.org\/2000\/svg\" width=\"25\" height=\"32\" viewBox=\"0 0 25 32\" preserveAspectRatio=\"xMidYMid meet\" aria-labelledby='av-svg-title-12' aria-describedby='av-svg-desc-12' role=\"graphics-symbol\" aria-hidden=\"true\">\n<title id='av-svg-title-12'>Open image in lightbox: Unser Landesobmann pr\u00e4sentiert aktuelle Daten \u00fcber den Landesverband<\/title>\n<desc id='av-svg-desc-12'>Open image in lightbox: Unser Landesobmann pr\u00e4sentiert aktuelle Daten \u00fcber den Landesverband<\/desc>\n<path d=\"M15.232 3.328h10.112v10.112l-3.2-3.968-4.672 4.864-3.2-3.2 4.864-4.672zM7.872 17.536l3.2 3.2-4.864 4.672 3.904 3.2h-10.112v-10.112l3.2 3.904z\"><\/path>\n<\/svg><\/a><\/div><div class=\"av-horizontal-gallery-wrap noHover\"><img decoding=\"async\" fetchpriority=\"high\" class='wp-image-9953 avia-img-lazy-loading-not-9953 av-horizontal-gallery-img' width=\"1024\" height=\"768\" src=\"https:\/\/imker-aigen.at\/wp-content\/uploads\/2026\/04\/landesimkertag_2026_10.jpg\" title='Unser Landesobmann berichtet \u00fcber die Wachs-Spendenaktion mit der Caritas Salzburg' alt='' srcset=\"https:\/\/imker-aigen.at\/wp-content\/uploads\/2026\/04\/landesimkertag_2026_10.jpg 1024w, https:\/\/imker-aigen.at\/wp-content\/uploads\/2026\/04\/landesimkertag_2026_10-300x225.jpg 300w, https:\/\/imker-aigen.at\/wp-content\/uploads\/2026\/04\/landesimkertag_2026_10-768x576.jpg 768w, https:\/\/imker-aigen.at\/wp-content\/uploads\/2026\/04\/landesimkertag_2026_10-705x529.jpg 705w\" sizes=\"(max-width: 1024px) 100vw, 1024px\" \/><a href=\"https:\/\/imker-aigen.at\/wp-content\/uploads\/2026\/04\/landesimkertag_2026_10.jpg\" data-srcset=\"https:\/\/imker-aigen.at\/wp-content\/uploads\/2026\/04\/landesimkertag_2026_10.jpg 1024w, https:\/\/imker-aigen.at\/wp-content\/uploads\/2026\/04\/landesimkertag_2026_10-300x225.jpg 300w, https:\/\/imker-aigen.at\/wp-content\/uploads\/2026\/04\/landesimkertag_2026_10-768x576.jpg 768w, https:\/\/imker-aigen.at\/wp-content\/uploads\/2026\/04\/landesimkertag_2026_10-705x529.jpg 705w\" data-sizes=\"(max-width: 1024px) 100vw, 1024px\" class='av-horizontal-gallery-link avia-svg-icon avia-font-svg_entypo-fontello' data-av_svg_icon='resize-full' data-av_iconset='svg_entypo-fontello' title='Unser Landesobmann berichtet \u00fcber die Wachs-Spendenaktion mit der Caritas Salzburg' alt='' aria-label='Open image in lightbox: Unser Landesobmann berichtet \u00fcber die Wachs-Spendenaktion mit der Caritas Salzburg'><svg version=\"1.1\" xmlns=\"http:\/\/www.w3.org\/2000\/svg\" width=\"25\" height=\"32\" viewBox=\"0 0 25 32\" preserveAspectRatio=\"xMidYMid meet\" aria-labelledby='av-svg-title-13' aria-describedby='av-svg-desc-13' role=\"graphics-symbol\" aria-hidden=\"true\">\n<title id='av-svg-title-13'>Open image in lightbox: Unser Landesobmann berichtet \u00fcber die Wachs-Spendenaktion mit der Caritas Salzburg<\/title>\n<desc id='av-svg-desc-13'>Open image in lightbox: Unser Landesobmann berichtet \u00fcber die Wachs-Spendenaktion mit der Caritas Salzburg<\/desc>\n<path d=\"M15.232 3.328h10.112v10.112l-3.2-3.968-4.672 4.864-3.2-3.2 4.864-4.672zM7.872 17.536l3.2 3.2-4.864 4.672 3.904 3.2h-10.112v-10.112l3.2 3.904z\"><\/path>\n<\/svg><\/a><\/div><div class=\"av-horizontal-gallery-wrap noHover\"><img decoding=\"async\" fetchpriority=\"high\" class='wp-image-9952 avia-img-lazy-loading-not-9952 av-horizontal-gallery-img' width=\"1024\" height=\"768\" src=\"https:\/\/imker-aigen.at\/wp-content\/uploads\/2026\/04\/landesimkertag_2026_11.jpg\" title='Pr\u00e4sentation der neuen Marke &quot;Salzburg Honig&quot;' alt='' srcset=\"https:\/\/imker-aigen.at\/wp-content\/uploads\/2026\/04\/landesimkertag_2026_11.jpg 1024w, https:\/\/imker-aigen.at\/wp-content\/uploads\/2026\/04\/landesimkertag_2026_11-300x225.jpg 300w, https:\/\/imker-aigen.at\/wp-content\/uploads\/2026\/04\/landesimkertag_2026_11-768x576.jpg 768w, https:\/\/imker-aigen.at\/wp-content\/uploads\/2026\/04\/landesimkertag_2026_11-705x529.jpg 705w\" sizes=\"(max-width: 1024px) 100vw, 1024px\" \/><a href=\"https:\/\/imker-aigen.at\/wp-content\/uploads\/2026\/04\/landesimkertag_2026_11.jpg\" data-srcset=\"https:\/\/imker-aigen.at\/wp-content\/uploads\/2026\/04\/landesimkertag_2026_11.jpg 1024w, https:\/\/imker-aigen.at\/wp-content\/uploads\/2026\/04\/landesimkertag_2026_11-300x225.jpg 300w, https:\/\/imker-aigen.at\/wp-content\/uploads\/2026\/04\/landesimkertag_2026_11-768x576.jpg 768w, https:\/\/imker-aigen.at\/wp-content\/uploads\/2026\/04\/landesimkertag_2026_11-705x529.jpg 705w\" data-sizes=\"(max-width: 1024px) 100vw, 1024px\" class='av-horizontal-gallery-link avia-svg-icon avia-font-svg_entypo-fontello' data-av_svg_icon='resize-full' data-av_iconset='svg_entypo-fontello' title='Pr\u00e4sentation der neuen Marke &quot;Salzburg Honig&quot;' alt='' aria-label='Open image in lightbox: Pr\u00e4sentation der neuen Marke &quot;Salzburg Honig&quot;'><svg version=\"1.1\" xmlns=\"http:\/\/www.w3.org\/2000\/svg\" width=\"25\" height=\"32\" viewBox=\"0 0 25 32\" preserveAspectRatio=\"xMidYMid meet\" aria-labelledby='av-svg-title-14' aria-describedby='av-svg-desc-14' role=\"graphics-symbol\" aria-hidden=\"true\">\n<title id='av-svg-title-14'>Open image in lightbox: Pr\u00e4sentation der neuen Marke &quot;Salzburg Honig&quot;<\/title>\n<desc id='av-svg-desc-14'>Open image in lightbox: Pr\u00e4sentation der neuen Marke &quot;Salzburg Honig&quot;<\/desc>\n<path d=\"M15.232 3.328h10.112v10.112l-3.2-3.968-4.672 4.864-3.2-3.2 4.864-4.672zM7.872 17.536l3.2 3.2-4.864 4.672 3.904 3.2h-10.112v-10.112l3.2 3.904z\"><\/path>\n<\/svg><\/a><\/div><div class=\"av-horizontal-gallery-wrap noHover\"><img decoding=\"async\" fetchpriority=\"high\" class='wp-image-9951 avia-img-lazy-loading-not-9951 av-horizontal-gallery-img' width=\"1024\" height=\"768\" src=\"https:\/\/imker-aigen.at\/wp-content\/uploads\/2026\/04\/landesimkertag_2026_12.jpg\" title='Dipl. Biologe Chris Steube pr\u00e4sentiert die Verschiebungen im ph\u00e4nologischen Kalender verursacht durch den Klimawandel' alt='' srcset=\"https:\/\/imker-aigen.at\/wp-content\/uploads\/2026\/04\/landesimkertag_2026_12.jpg 1024w, https:\/\/imker-aigen.at\/wp-content\/uploads\/2026\/04\/landesimkertag_2026_12-300x225.jpg 300w, https:\/\/imker-aigen.at\/wp-content\/uploads\/2026\/04\/landesimkertag_2026_12-768x576.jpg 768w, https:\/\/imker-aigen.at\/wp-content\/uploads\/2026\/04\/landesimkertag_2026_12-705x529.jpg 705w\" sizes=\"(max-width: 1024px) 100vw, 1024px\" \/><a href=\"https:\/\/imker-aigen.at\/wp-content\/uploads\/2026\/04\/landesimkertag_2026_12.jpg\" data-srcset=\"https:\/\/imker-aigen.at\/wp-content\/uploads\/2026\/04\/landesimkertag_2026_12.jpg 1024w, https:\/\/imker-aigen.at\/wp-content\/uploads\/2026\/04\/landesimkertag_2026_12-300x225.jpg 300w, https:\/\/imker-aigen.at\/wp-content\/uploads\/2026\/04\/landesimkertag_2026_12-768x576.jpg 768w, https:\/\/imker-aigen.at\/wp-content\/uploads\/2026\/04\/landesimkertag_2026_12-705x529.jpg 705w\" data-sizes=\"(max-width: 1024px) 100vw, 1024px\" class='av-horizontal-gallery-link avia-svg-icon avia-font-svg_entypo-fontello' data-av_svg_icon='resize-full' data-av_iconset='svg_entypo-fontello' title='Dipl. Biologe Chris Steube pr\u00e4sentiert die Verschiebungen im ph\u00e4nologischen Kalender verursacht durch den Klimawandel' alt='' aria-label='Open image in lightbox: Dipl. Biologe Chris Steube pr\u00e4sentiert die Verschiebungen im ph\u00e4nologischen Kalender verursacht durch den Klimawandel'><svg version=\"1.1\" xmlns=\"http:\/\/www.w3.org\/2000\/svg\" width=\"25\" height=\"32\" viewBox=\"0 0 25 32\" preserveAspectRatio=\"xMidYMid meet\" aria-labelledby='av-svg-title-15' aria-describedby='av-svg-desc-15' role=\"graphics-symbol\" aria-hidden=\"true\">\n<title id='av-svg-title-15'>Open image in lightbox: Dipl. Biologe Chris Steube pr\u00e4sentiert die Verschiebungen im ph\u00e4nologischen Kalender verursacht durch den Klimawandel<\/title>\n<desc id='av-svg-desc-15'>Open image in lightbox: Dipl. Biologe Chris Steube pr\u00e4sentiert die Verschiebungen im ph\u00e4nologischen Kalender verursacht durch den Klimawandel<\/desc>\n<path d=\"M15.232 3.328h10.112v10.112l-3.2-3.968-4.672 4.864-3.2-3.2 4.864-4.672zM7.872 17.536l3.2 3.2-4.864 4.672 3.904 3.2h-10.112v-10.112l3.2 3.904z\"><\/path>\n<\/svg><\/a><\/div><div class=\"av-horizontal-gallery-wrap noHover\"><img decoding=\"async\" fetchpriority=\"high\" class='wp-image-9950 avia-img-lazy-loading-not-9950 av-horizontal-gallery-img' width=\"534\" height=\"1024\" src=\"https:\/\/imker-aigen.at\/wp-content\/uploads\/2026\/04\/landesimkertag_2026_13.jpg\" title='Unsere Wahlkarte - unsere Stimmen' alt='' srcset=\"https:\/\/imker-aigen.at\/wp-content\/uploads\/2026\/04\/landesimkertag_2026_13.jpg 534w, https:\/\/imker-aigen.at\/wp-content\/uploads\/2026\/04\/landesimkertag_2026_13-156x300.jpg 156w, https:\/\/imker-aigen.at\/wp-content\/uploads\/2026\/04\/landesimkertag_2026_13-368x705.jpg 368w\" sizes=\"(max-width: 534px) 100vw, 534px\" \/><a href=\"https:\/\/imker-aigen.at\/wp-content\/uploads\/2026\/04\/landesimkertag_2026_13.jpg\" data-srcset=\"https:\/\/imker-aigen.at\/wp-content\/uploads\/2026\/04\/landesimkertag_2026_13.jpg 534w, https:\/\/imker-aigen.at\/wp-content\/uploads\/2026\/04\/landesimkertag_2026_13-156x300.jpg 156w, https:\/\/imker-aigen.at\/wp-content\/uploads\/2026\/04\/landesimkertag_2026_13-368x705.jpg 368w\" data-sizes=\"(max-width: 534px) 100vw, 534px\" class='av-horizontal-gallery-link avia-svg-icon avia-font-svg_entypo-fontello' data-av_svg_icon='resize-full' data-av_iconset='svg_entypo-fontello' title='Unsere Wahlkarte - unsere Stimmen' alt='' aria-label='Open image in lightbox: Unsere Wahlkarte - unsere Stimmen'><svg version=\"1.1\" xmlns=\"http:\/\/www.w3.org\/2000\/svg\" width=\"25\" height=\"32\" viewBox=\"0 0 25 32\" preserveAspectRatio=\"xMidYMid meet\" aria-labelledby='av-svg-title-16' aria-describedby='av-svg-desc-16' role=\"graphics-symbol\" aria-hidden=\"true\">\n<title id='av-svg-title-16'>Open image in lightbox: Unsere Wahlkarte - unsere Stimmen<\/title>\n<desc id='av-svg-desc-16'>Open image in lightbox: Unsere Wahlkarte - unsere Stimmen<\/desc>\n<path d=\"M15.232 3.328h10.112v10.112l-3.2-3.968-4.672 4.864-3.2-3.2 4.864-4.672zM7.872 17.536l3.2 3.2-4.864 4.672 3.904 3.2h-10.112v-10.112l3.2 3.904z\"><\/path>\n<\/svg><\/a><\/div><div class=\"av-horizontal-gallery-wrap noHover\"><img decoding=\"async\" fetchpriority=\"high\" class='wp-image-9949 avia-img-lazy-loading-not-9949 av-horizontal-gallery-img' width=\"1024\" height=\"768\" src=\"https:\/\/imker-aigen.at\/wp-content\/uploads\/2026\/04\/landesimkertag_2026_14.jpg\" title='Die Salzburger Imkerschaft beim Singen der Salzburger Landeshymne' alt='' srcset=\"https:\/\/imker-aigen.at\/wp-content\/uploads\/2026\/04\/landesimkertag_2026_14.jpg 1024w, https:\/\/imker-aigen.at\/wp-content\/uploads\/2026\/04\/landesimkertag_2026_14-300x225.jpg 300w, https:\/\/imker-aigen.at\/wp-content\/uploads\/2026\/04\/landesimkertag_2026_14-768x576.jpg 768w, https:\/\/imker-aigen.at\/wp-content\/uploads\/2026\/04\/landesimkertag_2026_14-705x529.jpg 705w\" sizes=\"(max-width: 1024px) 100vw, 1024px\" \/><a href=\"https:\/\/imker-aigen.at\/wp-content\/uploads\/2026\/04\/landesimkertag_2026_14.jpg\" data-srcset=\"https:\/\/imker-aigen.at\/wp-content\/uploads\/2026\/04\/landesimkertag_2026_14.jpg 1024w, https:\/\/imker-aigen.at\/wp-content\/uploads\/2026\/04\/landesimkertag_2026_14-300x225.jpg 300w, https:\/\/imker-aigen.at\/wp-content\/uploads\/2026\/04\/landesimkertag_2026_14-768x576.jpg 768w, https:\/\/imker-aigen.at\/wp-content\/uploads\/2026\/04\/landesimkertag_2026_14-705x529.jpg 705w\" data-sizes=\"(max-width: 1024px) 100vw, 1024px\" class='av-horizontal-gallery-link avia-svg-icon avia-font-svg_entypo-fontello' data-av_svg_icon='resize-full' data-av_iconset='svg_entypo-fontello' title='Die Salzburger Imkerschaft beim Singen der Salzburger Landeshymne' alt='' aria-label='Open image in lightbox: Die Salzburger Imkerschaft beim Singen der Salzburger Landeshymne'><svg version=\"1.1\" xmlns=\"http:\/\/www.w3.org\/2000\/svg\" width=\"25\" height=\"32\" viewBox=\"0 0 25 32\" preserveAspectRatio=\"xMidYMid meet\" aria-labelledby='av-svg-title-17' aria-describedby='av-svg-desc-17' role=\"graphics-symbol\" aria-hidden=\"true\">\n<title id='av-svg-title-17'>Open image in lightbox: Die Salzburger Imkerschaft beim Singen der Salzburger Landeshymne<\/title>\n<desc id='av-svg-desc-17'>Open image in lightbox: Die Salzburger Imkerschaft beim Singen der Salzburger Landeshymne<\/desc>\n<path d=\"M15.232 3.328h10.112v10.112l-3.2-3.968-4.672 4.864-3.2-3.2 4.864-4.672zM7.872 17.536l3.2 3.2-4.864 4.672 3.904 3.2h-10.112v-10.112l3.2 3.904z\"><\/path>\n<\/svg><\/a><\/div><\/div><\/div><\/div><br \/>\n<section  class='av_textblock_section av-mnwviw0u-c2c0d1b18b542f0565a11d34f6625bd1 '   itemscope=\"itemscope\" itemtype=\"https:\/\/schema.org\/BlogPosting\" itemprop=\"blogPost\" ><div class='avia_textblock'  itemprop=\"text\" ><h3><strong>T\u00e4tigkeitsbericht des Landesverbandes<\/strong><\/h3>\n<p>Ab ca. 10:00 Uhr folgte nun die ordentliche Mitgliederversammlung des Landesverbandes f\u00fcr Imkerei und Bienenzucht in Salzburg. Der Landesobmann, Andreas Brieger, startete seine Pr\u00e4sentation mit einer paar Daten und Fakten zum Landesverband. Der Salzburger Landesverband existiert bereits seit 136 Jahren, hat derzeit ca. 2.750 Mitglieder, 77 Ortsgruppen, 6 Vorst\u00e4nde, 5 Gauobleute und 10 Referenten. Die Frauenquote liegt derzeit bei 19 Prozent.<br \/>\nWesentliche \u00c4nderungen im Jahr 2025 sind die neu geschaffene Imkerschule mit der Yolawo-Online-Kursplattform und neuen Kursen, der Ausbau des Labors (neues Laborger\u00e4t f\u00fcr Alkoholproben) und die Etablierung des neuen Gesundheitsdienstes (viele Futterkranzproben f\u00fcr AFB-Untersuchungen).\u00a0 F\u00fcr 2026 gibt es bereits eine Liste an 12 potentiellen Wanderlehrer-Kandidatinnen und Kandidaten.\u00a0 2025 wurde auch der Kerzenst\u00e4nder des Landesverbandes restauriert. Er soll zuk\u00fcnftig gemeinsam mit einer neuen Verbandskerze wieder bei allen gr\u00f6\u00dferen Festlichkeiten zum Einsatz kommen.<br \/>\nZum Abschluss seiner Pr\u00e4sentation informierte der Landesobmann auch \u00fcber die Wachsspendenaktion, welche gemeinsam mit der <a href=\"https:\/\/www.caritas-salzburg.at\/\">Caritas Salzburg<\/a> ins Leben gerufen wurde, die 8. Salzburger Honigpr\u00e4mierung und die Zusammenarbeit mit <a href=\"https:\/\/www.salzburgschmeckt.at\/ueber-salzburg-schmeckt\">Salzburger Agrar-Marketing<\/a>.<\/p>\n<h4>Wachsspendenaktion<\/h4>\n<p>Imkerinnen und Imker k\u00f6nnen ihr altes Bienenwachs (Kerzenwachs) f\u00fcr einen guten Zweck spenden. Hierf\u00fcr wird beim Imkerhof Salzburg nun eine eigene Wachs-Spendenbox aufgestellt. Im Caritias Dorf St. Anton in Bruck an der Glocknerstra\u00dfe werden daraus Teelichter produziert, welche dann im Salzburger Dom verkauft werden. Der Erl\u00f6s aus dem Verkauf kommt dem Syrien-Hilfsprojekt der Caritas zu Gute.<br \/>\nDetails siehe: <a href=\"https:\/\/imker-aigen.at\/index.php\/2026\/02\/12\/erstes-etappenziel-der-bienenwachs-sammelaktion-erreicht\/\">&#8222;Erstes Etappenziel der Bienenwachs-Sammelaktion erreicht&#8220;<\/a>. Wenn diese Aktion nun auch die \u00fcbrigen Imker in Salzburg erreicht, w\u00e4re ein weiteres Etappenziel erreicht.<\/p>\n<h4>8. Salzburger Honigpr\u00e4mierung<\/h4>\n<p>Am 30.10.2026 findet die 8. Salzburger Honigpr\u00e4mierung auf der Burg Hohenwerfen statt. Teilnehmer m\u00fcssen sich im Zeitraum von 01.05 bis zum 30.06.2026 anmelden und ihre Produkte bis zum 25.8.2026 beim Labor des Imkerhofes Salzburg einreichen. Neben Honig k\u00f6nnen dieses Jahr auch Oxymel, Met und Honiglik\u00f6re zur Pr\u00e4mierung eingereicht werden.<\/p>\n<h4>Zusammenarbeit mit Salzburger Agrar-Marketing<\/h4>\n<p>Unter der Marke \u201eSalzburg Honig\u201c soll zuk\u00fcnftig ein gemeinsames, positives Honigmarketing erfolgen. Daf\u00fcr wurden auch neue Gew\u00e4hrverschl\u00fcsse f\u00fcr Honiggl\u00e4ser und entsprechende Werbebanner geschaffen. Im Sommer 2026 soll weiteres Werbematerial ausgearbeitet werden. Im Zuge der Honigpr\u00e4mierung am 30.10.2026 sollen dann die ersten Gew\u00e4hrstreifen ausgegeben werden.<\/p>\n<h4>Jahresbericht 2025<\/h4>\n<p>Anstelle der bisher \u00fcblichen Vortr\u00e4ge der Landesreferenten verwies der Landesobmann auf den neu geschaffenen Jahresbericht. Darin sind Berichte von allen Referaten enthalten. Ausgedruckte Exemplare des Jahresberichtes 2025 lagen im Eingang zum Festsaal zur freien Entnahme auf. Dieser Jahresbericht wird in K\u00fcrze auch \u00fcber die Homepage des Landesverbandes abrufbar sein.<\/p>\n<h4><strong>Bericht des Rechnungsabschlusses und Pr\u00fcfung<\/strong><\/h4>\n<p>Der vom Landesobmann pr\u00e4sentierte Rechnungsabschluss zum 31.12.2025 zeigte ein leichtes Minus von 2.629,95 \u20ac bei j\u00e4hrlichen Einnahmen und Ausgaben von ca. 300.000 \u20ac.<br \/>\nEs folgte der Bericht des Rechnungspr\u00fcfers Raimund Prexl \u00fcber die am 20.3.2026 durchgef\u00fchrte vierst\u00fcndige Pr\u00fcfung. Aufgrund der pr\u00e4sentierten Pr\u00fcfergebnisse und Berichte wurde der Antrag zur Entlastung des Vorstandes einstimmig angenommen.<br \/>\nDas Pr\u00fcfergebnis von Raimund Prexl enthielt aber auch einige Verbesserungsvorschl\u00e4ge f\u00fcr die Zukunft des Landesverbandes. Ortsgruppen ohne Vereinsstatus sollten beispielsweise dem Landesverband k\u00fcnftig auch \u00fcber ihre Finanzen berichten m\u00fcssen.<\/p>\n<h4><strong>\u00c4nderung der Statuten des Landesverbandes und Erh\u00f6hung des Mitgliedsbeitrages<\/strong><\/h4>\n<p>Der Landesobmann berichtete \u00fcber die geplanten Statuten\u00e4nderungen und die R\u00fcckmeldungen der Ortsgruppen zu diesen Statuten\u00e4nderungen. Aus den R\u00fcckmeldungen der Ortsgruppen ergaben sich drei kurzfristige \u00c4nderungen, die der Landesobmann vortrug und die anschlie\u00dfend einstimmig angenommen wurden. Die \u00fcbrigen geplanten Statuten\u00e4nderungen wurden bei der Abstimmung von der Mehrheit angenommen (7 Gegenstimmen).<br \/>\nAuch die Abstimmung \u00fcber die bereits angek\u00fcndigte Erh\u00f6hung des Mitgliedsbeitrages f\u00fcr 2027 von derzeit 14,5 \u20ac auf 25 \u20ac wurde von der Mehrheit angenommen (7 Gegenstimmen). Gleichzeitig wird mit dieser Erh\u00f6hung aber auch eine &#8222;Anhangmitgliedschaft&#8220; eingef\u00fchrt. Ehepartnerinnen und Ehepartner bestehender Mitglieder k\u00f6nnen somit um nur 10 \u20ac eine Vollmitgliedschaft erwerben.<\/p>\n<h4><strong>Wahl weiterer Rechnungspr\u00fcfer<\/strong><\/h4>\n<p>Das Team der Rechnungspr\u00fcfer soll sich zuk\u00fcnftig aus den Personen Raimund Prexl, Benjamin Kollmann, Gotfried Katsch und Magdalena Ennsmann zusammensetzen. Dieser Wahlvorschlag wurde einstimmig angenommen.<\/p>\n<h4><strong>Antrag auf Ehrenmitgliedschaft<\/strong><\/h4>\n<p>Der Landesobmann verlas eine Liste mit Namen von Personen, die eine Ehrenmitgliedschaft erhalten sollen. Alle diese Personen sind bereits in einem r\u00fcstigen Alter und seit mehr als 25 Jahren Mitglied im Landesverband. Dass diese Personen die Ehrenmitgliedschaft erhalten, ist eigentlich selbstverst\u00e4ndlich. Der Wahlvorschlag wurde somit einstimmig angenommen.<\/p>\n<h4><strong>\u00c4nk\u00fcndigung des Landesimkertages 2027<\/strong><\/h4>\n<p>Der Landesimkertag 2027 wird am 4.4.2027 im Ziegelstadl in Hallein stattfinden.<\/p>\n<h4><strong>Einladung zur Imkerwahlfahrt nach St. Johann<\/strong><\/h4>\n<p>Der Obmann des Imkervereins St. Johann im Pongau, Rupert Fuchs lud zur Imkerwallfahrt und zur Feier des 125-j\u00e4hrigen Bestehens des Imkervereins St. Johann im Pongau am 3.5.2026 ein.<\/p>\n<h4><strong>Einladung zum 1. Tennengauer Honigfest in Kuchl<\/strong><\/h4>\n<p>Der Gauobmann des Tennengaus, Josef Pichler lud zum 1. Tennengauer Honigfest am 9.8.2026 in Kuchl ein.<\/p>\n<h3><strong>Impulsvortrag f\u00fcr die Arbeit der Bienenzuchtgruppe O\u00d6-Salzburg<\/strong><\/h3>\n<p>MMag. Christina H\u00f6tzinger stellte die Resistenzuchtarbeit der <a href=\"https:\/\/www.bienenzuchtgruppe.at\/\">Ober\u00f6sterreichischen-Salzburger Bienenzuchtgruppe<\/a> vor. Sie selbst ist im Landesverband f\u00fcr das Referat zur Zucht der Dunklen Biene zust\u00e4ndig. In ihrem Vortrag informierte Frau H\u00f6tzinger dar\u00fcber, dass sich die Anzahl der Varroamilben in einem Bienenstock sowie die Einstufung der kritischen Anzahl an Milben im Volk, in den letzten Jahren stark ver\u00e4ndert haben (1985 galten 6.000 Varroamilben als kritisch, 2003 nur noch 2.000 Varroamilben und 2019 lag der Schwellwert bereits bei 1.000 Varroamilben). \u00a0Sie f\u00fchrt dies darauf zur\u00fcck, dass die Imker mit ihren Behandlungen und Eingriffen falsch selektiert haben und die Natur selbst Resistenzeigenschaften gegen die Varroamilbe hervorbringen w\u00fcrde. Sie verwies dabei auf den Artikel von Barbara Locke \u201e<a href=\"https:\/\/link.springer.com\/article\/10.1007\/s13592-015-0412-8\">Natural Varroa mite-surviving Apis mellifera honeybee populations<\/a>\u201c aus dem Jahr 2015. Von der O\u00d6-S-Bienenzuchtgruppe werden Bienen gesucht, welche von Varroa befallene Zellen erkennen und gezielt ausr\u00e4umen k\u00f6nnen. Ein Problem ist aber, dass diese VSH-Eigenschaften nach aktuellem Stand der Wissenschaft rezessiv vererbt werden und somit nur dann in Erscheinung treten, wenn dominante Gene es nicht \u00fcberdecken. Die Chancen f\u00fcr eine Vererbung rezessiver Eigenschaften an die n\u00e4chsten Generationen sind daher wesentlich geringer als bei einer dominanten Vererbung. Zum Abschluss ihres Vortrages verwies Frau H\u00f6tzinger noch auf eine Tagung des <a href=\"https:\/\/varroaresistenzprojekt.eu\/\">Varroaresistenz 2033<\/a> Projekts, welches von 25-27.9.2026 bei <a href=\"https:\/\/www.hargassner.com\/at-de\/\">Firma Hargassner<\/a> in Weng im Innkreis stattfinden wird. Zu dieser Veranstaltung werden viele namhafte Redner aus dem Bereich der Varroaresistenzzucht erwartet. Michael Optiz von der <a href=\"https:\/\/www.ages.at\/\">AGES<\/a> wird auch einen Vortrag \u00fcber die Tropilaelapsmilbe halten.<\/p>\n<h3><strong>Fachvortrag \u00fcber die Imkerei in Zeiten des Klimawandels<\/strong><\/h3>\n<p>Dipl. Biologe Chris Steube, Laborleiter vom Imkerhof Salzburg, hielt einen Vortrag \u00fcber die Imkerei in Zeiten des Klimawandels, den er auch zu unserer Jahreshauptversammlung in leicht adaptierter Form gehalten hat (siehe <a href=\"https:\/\/imker-aigen.at\/index.php\/2026\/02\/04\/protokoll-der-jahreshauptversammlung-vom-3-2-2026\/\">Jahreshauptversammlung am 3.2.2026<\/a>)<br \/>\nChris Steube erw\u00e4hnte, dass der Waldhonig in Zukunft immer mehr zur\u00fcckgehen werde. Vermutlich k\u00f6nne aber der Ahorn immer st\u00e4rker als Trachtquelle hervortreten. Die Trachten w\u00fcrden sich auch mehr in die H\u00f6he verschieben.<br \/>\nUnsere Bienenhaltung wird zuk\u00fcnftig neben neuen Sch\u00e4dlingen (Vespa Velutina, Tropilaelapsmilbe (die Tropilaelapsmilbe ist schon in der T\u00fcrkei, der Vermehrungszyklus betr\u00e4gt 9 Tage, die Bienenv\u00f6lker schw\u00e4rmen sich bei einem Befall mit der Tropilaelapsmilbe zu Tode) etc.) immer mehr durch die Bienenviren beeinflusst werden.\u00a0 Durch die Klimaerw\u00e4rmung werden die Bienen vermehrt Wasser tragen m\u00fcssen und die Isolierung der Beuten wird auch f\u00fcr den Sommer immer wichtiger (Stickwort \u201ehei\u00dfer Blechdeckel\u201c).<br \/>\nWir Imker m\u00fcssen jedenfalls darauf achten, dass wir den Stress f\u00fcr die Bienen m\u00f6glichst reduzieren. Unsere Bienen d\u00fcrfen im ganzen Jahr weder Temperaturstress (Hitze oder K\u00e4lte) noch Futternot erleiden: 5 kg Futter oder ca. drei verdeckelte R\u00e4hmchen sollten immer im Stock sein. Situatives F\u00fcttern wird in Zukunft immer wichtiger werden.<br \/>\nHerr Steube appellierte auch an die Imker, ihr Varroakonzept zu \u00fcberdenken. Wir m\u00fcssen zuk\u00fcnftig jederzeit die Varroabelastung eines Bienenvolkes erkennen k\u00f6nnen und dann danach handeln. Bei zu hoher Varroabelastung m\u00fcssen V\u00f6lker auch aus dem Honig genommen werden. Bei chemischen Behandlungen gilt der Grundsatz: weniger ist mehr. Jede Behandlung muss als Chemotherapie gesehen werden.\u00a0 Zum Abschluss seines Vortrages appellierte Herr Steube an die Imker nur regionale Bienenv\u00f6lker zu kaufen und damit die Einfuhr von Krankheiten und Parasiten zu vermeiden. Er pers\u00f6nlich w\u00fcrde sich f\u00fcr die Zukunft auch eine offene Fehlerkultur in der Imkerschaft w\u00fcnschen, damit aus gemachten Fehlern m\u00f6glichst viele Imker lernen und diese zuk\u00fcnftig vermeiden k\u00f6nnen.<\/p>\n<h3><strong>Wo die Sprache aufh\u00f6rt, f\u00e4ngt die Musik an <\/strong><\/h3>\n<p>F\u00fcr eine feierliche und stimmungsvolle Umrahmung sorgte die Musikgruppe <a href=\"https:\/\/autlaendischfamily.at\/\">AUTl\u00e4ndisch.family (ehemals \u201eSalzburger Nockerl\u201c)<\/a> unter der Leitung von Hubert Brunauer, die mit ihren musikalischen Darbietungen wesentlich zur gelungenen Atmosph\u00e4re beitrug. Der Landesimkertag endete mit dem gemeinsamen Singen der Salzburger Landeshymne. Gl\u00fccklicherweise wurden die drei Strophen an die Leinwand projiziert.<\/p>\n<h3><strong>Res\u00fcmee<\/strong><\/h3>\n<p>Insgesamt stellte der Landesimkertag 2026 eine \u00e4u\u00dferst gelungene Veranstaltung dar, die nicht nur den fachlichen Austausch f\u00f6rderte, sondern auch die Gemeinschaft der Salzburger Imkerinnen und Imker st\u00e4rkte und die Bedeutung der Bienenhaltung in der \u00d6ffentlichkeit eindrucksvoll unterstrich.\u00a0 Wir bedanken uns beim Landesverband, der Imkergenossenschaft und deren Teams f\u00fcr ihre Arbeit im Jahr 2025 und w\u00fcnschen ihnen viel Erfolg und Freude bei der Umsetzung der bevorstehenden Aufgaben. F\u00fcr uns alle stehen herausfordernde Zeiten bevor. Nur gemeinsam k\u00f6nnen wir sie meistern.<\/p>\n<\/div><\/section><br \/>\n<div  class='av-social-sharing-box av-4rqwt0-5ea2223f20fd4ab2076b29bdb294b8a0 av-social-sharing-box-default  avia-builder-el-7  el_after_av_textblock  el_before_av_comments_list  av-social-sharing-box-fullwidth'><div class=\"av-share-box\"><h5 class='av-share-link-description av-no-toc '>Eintrag teilen<\/h5><ul class=\"av-share-box-list noLightbox\"><li class='av-share-link av-social-link-facebook avia_social_iconfont' ><a target=\"_blank\" aria-label=\"Teilen auf Facebook\" href='https:\/\/www.facebook.com\/sharer.php?u=https:\/\/imker-aigen.at\/index.php\/2026\/04\/13\/protokoll-vom-landesimkertag-am-12-4-2026\/&#038;t=Protokoll%20vom%20Landesimkertag%20am%2012.4.2026' data-av_icon='\ue8f3' data-av_iconfont='entypo-fontello'  title='' data-avia-related-tooltip='Teilen auf Facebook'><span class='avia_hidden_link_text'>Teilen auf Facebook<\/span><\/a><\/li><li class='av-share-link av-social-link-twitter avia_social_iconfont' ><a target=\"_blank\" aria-label=\"Teilen auf X\" href='https:\/\/twitter.com\/share?text=Protokoll%20vom%20Landesimkertag%20am%2012.4.2026&#038;url=https:\/\/imker-aigen.at\/?p=9908' data-av_icon='\ue932' data-av_iconfont='entypo-fontello'  title='' data-avia-related-tooltip='Teilen auf X'><span class='avia_hidden_link_text'>Teilen auf X<\/span><\/a><\/li><li class='av-share-link av-social-link-whatsapp avia_social_iconfont' ><a target=\"_blank\" aria-label=\"Teilen auf WhatsApp\" href='https:\/\/api.whatsapp.com\/send?text=https:\/\/imker-aigen.at\/index.php\/2026\/04\/13\/protokoll-vom-landesimkertag-am-12-4-2026\/' data-av_icon='\uf232' data-av_iconfont='entypo-fontello'  title='' data-avia-related-tooltip='Teilen auf WhatsApp'><span class='avia_hidden_link_text'>Teilen auf WhatsApp<\/span><\/a><\/li><li class='av-share-link av-social-link-pinterest avia_social_iconfont' ><a target=\"_blank\" aria-label=\"Teilen auf Pinterest\" href='https:\/\/pinterest.com\/pin\/create\/button\/?url=https%3A%2F%2Fimker-aigen.at%2Findex.php%2F2026%2F04%2F13%2Fprotokoll-vom-landesimkertag-am-12-4-2026%2F&#038;description=Protokoll%20vom%20Landesimkertag%20am%2012.4.2026&#038;media=https%3A%2F%2Fimker-aigen.at%2Fwp-content%2Fuploads%2F2026%2F04%2Flandesimkertag_2026_9-705x529.jpg' data-av_icon='\ue8f8' data-av_iconfont='entypo-fontello'  title='' data-avia-related-tooltip='Teilen auf Pinterest'><span class='avia_hidden_link_text'>Teilen auf Pinterest<\/span><\/a><\/li><li class='av-share-link av-social-link-linkedin avia_social_iconfont' ><a target=\"_blank\" aria-label=\"Teilen auf LinkedIn\" href='https:\/\/linkedin.com\/shareArticle?mini=true&#038;title=Protokoll%20vom%20Landesimkertag%20am%2012.4.2026&#038;url=https:\/\/imker-aigen.at\/index.php\/2026\/04\/13\/protokoll-vom-landesimkertag-am-12-4-2026\/' data-av_icon='\ue8fc' data-av_iconfont='entypo-fontello'  title='' data-avia-related-tooltip='Teilen auf LinkedIn'><span class='avia_hidden_link_text'>Teilen auf LinkedIn<\/span><\/a><\/li><li class='av-share-link av-social-link-reddit avia_social_iconfont' ><a target=\"_blank\" aria-label=\"Teilen auf Reddit\" href='https:\/\/reddit.com\/submit?url=https:\/\/imker-aigen.at\/index.php\/2026\/04\/13\/protokoll-vom-landesimkertag-am-12-4-2026\/&#038;title=Protokoll%20vom%20Landesimkertag%20am%2012.4.2026' data-av_icon='\ue927' data-av_iconfont='entypo-fontello'  title='' data-avia-related-tooltip='Teilen auf Reddit'><span class='avia_hidden_link_text'>Teilen auf Reddit<\/span><\/a><\/li><li class='av-share-link av-social-link-mail avia_social_iconfont' ><a  aria-label=\"Per E-Mail teilen\" href='mailto:?subject=Protokoll%20vom%20Landesimkertag%20am%2012.4.2026&#038;body=https:\/\/imker-aigen.at\/index.php\/2026\/04\/13\/protokoll-vom-landesimkertag-am-12-4-2026\/' data-av_icon='\ue805' data-av_iconfont='entypo-fontello'  title='' data-avia-related-tooltip='Per E-Mail teilen'><span class='avia_hidden_link_text'>Per E-Mail teilen<\/span><\/a><\/li><\/ul><\/div><\/div><br \/>\n<div  class='av-buildercomment av-2mfch0-ece5c0259a01bab2333afd9c80dc4bfa'><\/div><\/p><\/div>\n","protected":false},"excerpt":{"rendered":"","protected":false},"author":1,"featured_media":9954,"comment_status":"open","ping_status":"closed","sticky":false,"template":"","format":"standard","meta":{"footnotes":""},"categories":[18,2],"tags":[552,277,164,166,354],"class_list":["post-9908","post","type-post","status-publish","format-standard","has-post-thumbnail","hentry","category-alte-veranstaltungen","category-news","tag-aufsichtsrat","tag-genossenschaft","tag-landesimkertag","tag-landesverband","tag-weipplmedaille"],"yoast_head":"<!-- This site is optimized with the Yoast SEO plugin v27.4 - https:\/\/yoast.com\/product\/yoast-seo-wordpress\/ -->\n<title>Protokoll vom Landesimkertag am 12.4.2026 - Imker Ortsgruppe Salzburg Aigen<\/title>\n<meta name=\"description\" content=\"Protokoll vom Salzburger Landesimkertag 2026, welcher am 12. April 2026 in Elixhausen stattfand\" \/>\n<meta name=\"robots\" content=\"index, follow, max-snippet:-1, max-image-preview:large, max-video-preview:-1\" \/>\n<link rel=\"canonical\" href=\"https:\/\/imker-aigen.at\/index.php\/2026\/04\/13\/protokoll-vom-landesimkertag-am-12-4-2026\/\" \/>\n<meta property=\"og:locale\" content=\"de_DE\" \/>\n<meta property=\"og:type\" content=\"article\" \/>\n<meta property=\"og:title\" content=\"Protokoll vom Landesimkertag am 12.4.2026 - Imker Ortsgruppe Salzburg Aigen\" \/>\n<meta property=\"og:description\" content=\"Protokoll vom Salzburger Landesimkertag 2026, welcher am 12. April 2026 in Elixhausen stattfand\" \/>\n<meta property=\"og:url\" content=\"https:\/\/imker-aigen.at\/index.php\/2026\/04\/13\/protokoll-vom-landesimkertag-am-12-4-2026\/\" \/>\n<meta property=\"og:site_name\" content=\"Imker Ortsgruppe Salzburg Aigen\" \/>\n<meta property=\"article:published_time\" content=\"2026-04-13T07:22:12+00:00\" \/>\n<meta property=\"article:modified_time\" content=\"2026-04-16T08:43:25+00:00\" \/>\n<meta property=\"og:image\" content=\"https:\/\/imker-aigen.at\/wp-content\/uploads\/2026\/04\/landesimkertag_2026_9.jpg\" \/>\n\t<meta property=\"og:image:width\" content=\"1024\" \/>\n\t<meta property=\"og:image:height\" content=\"768\" \/>\n\t<meta property=\"og:image:type\" content=\"image\/jpeg\" \/>\n<meta name=\"author\" content=\"admin\" \/>\n<meta name=\"twitter:card\" content=\"summary_large_image\" \/>\n<meta name=\"twitter:label1\" content=\"Verfasst von\" \/>\n\t<meta name=\"twitter:data1\" content=\"admin\" \/>\n\t<meta name=\"twitter:label2\" content=\"Gesch\u00e4tzte Lesezeit\" \/>\n\t<meta name=\"twitter:data2\" content=\"20\u00a0Minuten\" \/>\n<script type=\"application\/ld+json\" class=\"yoast-schema-graph\">{\"@context\":\"https:\\\/\\\/schema.org\",\"@graph\":[{\"@type\":\"Article\",\"@id\":\"https:\\\/\\\/imker-aigen.at\\\/index.php\\\/2026\\\/04\\\/13\\\/protokoll-vom-landesimkertag-am-12-4-2026\\\/#article\",\"isPartOf\":{\"@id\":\"https:\\\/\\\/imker-aigen.at\\\/index.php\\\/2026\\\/04\\\/13\\\/protokoll-vom-landesimkertag-am-12-4-2026\\\/\"},\"author\":{\"name\":\"admin\",\"@id\":\"https:\\\/\\\/imker-aigen.at\\\/#\\\/schema\\\/person\\\/d7d0c3a8ef6f051d450781218ac83077\"},\"headline\":\"Protokoll vom Landesimkertag am 12.4.2026\",\"datePublished\":\"2026-04-13T07:22:12+00:00\",\"dateModified\":\"2026-04-16T08:43:25+00:00\",\"mainEntityOfPage\":{\"@id\":\"https:\\\/\\\/imker-aigen.at\\\/index.php\\\/2026\\\/04\\\/13\\\/protokoll-vom-landesimkertag-am-12-4-2026\\\/\"},\"wordCount\":4214,\"commentCount\":0,\"publisher\":{\"@id\":\"https:\\\/\\\/imker-aigen.at\\\/#organization\"},\"image\":{\"@id\":\"https:\\\/\\\/imker-aigen.at\\\/index.php\\\/2026\\\/04\\\/13\\\/protokoll-vom-landesimkertag-am-12-4-2026\\\/#primaryimage\"},\"thumbnailUrl\":\"https:\\\/\\\/imker-aigen.at\\\/wp-content\\\/uploads\\\/2026\\\/04\\\/landesimkertag_2026_9.jpg\",\"keywords\":[\"Aufsichtsrat\",\"Genossenschaft\",\"Landesimkertag\",\"Landesverband\",\"Weipplmedaille\"],\"articleSection\":[\"Alte Veranstaltungen\",\"News\"],\"inLanguage\":\"de\",\"potentialAction\":[{\"@type\":\"CommentAction\",\"name\":\"Comment\",\"target\":[\"https:\\\/\\\/imker-aigen.at\\\/index.php\\\/2026\\\/04\\\/13\\\/protokoll-vom-landesimkertag-am-12-4-2026\\\/#respond\"]}]},{\"@type\":\"WebPage\",\"@id\":\"https:\\\/\\\/imker-aigen.at\\\/index.php\\\/2026\\\/04\\\/13\\\/protokoll-vom-landesimkertag-am-12-4-2026\\\/\",\"url\":\"https:\\\/\\\/imker-aigen.at\\\/index.php\\\/2026\\\/04\\\/13\\\/protokoll-vom-landesimkertag-am-12-4-2026\\\/\",\"name\":\"Protokoll vom Landesimkertag am 12.4.2026 - Imker Ortsgruppe Salzburg Aigen\",\"isPartOf\":{\"@id\":\"https:\\\/\\\/imker-aigen.at\\\/#website\"},\"primaryImageOfPage\":{\"@id\":\"https:\\\/\\\/imker-aigen.at\\\/index.php\\\/2026\\\/04\\\/13\\\/protokoll-vom-landesimkertag-am-12-4-2026\\\/#primaryimage\"},\"image\":{\"@id\":\"https:\\\/\\\/imker-aigen.at\\\/index.php\\\/2026\\\/04\\\/13\\\/protokoll-vom-landesimkertag-am-12-4-2026\\\/#primaryimage\"},\"thumbnailUrl\":\"https:\\\/\\\/imker-aigen.at\\\/wp-content\\\/uploads\\\/2026\\\/04\\\/landesimkertag_2026_9.jpg\",\"datePublished\":\"2026-04-13T07:22:12+00:00\",\"dateModified\":\"2026-04-16T08:43:25+00:00\",\"description\":\"Protokoll vom Salzburger Landesimkertag 2026, welcher am 12. April 2026 in Elixhausen stattfand\",\"breadcrumb\":{\"@id\":\"https:\\\/\\\/imker-aigen.at\\\/index.php\\\/2026\\\/04\\\/13\\\/protokoll-vom-landesimkertag-am-12-4-2026\\\/#breadcrumb\"},\"inLanguage\":\"de\",\"potentialAction\":[{\"@type\":\"ReadAction\",\"target\":[\"https:\\\/\\\/imker-aigen.at\\\/index.php\\\/2026\\\/04\\\/13\\\/protokoll-vom-landesimkertag-am-12-4-2026\\\/\"]}]},{\"@type\":\"ImageObject\",\"inLanguage\":\"de\",\"@id\":\"https:\\\/\\\/imker-aigen.at\\\/index.php\\\/2026\\\/04\\\/13\\\/protokoll-vom-landesimkertag-am-12-4-2026\\\/#primaryimage\",\"url\":\"https:\\\/\\\/imker-aigen.at\\\/wp-content\\\/uploads\\\/2026\\\/04\\\/landesimkertag_2026_9.jpg\",\"contentUrl\":\"https:\\\/\\\/imker-aigen.at\\\/wp-content\\\/uploads\\\/2026\\\/04\\\/landesimkertag_2026_9.jpg\",\"width\":1024,\"height\":768},{\"@type\":\"BreadcrumbList\",\"@id\":\"https:\\\/\\\/imker-aigen.at\\\/index.php\\\/2026\\\/04\\\/13\\\/protokoll-vom-landesimkertag-am-12-4-2026\\\/#breadcrumb\",\"itemListElement\":[{\"@type\":\"ListItem\",\"position\":1,\"name\":\"Startseite\",\"item\":\"https:\\\/\\\/imker-aigen.at\\\/index.php\\\/home\\\/\"},{\"@type\":\"ListItem\",\"position\":2,\"name\":\"Protokoll vom Landesimkertag am 12.4.2026\"}]},{\"@type\":\"WebSite\",\"@id\":\"https:\\\/\\\/imker-aigen.at\\\/#website\",\"url\":\"https:\\\/\\\/imker-aigen.at\\\/\",\"name\":\"Imker Ortsgruppe Salzburg Aigen\",\"description\":\"Homepage der Imker-Ortsgruppe Salzburg Aigen\",\"publisher\":{\"@id\":\"https:\\\/\\\/imker-aigen.at\\\/#organization\"},\"potentialAction\":[{\"@type\":\"SearchAction\",\"target\":{\"@type\":\"EntryPoint\",\"urlTemplate\":\"https:\\\/\\\/imker-aigen.at\\\/?s={search_term_string}\"},\"query-input\":{\"@type\":\"PropertyValueSpecification\",\"valueRequired\":true,\"valueName\":\"search_term_string\"}}],\"inLanguage\":\"de\"},{\"@type\":\"Organization\",\"@id\":\"https:\\\/\\\/imker-aigen.at\\\/#organization\",\"name\":\"Imker Ortsgruppe Salzburg Aigen\",\"url\":\"https:\\\/\\\/imker-aigen.at\\\/\",\"logo\":{\"@type\":\"ImageObject\",\"inLanguage\":\"de\",\"@id\":\"https:\\\/\\\/imker-aigen.at\\\/#\\\/schema\\\/logo\\\/image\\\/\",\"url\":\"https:\\\/\\\/imker-aigen.at\\\/wp-content\\\/uploads\\\/2022\\\/08\\\/logo-1.png\",\"contentUrl\":\"https:\\\/\\\/imker-aigen.at\\\/wp-content\\\/uploads\\\/2022\\\/08\\\/logo-1.png\",\"width\":392,\"height\":156,\"caption\":\"Imker Ortsgruppe Salzburg Aigen\"},\"image\":{\"@id\":\"https:\\\/\\\/imker-aigen.at\\\/#\\\/schema\\\/logo\\\/image\\\/\"}},{\"@type\":\"Person\",\"@id\":\"https:\\\/\\\/imker-aigen.at\\\/#\\\/schema\\\/person\\\/d7d0c3a8ef6f051d450781218ac83077\",\"name\":\"admin\",\"image\":{\"@type\":\"ImageObject\",\"inLanguage\":\"de\",\"@id\":\"https:\\\/\\\/secure.gravatar.com\\\/avatar\\\/925a7e918efd3cfdae29be9c0018a3ae3275cd0444a6e166241172bb6e5243c7?s=96&d=mm&r=g\",\"url\":\"https:\\\/\\\/secure.gravatar.com\\\/avatar\\\/925a7e918efd3cfdae29be9c0018a3ae3275cd0444a6e166241172bb6e5243c7?s=96&d=mm&r=g\",\"contentUrl\":\"https:\\\/\\\/secure.gravatar.com\\\/avatar\\\/925a7e918efd3cfdae29be9c0018a3ae3275cd0444a6e166241172bb6e5243c7?s=96&d=mm&r=g\",\"caption\":\"admin\"},\"sameAs\":[\"https:\\\/\\\/imker-aigen.at\",\"linkedin.com\\\/in\\\/bernd-meierhofer-5919b62\"],\"url\":\"https:\\\/\\\/imker-aigen.at\\\/index.php\\\/author\\\/bmeierhofer\\\/\"}]}<\/script>\n<!-- \/ Yoast SEO plugin. -->","yoast_head_json":{"title":"Protokoll vom Landesimkertag am 12.4.2026 - Imker Ortsgruppe Salzburg Aigen","description":"Protokoll vom Salzburger Landesimkertag 2026, welcher am 12. April 2026 in Elixhausen stattfand","robots":{"index":"index","follow":"follow","max-snippet":"max-snippet:-1","max-image-preview":"max-image-preview:large","max-video-preview":"max-video-preview:-1"},"canonical":"https:\/\/imker-aigen.at\/index.php\/2026\/04\/13\/protokoll-vom-landesimkertag-am-12-4-2026\/","og_locale":"de_DE","og_type":"article","og_title":"Protokoll vom Landesimkertag am 12.4.2026 - Imker Ortsgruppe Salzburg Aigen","og_description":"Protokoll vom Salzburger Landesimkertag 2026, welcher am 12. April 2026 in Elixhausen stattfand","og_url":"https:\/\/imker-aigen.at\/index.php\/2026\/04\/13\/protokoll-vom-landesimkertag-am-12-4-2026\/","og_site_name":"Imker Ortsgruppe Salzburg Aigen","article_published_time":"2026-04-13T07:22:12+00:00","article_modified_time":"2026-04-16T08:43:25+00:00","og_image":[{"width":1024,"height":768,"url":"https:\/\/imker-aigen.at\/wp-content\/uploads\/2026\/04\/landesimkertag_2026_9.jpg","type":"image\/jpeg"}],"author":"admin","twitter_card":"summary_large_image","twitter_misc":{"Verfasst von":"admin","Gesch\u00e4tzte Lesezeit":"20\u00a0Minuten"},"schema":{"@context":"https:\/\/schema.org","@graph":[{"@type":"Article","@id":"https:\/\/imker-aigen.at\/index.php\/2026\/04\/13\/protokoll-vom-landesimkertag-am-12-4-2026\/#article","isPartOf":{"@id":"https:\/\/imker-aigen.at\/index.php\/2026\/04\/13\/protokoll-vom-landesimkertag-am-12-4-2026\/"},"author":{"name":"admin","@id":"https:\/\/imker-aigen.at\/#\/schema\/person\/d7d0c3a8ef6f051d450781218ac83077"},"headline":"Protokoll vom Landesimkertag am 12.4.2026","datePublished":"2026-04-13T07:22:12+00:00","dateModified":"2026-04-16T08:43:25+00:00","mainEntityOfPage":{"@id":"https:\/\/imker-aigen.at\/index.php\/2026\/04\/13\/protokoll-vom-landesimkertag-am-12-4-2026\/"},"wordCount":4214,"commentCount":0,"publisher":{"@id":"https:\/\/imker-aigen.at\/#organization"},"image":{"@id":"https:\/\/imker-aigen.at\/index.php\/2026\/04\/13\/protokoll-vom-landesimkertag-am-12-4-2026\/#primaryimage"},"thumbnailUrl":"https:\/\/imker-aigen.at\/wp-content\/uploads\/2026\/04\/landesimkertag_2026_9.jpg","keywords":["Aufsichtsrat","Genossenschaft","Landesimkertag","Landesverband","Weipplmedaille"],"articleSection":["Alte Veranstaltungen","News"],"inLanguage":"de","potentialAction":[{"@type":"CommentAction","name":"Comment","target":["https:\/\/imker-aigen.at\/index.php\/2026\/04\/13\/protokoll-vom-landesimkertag-am-12-4-2026\/#respond"]}]},{"@type":"WebPage","@id":"https:\/\/imker-aigen.at\/index.php\/2026\/04\/13\/protokoll-vom-landesimkertag-am-12-4-2026\/","url":"https:\/\/imker-aigen.at\/index.php\/2026\/04\/13\/protokoll-vom-landesimkertag-am-12-4-2026\/","name":"Protokoll vom Landesimkertag am 12.4.2026 - Imker Ortsgruppe Salzburg Aigen","isPartOf":{"@id":"https:\/\/imker-aigen.at\/#website"},"primaryImageOfPage":{"@id":"https:\/\/imker-aigen.at\/index.php\/2026\/04\/13\/protokoll-vom-landesimkertag-am-12-4-2026\/#primaryimage"},"image":{"@id":"https:\/\/imker-aigen.at\/index.php\/2026\/04\/13\/protokoll-vom-landesimkertag-am-12-4-2026\/#primaryimage"},"thumbnailUrl":"https:\/\/imker-aigen.at\/wp-content\/uploads\/2026\/04\/landesimkertag_2026_9.jpg","datePublished":"2026-04-13T07:22:12+00:00","dateModified":"2026-04-16T08:43:25+00:00","description":"Protokoll vom Salzburger Landesimkertag 2026, welcher am 12. April 2026 in Elixhausen stattfand","breadcrumb":{"@id":"https:\/\/imker-aigen.at\/index.php\/2026\/04\/13\/protokoll-vom-landesimkertag-am-12-4-2026\/#breadcrumb"},"inLanguage":"de","potentialAction":[{"@type":"ReadAction","target":["https:\/\/imker-aigen.at\/index.php\/2026\/04\/13\/protokoll-vom-landesimkertag-am-12-4-2026\/"]}]},{"@type":"ImageObject","inLanguage":"de","@id":"https:\/\/imker-aigen.at\/index.php\/2026\/04\/13\/protokoll-vom-landesimkertag-am-12-4-2026\/#primaryimage","url":"https:\/\/imker-aigen.at\/wp-content\/uploads\/2026\/04\/landesimkertag_2026_9.jpg","contentUrl":"https:\/\/imker-aigen.at\/wp-content\/uploads\/2026\/04\/landesimkertag_2026_9.jpg","width":1024,"height":768},{"@type":"BreadcrumbList","@id":"https:\/\/imker-aigen.at\/index.php\/2026\/04\/13\/protokoll-vom-landesimkertag-am-12-4-2026\/#breadcrumb","itemListElement":[{"@type":"ListItem","position":1,"name":"Startseite","item":"https:\/\/imker-aigen.at\/index.php\/home\/"},{"@type":"ListItem","position":2,"name":"Protokoll vom Landesimkertag am 12.4.2026"}]},{"@type":"WebSite","@id":"https:\/\/imker-aigen.at\/#website","url":"https:\/\/imker-aigen.at\/","name":"Imker Ortsgruppe Salzburg Aigen","description":"Homepage der Imker-Ortsgruppe Salzburg Aigen","publisher":{"@id":"https:\/\/imker-aigen.at\/#organization"},"potentialAction":[{"@type":"SearchAction","target":{"@type":"EntryPoint","urlTemplate":"https:\/\/imker-aigen.at\/?s={search_term_string}"},"query-input":{"@type":"PropertyValueSpecification","valueRequired":true,"valueName":"search_term_string"}}],"inLanguage":"de"},{"@type":"Organization","@id":"https:\/\/imker-aigen.at\/#organization","name":"Imker Ortsgruppe Salzburg Aigen","url":"https:\/\/imker-aigen.at\/","logo":{"@type":"ImageObject","inLanguage":"de","@id":"https:\/\/imker-aigen.at\/#\/schema\/logo\/image\/","url":"https:\/\/imker-aigen.at\/wp-content\/uploads\/2022\/08\/logo-1.png","contentUrl":"https:\/\/imker-aigen.at\/wp-content\/uploads\/2022\/08\/logo-1.png","width":392,"height":156,"caption":"Imker Ortsgruppe Salzburg Aigen"},"image":{"@id":"https:\/\/imker-aigen.at\/#\/schema\/logo\/image\/"}},{"@type":"Person","@id":"https:\/\/imker-aigen.at\/#\/schema\/person\/d7d0c3a8ef6f051d450781218ac83077","name":"admin","image":{"@type":"ImageObject","inLanguage":"de","@id":"https:\/\/secure.gravatar.com\/avatar\/925a7e918efd3cfdae29be9c0018a3ae3275cd0444a6e166241172bb6e5243c7?s=96&d=mm&r=g","url":"https:\/\/secure.gravatar.com\/avatar\/925a7e918efd3cfdae29be9c0018a3ae3275cd0444a6e166241172bb6e5243c7?s=96&d=mm&r=g","contentUrl":"https:\/\/secure.gravatar.com\/avatar\/925a7e918efd3cfdae29be9c0018a3ae3275cd0444a6e166241172bb6e5243c7?s=96&d=mm&r=g","caption":"admin"},"sameAs":["https:\/\/imker-aigen.at","linkedin.com\/in\/bernd-meierhofer-5919b62"],"url":"https:\/\/imker-aigen.at\/index.php\/author\/bmeierhofer\/"}]}},"_links":{"self":[{"href":"https:\/\/imker-aigen.at\/index.php\/wp-json\/wp\/v2\/posts\/9908","targetHints":{"allow":["GET"]}}],"collection":[{"href":"https:\/\/imker-aigen.at\/index.php\/wp-json\/wp\/v2\/posts"}],"about":[{"href":"https:\/\/imker-aigen.at\/index.php\/wp-json\/wp\/v2\/types\/post"}],"author":[{"embeddable":true,"href":"https:\/\/imker-aigen.at\/index.php\/wp-json\/wp\/v2\/users\/1"}],"replies":[{"embeddable":true,"href":"https:\/\/imker-aigen.at\/index.php\/wp-json\/wp\/v2\/comments?post=9908"}],"version-history":[{"count":20,"href":"https:\/\/imker-aigen.at\/index.php\/wp-json\/wp\/v2\/posts\/9908\/revisions"}],"predecessor-version":[{"id":9977,"href":"https:\/\/imker-aigen.at\/index.php\/wp-json\/wp\/v2\/posts\/9908\/revisions\/9977"}],"wp:featuredmedia":[{"embeddable":true,"href":"https:\/\/imker-aigen.at\/index.php\/wp-json\/wp\/v2\/media\/9954"}],"wp:attachment":[{"href":"https:\/\/imker-aigen.at\/index.php\/wp-json\/wp\/v2\/media?parent=9908"}],"wp:term":[{"taxonomy":"category","embeddable":true,"href":"https:\/\/imker-aigen.at\/index.php\/wp-json\/wp\/v2\/categories?post=9908"},{"taxonomy":"post_tag","embeddable":true,"href":"https:\/\/imker-aigen.at\/index.php\/wp-json\/wp\/v2\/tags?post=9908"}],"curies":[{"name":"wp","href":"https:\/\/api.w.org\/{rel}","templated":true}]}}