{"id":9984,"date":"2026-04-20T15:50:41","date_gmt":"2026-04-20T13:50:41","guid":{"rendered":"https:\/\/imker-aigen.at\/?p=9984"},"modified":"2026-04-21T10:04:01","modified_gmt":"2026-04-21T08:04:01","slug":"bericht-ueber-die-wildbienen-exkursion-am-18-april-2026-im-naherholungsgebiet-salzachseen","status":"publish","type":"post","link":"https:\/\/imker-aigen.at\/index.php\/2026\/04\/20\/bericht-ueber-die-wildbienen-exkursion-am-18-april-2026-im-naherholungsgebiet-salzachseen\/","title":{"rendered":"Bericht \u00fcber die Wildbienen-Exkursion am 18. April 2026 im Naherholungsgebiet Salzachseen"},"content":{"rendered":"<div  class='flex_column av-5bsksw-879fba907427b7dde45d9369548e8efc av_one_full  avia-builder-el-0  avia-builder-el-no-sibling  first flex_column_div  '     ><p>\n<style type=\"text\/css\" data-created_by=\"avia_inline_auto\" id=\"style-css-av-mo793el1-fa37b9f4c911e5553c12ad25a74fdac5\">\n#top .av-special-heading.av-mo793el1-fa37b9f4c911e5553c12ad25a74fdac5{\npadding-bottom:10px;\n}\nbody .av-special-heading.av-mo793el1-fa37b9f4c911e5553c12ad25a74fdac5 .av-special-heading-tag .heading-char{\nfont-size:25px;\n}\n.av-special-heading.av-mo793el1-fa37b9f4c911e5553c12ad25a74fdac5 .av-subheading{\nfont-size:15px;\n}\n<\/style>\n<div  class='av-special-heading av-mo793el1-fa37b9f4c911e5553c12ad25a74fdac5 av-special-heading-h3 blockquote modern-quote modern-centered  avia-builder-el-1  el_before_av_horizontal_gallery  avia-builder-el-no-sibling '><h3 class='av-special-heading-tag '  itemprop=\"headline\"  >Bericht \u00fcber die Wildbienen-Exkursion am 18. April 2026 im Naherholungsgebiet Salzachseen<\/h3><div class=\"special-heading-border\"><div class=\"special-heading-inner-border\"><\/div><\/div><\/div><br \/>\n\n<style type=\"text\/css\" data-created_by=\"avia_inline_auto\" id=\"style-css-av-mo7a57qo-38ef049553af0fb8bfd126d0168db3dd\">\n.av-horizontal-gallery.av-mo7a57qo-38ef049553af0fb8bfd126d0168db3dd{\npadding:3.75% 0px;;\n}\n.av-horizontal-gallery.av-mo7a57qo-38ef049553af0fb8bfd126d0168db3dd .av-horizontal-gallery-inner{\npadding-bottom:25%;\n}\n<\/style>\n<div  class='av-horizontal-gallery av-mo7a57qo-38ef049553af0fb8bfd126d0168db3dd av-horizontal-gallery-large-gap av-horizontal-gallery-enlarge-effect  avia-builder-el-2  el_after_av_heading  el_before_av_hr  av-slideshow-ui av-control-default av-slideshow-manual av-loop-once av-loop-manual-once av-horizontal-gallery-1' data-slideshow-data=\"{&quot;enlarge&quot;:1.3,&quot;animation&quot;:&quot;slide&quot;,&quot;autoplay&quot;:false,&quot;loop_autoplay&quot;:&quot;once&quot;,&quot;interval&quot;:5,&quot;loop_manual&quot;:&quot;manual-once&quot;,&quot;autoplay_stopper&quot;:false,&quot;noNavigation&quot;:false,&quot;bg_slider&quot;:false,&quot;keep_padding&quot;:&quot;&quot;,&quot;hoverpause&quot;:false,&quot;show_slide_delay&quot;:0}\"  itemprop=\"image\" itemscope=\"itemscope\" itemtype=\"https:\/\/schema.org\/ImageObject\" ><div class='avia-slideshow-arrows avia-slideshow-controls' ><a href='#prev' class='prev-slide av-horizontal-gallery-prev avia-svg-icon avia-font-svg_entypo-fontello' data-av_svg_icon='left-open-big' data-av_iconset='svg_entypo-fontello' tabindex='-1' title=\"Zur\u00fcck\"><svg version=\"1.1\" xmlns=\"http:\/\/www.w3.org\/2000\/svg\" width=\"15\" height=\"32\" viewBox=\"0 0 15 32\" preserveAspectRatio=\"xMidYMid meet\" aria-labelledby='av-svg-title-1' aria-describedby='av-svg-desc-1' role=\"graphics-symbol\" aria-hidden=\"true\">\n<title id='av-svg-title-1'>Zur\u00fcck<\/title>\n<desc id='av-svg-desc-1'>Zur\u00fcck<\/desc>\n<path d=\"M14.464 27.84q0.832 0.832 0 1.536-0.832 0.832-1.536 0l-12.544-12.608q-0.768-0.768 0-1.6l12.544-12.608q0.704-0.832 1.536 0 0.832 0.704 0 1.536l-11.456 11.904z\"><\/path>\n<\/svg><span class='avia_hidden_link_text'>Zur\u00fcck<\/span><\/a><a href='#next' class='next-slide av-horizontal-gallery-next avia-svg-icon avia-font-svg_entypo-fontello' data-av_svg_icon='right-open-big' data-av_iconset='svg_entypo-fontello' tabindex='-1' title=\"Weiter\"><svg version=\"1.1\" xmlns=\"http:\/\/www.w3.org\/2000\/svg\" width=\"15\" height=\"32\" viewBox=\"0 0 15 32\" preserveAspectRatio=\"xMidYMid meet\" aria-labelledby='av-svg-title-2' aria-describedby='av-svg-desc-2' role=\"graphics-symbol\" aria-hidden=\"true\">\n<title id='av-svg-title-2'>Weiter<\/title>\n<desc id='av-svg-desc-2'>Weiter<\/desc>\n<path d=\"M0.416 27.84l11.456-11.84-11.456-11.904q-0.832-0.832 0-1.536 0.832-0.832 1.536 0l12.544 12.608q0.768 0.832 0 1.6l-12.544 12.608q-0.704 0.832-1.536 0-0.832-0.704 0-1.536z\"><\/path>\n<\/svg><span class='avia_hidden_link_text'>Weiter<\/span><\/a><\/div><div class='avia-slideshow-dots avia-slideshow-controls av-horizontal-gallery-dots fade-in'><a href='#1' class='goto-slide active' >1<\/a><a href='#2' class='goto-slide ' >2<\/a><a href='#3' class='goto-slide ' >3<\/a><a href='#4' class='goto-slide ' >4<\/a><a href='#5' class='goto-slide ' >5<\/a><a href='#6' class='goto-slide ' >6<\/a><a href='#7' class='goto-slide ' >7<\/a><a href='#8' class='goto-slide ' >8<\/a><a href='#9' class='goto-slide ' >9<\/a><\/div><div class='av-horizontal-gallery-inner' data-av-height='25'><div class=\"av-horizontal-gallery-slider\"><div class=\"av-horizontal-gallery-wrap noHover\"><img decoding=\"async\" fetchpriority=\"high\" class='wp-image-9999 avia-img-lazy-loading-not-9999 av-horizontal-gallery-img' width=\"1024\" height=\"768\" src=\"https:\/\/imker-aigen.at\/wp-content\/uploads\/2026\/04\/wildbienen_2026_8.jpg\" title='Naherholungsgebiet Salzachseen' alt='' srcset=\"https:\/\/imker-aigen.at\/wp-content\/uploads\/2026\/04\/wildbienen_2026_8.jpg 1024w, https:\/\/imker-aigen.at\/wp-content\/uploads\/2026\/04\/wildbienen_2026_8-300x225.jpg 300w, https:\/\/imker-aigen.at\/wp-content\/uploads\/2026\/04\/wildbienen_2026_8-768x576.jpg 768w, https:\/\/imker-aigen.at\/wp-content\/uploads\/2026\/04\/wildbienen_2026_8-705x529.jpg 705w\" sizes=\"(max-width: 1024px) 100vw, 1024px\" \/><a href=\"https:\/\/imker-aigen.at\/wp-content\/uploads\/2026\/04\/wildbienen_2026_8.jpg\" data-srcset=\"https:\/\/imker-aigen.at\/wp-content\/uploads\/2026\/04\/wildbienen_2026_8.jpg 1024w, https:\/\/imker-aigen.at\/wp-content\/uploads\/2026\/04\/wildbienen_2026_8-300x225.jpg 300w, https:\/\/imker-aigen.at\/wp-content\/uploads\/2026\/04\/wildbienen_2026_8-768x576.jpg 768w, https:\/\/imker-aigen.at\/wp-content\/uploads\/2026\/04\/wildbienen_2026_8-705x529.jpg 705w\" data-sizes=\"(max-width: 1024px) 100vw, 1024px\" class='av-horizontal-gallery-link avia-svg-icon avia-font-svg_entypo-fontello' data-av_svg_icon='resize-full' data-av_iconset='svg_entypo-fontello' title='Naherholungsgebiet Salzachseen' alt='' aria-label='Open image in lightbox: Naherholungsgebiet Salzachseen'><svg version=\"1.1\" xmlns=\"http:\/\/www.w3.org\/2000\/svg\" width=\"25\" height=\"32\" viewBox=\"0 0 25 32\" preserveAspectRatio=\"xMidYMid meet\" aria-labelledby='av-svg-title-3' aria-describedby='av-svg-desc-3' role=\"graphics-symbol\" aria-hidden=\"true\">\n<title id='av-svg-title-3'>Open image in lightbox: Naherholungsgebiet Salzachseen<\/title>\n<desc id='av-svg-desc-3'>Open image in lightbox: Naherholungsgebiet Salzachseen<\/desc>\n<path d=\"M15.232 3.328h10.112v10.112l-3.2-3.968-4.672 4.864-3.2-3.2 4.864-4.672zM7.872 17.536l3.2 3.2-4.864 4.672 3.904 3.2h-10.112v-10.112l3.2 3.904z\"><\/path>\n<\/svg><\/a><\/div><div class=\"av-horizontal-gallery-wrap noHover\"><img decoding=\"async\" fetchpriority=\"high\" class='wp-image-9996 avia-img-lazy-loading-not-9996 av-horizontal-gallery-img' width=\"768\" height=\"1024\" src=\"https:\/\/imker-aigen.at\/wp-content\/uploads\/2026\/04\/wildbienen_2026_5.jpg\" title='Erster Fund: eine geh\u00f6rnte Mauerbiene. Die vorstehenden H\u00f6rner sind nur bei genauer Betrachtung erkennbar' alt='' srcset=\"https:\/\/imker-aigen.at\/wp-content\/uploads\/2026\/04\/wildbienen_2026_5.jpg 768w, https:\/\/imker-aigen.at\/wp-content\/uploads\/2026\/04\/wildbienen_2026_5-225x300.jpg 225w, https:\/\/imker-aigen.at\/wp-content\/uploads\/2026\/04\/wildbienen_2026_5-529x705.jpg 529w\" sizes=\"(max-width: 768px) 100vw, 768px\" \/><a href=\"https:\/\/imker-aigen.at\/wp-content\/uploads\/2026\/04\/wildbienen_2026_5.jpg\" data-srcset=\"https:\/\/imker-aigen.at\/wp-content\/uploads\/2026\/04\/wildbienen_2026_5.jpg 768w, https:\/\/imker-aigen.at\/wp-content\/uploads\/2026\/04\/wildbienen_2026_5-225x300.jpg 225w, https:\/\/imker-aigen.at\/wp-content\/uploads\/2026\/04\/wildbienen_2026_5-529x705.jpg 529w\" data-sizes=\"(max-width: 768px) 100vw, 768px\" class='av-horizontal-gallery-link avia-svg-icon avia-font-svg_entypo-fontello' data-av_svg_icon='resize-full' data-av_iconset='svg_entypo-fontello' title='Erster Fund: eine geh\u00f6rnte Mauerbiene. Die vorstehenden H\u00f6rner sind nur bei genauer Betrachtung erkennbar' alt='' aria-label='Open image in lightbox: Erster Fund: eine geh\u00f6rnte Mauerbiene. Die vorstehenden H\u00f6rner sind nur bei genauer Betrachtung erkennbar'><svg version=\"1.1\" xmlns=\"http:\/\/www.w3.org\/2000\/svg\" width=\"25\" height=\"32\" viewBox=\"0 0 25 32\" preserveAspectRatio=\"xMidYMid meet\" aria-labelledby='av-svg-title-4' aria-describedby='av-svg-desc-4' role=\"graphics-symbol\" aria-hidden=\"true\">\n<title id='av-svg-title-4'>Open image in lightbox: Erster Fund: eine geh\u00f6rnte Mauerbiene. Die vorstehenden H\u00f6rner sind nur bei genauer Betrachtung erkennbar<\/title>\n<desc id='av-svg-desc-4'>Open image in lightbox: Erster Fund: eine geh\u00f6rnte Mauerbiene. Die vorstehenden H\u00f6rner sind nur bei genauer Betrachtung erkennbar<\/desc>\n<path d=\"M15.232 3.328h10.112v10.112l-3.2-3.968-4.672 4.864-3.2-3.2 4.864-4.672zM7.872 17.536l3.2 3.2-4.864 4.672 3.904 3.2h-10.112v-10.112l3.2 3.904z\"><\/path>\n<\/svg><\/a><\/div><div class=\"av-horizontal-gallery-wrap noHover\"><img decoding=\"async\" fetchpriority=\"high\" class='wp-image-9995 avia-img-lazy-loading-not-9995 av-horizontal-gallery-img' width=\"768\" height=\"1024\" src=\"https:\/\/imker-aigen.at\/wp-content\/uploads\/2026\/04\/wildbienen_2026_7.jpg\" title='Bl\u00fchende Silberweide - m\u00e4nnliche K\u00e4tzchen' alt='' srcset=\"https:\/\/imker-aigen.at\/wp-content\/uploads\/2026\/04\/wildbienen_2026_7.jpg 768w, https:\/\/imker-aigen.at\/wp-content\/uploads\/2026\/04\/wildbienen_2026_7-225x300.jpg 225w, https:\/\/imker-aigen.at\/wp-content\/uploads\/2026\/04\/wildbienen_2026_7-529x705.jpg 529w\" sizes=\"(max-width: 768px) 100vw, 768px\" \/><a href=\"https:\/\/imker-aigen.at\/wp-content\/uploads\/2026\/04\/wildbienen_2026_7.jpg\" data-srcset=\"https:\/\/imker-aigen.at\/wp-content\/uploads\/2026\/04\/wildbienen_2026_7.jpg 768w, https:\/\/imker-aigen.at\/wp-content\/uploads\/2026\/04\/wildbienen_2026_7-225x300.jpg 225w, https:\/\/imker-aigen.at\/wp-content\/uploads\/2026\/04\/wildbienen_2026_7-529x705.jpg 529w\" data-sizes=\"(max-width: 768px) 100vw, 768px\" class='av-horizontal-gallery-link avia-svg-icon avia-font-svg_entypo-fontello' data-av_svg_icon='resize-full' data-av_iconset='svg_entypo-fontello' title='Bl\u00fchende Silberweide - m\u00e4nnliche K\u00e4tzchen' alt='' aria-label='Open image in lightbox: Bl\u00fchende Silberweide - m\u00e4nnliche K\u00e4tzchen'><svg version=\"1.1\" xmlns=\"http:\/\/www.w3.org\/2000\/svg\" width=\"25\" height=\"32\" viewBox=\"0 0 25 32\" preserveAspectRatio=\"xMidYMid meet\" aria-labelledby='av-svg-title-5' aria-describedby='av-svg-desc-5' role=\"graphics-symbol\" aria-hidden=\"true\">\n<title id='av-svg-title-5'>Open image in lightbox: Bl\u00fchende Silberweide - m\u00e4nnliche K\u00e4tzchen<\/title>\n<desc id='av-svg-desc-5'>Open image in lightbox: Bl\u00fchende Silberweide - m\u00e4nnliche K\u00e4tzchen<\/desc>\n<path d=\"M15.232 3.328h10.112v10.112l-3.2-3.968-4.672 4.864-3.2-3.2 4.864-4.672zM7.872 17.536l3.2 3.2-4.864 4.672 3.904 3.2h-10.112v-10.112l3.2 3.904z\"><\/path>\n<\/svg><\/a><\/div><div class=\"av-horizontal-gallery-wrap noHover\"><img decoding=\"async\" fetchpriority=\"high\" class='wp-image-9997 avia-img-lazy-loading-not-9997 av-horizontal-gallery-img' width=\"680\" height=\"1024\" src=\"https:\/\/imker-aigen.at\/wp-content\/uploads\/2026\/04\/wildbienen_2026_6.jpg\" title='Dr. Johann Neumayer liefert interessante Einblicke in die Welt der Wildbienen' alt='' srcset=\"https:\/\/imker-aigen.at\/wp-content\/uploads\/2026\/04\/wildbienen_2026_6.jpg 680w, https:\/\/imker-aigen.at\/wp-content\/uploads\/2026\/04\/wildbienen_2026_6-199x300.jpg 199w, https:\/\/imker-aigen.at\/wp-content\/uploads\/2026\/04\/wildbienen_2026_6-468x705.jpg 468w\" sizes=\"(max-width: 680px) 100vw, 680px\" \/><a href=\"https:\/\/imker-aigen.at\/wp-content\/uploads\/2026\/04\/wildbienen_2026_6.jpg\" data-srcset=\"https:\/\/imker-aigen.at\/wp-content\/uploads\/2026\/04\/wildbienen_2026_6.jpg 680w, https:\/\/imker-aigen.at\/wp-content\/uploads\/2026\/04\/wildbienen_2026_6-199x300.jpg 199w, https:\/\/imker-aigen.at\/wp-content\/uploads\/2026\/04\/wildbienen_2026_6-468x705.jpg 468w\" data-sizes=\"(max-width: 680px) 100vw, 680px\" class='av-horizontal-gallery-link avia-svg-icon avia-font-svg_entypo-fontello' data-av_svg_icon='resize-full' data-av_iconset='svg_entypo-fontello' title='Dr. Johann Neumayer liefert interessante Einblicke in die Welt der Wildbienen' alt='' aria-label='Open image in lightbox: Dr. Johann Neumayer liefert interessante Einblicke in die Welt der Wildbienen'><svg version=\"1.1\" xmlns=\"http:\/\/www.w3.org\/2000\/svg\" width=\"25\" height=\"32\" viewBox=\"0 0 25 32\" preserveAspectRatio=\"xMidYMid meet\" aria-labelledby='av-svg-title-6' aria-describedby='av-svg-desc-6' role=\"graphics-symbol\" aria-hidden=\"true\">\n<title id='av-svg-title-6'>Open image in lightbox: Dr. Johann Neumayer liefert interessante Einblicke in die Welt der Wildbienen<\/title>\n<desc id='av-svg-desc-6'>Open image in lightbox: Dr. Johann Neumayer liefert interessante Einblicke in die Welt der Wildbienen<\/desc>\n<path d=\"M15.232 3.328h10.112v10.112l-3.2-3.968-4.672 4.864-3.2-3.2 4.864-4.672zM7.872 17.536l3.2 3.2-4.864 4.672 3.904 3.2h-10.112v-10.112l3.2 3.904z\"><\/path>\n<\/svg><\/a><\/div><div class=\"av-horizontal-gallery-wrap noHover\"><img decoding=\"async\" fetchpriority=\"high\" class='wp-image-9998 avia-img-lazy-loading-not-9998 av-horizontal-gallery-img' width=\"768\" height=\"1024\" src=\"https:\/\/imker-aigen.at\/wp-content\/uploads\/2026\/04\/wildbienen_2026_9.jpg\" title='Die L\u00f6cher der Fr\u00fchlings-Seidenbiene in der B\u00f6schung am Wegesrand' alt='' srcset=\"https:\/\/imker-aigen.at\/wp-content\/uploads\/2026\/04\/wildbienen_2026_9.jpg 768w, https:\/\/imker-aigen.at\/wp-content\/uploads\/2026\/04\/wildbienen_2026_9-225x300.jpg 225w, https:\/\/imker-aigen.at\/wp-content\/uploads\/2026\/04\/wildbienen_2026_9-529x705.jpg 529w\" sizes=\"(max-width: 768px) 100vw, 768px\" \/><a href=\"https:\/\/imker-aigen.at\/wp-content\/uploads\/2026\/04\/wildbienen_2026_9.jpg\" data-srcset=\"https:\/\/imker-aigen.at\/wp-content\/uploads\/2026\/04\/wildbienen_2026_9.jpg 768w, https:\/\/imker-aigen.at\/wp-content\/uploads\/2026\/04\/wildbienen_2026_9-225x300.jpg 225w, https:\/\/imker-aigen.at\/wp-content\/uploads\/2026\/04\/wildbienen_2026_9-529x705.jpg 529w\" data-sizes=\"(max-width: 768px) 100vw, 768px\" class='av-horizontal-gallery-link avia-svg-icon avia-font-svg_entypo-fontello' data-av_svg_icon='resize-full' data-av_iconset='svg_entypo-fontello' title='Die L\u00f6cher der Fr\u00fchlings-Seidenbiene in der B\u00f6schung am Wegesrand' alt='' aria-label='Open image in lightbox: Die L\u00f6cher der Fr\u00fchlings-Seidenbiene in der B\u00f6schung am Wegesrand'><svg version=\"1.1\" xmlns=\"http:\/\/www.w3.org\/2000\/svg\" width=\"25\" height=\"32\" viewBox=\"0 0 25 32\" preserveAspectRatio=\"xMidYMid meet\" aria-labelledby='av-svg-title-7' aria-describedby='av-svg-desc-7' role=\"graphics-symbol\" aria-hidden=\"true\">\n<title id='av-svg-title-7'>Open image in lightbox: Die L\u00f6cher der Fr\u00fchlings-Seidenbiene in der B\u00f6schung am Wegesrand<\/title>\n<desc id='av-svg-desc-7'>Open image in lightbox: Die L\u00f6cher der Fr\u00fchlings-Seidenbiene in der B\u00f6schung am Wegesrand<\/desc>\n<path d=\"M15.232 3.328h10.112v10.112l-3.2-3.968-4.672 4.864-3.2-3.2 4.864-4.672zM7.872 17.536l3.2 3.2-4.864 4.672 3.904 3.2h-10.112v-10.112l3.2 3.904z\"><\/path>\n<\/svg><\/a><\/div><div class=\"av-horizontal-gallery-wrap noHover\"><img decoding=\"async\" fetchpriority=\"high\" class='wp-image-9992 avia-img-lazy-loading-not-9992 av-horizontal-gallery-img' width=\"1000\" height=\"1030\" src=\"https:\/\/imker-aigen.at\/wp-content\/uploads\/2026\/04\/wildbienen_2026_1-1000x1030.jpg\" title='Naturf\u00fchrer \u00fcber das Naherholungsgebiet Salzachseen von Wolfgang Schruf' alt='' srcset=\"https:\/\/imker-aigen.at\/wp-content\/uploads\/2026\/04\/wildbienen_2026_1-1000x1030.jpg 1000w, https:\/\/imker-aigen.at\/wp-content\/uploads\/2026\/04\/wildbienen_2026_1-291x300.jpg 291w, https:\/\/imker-aigen.at\/wp-content\/uploads\/2026\/04\/wildbienen_2026_1-768x791.jpg 768w, https:\/\/imker-aigen.at\/wp-content\/uploads\/2026\/04\/wildbienen_2026_1-36x36.jpg 36w, https:\/\/imker-aigen.at\/wp-content\/uploads\/2026\/04\/wildbienen_2026_1-684x705.jpg 684w, https:\/\/imker-aigen.at\/wp-content\/uploads\/2026\/04\/wildbienen_2026_1.jpg 1024w\" sizes=\"(max-width: 1000px) 100vw, 1000px\" \/><a href=\"https:\/\/imker-aigen.at\/wp-content\/uploads\/2026\/04\/wildbienen_2026_1-1000x1030.jpg\" data-srcset=\"https:\/\/imker-aigen.at\/wp-content\/uploads\/2026\/04\/wildbienen_2026_1-1000x1030.jpg 1000w, https:\/\/imker-aigen.at\/wp-content\/uploads\/2026\/04\/wildbienen_2026_1-291x300.jpg 291w, https:\/\/imker-aigen.at\/wp-content\/uploads\/2026\/04\/wildbienen_2026_1-768x791.jpg 768w, https:\/\/imker-aigen.at\/wp-content\/uploads\/2026\/04\/wildbienen_2026_1-36x36.jpg 36w, https:\/\/imker-aigen.at\/wp-content\/uploads\/2026\/04\/wildbienen_2026_1-684x705.jpg 684w, https:\/\/imker-aigen.at\/wp-content\/uploads\/2026\/04\/wildbienen_2026_1.jpg 1024w\" data-sizes=\"(max-width: 1000px) 100vw, 1000px\" class='av-horizontal-gallery-link avia-svg-icon avia-font-svg_entypo-fontello' data-av_svg_icon='resize-full' data-av_iconset='svg_entypo-fontello' title='Naturf\u00fchrer \u00fcber das Naherholungsgebiet Salzachseen von Wolfgang Schruf' alt='' aria-label='Open image in lightbox: Naturf\u00fchrer \u00fcber das Naherholungsgebiet Salzachseen von Wolfgang Schruf'><svg version=\"1.1\" xmlns=\"http:\/\/www.w3.org\/2000\/svg\" width=\"25\" height=\"32\" viewBox=\"0 0 25 32\" preserveAspectRatio=\"xMidYMid meet\" aria-labelledby='av-svg-title-8' aria-describedby='av-svg-desc-8' role=\"graphics-symbol\" aria-hidden=\"true\">\n<title id='av-svg-title-8'>Open image in lightbox: Naturf\u00fchrer \u00fcber das Naherholungsgebiet Salzachseen von Wolfgang Schruf<\/title>\n<desc id='av-svg-desc-8'>Open image in lightbox: Naturf\u00fchrer \u00fcber das Naherholungsgebiet Salzachseen von Wolfgang Schruf<\/desc>\n<path d=\"M15.232 3.328h10.112v10.112l-3.2-3.968-4.672 4.864-3.2-3.2 4.864-4.672zM7.872 17.536l3.2 3.2-4.864 4.672 3.904 3.2h-10.112v-10.112l3.2 3.904z\"><\/path>\n<\/svg><\/a><\/div><div class=\"av-horizontal-gallery-wrap noHover\"><img decoding=\"async\" fetchpriority=\"high\" class='wp-image-9991 avia-img-lazy-loading-not-9991 av-horizontal-gallery-img' width=\"904\" height=\"1024\" src=\"https:\/\/imker-aigen.at\/wp-content\/uploads\/2026\/04\/wildbienen_2026_2.jpg\" title='Der Naturf\u00fchrer &quot;Naherholungsgebiet Salzachseen&quot; gibt Monat f\u00fcr Monat Einblick in die Sch\u00f6nheiten der Natur' alt='' srcset=\"https:\/\/imker-aigen.at\/wp-content\/uploads\/2026\/04\/wildbienen_2026_2.jpg 904w, https:\/\/imker-aigen.at\/wp-content\/uploads\/2026\/04\/wildbienen_2026_2-265x300.jpg 265w, https:\/\/imker-aigen.at\/wp-content\/uploads\/2026\/04\/wildbienen_2026_2-768x870.jpg 768w, https:\/\/imker-aigen.at\/wp-content\/uploads\/2026\/04\/wildbienen_2026_2-622x705.jpg 622w\" sizes=\"(max-width: 904px) 100vw, 904px\" \/><a href=\"https:\/\/imker-aigen.at\/wp-content\/uploads\/2026\/04\/wildbienen_2026_2.jpg\" data-srcset=\"https:\/\/imker-aigen.at\/wp-content\/uploads\/2026\/04\/wildbienen_2026_2.jpg 904w, https:\/\/imker-aigen.at\/wp-content\/uploads\/2026\/04\/wildbienen_2026_2-265x300.jpg 265w, https:\/\/imker-aigen.at\/wp-content\/uploads\/2026\/04\/wildbienen_2026_2-768x870.jpg 768w, https:\/\/imker-aigen.at\/wp-content\/uploads\/2026\/04\/wildbienen_2026_2-622x705.jpg 622w\" data-sizes=\"(max-width: 904px) 100vw, 904px\" class='av-horizontal-gallery-link avia-svg-icon avia-font-svg_entypo-fontello' data-av_svg_icon='resize-full' data-av_iconset='svg_entypo-fontello' title='Der Naturf\u00fchrer &quot;Naherholungsgebiet Salzachseen&quot; gibt Monat f\u00fcr Monat Einblick in die Sch\u00f6nheiten der Natur' alt='' aria-label='Open image in lightbox: Der Naturf\u00fchrer &quot;Naherholungsgebiet Salzachseen&quot; gibt Monat f\u00fcr Monat Einblick in die Sch\u00f6nheiten der Natur'><svg version=\"1.1\" xmlns=\"http:\/\/www.w3.org\/2000\/svg\" width=\"25\" height=\"32\" viewBox=\"0 0 25 32\" preserveAspectRatio=\"xMidYMid meet\" aria-labelledby='av-svg-title-9' aria-describedby='av-svg-desc-9' role=\"graphics-symbol\" aria-hidden=\"true\">\n<title id='av-svg-title-9'>Open image in lightbox: Der Naturf\u00fchrer &quot;Naherholungsgebiet Salzachseen&quot; gibt Monat f\u00fcr Monat Einblick in die Sch\u00f6nheiten der Natur<\/title>\n<desc id='av-svg-desc-9'>Open image in lightbox: Der Naturf\u00fchrer &quot;Naherholungsgebiet Salzachseen&quot; gibt Monat f\u00fcr Monat Einblick in die Sch\u00f6nheiten der Natur<\/desc>\n<path d=\"M15.232 3.328h10.112v10.112l-3.2-3.968-4.672 4.864-3.2-3.2 4.864-4.672zM7.872 17.536l3.2 3.2-4.864 4.672 3.904 3.2h-10.112v-10.112l3.2 3.904z\"><\/path>\n<\/svg><\/a><\/div><div class=\"av-horizontal-gallery-wrap noHover\"><img decoding=\"async\" fetchpriority=\"high\" class='wp-image-9990 avia-img-lazy-loading-not-9990 av-horizontal-gallery-img' width=\"707\" height=\"1024\" src=\"https:\/\/imker-aigen.at\/wp-content\/uploads\/2026\/04\/wildbienen_2026_3.jpg\" title='Wildbienen-Flyer vom Land Salzburg' alt='' srcset=\"https:\/\/imker-aigen.at\/wp-content\/uploads\/2026\/04\/wildbienen_2026_3.jpg 707w, https:\/\/imker-aigen.at\/wp-content\/uploads\/2026\/04\/wildbienen_2026_3-207x300.jpg 207w, https:\/\/imker-aigen.at\/wp-content\/uploads\/2026\/04\/wildbienen_2026_3-487x705.jpg 487w\" sizes=\"(max-width: 707px) 100vw, 707px\" \/><a href=\"https:\/\/imker-aigen.at\/wp-content\/uploads\/2026\/04\/wildbienen_2026_3.jpg\" data-srcset=\"https:\/\/imker-aigen.at\/wp-content\/uploads\/2026\/04\/wildbienen_2026_3.jpg 707w, https:\/\/imker-aigen.at\/wp-content\/uploads\/2026\/04\/wildbienen_2026_3-207x300.jpg 207w, https:\/\/imker-aigen.at\/wp-content\/uploads\/2026\/04\/wildbienen_2026_3-487x705.jpg 487w\" data-sizes=\"(max-width: 707px) 100vw, 707px\" class='av-horizontal-gallery-link avia-svg-icon avia-font-svg_entypo-fontello' data-av_svg_icon='resize-full' data-av_iconset='svg_entypo-fontello' title='Wildbienen-Flyer vom Land Salzburg' alt='' aria-label='Open image in lightbox: Wildbienen-Flyer vom Land Salzburg'><svg version=\"1.1\" xmlns=\"http:\/\/www.w3.org\/2000\/svg\" width=\"25\" height=\"32\" viewBox=\"0 0 25 32\" preserveAspectRatio=\"xMidYMid meet\" aria-labelledby='av-svg-title-10' aria-describedby='av-svg-desc-10' role=\"graphics-symbol\" aria-hidden=\"true\">\n<title id='av-svg-title-10'>Open image in lightbox: Wildbienen-Flyer vom Land Salzburg<\/title>\n<desc id='av-svg-desc-10'>Open image in lightbox: Wildbienen-Flyer vom Land Salzburg<\/desc>\n<path d=\"M15.232 3.328h10.112v10.112l-3.2-3.968-4.672 4.864-3.2-3.2 4.864-4.672zM7.872 17.536l3.2 3.2-4.864 4.672 3.904 3.2h-10.112v-10.112l3.2 3.904z\"><\/path>\n<\/svg><\/a><\/div><div class=\"av-horizontal-gallery-wrap noHover\"><img decoding=\"async\" fetchpriority=\"high\" class='wp-image-9989 avia-img-lazy-loading-not-9989 av-horizontal-gallery-img' width=\"1030\" height=\"773\" src=\"https:\/\/imker-aigen.at\/wp-content\/uploads\/2026\/04\/wildbienen_2026_4-1030x773.jpg\" title='Brosch\u00fcre des Salzburger Naturschutzbundes: &quot;Ein alternativer Entwurf f\u00fcr ein neues R\u00e4umliches Entwicklungskonzept (REK) f\u00fcr die Stadt Salzburg' alt='' srcset=\"https:\/\/imker-aigen.at\/wp-content\/uploads\/2026\/04\/wildbienen_2026_4-1030x773.jpg 1030w, https:\/\/imker-aigen.at\/wp-content\/uploads\/2026\/04\/wildbienen_2026_4-300x225.jpg 300w, https:\/\/imker-aigen.at\/wp-content\/uploads\/2026\/04\/wildbienen_2026_4-768x576.jpg 768w, https:\/\/imker-aigen.at\/wp-content\/uploads\/2026\/04\/wildbienen_2026_4-1536x1152.jpg 1536w, https:\/\/imker-aigen.at\/wp-content\/uploads\/2026\/04\/wildbienen_2026_4-1500x1125.jpg 1500w, https:\/\/imker-aigen.at\/wp-content\/uploads\/2026\/04\/wildbienen_2026_4-705x529.jpg 705w, https:\/\/imker-aigen.at\/wp-content\/uploads\/2026\/04\/wildbienen_2026_4.jpg 2016w\" sizes=\"(max-width: 1030px) 100vw, 1030px\" \/><a href=\"https:\/\/imker-aigen.at\/wp-content\/uploads\/2026\/04\/wildbienen_2026_4-1030x773.jpg\" data-srcset=\"https:\/\/imker-aigen.at\/wp-content\/uploads\/2026\/04\/wildbienen_2026_4-1030x773.jpg 1030w, https:\/\/imker-aigen.at\/wp-content\/uploads\/2026\/04\/wildbienen_2026_4-300x225.jpg 300w, https:\/\/imker-aigen.at\/wp-content\/uploads\/2026\/04\/wildbienen_2026_4-768x576.jpg 768w, https:\/\/imker-aigen.at\/wp-content\/uploads\/2026\/04\/wildbienen_2026_4-1536x1152.jpg 1536w, https:\/\/imker-aigen.at\/wp-content\/uploads\/2026\/04\/wildbienen_2026_4-1500x1125.jpg 1500w, https:\/\/imker-aigen.at\/wp-content\/uploads\/2026\/04\/wildbienen_2026_4-705x529.jpg 705w, https:\/\/imker-aigen.at\/wp-content\/uploads\/2026\/04\/wildbienen_2026_4.jpg 2016w\" data-sizes=\"(max-width: 1030px) 100vw, 1030px\" class='av-horizontal-gallery-link avia-svg-icon avia-font-svg_entypo-fontello' data-av_svg_icon='resize-full' data-av_iconset='svg_entypo-fontello' title='Brosch\u00fcre des Salzburger Naturschutzbundes: &quot;Ein alternativer Entwurf f\u00fcr ein neues R\u00e4umliches Entwicklungskonzept (REK) f\u00fcr die Stadt Salzburg' alt='' aria-label='Open image in lightbox: Brosch\u00fcre des Salzburger Naturschutzbundes: &quot;Ein alternativer Entwurf f\u00fcr ein neues R\u00e4umliches Entwicklungskonzept (REK) f\u00fcr die Stadt Salzburg'><svg version=\"1.1\" xmlns=\"http:\/\/www.w3.org\/2000\/svg\" width=\"25\" height=\"32\" viewBox=\"0 0 25 32\" preserveAspectRatio=\"xMidYMid meet\" aria-labelledby='av-svg-title-11' aria-describedby='av-svg-desc-11' role=\"graphics-symbol\" aria-hidden=\"true\">\n<title id='av-svg-title-11'>Open image in lightbox: Brosch\u00fcre des Salzburger Naturschutzbundes: &quot;Ein alternativer Entwurf f\u00fcr ein neues R\u00e4umliches Entwicklungskonzept (REK) f\u00fcr die Stadt Salzburg<\/title>\n<desc id='av-svg-desc-11'>Open image in lightbox: Brosch\u00fcre des Salzburger Naturschutzbundes: &quot;Ein alternativer Entwurf f\u00fcr ein neues R\u00e4umliches Entwicklungskonzept (REK) f\u00fcr die Stadt Salzburg<\/desc>\n<path d=\"M15.232 3.328h10.112v10.112l-3.2-3.968-4.672 4.864-3.2-3.2 4.864-4.672zM7.872 17.536l3.2 3.2-4.864 4.672 3.904 3.2h-10.112v-10.112l3.2 3.904z\"><\/path>\n<\/svg><\/a><\/div><\/div><\/div><\/div><br \/>\n\n<style type=\"text\/css\" data-created_by=\"avia_inline_auto\" id=\"style-css-av-mo792v7b-351bb3b005a449a5ff9e0c37e8d7740a\">\n#top .hr.av-mo792v7b-351bb3b005a449a5ff9e0c37e8d7740a{\nmargin-top:30px;\nmargin-bottom:30px;\n}\n.hr.av-mo792v7b-351bb3b005a449a5ff9e0c37e8d7740a .hr-inner{\nwidth:50px;\nmax-width:45%;\n}\n<\/style>\n<div  class='hr av-mo792v7b-351bb3b005a449a5ff9e0c37e8d7740a hr-custom  avia-builder-el-3  el_after_av_horizontal_gallery  el_before_av_textblock  avia-builder-el-first  hr-center hr-icon-yes'><span class='hr-inner inner-border-av-border-thin'><span class=\"hr-inner-style\"><\/span><\/span><span class='av-seperator-icon avia-svg-icon avia-font-svg_entypo-fontello' data-av_svg_icon='dot-3' data-av_iconset='svg_entypo-fontello'><svg version=\"1.1\" xmlns=\"http:\/\/www.w3.org\/2000\/svg\" width=\"29\" height=\"32\" viewBox=\"0 0 29 32\" preserveAspectRatio=\"xMidYMid meet\" aria-labelledby='av-svg-title-12' aria-describedby='av-svg-desc-12' role=\"graphics-symbol\">\n<title id='av-svg-title-12'>Dot-3<\/title>\n<desc id='av-svg-desc-12'>Dot-3<\/desc>\n<path d=\"M3.52 12.48q1.472 0 2.496 1.024t1.024 2.496q0 1.408-1.024 2.464t-2.496 1.056-2.496-1.056-1.024-2.464q0-1.472 1.024-2.496t2.496-1.024zM14.72 12.48q1.472 0 2.496 1.024t1.024 2.496q0 1.408-1.056 2.464t-2.464 1.056-2.464-1.056-1.056-2.464q0-1.472 1.024-2.496t2.496-1.024zM25.92 12.48q1.472 0 2.496 1.024t1.024 2.496q0 1.408-1.024 2.464t-2.496 1.056-2.496-1.056-1.024-2.464q0-1.472 1.024-2.496t2.496-1.024z\"><\/path>\n<\/svg><\/span><span class='hr-inner inner-border-av-border-thin'><span class=\"hr-inner-style\"><\/span><\/span><\/div><br \/>\n<section  class='av_textblock_section av-mo795qhz-b173bce0e047ef08ddbc0927faef7ba5 '   itemscope=\"itemscope\" itemtype=\"https:\/\/schema.org\/BlogPosting\" itemprop=\"blogPost\" ><div class='avia_textblock'  itemprop=\"text\" ><p><span style=\"color: #999999;\">Autor: Bernd Meierhofer<\/span><\/p>\n<p>Am 18. April 2026 fand im Naherholungsraum Salzachseen in Salzburg-Liefering eine spannende Wildbienenexkursion des <a href=\"https:\/\/naturschutzbund.at\/salzburg.html\">Salzburger Naturschutzbundes<\/a> unter der fachkundigen Leitung der beiden Wildbienen-Experten Dr. Johann Neumayer und Walter Wallner statt. Zahlreiche naturinteressierte Teilnehmerinnen und Teilnehmer und auch Mitglieder des Salzburger Naturschutzbundes nutzten die Gelegenheit, mehr \u00fcber die faszinierende Welt der heimischen Wildbienen zu erfahren.<\/p>\n<p>Die Salzachseen sind im Norden der Stadt Salzburg liegende Baggerseen. Diese sind ab 1938 durch den Aushub von Erdmaterial f\u00fcr den Bau der Reichsautobahn nach Wien entstand. Nach einer zwischenzeitlichen Nutzung des Gebiets als M\u00fclldeponie wurde das Areal in weiterer Folge schrittweise kultiviert. Seit 1967 steht das Gebiet als Landschaftsschutzgebiet unter Schutz.<\/p>\n<p>Bei traumhaftem Wetter und bereits fr\u00fchsommerlichen Temperaturen f\u00fchrten Herr Wallner und Herr Neumayer die Gruppe durch das Gebiet und machte auf geeignete Lebensr\u00e4ume sowie typische Nistpl\u00e4tze aufmerksam. Besonders eindrucksvoll war die Vielfalt der beobachteten Arten und deren unterschiedliche Lebensweisen. So konnten unter anderem eine Gartenhummel, eine Baumhummel, eine geh\u00f6rnte Mauerbiene, eine Kuckuckshummel, eine Sand-Blutbiene und eine Fr\u00fchlings-Seidenbiene f\u00fcr kurzzeitige Betrachtungen eingefangen und wieder freigelassen werden. Dar\u00fcber hinaus wurden auch zahlreiche Wollschweber sowie verschiedene Schmetterlinge beobachtet. Die Teilnehmenden erhielten Einblicke in die Bedeutung von Bl\u00fchfl\u00e4chen, offenen Bodenstellen und Totholzstrukturen f\u00fcr den Erhalt der Biodiversit\u00e4t. Dr. Neumayer machte auch auf das im Landschaftsschutzgebiet verf\u00fcgbare Nahrungsangebot f\u00fcr die Wildbienen aufmerksam. Unterschiedliche Weidenarten (Salweide, Silberweide), Ulmen, Spitzahornb\u00e4ume, Vogelkirschen, Heckenkirschen usw. bieten ein abwechslungsreiches Nektar- und Pollenangebot f\u00fcr die Wildbienen und alle anderen Best\u00e4uberinsekten.<br \/>\nW\u00e4hrend der Exkursion wurden auch mehrfach Honigbienen gesichtet. Den aufmerksamen Teilnehmern ist dabei nicht entgangen, dass sich in den letzten Jahren auch das Aussehen vieler Honigbienen ver\u00e4ndert hat. Immer mehr Bienen mit gelbem Hinterleib (durch Einkreuzung fremder Bienen entstandene Hybridbienen) tummeln sich auf den Bl\u00fcten. Leider sind solche Importe fremder Arten auch bei den Hummeln schon g\u00e4ngige Praxis geworden. In vielen Gew\u00e4chsh\u00e4usern werden bereits fremde Hummelarten zur Best\u00e4ubung eingesetzt. Aus rein wirtschaftlichen Interessen wird dabei fremden Hummelarten der Vorzug gegeben. Die mit solchen Importen verbundenen Gefahren (Einschleppung neuer Krankheiten, neuer Viren, Verdr\u00e4ngung heimischer Arten etc.) werden meist untersch\u00e4tzt.<\/p>\n<p>F\u00fcr das Landschaftsschutzgebiet Salzachseen existiert ein umfangreicher Naturf\u00fchrer mit dem Titel \u201eNaherholungsgebiet Salzachseen\u201c. Dieser dokumentiert Monat f\u00fcr Monat die m\u00f6glichen Naturbeobachtungen. Auch der Autor des Buches, Herr Wolfgang Schruf, nahm an der Exkursion teil und bot den Teilnehmenden die Gelegenheit, ein Exemplar seines Werkes zu erwerben.<\/p>\n<p>Die Exkursion bot viele interessante Einblicke in die \u00d6kologie dieser wichtigen Best\u00e4uber. Sie trug dazu bei, das Bewusstsein f\u00fcr die Bedeutung der Wildbienen weiter zu st\u00e4rken.\u00a0 Am Ende gab es f\u00fcr die Teilnehmer die Brosch\u00fcre &#8222;Wildbienen&#8220; vom Land Salzburg sowie die neue <a href=\"https:\/\/naturschutzbund.at\/neuigkeiten-liste\/items\/alternative-zum-aktuellen-rek-entwurf-der-stadt-salzburg.html\">Brosch\u00fcre des Salzburger Naturschutzbundes f\u00fcr einen alternativen Entwurf f\u00fcr ein neues R\u00e4umliches Entwicklungskonzept (REK) f\u00fcr die Stadt Salzburg<\/a>.<\/p>\n<p><strong>Danke nochmals an Hrn. Wallner, Hrn. Dr. Neumayer und die Unterst\u00fctzer f\u00fcr diese tolle Exkursion!<\/strong><\/p>\n<p>Die n\u00e4chste Wildbienen-Exkursion findet am 29. Mai statt (siehe: &#8222;<a href=\"https:\/\/imker-aigen.at\/index.php\/event\/auf-der-suche-nach-der-schwarzen-moertelbiene-wildbienen-exkursion-ueber-den-moenchsberg\/\">Auf der Suche nach der Schwarzen M\u00f6rtelbiene, Wildbienen-Exkursion \u00fcber den M\u00f6nchsberg<\/a>&#8222;). Sie f\u00fchrt auf den Salzburger M\u00f6nchsberg, wo mit etwas Gl\u00fcck die sehr seltene schwarze M\u00f6rtelbiene beobachtet werden kann. Diese Gelegenheit sollte man sich nicht entgehen lassen. Unser Verein wird sich ebenfalls an dieser Veranstaltung beteiligen.<\/p>\n<\/div><\/section><br \/>\n<div  class='av-social-sharing-box av-4dtdb4-67ad7f7dc941ea3269f12a7052de8907 av-social-sharing-box-default  avia-builder-el-5  el_after_av_textblock  el_before_av_comments_list  av-social-sharing-box-fullwidth'><div class=\"av-share-box\"><h5 class='av-share-link-description av-no-toc '>Eintrag teilen<\/h5><ul class=\"av-share-box-list noLightbox\"><li class='av-share-link av-social-link-facebook avia_social_iconfont' ><a target=\"_blank\" aria-label=\"Teilen auf Facebook\" href='https:\/\/www.facebook.com\/sharer.php?u=https:\/\/imker-aigen.at\/index.php\/2026\/04\/20\/bericht-ueber-die-wildbienen-exkursion-am-18-april-2026-im-naherholungsgebiet-salzachseen\/&#038;t=Bericht%20%C3%BCber%20die%20Wildbienen-Exkursion%20am%2018.%20April%202026%20im%20Naherholungsgebiet%20Salzachseen' data-av_icon='\ue8f3' data-av_iconfont='entypo-fontello'  title='' data-avia-related-tooltip='Teilen auf Facebook'><span class='avia_hidden_link_text'>Teilen auf Facebook<\/span><\/a><\/li><li class='av-share-link av-social-link-twitter avia_social_iconfont' ><a target=\"_blank\" aria-label=\"Teilen auf X\" href='https:\/\/twitter.com\/share?text=Bericht%20%C3%BCber%20die%20Wildbienen-Exkursion%20am%2018.%20April%202026%20im%20Naherholungsgebiet%20Salzachseen&#038;url=https:\/\/imker-aigen.at\/?p=9984' data-av_icon='\ue932' data-av_iconfont='entypo-fontello'  title='' data-avia-related-tooltip='Teilen auf X'><span class='avia_hidden_link_text'>Teilen auf X<\/span><\/a><\/li><li class='av-share-link av-social-link-whatsapp avia_social_iconfont' ><a target=\"_blank\" aria-label=\"Teilen auf WhatsApp\" href='https:\/\/api.whatsapp.com\/send?text=https:\/\/imker-aigen.at\/index.php\/2026\/04\/20\/bericht-ueber-die-wildbienen-exkursion-am-18-april-2026-im-naherholungsgebiet-salzachseen\/' data-av_icon='\uf232' data-av_iconfont='entypo-fontello'  title='' data-avia-related-tooltip='Teilen auf WhatsApp'><span class='avia_hidden_link_text'>Teilen auf WhatsApp<\/span><\/a><\/li><li class='av-share-link av-social-link-pinterest avia_social_iconfont' ><a target=\"_blank\" aria-label=\"Teilen auf Pinterest\" href='https:\/\/pinterest.com\/pin\/create\/button\/?url=https%3A%2F%2Fimker-aigen.at%2Findex.php%2F2026%2F04%2F20%2Fbericht-ueber-die-wildbienen-exkursion-am-18-april-2026-im-naherholungsgebiet-salzachseen%2F&#038;description=Bericht%20%C3%BCber%20die%20Wildbienen-Exkursion%20am%2018.%20April%202026%20im%20Naherholungsgebiet%20Salzachseen&#038;media=https%3A%2F%2Fimker-aigen.at%2Fwp-content%2Fuploads%2F2026%2F04%2Fwildbienen_2026_5-529x705.jpg' data-av_icon='\ue8f8' data-av_iconfont='entypo-fontello'  title='' data-avia-related-tooltip='Teilen auf Pinterest'><span class='avia_hidden_link_text'>Teilen auf Pinterest<\/span><\/a><\/li><li class='av-share-link av-social-link-linkedin avia_social_iconfont' ><a target=\"_blank\" aria-label=\"Teilen auf LinkedIn\" href='https:\/\/linkedin.com\/shareArticle?mini=true&#038;title=Bericht%20%C3%BCber%20die%20Wildbienen-Exkursion%20am%2018.%20April%202026%20im%20Naherholungsgebiet%20Salzachseen&#038;url=https:\/\/imker-aigen.at\/index.php\/2026\/04\/20\/bericht-ueber-die-wildbienen-exkursion-am-18-april-2026-im-naherholungsgebiet-salzachseen\/' data-av_icon='\ue8fc' data-av_iconfont='entypo-fontello'  title='' data-avia-related-tooltip='Teilen auf LinkedIn'><span class='avia_hidden_link_text'>Teilen auf LinkedIn<\/span><\/a><\/li><li class='av-share-link av-social-link-reddit avia_social_iconfont' ><a target=\"_blank\" aria-label=\"Teilen auf Reddit\" href='https:\/\/reddit.com\/submit?url=https:\/\/imker-aigen.at\/index.php\/2026\/04\/20\/bericht-ueber-die-wildbienen-exkursion-am-18-april-2026-im-naherholungsgebiet-salzachseen\/&#038;title=Bericht%20%C3%BCber%20die%20Wildbienen-Exkursion%20am%2018.%20April%202026%20im%20Naherholungsgebiet%20Salzachseen' data-av_icon='\ue927' data-av_iconfont='entypo-fontello'  title='' data-avia-related-tooltip='Teilen auf Reddit'><span class='avia_hidden_link_text'>Teilen auf Reddit<\/span><\/a><\/li><li class='av-share-link av-social-link-mail avia_social_iconfont' ><a  aria-label=\"Per E-Mail teilen\" href='mailto:?subject=Bericht%20%C3%BCber%20die%20Wildbienen-Exkursion%20am%2018.%20April%202026%20im%20Naherholungsgebiet%20Salzachseen&#038;body=https:\/\/imker-aigen.at\/index.php\/2026\/04\/20\/bericht-ueber-die-wildbienen-exkursion-am-18-april-2026-im-naherholungsgebiet-salzachseen\/' data-av_icon='\ue805' data-av_iconfont='entypo-fontello'  title='' data-avia-related-tooltip='Per E-Mail teilen'><span class='avia_hidden_link_text'>Per E-Mail teilen<\/span><\/a><\/li><\/ul><\/div><\/div><br \/>\n<div  class='av-buildercomment av-1ubos0-ee4f2199e4f232f970ffd0617a86f794'><\/div><\/p><\/div>\n","protected":false},"excerpt":{"rendered":"","protected":false},"author":1,"featured_media":9996,"comment_status":"open","ping_status":"closed","sticky":false,"template":"","format":"standard","meta":{"footnotes":""},"categories":[18,2],"tags":[250,75,163,554,77],"class_list":["post-9984","post","type-post","status-publish","format-standard","has-post-thumbnail","hentry","category-alte-veranstaltungen","category-news","tag-exkursion","tag-naturschutzbund","tag-neumayer","tag-salzachsee","tag-wildbienen"],"yoast_head":"<!-- This site is optimized with the Yoast SEO plugin v27.4 - https:\/\/yoast.com\/product\/yoast-seo-wordpress\/ -->\n<title>Bericht \u00fcber die Wildbienen-Exkursion am 18. April 2026 im Naherholungsgebiet Salzachseen - Imker Ortsgruppe Salzburg Aigen<\/title>\n<meta name=\"description\" content=\"Bericht \u00fcber die Wildbienen-Exkursion am 18. April 2026 im Naherholungsgebiet Salzachseen unter der Leitung von Dr. Johann Neumayer\" \/>\n<meta name=\"robots\" content=\"index, follow, max-snippet:-1, max-image-preview:large, max-video-preview:-1\" \/>\n<link rel=\"canonical\" href=\"https:\/\/imker-aigen.at\/index.php\/2026\/04\/20\/bericht-ueber-die-wildbienen-exkursion-am-18-april-2026-im-naherholungsgebiet-salzachseen\/\" \/>\n<meta property=\"og:locale\" content=\"de_DE\" \/>\n<meta property=\"og:type\" content=\"article\" \/>\n<meta property=\"og:title\" content=\"Bericht \u00fcber die Wildbienen-Exkursion am 18. April 2026 im Naherholungsgebiet Salzachseen - Imker Ortsgruppe Salzburg Aigen\" \/>\n<meta property=\"og:description\" content=\"Bericht \u00fcber die Wildbienen-Exkursion am 18. April 2026 im Naherholungsgebiet Salzachseen unter der Leitung von Dr. Johann Neumayer\" \/>\n<meta property=\"og:url\" content=\"https:\/\/imker-aigen.at\/index.php\/2026\/04\/20\/bericht-ueber-die-wildbienen-exkursion-am-18-april-2026-im-naherholungsgebiet-salzachseen\/\" \/>\n<meta property=\"og:site_name\" content=\"Imker Ortsgruppe Salzburg Aigen\" \/>\n<meta property=\"article:published_time\" content=\"2026-04-20T13:50:41+00:00\" \/>\n<meta property=\"article:modified_time\" content=\"2026-04-21T08:04:01+00:00\" \/>\n<meta property=\"og:image\" content=\"https:\/\/imker-aigen.at\/wp-content\/uploads\/2026\/04\/wildbienen_2026_5.jpg\" \/>\n\t<meta property=\"og:image:width\" content=\"768\" \/>\n\t<meta property=\"og:image:height\" content=\"1024\" \/>\n\t<meta property=\"og:image:type\" content=\"image\/jpeg\" \/>\n<meta name=\"author\" content=\"admin\" \/>\n<meta name=\"twitter:card\" content=\"summary_large_image\" \/>\n<meta name=\"twitter:label1\" content=\"Verfasst von\" \/>\n\t<meta name=\"twitter:data1\" content=\"admin\" \/>\n\t<meta name=\"twitter:label2\" content=\"Gesch\u00e4tzte Lesezeit\" \/>\n\t<meta name=\"twitter:data2\" content=\"7\u00a0Minuten\" \/>\n<script type=\"application\/ld+json\" class=\"yoast-schema-graph\">{\"@context\":\"https:\\\/\\\/schema.org\",\"@graph\":[{\"@type\":\"Article\",\"@id\":\"https:\\\/\\\/imker-aigen.at\\\/index.php\\\/2026\\\/04\\\/20\\\/bericht-ueber-die-wildbienen-exkursion-am-18-april-2026-im-naherholungsgebiet-salzachseen\\\/#article\",\"isPartOf\":{\"@id\":\"https:\\\/\\\/imker-aigen.at\\\/index.php\\\/2026\\\/04\\\/20\\\/bericht-ueber-die-wildbienen-exkursion-am-18-april-2026-im-naherholungsgebiet-salzachseen\\\/\"},\"author\":{\"name\":\"admin\",\"@id\":\"https:\\\/\\\/imker-aigen.at\\\/#\\\/schema\\\/person\\\/d7d0c3a8ef6f051d450781218ac83077\"},\"headline\":\"Bericht \u00fcber die Wildbienen-Exkursion am 18. April 2026 im Naherholungsgebiet Salzachseen\",\"datePublished\":\"2026-04-20T13:50:41+00:00\",\"dateModified\":\"2026-04-21T08:04:01+00:00\",\"mainEntityOfPage\":{\"@id\":\"https:\\\/\\\/imker-aigen.at\\\/index.php\\\/2026\\\/04\\\/20\\\/bericht-ueber-die-wildbienen-exkursion-am-18-april-2026-im-naherholungsgebiet-salzachseen\\\/\"},\"wordCount\":1609,\"commentCount\":0,\"publisher\":{\"@id\":\"https:\\\/\\\/imker-aigen.at\\\/#organization\"},\"image\":{\"@id\":\"https:\\\/\\\/imker-aigen.at\\\/index.php\\\/2026\\\/04\\\/20\\\/bericht-ueber-die-wildbienen-exkursion-am-18-april-2026-im-naherholungsgebiet-salzachseen\\\/#primaryimage\"},\"thumbnailUrl\":\"https:\\\/\\\/imker-aigen.at\\\/wp-content\\\/uploads\\\/2026\\\/04\\\/wildbienen_2026_5.jpg\",\"keywords\":[\"Exkursion\",\"Naturschutzbund\",\"Neumayer\",\"Salzachsee\",\"Wildbienen\"],\"articleSection\":[\"Alte Veranstaltungen\",\"News\"],\"inLanguage\":\"de\",\"potentialAction\":[{\"@type\":\"CommentAction\",\"name\":\"Comment\",\"target\":[\"https:\\\/\\\/imker-aigen.at\\\/index.php\\\/2026\\\/04\\\/20\\\/bericht-ueber-die-wildbienen-exkursion-am-18-april-2026-im-naherholungsgebiet-salzachseen\\\/#respond\"]}]},{\"@type\":\"WebPage\",\"@id\":\"https:\\\/\\\/imker-aigen.at\\\/index.php\\\/2026\\\/04\\\/20\\\/bericht-ueber-die-wildbienen-exkursion-am-18-april-2026-im-naherholungsgebiet-salzachseen\\\/\",\"url\":\"https:\\\/\\\/imker-aigen.at\\\/index.php\\\/2026\\\/04\\\/20\\\/bericht-ueber-die-wildbienen-exkursion-am-18-april-2026-im-naherholungsgebiet-salzachseen\\\/\",\"name\":\"Bericht \u00fcber die Wildbienen-Exkursion am 18. April 2026 im Naherholungsgebiet Salzachseen - Imker Ortsgruppe Salzburg Aigen\",\"isPartOf\":{\"@id\":\"https:\\\/\\\/imker-aigen.at\\\/#website\"},\"primaryImageOfPage\":{\"@id\":\"https:\\\/\\\/imker-aigen.at\\\/index.php\\\/2026\\\/04\\\/20\\\/bericht-ueber-die-wildbienen-exkursion-am-18-april-2026-im-naherholungsgebiet-salzachseen\\\/#primaryimage\"},\"image\":{\"@id\":\"https:\\\/\\\/imker-aigen.at\\\/index.php\\\/2026\\\/04\\\/20\\\/bericht-ueber-die-wildbienen-exkursion-am-18-april-2026-im-naherholungsgebiet-salzachseen\\\/#primaryimage\"},\"thumbnailUrl\":\"https:\\\/\\\/imker-aigen.at\\\/wp-content\\\/uploads\\\/2026\\\/04\\\/wildbienen_2026_5.jpg\",\"datePublished\":\"2026-04-20T13:50:41+00:00\",\"dateModified\":\"2026-04-21T08:04:01+00:00\",\"description\":\"Bericht \u00fcber die Wildbienen-Exkursion am 18. April 2026 im Naherholungsgebiet Salzachseen unter der Leitung von Dr. Johann Neumayer\",\"breadcrumb\":{\"@id\":\"https:\\\/\\\/imker-aigen.at\\\/index.php\\\/2026\\\/04\\\/20\\\/bericht-ueber-die-wildbienen-exkursion-am-18-april-2026-im-naherholungsgebiet-salzachseen\\\/#breadcrumb\"},\"inLanguage\":\"de\",\"potentialAction\":[{\"@type\":\"ReadAction\",\"target\":[\"https:\\\/\\\/imker-aigen.at\\\/index.php\\\/2026\\\/04\\\/20\\\/bericht-ueber-die-wildbienen-exkursion-am-18-april-2026-im-naherholungsgebiet-salzachseen\\\/\"]}]},{\"@type\":\"ImageObject\",\"inLanguage\":\"de\",\"@id\":\"https:\\\/\\\/imker-aigen.at\\\/index.php\\\/2026\\\/04\\\/20\\\/bericht-ueber-die-wildbienen-exkursion-am-18-april-2026-im-naherholungsgebiet-salzachseen\\\/#primaryimage\",\"url\":\"https:\\\/\\\/imker-aigen.at\\\/wp-content\\\/uploads\\\/2026\\\/04\\\/wildbienen_2026_5.jpg\",\"contentUrl\":\"https:\\\/\\\/imker-aigen.at\\\/wp-content\\\/uploads\\\/2026\\\/04\\\/wildbienen_2026_5.jpg\",\"width\":768,\"height\":1024},{\"@type\":\"BreadcrumbList\",\"@id\":\"https:\\\/\\\/imker-aigen.at\\\/index.php\\\/2026\\\/04\\\/20\\\/bericht-ueber-die-wildbienen-exkursion-am-18-april-2026-im-naherholungsgebiet-salzachseen\\\/#breadcrumb\",\"itemListElement\":[{\"@type\":\"ListItem\",\"position\":1,\"name\":\"Startseite\",\"item\":\"https:\\\/\\\/imker-aigen.at\\\/index.php\\\/home\\\/\"},{\"@type\":\"ListItem\",\"position\":2,\"name\":\"Bericht \u00fcber die Wildbienen-Exkursion am 18. April 2026 im Naherholungsgebiet Salzachseen\"}]},{\"@type\":\"WebSite\",\"@id\":\"https:\\\/\\\/imker-aigen.at\\\/#website\",\"url\":\"https:\\\/\\\/imker-aigen.at\\\/\",\"name\":\"Imker Ortsgruppe Salzburg Aigen\",\"description\":\"Homepage der Imker-Ortsgruppe Salzburg Aigen\",\"publisher\":{\"@id\":\"https:\\\/\\\/imker-aigen.at\\\/#organization\"},\"potentialAction\":[{\"@type\":\"SearchAction\",\"target\":{\"@type\":\"EntryPoint\",\"urlTemplate\":\"https:\\\/\\\/imker-aigen.at\\\/?s={search_term_string}\"},\"query-input\":{\"@type\":\"PropertyValueSpecification\",\"valueRequired\":true,\"valueName\":\"search_term_string\"}}],\"inLanguage\":\"de\"},{\"@type\":\"Organization\",\"@id\":\"https:\\\/\\\/imker-aigen.at\\\/#organization\",\"name\":\"Imker Ortsgruppe Salzburg Aigen\",\"url\":\"https:\\\/\\\/imker-aigen.at\\\/\",\"logo\":{\"@type\":\"ImageObject\",\"inLanguage\":\"de\",\"@id\":\"https:\\\/\\\/imker-aigen.at\\\/#\\\/schema\\\/logo\\\/image\\\/\",\"url\":\"https:\\\/\\\/imker-aigen.at\\\/wp-content\\\/uploads\\\/2022\\\/08\\\/logo-1.png\",\"contentUrl\":\"https:\\\/\\\/imker-aigen.at\\\/wp-content\\\/uploads\\\/2022\\\/08\\\/logo-1.png\",\"width\":392,\"height\":156,\"caption\":\"Imker Ortsgruppe Salzburg Aigen\"},\"image\":{\"@id\":\"https:\\\/\\\/imker-aigen.at\\\/#\\\/schema\\\/logo\\\/image\\\/\"}},{\"@type\":\"Person\",\"@id\":\"https:\\\/\\\/imker-aigen.at\\\/#\\\/schema\\\/person\\\/d7d0c3a8ef6f051d450781218ac83077\",\"name\":\"admin\",\"image\":{\"@type\":\"ImageObject\",\"inLanguage\":\"de\",\"@id\":\"https:\\\/\\\/secure.gravatar.com\\\/avatar\\\/925a7e918efd3cfdae29be9c0018a3ae3275cd0444a6e166241172bb6e5243c7?s=96&d=mm&r=g\",\"url\":\"https:\\\/\\\/secure.gravatar.com\\\/avatar\\\/925a7e918efd3cfdae29be9c0018a3ae3275cd0444a6e166241172bb6e5243c7?s=96&d=mm&r=g\",\"contentUrl\":\"https:\\\/\\\/secure.gravatar.com\\\/avatar\\\/925a7e918efd3cfdae29be9c0018a3ae3275cd0444a6e166241172bb6e5243c7?s=96&d=mm&r=g\",\"caption\":\"admin\"},\"sameAs\":[\"https:\\\/\\\/imker-aigen.at\",\"linkedin.com\\\/in\\\/bernd-meierhofer-5919b62\"],\"url\":\"https:\\\/\\\/imker-aigen.at\\\/index.php\\\/author\\\/bmeierhofer\\\/\"}]}<\/script>\n<!-- \/ Yoast SEO plugin. -->","yoast_head_json":{"title":"Bericht \u00fcber die Wildbienen-Exkursion am 18. April 2026 im Naherholungsgebiet Salzachseen - Imker Ortsgruppe Salzburg Aigen","description":"Bericht \u00fcber die Wildbienen-Exkursion am 18. April 2026 im Naherholungsgebiet Salzachseen unter der Leitung von Dr. Johann Neumayer","robots":{"index":"index","follow":"follow","max-snippet":"max-snippet:-1","max-image-preview":"max-image-preview:large","max-video-preview":"max-video-preview:-1"},"canonical":"https:\/\/imker-aigen.at\/index.php\/2026\/04\/20\/bericht-ueber-die-wildbienen-exkursion-am-18-april-2026-im-naherholungsgebiet-salzachseen\/","og_locale":"de_DE","og_type":"article","og_title":"Bericht \u00fcber die Wildbienen-Exkursion am 18. April 2026 im Naherholungsgebiet Salzachseen - Imker Ortsgruppe Salzburg Aigen","og_description":"Bericht \u00fcber die Wildbienen-Exkursion am 18. April 2026 im Naherholungsgebiet Salzachseen unter der Leitung von Dr. Johann Neumayer","og_url":"https:\/\/imker-aigen.at\/index.php\/2026\/04\/20\/bericht-ueber-die-wildbienen-exkursion-am-18-april-2026-im-naherholungsgebiet-salzachseen\/","og_site_name":"Imker Ortsgruppe Salzburg Aigen","article_published_time":"2026-04-20T13:50:41+00:00","article_modified_time":"2026-04-21T08:04:01+00:00","og_image":[{"width":768,"height":1024,"url":"https:\/\/imker-aigen.at\/wp-content\/uploads\/2026\/04\/wildbienen_2026_5.jpg","type":"image\/jpeg"}],"author":"admin","twitter_card":"summary_large_image","twitter_misc":{"Verfasst von":"admin","Gesch\u00e4tzte Lesezeit":"7\u00a0Minuten"},"schema":{"@context":"https:\/\/schema.org","@graph":[{"@type":"Article","@id":"https:\/\/imker-aigen.at\/index.php\/2026\/04\/20\/bericht-ueber-die-wildbienen-exkursion-am-18-april-2026-im-naherholungsgebiet-salzachseen\/#article","isPartOf":{"@id":"https:\/\/imker-aigen.at\/index.php\/2026\/04\/20\/bericht-ueber-die-wildbienen-exkursion-am-18-april-2026-im-naherholungsgebiet-salzachseen\/"},"author":{"name":"admin","@id":"https:\/\/imker-aigen.at\/#\/schema\/person\/d7d0c3a8ef6f051d450781218ac83077"},"headline":"Bericht \u00fcber die Wildbienen-Exkursion am 18. April 2026 im Naherholungsgebiet Salzachseen","datePublished":"2026-04-20T13:50:41+00:00","dateModified":"2026-04-21T08:04:01+00:00","mainEntityOfPage":{"@id":"https:\/\/imker-aigen.at\/index.php\/2026\/04\/20\/bericht-ueber-die-wildbienen-exkursion-am-18-april-2026-im-naherholungsgebiet-salzachseen\/"},"wordCount":1609,"commentCount":0,"publisher":{"@id":"https:\/\/imker-aigen.at\/#organization"},"image":{"@id":"https:\/\/imker-aigen.at\/index.php\/2026\/04\/20\/bericht-ueber-die-wildbienen-exkursion-am-18-april-2026-im-naherholungsgebiet-salzachseen\/#primaryimage"},"thumbnailUrl":"https:\/\/imker-aigen.at\/wp-content\/uploads\/2026\/04\/wildbienen_2026_5.jpg","keywords":["Exkursion","Naturschutzbund","Neumayer","Salzachsee","Wildbienen"],"articleSection":["Alte Veranstaltungen","News"],"inLanguage":"de","potentialAction":[{"@type":"CommentAction","name":"Comment","target":["https:\/\/imker-aigen.at\/index.php\/2026\/04\/20\/bericht-ueber-die-wildbienen-exkursion-am-18-april-2026-im-naherholungsgebiet-salzachseen\/#respond"]}]},{"@type":"WebPage","@id":"https:\/\/imker-aigen.at\/index.php\/2026\/04\/20\/bericht-ueber-die-wildbienen-exkursion-am-18-april-2026-im-naherholungsgebiet-salzachseen\/","url":"https:\/\/imker-aigen.at\/index.php\/2026\/04\/20\/bericht-ueber-die-wildbienen-exkursion-am-18-april-2026-im-naherholungsgebiet-salzachseen\/","name":"Bericht \u00fcber die Wildbienen-Exkursion am 18. April 2026 im Naherholungsgebiet Salzachseen - Imker Ortsgruppe Salzburg Aigen","isPartOf":{"@id":"https:\/\/imker-aigen.at\/#website"},"primaryImageOfPage":{"@id":"https:\/\/imker-aigen.at\/index.php\/2026\/04\/20\/bericht-ueber-die-wildbienen-exkursion-am-18-april-2026-im-naherholungsgebiet-salzachseen\/#primaryimage"},"image":{"@id":"https:\/\/imker-aigen.at\/index.php\/2026\/04\/20\/bericht-ueber-die-wildbienen-exkursion-am-18-april-2026-im-naherholungsgebiet-salzachseen\/#primaryimage"},"thumbnailUrl":"https:\/\/imker-aigen.at\/wp-content\/uploads\/2026\/04\/wildbienen_2026_5.jpg","datePublished":"2026-04-20T13:50:41+00:00","dateModified":"2026-04-21T08:04:01+00:00","description":"Bericht \u00fcber die Wildbienen-Exkursion am 18. April 2026 im Naherholungsgebiet Salzachseen unter der Leitung von Dr. Johann Neumayer","breadcrumb":{"@id":"https:\/\/imker-aigen.at\/index.php\/2026\/04\/20\/bericht-ueber-die-wildbienen-exkursion-am-18-april-2026-im-naherholungsgebiet-salzachseen\/#breadcrumb"},"inLanguage":"de","potentialAction":[{"@type":"ReadAction","target":["https:\/\/imker-aigen.at\/index.php\/2026\/04\/20\/bericht-ueber-die-wildbienen-exkursion-am-18-april-2026-im-naherholungsgebiet-salzachseen\/"]}]},{"@type":"ImageObject","inLanguage":"de","@id":"https:\/\/imker-aigen.at\/index.php\/2026\/04\/20\/bericht-ueber-die-wildbienen-exkursion-am-18-april-2026-im-naherholungsgebiet-salzachseen\/#primaryimage","url":"https:\/\/imker-aigen.at\/wp-content\/uploads\/2026\/04\/wildbienen_2026_5.jpg","contentUrl":"https:\/\/imker-aigen.at\/wp-content\/uploads\/2026\/04\/wildbienen_2026_5.jpg","width":768,"height":1024},{"@type":"BreadcrumbList","@id":"https:\/\/imker-aigen.at\/index.php\/2026\/04\/20\/bericht-ueber-die-wildbienen-exkursion-am-18-april-2026-im-naherholungsgebiet-salzachseen\/#breadcrumb","itemListElement":[{"@type":"ListItem","position":1,"name":"Startseite","item":"https:\/\/imker-aigen.at\/index.php\/home\/"},{"@type":"ListItem","position":2,"name":"Bericht \u00fcber die Wildbienen-Exkursion am 18. April 2026 im Naherholungsgebiet Salzachseen"}]},{"@type":"WebSite","@id":"https:\/\/imker-aigen.at\/#website","url":"https:\/\/imker-aigen.at\/","name":"Imker Ortsgruppe Salzburg Aigen","description":"Homepage der Imker-Ortsgruppe Salzburg Aigen","publisher":{"@id":"https:\/\/imker-aigen.at\/#organization"},"potentialAction":[{"@type":"SearchAction","target":{"@type":"EntryPoint","urlTemplate":"https:\/\/imker-aigen.at\/?s={search_term_string}"},"query-input":{"@type":"PropertyValueSpecification","valueRequired":true,"valueName":"search_term_string"}}],"inLanguage":"de"},{"@type":"Organization","@id":"https:\/\/imker-aigen.at\/#organization","name":"Imker Ortsgruppe Salzburg Aigen","url":"https:\/\/imker-aigen.at\/","logo":{"@type":"ImageObject","inLanguage":"de","@id":"https:\/\/imker-aigen.at\/#\/schema\/logo\/image\/","url":"https:\/\/imker-aigen.at\/wp-content\/uploads\/2022\/08\/logo-1.png","contentUrl":"https:\/\/imker-aigen.at\/wp-content\/uploads\/2022\/08\/logo-1.png","width":392,"height":156,"caption":"Imker Ortsgruppe Salzburg Aigen"},"image":{"@id":"https:\/\/imker-aigen.at\/#\/schema\/logo\/image\/"}},{"@type":"Person","@id":"https:\/\/imker-aigen.at\/#\/schema\/person\/d7d0c3a8ef6f051d450781218ac83077","name":"admin","image":{"@type":"ImageObject","inLanguage":"de","@id":"https:\/\/secure.gravatar.com\/avatar\/925a7e918efd3cfdae29be9c0018a3ae3275cd0444a6e166241172bb6e5243c7?s=96&d=mm&r=g","url":"https:\/\/secure.gravatar.com\/avatar\/925a7e918efd3cfdae29be9c0018a3ae3275cd0444a6e166241172bb6e5243c7?s=96&d=mm&r=g","contentUrl":"https:\/\/secure.gravatar.com\/avatar\/925a7e918efd3cfdae29be9c0018a3ae3275cd0444a6e166241172bb6e5243c7?s=96&d=mm&r=g","caption":"admin"},"sameAs":["https:\/\/imker-aigen.at","linkedin.com\/in\/bernd-meierhofer-5919b62"],"url":"https:\/\/imker-aigen.at\/index.php\/author\/bmeierhofer\/"}]}},"_links":{"self":[{"href":"https:\/\/imker-aigen.at\/index.php\/wp-json\/wp\/v2\/posts\/9984","targetHints":{"allow":["GET"]}}],"collection":[{"href":"https:\/\/imker-aigen.at\/index.php\/wp-json\/wp\/v2\/posts"}],"about":[{"href":"https:\/\/imker-aigen.at\/index.php\/wp-json\/wp\/v2\/types\/post"}],"author":[{"embeddable":true,"href":"https:\/\/imker-aigen.at\/index.php\/wp-json\/wp\/v2\/users\/1"}],"replies":[{"embeddable":true,"href":"https:\/\/imker-aigen.at\/index.php\/wp-json\/wp\/v2\/comments?post=9984"}],"version-history":[{"count":7,"href":"https:\/\/imker-aigen.at\/index.php\/wp-json\/wp\/v2\/posts\/9984\/revisions"}],"predecessor-version":[{"id":10005,"href":"https:\/\/imker-aigen.at\/index.php\/wp-json\/wp\/v2\/posts\/9984\/revisions\/10005"}],"wp:featuredmedia":[{"embeddable":true,"href":"https:\/\/imker-aigen.at\/index.php\/wp-json\/wp\/v2\/media\/9996"}],"wp:attachment":[{"href":"https:\/\/imker-aigen.at\/index.php\/wp-json\/wp\/v2\/media?parent=9984"}],"wp:term":[{"taxonomy":"category","embeddable":true,"href":"https:\/\/imker-aigen.at\/index.php\/wp-json\/wp\/v2\/categories?post=9984"},{"taxonomy":"post_tag","embeddable":true,"href":"https:\/\/imker-aigen.at\/index.php\/wp-json\/wp\/v2\/tags?post=9984"}],"curies":[{"name":"wp","href":"https:\/\/api.w.org\/{rel}","templated":true}]}}